{"id":421874,"date":"2026-03-26T06:09:00","date_gmt":"2026-03-26T09:09:00","guid":{"rendered":"https:\/\/portaltela.pt\/noticias\/2026\/03\/26\/gilla-band-kiss-facility-e-sensible-soccers-no-festival-common-ground-em-lisboa\/"},"modified":"2026-03-26T06:09:00","modified_gmt":"2026-03-26T09:09:00","slug":"gilla-band-kiss-facility-e-sensible-soccers-no-festival-common-ground-em-lisboa","status":"publish","type":"post","link":"https:\/\/portaltela.pt\/musica\/2026\/03\/26\/gilla-band-kiss-facility-e-sensible-soccers-no-festival-common-ground-em-lisboa\/","title":{"rendered":"Gilla Band, Kiss Facility e Sensible Soccers no festival Common Ground em Lisboa"},"content":{"rendered":"<p>Gilla Band, Kiss Facility e Sensible Soccers integram o lineup do novo festival Common Ground, em Lisboa. O an\u00fancio confirma a participa\u00e7\u00e3o das tr\u00eas bandas na edi\u00e7\u00e3o inaugural.<\/p>\n<p>O Common Ground promete uma fus\u00e3o de estilos, reunindo bandas de indie, rock e eletr\u00f3nica num mesmo cartel. A organiza\u00e7\u00e3o destaca a diversidade sonora como um dos pilares do festival.<\/p>\n<p>A informa\u00e7\u00e3o dispon\u00edvel n\u00e3o especifica data nem local exatos dentro de Lisboa, apenas menciona a cidade e a presen\u00e7a das tr\u00eas atua\u00e7\u00f5es no cartaz do evento.<\/p>\n","protected":false},"excerpt":{"rendered":"<ul>\n<li>Gilla Band, Kiss Facility e Sensible Soccers v\u00e3o atuar no novo festival Common Ground, em Lisboa.<\/li>\n<li>O Common Ground \u00e9 apresentado como um festival novo na cidade.<\/li>\n<li>O texto menciona apenas os tr\u00eas artistas como parte do cartaz.<\/li>\n<li>A informa\u00e7\u00e3o \u00e9 veiculada pela ag\u00eancia Lusa.<\/li>\n<li>N\u00e3o s\u00e3o fornecidos detalhes adicionais sobre datas, programa\u00e7\u00e3o ou locais dentro do texto enviado.<\/li>\n<\/ul>\n","protected":false},"author":2,"featured_media":421876,"comment_status":"closed","ping_status":"closed","sticky":false,"template":"","format":"standard","meta":{"footnotes":""},"categories":[12,6676],"tags":[593,231,3674,981,122],"class_list":["post-421874","post","type-post","status-publish","format-standard","has-post-thumbnail","hentry","category-entretenimento","category-musica","tag-concertos","tag-eletronica","tag-festival","tag-lisboa","tag-musica"],"yoast_head":"<!-- This site is optimized with the Yoast SEO plugin v27.2 - https:\/\/yoast.com\/product\/yoast-seo-wordpress\/ -->\n<title>Gilla Band, Kiss Facility e Sensible Soccers no festival Common Ground em Lisboa - Portal Tela Portugal<\/title>\n<meta name=\"robots\" content=\"index, follow, max-snippet:-1, max-image-preview:large, max-video-preview:-1\" \/>\n<meta property=\"og:locale\" content=\"pt_PT\" \/>\n<meta property=\"og:type\" content=\"article\" \/>\n<meta property=\"og:title\" content=\"Gilla Band, Kiss Facility e Sensible Soccers no festival Common Ground em Lisboa - Portal Tela Portugal\" \/>\n<meta property=\"og:description\" content=\"Gilla Band, Kiss Facility e Sensible Soccers v\u00e3o atuar no novo festival Common Ground, em Lisboa. O Common Ground \u00e9 apresentado como um festival novo na cidade. O texto menciona apenas os tr\u00eas artistas como parte do cartaz. A informa\u00e7\u00e3o \u00e9 veiculada pela ag\u00eancia Lusa. N\u00e3o s\u00e3o fornecidos detalhes adicionais sobre datas, programa\u00e7\u00e3o ou locais dentro do texto enviado.\" \/>\n<meta property=\"og:url\" content=\"https:\/\/portaltela.pt\/noticias\/2026\/03\/26\/gilla-band-kiss-facility-e-sensible-soccers-no-festival-common-ground-em-lisboa\/\" \/>\n<meta property=\"og:site_name\" content=\"Portal Tela Portugal\" \/>\n<meta property=\"article:published_time\" content=\"2026-03-26T09:09:00+00:00\" \/>\n<meta name=\"author\" content=\"Telinha\" \/>\n<meta name=\"twitter:card\" content=\"summary_large_image\" \/>\n<meta name=\"twitter:label1\" content=\"Escrito por\" \/>\n\t<meta name=\"twitter:data1\" content=\"Telinha\" \/>\n<script type=\"application\/ld+json\" class=\"yoast-schema-graph\">{\"@context\":\"https:\/\/schema.org\",\"@graph\":[{\"@type\":\"Article\",\"@id\":\"https:\/\/portaltela.pt\/noticias\/2026\/03\/26\/gilla-band-kiss-facility-e-sensible-soccers-no-festival-common-ground-em-lisboa\/#article\",\"isPartOf\":{\"@id\":\"https:\/\/portaltela.pt\/noticias\/2026\/03\/26\/gilla-band-kiss-facility-e-sensible-soccers-no-festival-common-ground-em-lisboa\/\"},\"author\":{\"name\":\"Telinha\",\"@id\":\"https:\/\/portaltela.pt\/#\/schema\/person\/c4278d4a6028830caff9ee44b42d32ed\"},\"headline\":\"Gilla Band, Kiss Facility e Sensible Soccers no festival Common Ground em Lisboa\",\"datePublished\":\"2026-03-26T09:09:00+00:00\",\"mainEntityOfPage\":{\"@id\":\"https:\/\/portaltela.pt\/noticias\/2026\/03\/26\/gilla-band-kiss-facility-e-sensible-soccers-no-festival-common-ground-em-lisboa\/\"},\"wordCount\":110,\"image\":{\"@id\":\"https:\/\/portaltela.pt\/noticias\/2026\/03\/26\/gilla-band-kiss-facility-e-sensible-soccers-no-festival-common-ground-em-lisboa\/#primaryimage\"},\"thumbnailUrl\":\"https:\/\/portaltela.pt\/s.01k8rhncp4jt1\/2026\/03\/CACHE_780X1200_ANALOG_WATERMARKED_18146817_1802288_31032019080129.jpg\",\"keywords\":[\"concertos\",\"eletr\u00f3nica\",\"festival\",\"Lisboa\",\"m\u00fasica\"],\"articleSection\":[\"Entretenimento\",\"M\u00fasica\"],\"inLanguage\":\"pt-PT\"},{\"@type\":\"WebPage\",\"@id\":\"https:\/\/portaltela.pt\/noticias\/2026\/03\/26\/gilla-band-kiss-facility-e-sensible-soccers-no-festival-common-ground-em-lisboa\/\",\"url\":\"https:\/\/portaltela.pt\/noticias\/2026\/03\/26\/gilla-band-kiss-facility-e-sensible-soccers-no-festival-common-ground-em-lisboa\/\",\"name\":\"Gilla Band, Kiss Facility e Sensible Soccers no festival Common Ground em Lisboa - Portal Tela Portugal\",\"isPartOf\":{\"@id\":\"https:\/\/portaltela.pt\/#website\"},\"primaryImageOfPage\":{\"@id\":\"https:\/\/portaltela.pt\/noticias\/2026\/03\/26\/gilla-band-kiss-facility-e-sensible-soccers-no-festival-common-ground-em-lisboa\/#primaryimage\"},\"image\":{\"@id\":\"https:\/\/portaltela.pt\/noticias\/2026\/03\/26\/gilla-band-kiss-facility-e-sensible-soccers-no-festival-common-ground-em-lisboa\/#primaryimage\"},\"thumbnailUrl\":\"https:\/\/portaltela.pt\/s.01k8rhncp4jt1\/2026\/03\/CACHE_780X1200_ANALOG_WATERMARKED_18146817_1802288_31032019080129.jpg\",\"datePublished\":\"2026-03-26T09:09:00+00:00\",\"author\":{\"@id\":\"https:\/\/portaltela.pt\/#\/schema\/person\/c4278d4a6028830caff9ee44b42d32ed\"},\"breadcrumb\":{\"@id\":\"https:\/\/portaltela.pt\/noticias\/2026\/03\/26\/gilla-band-kiss-facility-e-sensible-soccers-no-festival-common-ground-em-lisboa\/#breadcrumb\"},\"inLanguage\":\"pt-PT\",\"potentialAction\":[{\"@type\":\"ReadAction\",\"target\":[\"https:\/\/portaltela.pt\/noticias\/2026\/03\/26\/gilla-band-kiss-facility-e-sensible-soccers-no-festival-common-ground-em-lisboa\/\"]}]},{\"@type\":\"ImageObject\",\"inLanguage\":\"pt-PT\",\"@id\":\"https:\/\/portaltela.pt\/noticias\/2026\/03\/26\/gilla-band-kiss-facility-e-sensible-soccers-no-festival-common-ground-em-lisboa\/#primaryimage\",\"url\":\"https:\/\/portaltela.pt\/s.01k8rhncp4jt1\/2026\/03\/CACHE_780X1200_ANALOG_WATERMARKED_18146817_1802288_31032019080129.jpg\",\"contentUrl\":\"https:\/\/portaltela.pt\/s.01k8rhncp4jt1\/2026\/03\/CACHE_780X1200_ANALOG_WATERMARKED_18146817_1802288_31032019080129.jpg\",\"width\":796,\"height\":448,\"caption\":\"Gilla Band, Kiss Facility e Sensible Soccers atuam em novo festival Common Ground em Lisboa\"},{\"@type\":\"BreadcrumbList\",\"@id\":\"https:\/\/portaltela.pt\/noticias\/2026\/03\/26\/gilla-band-kiss-facility-e-sensible-soccers-no-festival-common-ground-em-lisboa\/#breadcrumb\",\"itemListElement\":[{\"@type\":\"ListItem\",\"position\":1,\"name\":\"In\u00edcio\",\"item\":\"https:\/\/portaltela.pt\/\"},{\"@type\":\"ListItem\",\"position\":2,\"name\":\"Gilla Band, Kiss Facility e Sensible Soccers no festival Common Ground em Lisboa\"}]},{\"@type\":\"WebSite\",\"@id\":\"https:\/\/portaltela.pt\/#website\",\"url\":\"https:\/\/portaltela.pt\/\",\"name\":\"Portal Tela Portugal\",\"description\":\"\",\"potentialAction\":[{\"@type\":\"SearchAction\",\"target\":{\"@type\":\"EntryPoint\",\"urlTemplate\":\"https:\/\/portaltela.pt\/?s={search_term_string}\"},\"query-input\":{\"@type\":\"PropertyValueSpecification\",\"valueRequired\":true,\"valueName\":\"search_term_string\"}}],\"inLanguage\":\"pt-PT\"},{\"@type\":\"Person\",\"@id\":\"https:\/\/portaltela.pt\/#\/schema\/person\/c4278d4a6028830caff9ee44b42d32ed\",\"name\":\"Telinha\",\"image\":{\"@type\":\"ImageObject\",\"inLanguage\":\"pt-PT\",\"@id\":\"https:\/\/portaltela.pt\/s.01k8rhncp4jt1\/2025\/11\/talking-bot-125x125.png\",\"url\":\"https:\/\/portaltela.pt\/s.01k8rhncp4jt1\/2025\/11\/talking-bot-125x125.png\",\"contentUrl\":\"https:\/\/portaltela.pt\/s.01k8rhncp4jt1\/2025\/11\/talking-bot-125x125.png\",\"caption\":\"Telinha\"},\"sameAs\":[\"https:\/\/portaltela.pt\/\"],\"url\":\"https:\/\/portaltela.pt\/por\/367410592786\/\"}]}<\/script>\n<!-- \/ Yoast SEO plugin. -->","yoast_head_json":{"title":"Gilla Band, Kiss Facility e Sensible Soccers no festival Common Ground em Lisboa - Portal Tela Portugal","robots":{"index":"index","follow":"follow","max-snippet":"max-snippet:-1","max-image-preview":"max-image-preview:large","max-video-preview":"max-video-preview:-1"},"og_locale":"pt_PT","og_type":"article","og_title":"Gilla Band, Kiss Facility e Sensible Soccers no festival Common Ground em Lisboa - Portal Tela Portugal","og_description":"Gilla Band, Kiss Facility e Sensible Soccers v\u00e3o atuar no novo festival Common Ground, em Lisboa. O Common Ground \u00e9 apresentado como um festival novo na cidade. O texto menciona apenas os tr\u00eas artistas como parte do cartaz. A informa\u00e7\u00e3o \u00e9 veiculada pela ag\u00eancia Lusa. N\u00e3o s\u00e3o fornecidos detalhes adicionais sobre datas, programa\u00e7\u00e3o ou locais dentro do texto enviado.","og_url":"https:\/\/portaltela.pt\/noticias\/2026\/03\/26\/gilla-band-kiss-facility-e-sensible-soccers-no-festival-common-ground-em-lisboa\/","og_site_name":"Portal Tela Portugal","article_published_time":"2026-03-26T09:09:00+00:00","author":"Telinha","twitter_card":"summary_large_image","twitter_misc":{"Escrito por":"Telinha"},"schema":{"@context":"https:\/\/schema.org","@graph":[{"@type":"Article","@id":"https:\/\/portaltela.pt\/noticias\/2026\/03\/26\/gilla-band-kiss-facility-e-sensible-soccers-no-festival-common-ground-em-lisboa\/#article","isPartOf":{"@id":"https:\/\/portaltela.pt\/noticias\/2026\/03\/26\/gilla-band-kiss-facility-e-sensible-soccers-no-festival-common-ground-em-lisboa\/"},"author":{"name":"Telinha","@id":"https:\/\/portaltela.pt\/#\/schema\/person\/c4278d4a6028830caff9ee44b42d32ed"},"headline":"Gilla Band, Kiss Facility e Sensible Soccers no festival Common Ground em Lisboa","datePublished":"2026-03-26T09:09:00+00:00","mainEntityOfPage":{"@id":"https:\/\/portaltela.pt\/noticias\/2026\/03\/26\/gilla-band-kiss-facility-e-sensible-soccers-no-festival-common-ground-em-lisboa\/"},"wordCount":110,"image":{"@id":"https:\/\/portaltela.pt\/noticias\/2026\/03\/26\/gilla-band-kiss-facility-e-sensible-soccers-no-festival-common-ground-em-lisboa\/#primaryimage"},"thumbnailUrl":"https:\/\/portaltela.pt\/s.01k8rhncp4jt1\/2026\/03\/CACHE_780X1200_ANALOG_WATERMARKED_18146817_1802288_31032019080129.jpg","keywords":["concertos","eletr\u00f3nica","festival","Lisboa","m\u00fasica"],"articleSection":["Entretenimento","M\u00fasica"],"inLanguage":"pt-PT"},{"@type":"WebPage","@id":"https:\/\/portaltela.pt\/noticias\/2026\/03\/26\/gilla-band-kiss-facility-e-sensible-soccers-no-festival-common-ground-em-lisboa\/","url":"https:\/\/portaltela.pt\/noticias\/2026\/03\/26\/gilla-band-kiss-facility-e-sensible-soccers-no-festival-common-ground-em-lisboa\/","name":"Gilla Band, Kiss Facility e Sensible Soccers no festival Common Ground em Lisboa - Portal Tela Portugal","isPartOf":{"@id":"https:\/\/portaltela.pt\/#website"},"primaryImageOfPage":{"@id":"https:\/\/portaltela.pt\/noticias\/2026\/03\/26\/gilla-band-kiss-facility-e-sensible-soccers-no-festival-common-ground-em-lisboa\/#primaryimage"},"image":{"@id":"https:\/\/portaltela.pt\/noticias\/2026\/03\/26\/gilla-band-kiss-facility-e-sensible-soccers-no-festival-common-ground-em-lisboa\/#primaryimage"},"thumbnailUrl":"https:\/\/portaltela.pt\/s.01k8rhncp4jt1\/2026\/03\/CACHE_780X1200_ANALOG_WATERMARKED_18146817_1802288_31032019080129.jpg","datePublished":"2026-03-26T09:09:00+00:00","author":{"@id":"https:\/\/portaltela.pt\/#\/schema\/person\/c4278d4a6028830caff9ee44b42d32ed"},"breadcrumb":{"@id":"https:\/\/portaltela.pt\/noticias\/2026\/03\/26\/gilla-band-kiss-facility-e-sensible-soccers-no-festival-common-ground-em-lisboa\/#breadcrumb"},"inLanguage":"pt-PT","potentialAction":[{"@type":"ReadAction","target":["https:\/\/portaltela.pt\/noticias\/2026\/03\/26\/gilla-band-kiss-facility-e-sensible-soccers-no-festival-common-ground-em-lisboa\/"]}]},{"@type":"ImageObject","inLanguage":"pt-PT","@id":"https:\/\/portaltela.pt\/noticias\/2026\/03\/26\/gilla-band-kiss-facility-e-sensible-soccers-no-festival-common-ground-em-lisboa\/#primaryimage","url":"https:\/\/portaltela.pt\/s.01k8rhncp4jt1\/2026\/03\/CACHE_780X1200_ANALOG_WATERMARKED_18146817_1802288_31032019080129.jpg","contentUrl":"https:\/\/portaltela.pt\/s.01k8rhncp4jt1\/2026\/03\/CACHE_780X1200_ANALOG_WATERMARKED_18146817_1802288_31032019080129.jpg","width":796,"height":448,"caption":"Gilla Band, Kiss Facility e Sensible Soccers atuam em novo festival Common Ground em Lisboa"},{"@type":"BreadcrumbList","@id":"https:\/\/portaltela.pt\/noticias\/2026\/03\/26\/gilla-band-kiss-facility-e-sensible-soccers-no-festival-common-ground-em-lisboa\/#breadcrumb","itemListElement":[{"@type":"ListItem","position":1,"name":"In\u00edcio","item":"https:\/\/portaltela.pt\/"},{"@type":"ListItem","position":2,"name":"Gilla Band, Kiss Facility e Sensible Soccers no festival Common Ground em Lisboa"}]},{"@type":"WebSite","@id":"https:\/\/portaltela.pt\/#website","url":"https:\/\/portaltela.pt\/","name":"Portal Tela Portugal","description":"","potentialAction":[{"@type":"SearchAction","target":{"@type":"EntryPoint","urlTemplate":"https:\/\/portaltela.pt\/?s={search_term_string}"},"query-input":{"@type":"PropertyValueSpecification","valueRequired":true,"valueName":"search_term_string"}}],"inLanguage":"pt-PT"},{"@type":"Person","@id":"https:\/\/portaltela.pt\/#\/schema\/person\/c4278d4a6028830caff9ee44b42d32ed","name":"Telinha","image":{"@type":"ImageObject","inLanguage":"pt-PT","@id":"https:\/\/portaltela.pt\/s.01k8rhncp4jt1\/2025\/11\/talking-bot-125x125.png","url":"https:\/\/portaltela.pt\/s.01k8rhncp4jt1\/2025\/11\/talking-bot-125x125.png","contentUrl":"https:\/\/portaltela.pt\/s.01k8rhncp4jt1\/2025\/11\/talking-bot-125x125.png","caption":"Telinha"},"sameAs":["https:\/\/portaltela.pt\/"],"url":"https:\/\/portaltela.pt\/por\/367410592786\/"}]}},"_links":{"self":[{"href":"https:\/\/portaltela.pt\/api\/wp\/v2\/posts\/421874","targetHints":{"allow":["GET"]}}],"collection":[{"href":"https:\/\/portaltela.pt\/api\/wp\/v2\/posts"}],"about":[{"href":"https:\/\/portaltela.pt\/api\/wp\/v2\/types\/post"}],"author":[{"embeddable":true,"href":"https:\/\/portaltela.pt\/api\/wp\/v2\/users\/2"}],"replies":[{"embeddable":true,"href":"https:\/\/portaltela.pt\/api\/wp\/v2\/comments?post=421874"}],"version-history":[{"count":0,"href":"https:\/\/portaltela.pt\/api\/wp\/v2\/posts\/421874\/revisions"}],"wp:featuredmedia":[{"embeddable":true,"href":"https:\/\/portaltela.pt\/api\/wp\/v2\/media\/421876"}],"wp:attachment":[{"href":"https:\/\/portaltela.pt\/api\/wp\/v2\/media?parent=421874"}],"wp:term":[{"taxonomy":"category","embeddable":true,"href":"https:\/\/portaltela.pt\/api\/wp\/v2\/categories?post=421874"},{"taxonomy":"post_tag","embeddable":true,"href":"https:\/\/portaltela.pt\/api\/wp\/v2\/tags?post=421874"}],"curies":[{"name":"wp","href":"https:\/\/api.w.org\/{rel}","templated":true}]}}