{"id":421871,"date":"2026-03-26T05:48:00","date_gmt":"2026-03-26T08:48:00","guid":{"rendered":"https:\/\/portaltela.pt\/noticias\/2026\/03\/26\/morte-em-colisao-entre-camiao-e-mota-na-ponte-25-de-abril\/"},"modified":"2026-03-26T05:48:00","modified_gmt":"2026-03-26T08:48:00","slug":"morte-em-colisao-entre-camiao-e-mota-na-ponte-25-de-abril","status":"publish","type":"post","link":"https:\/\/portaltela.pt\/noticias\/2026\/03\/26\/morte-em-colisao-entre-camiao-e-mota-na-ponte-25-de-abril\/","title":{"rendered":"Morte em colis\u00e3o entre cami\u00e3o e mota na Ponte 25 de Abril"},"content":{"rendered":"<p>Um morto em colis\u00e3o entre cami\u00e3o e moto na Ponte 25 de Abril. A trag\u00e9dia ocorreu esta manh\u00e3, no in\u00edcio do tabuleiro, na dire\u00e7\u00e3o Almada-Lisboa, ap\u00f3s a colis\u00e3o entre um ve\u00edculo pesado de mercadorias e uma motocicleta. A identidade da v\u00edtima n\u00e3o foi revelada.<\/p>\n<p>Segundo a prote\u00e7\u00e3o civil, o alerta foi dado \u00e0s 7:42. No local estiveram 10 operacionais, apoiados por quatro viaturas. A v\u00edtima \u00e9 o condutor do motociclo, confirmou a fonte do Comando Sub-Regional da Pen\u00ednsula de Set\u00fabal \u00e0 Lusa.<\/p>\n<p>A circula\u00e7\u00e3o naquele sentido ficou interrompida inicialmente. Por volta das 8:30, a passagem foi condicionada a uma via, com a via alternativa a ser utilizada para a gest\u00e3o do tr\u00e1fego.<\/p>\n<p>A Kombina\u00e7\u00e3o entre ve\u00edculos pesados e moto levou a uma interven\u00e7\u00e3o de emerg\u00eancia para o atendimento e remo\u00e7\u00e3o das v\u00edtimas, mantendo-se ainda em apura\u00e7\u00e3o as causas exatas do acidente, conforme a autoridade competente. Fonte: Lusa.<\/p>\n","protected":false},"excerpt":{"rendered":"<ul>\n<li>Um morto na colis\u00e3o entre um cami\u00e3o e uma mota na Ponte 25 de Abril, na manh\u00e3 desta quinta-feira.<\/li>\n<li>A v\u00edtima \u00e9 o condutor da motociclo, segundo fonte do Comando Sub-Regional da Pen\u00ednsula de Set\u00fabal.<\/li>\n<li>O acidente ocorreu no in\u00edcio do tabuleiro no Pragal; o alerta foi dado \u00e0s 7h42.<\/li>\n<li>No local estiveram 10 operacionais, com o apoio de quatro ve\u00edculos.<\/li>\n<li>A circula\u00e7\u00e3o no sentido Almada-Lisboa esteve interrompida e, \u00e0s 8h30, condicionada a uma via.<\/li>\n<\/ul>\n","protected":false},"author":2,"featured_media":421873,"comment_status":"closed","ping_status":"closed","sticky":false,"template":"","format":"standard","meta":{"footnotes":""},"categories":[6849,1],"tags":[5999,5487,4169,3326,6429,192],"class_list":["post-421871","post","type-post","status-publish","format-standard","has-post-thumbnail","hentry","category-acidentes","category-noticias","tag-25-de-abril","tag-acidente","tag-acidente-rodoviario","tag-camioes","tag-mortes","tag-transporte"],"yoast_head":"<!-- This site is optimized with the Yoast SEO plugin v27.2 - https:\/\/yoast.com\/product\/yoast-seo-wordpress\/ -->\n<title>Morte em colis\u00e3o entre cami\u00e3o e mota na Ponte 25 de Abril - Portal Tela Portugal<\/title>\n<meta name=\"robots\" content=\"index, follow, max-snippet:-1, max-image-preview:large, max-video-preview:-1\" \/>\n<meta property=\"og:locale\" content=\"pt_PT\" \/>\n<meta property=\"og:type\" content=\"article\" \/>\n<meta property=\"og:title\" content=\"Morte em colis\u00e3o entre cami\u00e3o e mota na Ponte 25 de Abril - Portal Tela Portugal\" \/>\n<meta property=\"og:description\" content=\"Um morto na colis\u00e3o entre um cami\u00e3o e uma mota na Ponte 25 de Abril, na manh\u00e3 desta quinta-feira. A v\u00edtima \u00e9 o condutor da motociclo, segundo fonte do Comando Sub-Regional da Pen\u00ednsula de Set\u00fabal. O acidente ocorreu no in\u00edcio do tabuleiro no Pragal; o alerta foi dado \u00e0s 7h42. No local estiveram 10 operacionais, com o apoio de quatro ve\u00edculos. A circula\u00e7\u00e3o no sentido Almada-Lisboa esteve interrompida e, \u00e0s 8h30, condicionada a uma via.\" \/>\n<meta property=\"og:url\" content=\"https:\/\/portaltela.pt\/noticias\/2026\/03\/26\/morte-em-colisao-entre-camiao-e-mota-na-ponte-25-de-abril\/\" \/>\n<meta property=\"og:site_name\" content=\"Portal Tela Portugal\" \/>\n<meta property=\"article:published_time\" content=\"2026-03-26T08:48:00+00:00\" \/>\n<meta name=\"author\" content=\"Telinha\" \/>\n<meta name=\"twitter:card\" content=\"summary_large_image\" \/>\n<meta name=\"twitter:label1\" content=\"Escrito por\" \/>\n\t<meta name=\"twitter:data1\" content=\"Telinha\" \/>\n\t<meta name=\"twitter:label2\" content=\"Tempo estimado de leitura\" \/>\n\t<meta name=\"twitter:data2\" content=\"1 minuto\" \/>\n<script type=\"application\/ld+json\" class=\"yoast-schema-graph\">{\"@context\":\"https:\/\/schema.org\",\"@graph\":[{\"@type\":\"Article\",\"@id\":\"https:\/\/portaltela.pt\/noticias\/2026\/03\/26\/morte-em-colisao-entre-camiao-e-mota-na-ponte-25-de-abril\/#article\",\"isPartOf\":{\"@id\":\"https:\/\/portaltela.pt\/noticias\/2026\/03\/26\/morte-em-colisao-entre-camiao-e-mota-na-ponte-25-de-abril\/\"},\"author\":{\"name\":\"Telinha\",\"@id\":\"https:\/\/portaltela.pt\/#\/schema\/person\/c4278d4a6028830caff9ee44b42d32ed\"},\"headline\":\"Morte em colis\u00e3o entre cami\u00e3o e mota na Ponte 25 de Abril\",\"datePublished\":\"2026-03-26T08:48:00+00:00\",\"mainEntityOfPage\":{\"@id\":\"https:\/\/portaltela.pt\/noticias\/2026\/03\/26\/morte-em-colisao-entre-camiao-e-mota-na-ponte-25-de-abril\/\"},\"wordCount\":178,\"image\":{\"@id\":\"https:\/\/portaltela.pt\/noticias\/2026\/03\/26\/morte-em-colisao-entre-camiao-e-mota-na-ponte-25-de-abril\/#primaryimage\"},\"thumbnailUrl\":\"https:\/\/portaltela.pt\/s.01k8rhncp4jt1\/2026\/03\/image-1523.jpg\",\"keywords\":[\"25 de Abril\",\"acidente\",\"acidente rodovi\u00e1rio\",\"cami\u00f5es\",\"mortes\",\"transporte\"],\"articleSection\":[\"Acidentes\",\"Not\u00edcias\"],\"inLanguage\":\"pt-PT\"},{\"@type\":\"WebPage\",\"@id\":\"https:\/\/portaltela.pt\/noticias\/2026\/03\/26\/morte-em-colisao-entre-camiao-e-mota-na-ponte-25-de-abril\/\",\"url\":\"https:\/\/portaltela.pt\/noticias\/2026\/03\/26\/morte-em-colisao-entre-camiao-e-mota-na-ponte-25-de-abril\/\",\"name\":\"Morte em colis\u00e3o entre cami\u00e3o e mota na Ponte 25 de Abril - Portal Tela Portugal\",\"isPartOf\":{\"@id\":\"https:\/\/portaltela.pt\/#website\"},\"primaryImageOfPage\":{\"@id\":\"https:\/\/portaltela.pt\/noticias\/2026\/03\/26\/morte-em-colisao-entre-camiao-e-mota-na-ponte-25-de-abril\/#primaryimage\"},\"image\":{\"@id\":\"https:\/\/portaltela.pt\/noticias\/2026\/03\/26\/morte-em-colisao-entre-camiao-e-mota-na-ponte-25-de-abril\/#primaryimage\"},\"thumbnailUrl\":\"https:\/\/portaltela.pt\/s.01k8rhncp4jt1\/2026\/03\/image-1523.jpg\",\"datePublished\":\"2026-03-26T08:48:00+00:00\",\"author\":{\"@id\":\"https:\/\/portaltela.pt\/#\/schema\/person\/c4278d4a6028830caff9ee44b42d32ed\"},\"breadcrumb\":{\"@id\":\"https:\/\/portaltela.pt\/noticias\/2026\/03\/26\/morte-em-colisao-entre-camiao-e-mota-na-ponte-25-de-abril\/#breadcrumb\"},\"inLanguage\":\"pt-PT\",\"potentialAction\":[{\"@type\":\"ReadAction\",\"target\":[\"https:\/\/portaltela.pt\/noticias\/2026\/03\/26\/morte-em-colisao-entre-camiao-e-mota-na-ponte-25-de-abril\/\"]}]},{\"@type\":\"ImageObject\",\"inLanguage\":\"pt-PT\",\"@id\":\"https:\/\/portaltela.pt\/noticias\/2026\/03\/26\/morte-em-colisao-entre-camiao-e-mota-na-ponte-25-de-abril\/#primaryimage\",\"url\":\"https:\/\/portaltela.pt\/s.01k8rhncp4jt1\/2026\/03\/image-1523.jpg\",\"contentUrl\":\"https:\/\/portaltela.pt\/s.01k8rhncp4jt1\/2026\/03\/image-1523.jpg\",\"width\":796,\"height\":448,\"caption\":\"A circula\u00e7\u00e3o na Ponte 25 de Abril esteve interrompida num dos sentidos\"},{\"@type\":\"BreadcrumbList\",\"@id\":\"https:\/\/portaltela.pt\/noticias\/2026\/03\/26\/morte-em-colisao-entre-camiao-e-mota-na-ponte-25-de-abril\/#breadcrumb\",\"itemListElement\":[{\"@type\":\"ListItem\",\"position\":1,\"name\":\"In\u00edcio\",\"item\":\"https:\/\/portaltela.pt\/\"},{\"@type\":\"ListItem\",\"position\":2,\"name\":\"Morte em colis\u00e3o entre cami\u00e3o e mota na Ponte 25 de Abril\"}]},{\"@type\":\"WebSite\",\"@id\":\"https:\/\/portaltela.pt\/#website\",\"url\":\"https:\/\/portaltela.pt\/\",\"name\":\"Portal Tela Portugal\",\"description\":\"\",\"potentialAction\":[{\"@type\":\"SearchAction\",\"target\":{\"@type\":\"EntryPoint\",\"urlTemplate\":\"https:\/\/portaltela.pt\/?s={search_term_string}\"},\"query-input\":{\"@type\":\"PropertyValueSpecification\",\"valueRequired\":true,\"valueName\":\"search_term_string\"}}],\"inLanguage\":\"pt-PT\"},{\"@type\":\"Person\",\"@id\":\"https:\/\/portaltela.pt\/#\/schema\/person\/c4278d4a6028830caff9ee44b42d32ed\",\"name\":\"Telinha\",\"image\":{\"@type\":\"ImageObject\",\"inLanguage\":\"pt-PT\",\"@id\":\"https:\/\/portaltela.pt\/s.01k8rhncp4jt1\/2025\/11\/talking-bot-125x125.png\",\"url\":\"https:\/\/portaltela.pt\/s.01k8rhncp4jt1\/2025\/11\/talking-bot-125x125.png\",\"contentUrl\":\"https:\/\/portaltela.pt\/s.01k8rhncp4jt1\/2025\/11\/talking-bot-125x125.png\",\"caption\":\"Telinha\"},\"sameAs\":[\"https:\/\/portaltela.pt\/\"],\"url\":\"https:\/\/portaltela.pt\/por\/367410592786\/\"}]}<\/script>\n<!-- \/ Yoast SEO plugin. -->","yoast_head_json":{"title":"Morte em colis\u00e3o entre cami\u00e3o e mota na Ponte 25 de Abril - Portal Tela Portugal","robots":{"index":"index","follow":"follow","max-snippet":"max-snippet:-1","max-image-preview":"max-image-preview:large","max-video-preview":"max-video-preview:-1"},"og_locale":"pt_PT","og_type":"article","og_title":"Morte em colis\u00e3o entre cami\u00e3o e mota na Ponte 25 de Abril - Portal Tela Portugal","og_description":"Um morto na colis\u00e3o entre um cami\u00e3o e uma mota na Ponte 25 de Abril, na manh\u00e3 desta quinta-feira. A v\u00edtima \u00e9 o condutor da motociclo, segundo fonte do Comando Sub-Regional da Pen\u00ednsula de Set\u00fabal. O acidente ocorreu no in\u00edcio do tabuleiro no Pragal; o alerta foi dado \u00e0s 7h42. No local estiveram 10 operacionais, com o apoio de quatro ve\u00edculos. A circula\u00e7\u00e3o no sentido Almada-Lisboa esteve interrompida e, \u00e0s 8h30, condicionada a uma via.","og_url":"https:\/\/portaltela.pt\/noticias\/2026\/03\/26\/morte-em-colisao-entre-camiao-e-mota-na-ponte-25-de-abril\/","og_site_name":"Portal Tela Portugal","article_published_time":"2026-03-26T08:48:00+00:00","author":"Telinha","twitter_card":"summary_large_image","twitter_misc":{"Escrito por":"Telinha","Tempo estimado de leitura":"1 minuto"},"schema":{"@context":"https:\/\/schema.org","@graph":[{"@type":"Article","@id":"https:\/\/portaltela.pt\/noticias\/2026\/03\/26\/morte-em-colisao-entre-camiao-e-mota-na-ponte-25-de-abril\/#article","isPartOf":{"@id":"https:\/\/portaltela.pt\/noticias\/2026\/03\/26\/morte-em-colisao-entre-camiao-e-mota-na-ponte-25-de-abril\/"},"author":{"name":"Telinha","@id":"https:\/\/portaltela.pt\/#\/schema\/person\/c4278d4a6028830caff9ee44b42d32ed"},"headline":"Morte em colis\u00e3o entre cami\u00e3o e mota na Ponte 25 de Abril","datePublished":"2026-03-26T08:48:00+00:00","mainEntityOfPage":{"@id":"https:\/\/portaltela.pt\/noticias\/2026\/03\/26\/morte-em-colisao-entre-camiao-e-mota-na-ponte-25-de-abril\/"},"wordCount":178,"image":{"@id":"https:\/\/portaltela.pt\/noticias\/2026\/03\/26\/morte-em-colisao-entre-camiao-e-mota-na-ponte-25-de-abril\/#primaryimage"},"thumbnailUrl":"https:\/\/portaltela.pt\/s.01k8rhncp4jt1\/2026\/03\/image-1523.jpg","keywords":["25 de Abril","acidente","acidente rodovi\u00e1rio","cami\u00f5es","mortes","transporte"],"articleSection":["Acidentes","Not\u00edcias"],"inLanguage":"pt-PT"},{"@type":"WebPage","@id":"https:\/\/portaltela.pt\/noticias\/2026\/03\/26\/morte-em-colisao-entre-camiao-e-mota-na-ponte-25-de-abril\/","url":"https:\/\/portaltela.pt\/noticias\/2026\/03\/26\/morte-em-colisao-entre-camiao-e-mota-na-ponte-25-de-abril\/","name":"Morte em colis\u00e3o entre cami\u00e3o e mota na Ponte 25 de Abril - Portal Tela Portugal","isPartOf":{"@id":"https:\/\/portaltela.pt\/#website"},"primaryImageOfPage":{"@id":"https:\/\/portaltela.pt\/noticias\/2026\/03\/26\/morte-em-colisao-entre-camiao-e-mota-na-ponte-25-de-abril\/#primaryimage"},"image":{"@id":"https:\/\/portaltela.pt\/noticias\/2026\/03\/26\/morte-em-colisao-entre-camiao-e-mota-na-ponte-25-de-abril\/#primaryimage"},"thumbnailUrl":"https:\/\/portaltela.pt\/s.01k8rhncp4jt1\/2026\/03\/image-1523.jpg","datePublished":"2026-03-26T08:48:00+00:00","author":{"@id":"https:\/\/portaltela.pt\/#\/schema\/person\/c4278d4a6028830caff9ee44b42d32ed"},"breadcrumb":{"@id":"https:\/\/portaltela.pt\/noticias\/2026\/03\/26\/morte-em-colisao-entre-camiao-e-mota-na-ponte-25-de-abril\/#breadcrumb"},"inLanguage":"pt-PT","potentialAction":[{"@type":"ReadAction","target":["https:\/\/portaltela.pt\/noticias\/2026\/03\/26\/morte-em-colisao-entre-camiao-e-mota-na-ponte-25-de-abril\/"]}]},{"@type":"ImageObject","inLanguage":"pt-PT","@id":"https:\/\/portaltela.pt\/noticias\/2026\/03\/26\/morte-em-colisao-entre-camiao-e-mota-na-ponte-25-de-abril\/#primaryimage","url":"https:\/\/portaltela.pt\/s.01k8rhncp4jt1\/2026\/03\/image-1523.jpg","contentUrl":"https:\/\/portaltela.pt\/s.01k8rhncp4jt1\/2026\/03\/image-1523.jpg","width":796,"height":448,"caption":"A circula\u00e7\u00e3o na Ponte 25 de Abril esteve interrompida num dos sentidos"},{"@type":"BreadcrumbList","@id":"https:\/\/portaltela.pt\/noticias\/2026\/03\/26\/morte-em-colisao-entre-camiao-e-mota-na-ponte-25-de-abril\/#breadcrumb","itemListElement":[{"@type":"ListItem","position":1,"name":"In\u00edcio","item":"https:\/\/portaltela.pt\/"},{"@type":"ListItem","position":2,"name":"Morte em colis\u00e3o entre cami\u00e3o e mota na Ponte 25 de Abril"}]},{"@type":"WebSite","@id":"https:\/\/portaltela.pt\/#website","url":"https:\/\/portaltela.pt\/","name":"Portal Tela Portugal","description":"","potentialAction":[{"@type":"SearchAction","target":{"@type":"EntryPoint","urlTemplate":"https:\/\/portaltela.pt\/?s={search_term_string}"},"query-input":{"@type":"PropertyValueSpecification","valueRequired":true,"valueName":"search_term_string"}}],"inLanguage":"pt-PT"},{"@type":"Person","@id":"https:\/\/portaltela.pt\/#\/schema\/person\/c4278d4a6028830caff9ee44b42d32ed","name":"Telinha","image":{"@type":"ImageObject","inLanguage":"pt-PT","@id":"https:\/\/portaltela.pt\/s.01k8rhncp4jt1\/2025\/11\/talking-bot-125x125.png","url":"https:\/\/portaltela.pt\/s.01k8rhncp4jt1\/2025\/11\/talking-bot-125x125.png","contentUrl":"https:\/\/portaltela.pt\/s.01k8rhncp4jt1\/2025\/11\/talking-bot-125x125.png","caption":"Telinha"},"sameAs":["https:\/\/portaltela.pt\/"],"url":"https:\/\/portaltela.pt\/por\/367410592786\/"}]}},"_links":{"self":[{"href":"https:\/\/portaltela.pt\/api\/wp\/v2\/posts\/421871","targetHints":{"allow":["GET"]}}],"collection":[{"href":"https:\/\/portaltela.pt\/api\/wp\/v2\/posts"}],"about":[{"href":"https:\/\/portaltela.pt\/api\/wp\/v2\/types\/post"}],"author":[{"embeddable":true,"href":"https:\/\/portaltela.pt\/api\/wp\/v2\/users\/2"}],"replies":[{"embeddable":true,"href":"https:\/\/portaltela.pt\/api\/wp\/v2\/comments?post=421871"}],"version-history":[{"count":0,"href":"https:\/\/portaltela.pt\/api\/wp\/v2\/posts\/421871\/revisions"}],"wp:featuredmedia":[{"embeddable":true,"href":"https:\/\/portaltela.pt\/api\/wp\/v2\/media\/421873"}],"wp:attachment":[{"href":"https:\/\/portaltela.pt\/api\/wp\/v2\/media?parent=421871"}],"wp:term":[{"taxonomy":"category","embeddable":true,"href":"https:\/\/portaltela.pt\/api\/wp\/v2\/categories?post=421871"},{"taxonomy":"post_tag","embeddable":true,"href":"https:\/\/portaltela.pt\/api\/wp\/v2\/tags?post=421871"}],"curies":[{"name":"wp","href":"https:\/\/api.w.org\/{rel}","templated":true}]}}