{"id":421860,"date":"2026-03-26T05:36:00","date_gmt":"2026-03-26T08:36:00","guid":{"rendered":"https:\/\/portaltela.pt\/noticias\/2026\/03\/26\/colera-em-mocambique-quase-8-000-casos-em-sete-meses\/"},"modified":"2026-03-26T05:36:00","modified_gmt":"2026-03-26T08:36:00","slug":"colera-em-mocambique-quase-8-000-casos-em-sete-meses","status":"publish","type":"post","link":"https:\/\/portaltela.pt\/saude\/2026\/03\/26\/colera-em-mocambique-quase-8-000-casos-em-sete-meses\/","title":{"rendered":"C\u00f3lera em Mo\u00e7ambique: quase 8.000 casos em sete meses"},"content":{"rendered":"<p>Mo\u00e7ambique registou quase 8.000 casos de c\u00f3lera na atual epidemia, ao longo de sete meses, com 83 mortes, segundo dados oficiais recentes.<\/p>\n<p>Os n\u00fameros mostram que quase tr\u00eas semanas passaram sem \u00f3bitos, com apenas um morto registado nesse per\u00edodo.<\/p>\n<p>As informa\u00e7\u00f5es s\u00e3o atualizadas pelo servi\u00e7o nacional de sa\u00fade, que acompanha a evolu\u00e7\u00e3o da doen\u00e7a em v\u00e1rias regi\u00f5es do pa\u00eds.<\/p>\n<p>Ainda n\u00e3o foram divulgados detalhes detalhados sobre a distribui\u00e7\u00e3o geogr\u00e1fica exata ou as medidas de resposta implementadas pelas autoridades.<\/p>\n","protected":false},"excerpt":{"rendered":"<ul>\n<li>Mo\u00e7ambique registou quase 8.000 casos de c\u00f3lera na atual epidemia, em sete meses.<\/li>\n<li>O total de \u00f3bitos alcan\u00e7ou 83 durante esse per\u00edodo.<\/li>\n<li>Nos quase \u00faltimos 21 dias, registou apenas um \u00f3bito.<\/li>\n<li>Os dados referem\u2011se aos n\u00fameros oficiais mais recentes dispon\u00edveis.<\/li>\n<\/ul>\n","protected":false},"author":2,"featured_media":421861,"comment_status":"closed","ping_status":"closed","sticky":false,"template":"","format":"standard","meta":{"footnotes":""},"categories":[1,6745],"tags":[61,6483,4684,1911,5934,271],"class_list":["post-421860","post","type-post","status-publish","format-standard","has-post-thumbnail","hentry","category-noticias","category-saude","tag-doencas","tag-doencas-infecciosas-e-parasitarias","tag-epidemiologia","tag-mocambique","tag-obitos","tag-saude-publica"],"yoast_head":"<!-- This site is optimized with the Yoast SEO plugin v27.2 - https:\/\/yoast.com\/product\/yoast-seo-wordpress\/ -->\n<title>C\u00f3lera em Mo\u00e7ambique: quase 8.000 casos em sete meses - Portal Tela Portugal<\/title>\n<meta name=\"robots\" content=\"index, follow, max-snippet:-1, max-image-preview:large, max-video-preview:-1\" \/>\n<meta property=\"og:locale\" content=\"pt_PT\" \/>\n<meta property=\"og:type\" content=\"article\" \/>\n<meta property=\"og:title\" content=\"C\u00f3lera em Mo\u00e7ambique: quase 8.000 casos em sete meses - Portal Tela Portugal\" \/>\n<meta property=\"og:description\" content=\"Mo\u00e7ambique registou quase 8.000 casos de c\u00f3lera na atual epidemia, em sete meses. O total de \u00f3bitos alcan\u00e7ou 83 durante esse per\u00edodo. Nos quase \u00faltimos 21 dias, registou apenas um \u00f3bito. Os dados referem\u2011se aos n\u00fameros oficiais mais recentes dispon\u00edveis.\" \/>\n<meta property=\"og:url\" content=\"https:\/\/portaltela.pt\/noticias\/2026\/03\/26\/colera-em-mocambique-quase-8-000-casos-em-sete-meses\/\" \/>\n<meta property=\"og:site_name\" content=\"Portal Tela Portugal\" \/>\n<meta property=\"article:published_time\" content=\"2026-03-26T08:36:00+00:00\" \/>\n<meta name=\"author\" content=\"Telinha\" \/>\n<meta name=\"twitter:card\" content=\"summary_large_image\" \/>\n<meta name=\"twitter:label1\" content=\"Escrito por\" \/>\n\t<meta name=\"twitter:data1\" content=\"Telinha\" \/>\n<script type=\"application\/ld+json\" class=\"yoast-schema-graph\">{\"@context\":\"https:\/\/schema.org\",\"@graph\":[{\"@type\":\"Article\",\"@id\":\"https:\/\/portaltela.pt\/noticias\/2026\/03\/26\/colera-em-mocambique-quase-8-000-casos-em-sete-meses\/#article\",\"isPartOf\":{\"@id\":\"https:\/\/portaltela.pt\/noticias\/2026\/03\/26\/colera-em-mocambique-quase-8-000-casos-em-sete-meses\/\"},\"author\":{\"name\":\"Telinha\",\"@id\":\"https:\/\/portaltela.pt\/#\/schema\/person\/c4278d4a6028830caff9ee44b42d32ed\"},\"headline\":\"C\u00f3lera em Mo\u00e7ambique: quase 8.000 casos em sete meses\",\"datePublished\":\"2026-03-26T08:36:00+00:00\",\"mainEntityOfPage\":{\"@id\":\"https:\/\/portaltela.pt\/noticias\/2026\/03\/26\/colera-em-mocambique-quase-8-000-casos-em-sete-meses\/\"},\"wordCount\":103,\"image\":{\"@id\":\"https:\/\/portaltela.pt\/noticias\/2026\/03\/26\/colera-em-mocambique-quase-8-000-casos-em-sete-meses\/#primaryimage\"},\"thumbnailUrl\":\"https:\/\/portaltela.pt\/s.01k8rhncp4jt1\/2026\/03\/CACHE_780X1200_ANALOG_WATERMARKED_42236732_281890814056189.jpg\",\"keywords\":[\"doen\u00e7as\",\"Doen\u00e7as infecciosas e parasit\u00e1rias\",\"epidemiologia\",\"Mo\u00e7ambique\",\"\u00f3bitos\",\"sa\u00fade p\u00fablica\"],\"articleSection\":[\"Not\u00edcias\",\"Sa\u00fade\"],\"inLanguage\":\"pt-PT\"},{\"@type\":\"WebPage\",\"@id\":\"https:\/\/portaltela.pt\/noticias\/2026\/03\/26\/colera-em-mocambique-quase-8-000-casos-em-sete-meses\/\",\"url\":\"https:\/\/portaltela.pt\/noticias\/2026\/03\/26\/colera-em-mocambique-quase-8-000-casos-em-sete-meses\/\",\"name\":\"C\u00f3lera em Mo\u00e7ambique: quase 8.000 casos em sete meses - Portal Tela Portugal\",\"isPartOf\":{\"@id\":\"https:\/\/portaltela.pt\/#website\"},\"primaryImageOfPage\":{\"@id\":\"https:\/\/portaltela.pt\/noticias\/2026\/03\/26\/colera-em-mocambique-quase-8-000-casos-em-sete-meses\/#primaryimage\"},\"image\":{\"@id\":\"https:\/\/portaltela.pt\/noticias\/2026\/03\/26\/colera-em-mocambique-quase-8-000-casos-em-sete-meses\/#primaryimage\"},\"thumbnailUrl\":\"https:\/\/portaltela.pt\/s.01k8rhncp4jt1\/2026\/03\/CACHE_780X1200_ANALOG_WATERMARKED_42236732_281890814056189.jpg\",\"datePublished\":\"2026-03-26T08:36:00+00:00\",\"author\":{\"@id\":\"https:\/\/portaltela.pt\/#\/schema\/person\/c4278d4a6028830caff9ee44b42d32ed\"},\"breadcrumb\":{\"@id\":\"https:\/\/portaltela.pt\/noticias\/2026\/03\/26\/colera-em-mocambique-quase-8-000-casos-em-sete-meses\/#breadcrumb\"},\"inLanguage\":\"pt-PT\",\"potentialAction\":[{\"@type\":\"ReadAction\",\"target\":[\"https:\/\/portaltela.pt\/noticias\/2026\/03\/26\/colera-em-mocambique-quase-8-000-casos-em-sete-meses\/\"]}]},{\"@type\":\"ImageObject\",\"inLanguage\":\"pt-PT\",\"@id\":\"https:\/\/portaltela.pt\/noticias\/2026\/03\/26\/colera-em-mocambique-quase-8-000-casos-em-sete-meses\/#primaryimage\",\"url\":\"https:\/\/portaltela.pt\/s.01k8rhncp4jt1\/2026\/03\/CACHE_780X1200_ANALOG_WATERMARKED_42236732_281890814056189.jpg\",\"contentUrl\":\"https:\/\/portaltela.pt\/s.01k8rhncp4jt1\/2026\/03\/CACHE_780X1200_ANALOG_WATERMARKED_42236732_281890814056189.jpg\",\"width\":796,\"height\":448,\"caption\":\"Epidemia de c\u00f3lera em Mo\u00e7ambique com praticamente 8.000 casos em sete meses\"},{\"@type\":\"BreadcrumbList\",\"@id\":\"https:\/\/portaltela.pt\/noticias\/2026\/03\/26\/colera-em-mocambique-quase-8-000-casos-em-sete-meses\/#breadcrumb\",\"itemListElement\":[{\"@type\":\"ListItem\",\"position\":1,\"name\":\"In\u00edcio\",\"item\":\"https:\/\/portaltela.pt\/\"},{\"@type\":\"ListItem\",\"position\":2,\"name\":\"C\u00f3lera em Mo\u00e7ambique: quase 8.000 casos em sete meses\"}]},{\"@type\":\"WebSite\",\"@id\":\"https:\/\/portaltela.pt\/#website\",\"url\":\"https:\/\/portaltela.pt\/\",\"name\":\"Portal Tela Portugal\",\"description\":\"\",\"potentialAction\":[{\"@type\":\"SearchAction\",\"target\":{\"@type\":\"EntryPoint\",\"urlTemplate\":\"https:\/\/portaltela.pt\/?s={search_term_string}\"},\"query-input\":{\"@type\":\"PropertyValueSpecification\",\"valueRequired\":true,\"valueName\":\"search_term_string\"}}],\"inLanguage\":\"pt-PT\"},{\"@type\":\"Person\",\"@id\":\"https:\/\/portaltela.pt\/#\/schema\/person\/c4278d4a6028830caff9ee44b42d32ed\",\"name\":\"Telinha\",\"image\":{\"@type\":\"ImageObject\",\"inLanguage\":\"pt-PT\",\"@id\":\"https:\/\/portaltela.pt\/s.01k8rhncp4jt1\/2025\/11\/talking-bot-125x125.png\",\"url\":\"https:\/\/portaltela.pt\/s.01k8rhncp4jt1\/2025\/11\/talking-bot-125x125.png\",\"contentUrl\":\"https:\/\/portaltela.pt\/s.01k8rhncp4jt1\/2025\/11\/talking-bot-125x125.png\",\"caption\":\"Telinha\"},\"sameAs\":[\"https:\/\/portaltela.pt\/\"],\"url\":\"https:\/\/portaltela.pt\/por\/367410592786\/\"}]}<\/script>\n<!-- \/ Yoast SEO plugin. -->","yoast_head_json":{"title":"C\u00f3lera em Mo\u00e7ambique: quase 8.000 casos em sete meses - Portal Tela Portugal","robots":{"index":"index","follow":"follow","max-snippet":"max-snippet:-1","max-image-preview":"max-image-preview:large","max-video-preview":"max-video-preview:-1"},"og_locale":"pt_PT","og_type":"article","og_title":"C\u00f3lera em Mo\u00e7ambique: quase 8.000 casos em sete meses - Portal Tela Portugal","og_description":"Mo\u00e7ambique registou quase 8.000 casos de c\u00f3lera na atual epidemia, em sete meses. O total de \u00f3bitos alcan\u00e7ou 83 durante esse per\u00edodo. Nos quase \u00faltimos 21 dias, registou apenas um \u00f3bito. Os dados referem\u2011se aos n\u00fameros oficiais mais recentes dispon\u00edveis.","og_url":"https:\/\/portaltela.pt\/noticias\/2026\/03\/26\/colera-em-mocambique-quase-8-000-casos-em-sete-meses\/","og_site_name":"Portal Tela Portugal","article_published_time":"2026-03-26T08:36:00+00:00","author":"Telinha","twitter_card":"summary_large_image","twitter_misc":{"Escrito por":"Telinha"},"schema":{"@context":"https:\/\/schema.org","@graph":[{"@type":"Article","@id":"https:\/\/portaltela.pt\/noticias\/2026\/03\/26\/colera-em-mocambique-quase-8-000-casos-em-sete-meses\/#article","isPartOf":{"@id":"https:\/\/portaltela.pt\/noticias\/2026\/03\/26\/colera-em-mocambique-quase-8-000-casos-em-sete-meses\/"},"author":{"name":"Telinha","@id":"https:\/\/portaltela.pt\/#\/schema\/person\/c4278d4a6028830caff9ee44b42d32ed"},"headline":"C\u00f3lera em Mo\u00e7ambique: quase 8.000 casos em sete meses","datePublished":"2026-03-26T08:36:00+00:00","mainEntityOfPage":{"@id":"https:\/\/portaltela.pt\/noticias\/2026\/03\/26\/colera-em-mocambique-quase-8-000-casos-em-sete-meses\/"},"wordCount":103,"image":{"@id":"https:\/\/portaltela.pt\/noticias\/2026\/03\/26\/colera-em-mocambique-quase-8-000-casos-em-sete-meses\/#primaryimage"},"thumbnailUrl":"https:\/\/portaltela.pt\/s.01k8rhncp4jt1\/2026\/03\/CACHE_780X1200_ANALOG_WATERMARKED_42236732_281890814056189.jpg","keywords":["doen\u00e7as","Doen\u00e7as infecciosas e parasit\u00e1rias","epidemiologia","Mo\u00e7ambique","\u00f3bitos","sa\u00fade p\u00fablica"],"articleSection":["Not\u00edcias","Sa\u00fade"],"inLanguage":"pt-PT"},{"@type":"WebPage","@id":"https:\/\/portaltela.pt\/noticias\/2026\/03\/26\/colera-em-mocambique-quase-8-000-casos-em-sete-meses\/","url":"https:\/\/portaltela.pt\/noticias\/2026\/03\/26\/colera-em-mocambique-quase-8-000-casos-em-sete-meses\/","name":"C\u00f3lera em Mo\u00e7ambique: quase 8.000 casos em sete meses - Portal Tela Portugal","isPartOf":{"@id":"https:\/\/portaltela.pt\/#website"},"primaryImageOfPage":{"@id":"https:\/\/portaltela.pt\/noticias\/2026\/03\/26\/colera-em-mocambique-quase-8-000-casos-em-sete-meses\/#primaryimage"},"image":{"@id":"https:\/\/portaltela.pt\/noticias\/2026\/03\/26\/colera-em-mocambique-quase-8-000-casos-em-sete-meses\/#primaryimage"},"thumbnailUrl":"https:\/\/portaltela.pt\/s.01k8rhncp4jt1\/2026\/03\/CACHE_780X1200_ANALOG_WATERMARKED_42236732_281890814056189.jpg","datePublished":"2026-03-26T08:36:00+00:00","author":{"@id":"https:\/\/portaltela.pt\/#\/schema\/person\/c4278d4a6028830caff9ee44b42d32ed"},"breadcrumb":{"@id":"https:\/\/portaltela.pt\/noticias\/2026\/03\/26\/colera-em-mocambique-quase-8-000-casos-em-sete-meses\/#breadcrumb"},"inLanguage":"pt-PT","potentialAction":[{"@type":"ReadAction","target":["https:\/\/portaltela.pt\/noticias\/2026\/03\/26\/colera-em-mocambique-quase-8-000-casos-em-sete-meses\/"]}]},{"@type":"ImageObject","inLanguage":"pt-PT","@id":"https:\/\/portaltela.pt\/noticias\/2026\/03\/26\/colera-em-mocambique-quase-8-000-casos-em-sete-meses\/#primaryimage","url":"https:\/\/portaltela.pt\/s.01k8rhncp4jt1\/2026\/03\/CACHE_780X1200_ANALOG_WATERMARKED_42236732_281890814056189.jpg","contentUrl":"https:\/\/portaltela.pt\/s.01k8rhncp4jt1\/2026\/03\/CACHE_780X1200_ANALOG_WATERMARKED_42236732_281890814056189.jpg","width":796,"height":448,"caption":"Epidemia de c\u00f3lera em Mo\u00e7ambique com praticamente 8.000 casos em sete meses"},{"@type":"BreadcrumbList","@id":"https:\/\/portaltela.pt\/noticias\/2026\/03\/26\/colera-em-mocambique-quase-8-000-casos-em-sete-meses\/#breadcrumb","itemListElement":[{"@type":"ListItem","position":1,"name":"In\u00edcio","item":"https:\/\/portaltela.pt\/"},{"@type":"ListItem","position":2,"name":"C\u00f3lera em Mo\u00e7ambique: quase 8.000 casos em sete meses"}]},{"@type":"WebSite","@id":"https:\/\/portaltela.pt\/#website","url":"https:\/\/portaltela.pt\/","name":"Portal Tela Portugal","description":"","potentialAction":[{"@type":"SearchAction","target":{"@type":"EntryPoint","urlTemplate":"https:\/\/portaltela.pt\/?s={search_term_string}"},"query-input":{"@type":"PropertyValueSpecification","valueRequired":true,"valueName":"search_term_string"}}],"inLanguage":"pt-PT"},{"@type":"Person","@id":"https:\/\/portaltela.pt\/#\/schema\/person\/c4278d4a6028830caff9ee44b42d32ed","name":"Telinha","image":{"@type":"ImageObject","inLanguage":"pt-PT","@id":"https:\/\/portaltela.pt\/s.01k8rhncp4jt1\/2025\/11\/talking-bot-125x125.png","url":"https:\/\/portaltela.pt\/s.01k8rhncp4jt1\/2025\/11\/talking-bot-125x125.png","contentUrl":"https:\/\/portaltela.pt\/s.01k8rhncp4jt1\/2025\/11\/talking-bot-125x125.png","caption":"Telinha"},"sameAs":["https:\/\/portaltela.pt\/"],"url":"https:\/\/portaltela.pt\/por\/367410592786\/"}]}},"_links":{"self":[{"href":"https:\/\/portaltela.pt\/api\/wp\/v2\/posts\/421860","targetHints":{"allow":["GET"]}}],"collection":[{"href":"https:\/\/portaltela.pt\/api\/wp\/v2\/posts"}],"about":[{"href":"https:\/\/portaltela.pt\/api\/wp\/v2\/types\/post"}],"author":[{"embeddable":true,"href":"https:\/\/portaltela.pt\/api\/wp\/v2\/users\/2"}],"replies":[{"embeddable":true,"href":"https:\/\/portaltela.pt\/api\/wp\/v2\/comments?post=421860"}],"version-history":[{"count":0,"href":"https:\/\/portaltela.pt\/api\/wp\/v2\/posts\/421860\/revisions"}],"wp:featuredmedia":[{"embeddable":true,"href":"https:\/\/portaltela.pt\/api\/wp\/v2\/media\/421861"}],"wp:attachment":[{"href":"https:\/\/portaltela.pt\/api\/wp\/v2\/media?parent=421860"}],"wp:term":[{"taxonomy":"category","embeddable":true,"href":"https:\/\/portaltela.pt\/api\/wp\/v2\/categories?post=421860"},{"taxonomy":"post_tag","embeddable":true,"href":"https:\/\/portaltela.pt\/api\/wp\/v2\/tags?post=421860"}],"curies":[{"name":"wp","href":"https:\/\/api.w.org\/{rel}","templated":true}]}}