{"id":421858,"date":"2026-03-26T05:47:14","date_gmt":"2026-03-26T08:47:14","guid":{"rendered":"https:\/\/portaltela.pt\/noticias\/2026\/03\/26\/ataque-junto-a-tendas-em-deir-al-balah-gaza-mata-pelo-menos-uma-pessoa\/"},"modified":"2026-03-26T05:47:14","modified_gmt":"2026-03-26T08:47:14","slug":"ataque-junto-a-tendas-em-deir-al-balah-gaza-mata-pelo-menos-uma-pessoa","status":"publish","type":"post","link":"https:\/\/portaltela.pt\/noticias\/2026\/03\/26\/ataque-junto-a-tendas-em-deir-al-balah-gaza-mata-pelo-menos-uma-pessoa\/","title":{"rendered":"Ataque junto a tendas em Deir al-Balah, Gaza, mata pelo menos uma pessoa"},"content":{"rendered":"<p>O ataque a\u00e9reo em Deir al-Bal\u00e1\u1e25, na Faixa de Gaza, atingiu perto de tendas que acolhem palestinianos deslocados. Pelo menos uma pessoa morreu e sete ficaram feridas, segundo o Hospital Al\u2011Aqsa. O epis\u00f3dio ocorreu a 26 de mar\u00e7o.<\/p>\n<p>Imagens do local mostram uma explos\u00e3o no campo, com fumo a subir e um inc\u00eandio a despoletar. Moradores e m\u00e9dicos socorrem os feridos, enquanto equipamentos de emerg\u00eancia atuam na zona.<\/p>\n<p>Testemunhas \u00e0 Associated Press disseram ter recebido chamadas de indiv\u00edduos que se identificaram como militares israelitas, a avisar para se afastarem a cerca de 500 metros. Ainda assim, detritos feriram quem ficou por perto.<\/p>\n<p>N\u00e3o ficou claro qual era o alvo visado, nem houve coment\u00e1rio imediato do ex\u00e9rcito de Israel sobre o incidente. A regi\u00e3o continua marcada pela recorrente amea\u00e7a de ataques nas imedia\u00e7\u00f5es de acampamentos de tendas.<\/p>\n<p>Com a popula\u00e7\u00e3o de Gaza sujeita a deslocamentos frequentes, ataques em \u00e1reas de acampamento elevam o medo, a sobrelota\u00e7\u00e3o e a inseguran\u00e7a entre civis j\u00e1 em condi\u00e7\u00f5es extremas.<\/p>\n<h3>Contexto humanit\u00e1rio<\/h3>\n<p>Barragens de deslocados dependem de apoio humanit\u00e1rio enquanto o territ\u00f3rio continua sob tens\u00e3o, com restri\u00e7\u00f5es de acesso e dificuldades de alimenta\u00e7\u00e3o, \u00e1gua e cuidados de sa\u00fade.<\/p>\n","protected":false},"excerpt":{"rendered":"<ul>\n<li>Ataque a\u00e9reo israelita atingiu Deir al-Bal\u0101\u1e25, na Faixa de Gaza, junto a tendas que acolhiam palestinianos deslocados, em 26 de mar\u00e7o, com morte de pelo menos uma pessoa e sete feridos, segundo o Hospital Al\u2011Aqsa.<\/li>\n<li>Imagens do local mostram uma explos\u00e3o, fumo e inc\u00eandio, enquanto moradores e m\u00e9dicos socorrem os feridos.<\/li>\n<li>Testemunhas disseram \u00e0 Associated Press terem recebido chamadas de pessoas que se identificaram como militares israelitas a avisar para se afastarem cerca de 500 metros antes do ataque.<\/li>\n<li>N\u00e3o ficou claro qual era o alvo, e o ex\u00e9rcito israelita n\u00e3o comentou de imediato.<\/li>\n<li>Ataques nas imedia\u00e7\u00f5es de acampamentos de tendas aumentam o medo, a sobrelota\u00e7\u00e3o e a inseguran\u00e7a entre civis em Gaza.<\/li>\n<\/ul>\n","protected":false},"author":2,"featured_media":421859,"comment_status":"closed","ping_status":"closed","sticky":false,"template":"","format":"standard","meta":{"footnotes":""},"categories":[6804,1],"tags":[5589,5747,7343,254,4617,3651],"class_list":["post-421858","post","type-post","status-publish","format-standard","has-post-thumbnail","hentry","category-guerra","category-noticias","tag-acampamentos","tag-ajuda-humanitaria","tag-ataque","tag-conflito","tag-deslocados","tag-gaza"],"yoast_head":"<!-- This site is optimized with the Yoast SEO plugin v27.2 - https:\/\/yoast.com\/product\/yoast-seo-wordpress\/ -->\n<title>Ataque junto a tendas em Deir al-Balah, Gaza, mata pelo menos uma pessoa - Portal Tela Portugal<\/title>\n<meta name=\"robots\" content=\"index, follow, max-snippet:-1, max-image-preview:large, max-video-preview:-1\" \/>\n<meta property=\"og:locale\" content=\"pt_PT\" \/>\n<meta property=\"og:type\" content=\"article\" \/>\n<meta property=\"og:title\" content=\"Ataque junto a tendas em Deir al-Balah, Gaza, mata pelo menos uma pessoa - Portal Tela Portugal\" \/>\n<meta property=\"og:description\" content=\"Ataque a\u00e9reo israelita atingiu Deir al-Bal\u0101\u1e25, na Faixa de Gaza, junto a tendas que acolhiam palestinianos deslocados, em 26 de mar\u00e7o, com morte de pelo menos uma pessoa e sete feridos, segundo o Hospital Al\u2011Aqsa. Imagens do local mostram uma explos\u00e3o, fumo e inc\u00eandio, enquanto moradores e m\u00e9dicos socorrem os feridos. Testemunhas disseram \u00e0 Associated Press terem recebido chamadas de pessoas que se identificaram como militares israelitas a avisar para se afastarem cerca de 500 metros antes do ataque. N\u00e3o ficou claro qual era o alvo, e o ex\u00e9rcito israelita n\u00e3o comentou de imediato. Ataques nas imedia\u00e7\u00f5es de acampamentos de tendas aumentam o medo, a sobrelota\u00e7\u00e3o e a inseguran\u00e7a entre civis em Gaza.\" \/>\n<meta property=\"og:url\" content=\"https:\/\/portaltela.pt\/noticias\/2026\/03\/26\/ataque-junto-a-tendas-em-deir-al-balah-gaza-mata-pelo-menos-uma-pessoa\/\" \/>\n<meta property=\"og:site_name\" content=\"Portal Tela Portugal\" \/>\n<meta property=\"article:published_time\" content=\"2026-03-26T08:47:14+00:00\" \/>\n<meta name=\"author\" content=\"Telinha\" \/>\n<meta name=\"twitter:card\" content=\"summary_large_image\" \/>\n<meta name=\"twitter:label1\" content=\"Escrito por\" \/>\n\t<meta name=\"twitter:data1\" content=\"Telinha\" \/>\n\t<meta name=\"twitter:label2\" content=\"Tempo estimado de leitura\" \/>\n\t<meta name=\"twitter:data2\" content=\"1 minuto\" \/>\n<script type=\"application\/ld+json\" class=\"yoast-schema-graph\">{\"@context\":\"https:\/\/schema.org\",\"@graph\":[{\"@type\":\"Article\",\"@id\":\"https:\/\/portaltela.pt\/noticias\/2026\/03\/26\/ataque-junto-a-tendas-em-deir-al-balah-gaza-mata-pelo-menos-uma-pessoa\/#article\",\"isPartOf\":{\"@id\":\"https:\/\/portaltela.pt\/noticias\/2026\/03\/26\/ataque-junto-a-tendas-em-deir-al-balah-gaza-mata-pelo-menos-uma-pessoa\/\"},\"author\":{\"name\":\"Telinha\",\"@id\":\"https:\/\/portaltela.pt\/#\/schema\/person\/c4278d4a6028830caff9ee44b42d32ed\"},\"headline\":\"Ataque junto a tendas em Deir al-Balah, Gaza, mata pelo menos uma pessoa\",\"datePublished\":\"2026-03-26T08:47:14+00:00\",\"mainEntityOfPage\":{\"@id\":\"https:\/\/portaltela.pt\/noticias\/2026\/03\/26\/ataque-junto-a-tendas-em-deir-al-balah-gaza-mata-pelo-menos-uma-pessoa\/\"},\"wordCount\":228,\"image\":{\"@id\":\"https:\/\/portaltela.pt\/noticias\/2026\/03\/26\/ataque-junto-a-tendas-em-deir-al-balah-gaza-mata-pelo-menos-uma-pessoa\/#primaryimage\"},\"thumbnailUrl\":\"https:\/\/portaltela.pt\/s.01k8rhncp4jt1\/2026\/03\/1536x864_cmsv2_504a82da-f7d1-5c77-a280-76ec5a3ae0de-9698810.jpg\",\"keywords\":[\"acampamentos\",\"ajuda humanit\u00e1ria\",\"ataque\",\"conflito\",\"deslocados\",\"Gaza\"],\"articleSection\":[\"Guerra\",\"Not\u00edcias\"],\"inLanguage\":\"pt-PT\"},{\"@type\":\"WebPage\",\"@id\":\"https:\/\/portaltela.pt\/noticias\/2026\/03\/26\/ataque-junto-a-tendas-em-deir-al-balah-gaza-mata-pelo-menos-uma-pessoa\/\",\"url\":\"https:\/\/portaltela.pt\/noticias\/2026\/03\/26\/ataque-junto-a-tendas-em-deir-al-balah-gaza-mata-pelo-menos-uma-pessoa\/\",\"name\":\"Ataque junto a tendas em Deir al-Balah, Gaza, mata pelo menos uma pessoa - Portal Tela Portugal\",\"isPartOf\":{\"@id\":\"https:\/\/portaltela.pt\/#website\"},\"primaryImageOfPage\":{\"@id\":\"https:\/\/portaltela.pt\/noticias\/2026\/03\/26\/ataque-junto-a-tendas-em-deir-al-balah-gaza-mata-pelo-menos-uma-pessoa\/#primaryimage\"},\"image\":{\"@id\":\"https:\/\/portaltela.pt\/noticias\/2026\/03\/26\/ataque-junto-a-tendas-em-deir-al-balah-gaza-mata-pelo-menos-uma-pessoa\/#primaryimage\"},\"thumbnailUrl\":\"https:\/\/portaltela.pt\/s.01k8rhncp4jt1\/2026\/03\/1536x864_cmsv2_504a82da-f7d1-5c77-a280-76ec5a3ae0de-9698810.jpg\",\"datePublished\":\"2026-03-26T08:47:14+00:00\",\"author\":{\"@id\":\"https:\/\/portaltela.pt\/#\/schema\/person\/c4278d4a6028830caff9ee44b42d32ed\"},\"breadcrumb\":{\"@id\":\"https:\/\/portaltela.pt\/noticias\/2026\/03\/26\/ataque-junto-a-tendas-em-deir-al-balah-gaza-mata-pelo-menos-uma-pessoa\/#breadcrumb\"},\"inLanguage\":\"pt-PT\",\"potentialAction\":[{\"@type\":\"ReadAction\",\"target\":[\"https:\/\/portaltela.pt\/noticias\/2026\/03\/26\/ataque-junto-a-tendas-em-deir-al-balah-gaza-mata-pelo-menos-uma-pessoa\/\"]}]},{\"@type\":\"ImageObject\",\"inLanguage\":\"pt-PT\",\"@id\":\"https:\/\/portaltela.pt\/noticias\/2026\/03\/26\/ataque-junto-a-tendas-em-deir-al-balah-gaza-mata-pelo-menos-uma-pessoa\/#primaryimage\",\"url\":\"https:\/\/portaltela.pt\/s.01k8rhncp4jt1\/2026\/03\/1536x864_cmsv2_504a82da-f7d1-5c77-a280-76ec5a3ae0de-9698810.jpg\",\"contentUrl\":\"https:\/\/portaltela.pt\/s.01k8rhncp4jt1\/2026\/03\/1536x864_cmsv2_504a82da-f7d1-5c77-a280-76ec5a3ae0de-9698810.jpg\",\"width\":796,\"height\":448,\"caption\":\"Fumo e chamas erguem-se ap\u00f3s um ataque do ex\u00e9rcito israelita contra um alvo em Deir al\u2011Bal\u0101\u1e25,\"},{\"@type\":\"BreadcrumbList\",\"@id\":\"https:\/\/portaltela.pt\/noticias\/2026\/03\/26\/ataque-junto-a-tendas-em-deir-al-balah-gaza-mata-pelo-menos-uma-pessoa\/#breadcrumb\",\"itemListElement\":[{\"@type\":\"ListItem\",\"position\":1,\"name\":\"In\u00edcio\",\"item\":\"https:\/\/portaltela.pt\/\"},{\"@type\":\"ListItem\",\"position\":2,\"name\":\"Ataque junto a tendas em Deir al-Balah, Gaza, mata pelo menos uma pessoa\"}]},{\"@type\":\"WebSite\",\"@id\":\"https:\/\/portaltela.pt\/#website\",\"url\":\"https:\/\/portaltela.pt\/\",\"name\":\"Portal Tela Portugal\",\"description\":\"\",\"potentialAction\":[{\"@type\":\"SearchAction\",\"target\":{\"@type\":\"EntryPoint\",\"urlTemplate\":\"https:\/\/portaltela.pt\/?s={search_term_string}\"},\"query-input\":{\"@type\":\"PropertyValueSpecification\",\"valueRequired\":true,\"valueName\":\"search_term_string\"}}],\"inLanguage\":\"pt-PT\"},{\"@type\":\"Person\",\"@id\":\"https:\/\/portaltela.pt\/#\/schema\/person\/c4278d4a6028830caff9ee44b42d32ed\",\"name\":\"Telinha\",\"image\":{\"@type\":\"ImageObject\",\"inLanguage\":\"pt-PT\",\"@id\":\"https:\/\/portaltela.pt\/s.01k8rhncp4jt1\/2025\/11\/talking-bot-125x125.png\",\"url\":\"https:\/\/portaltela.pt\/s.01k8rhncp4jt1\/2025\/11\/talking-bot-125x125.png\",\"contentUrl\":\"https:\/\/portaltela.pt\/s.01k8rhncp4jt1\/2025\/11\/talking-bot-125x125.png\",\"caption\":\"Telinha\"},\"sameAs\":[\"https:\/\/portaltela.pt\/\"],\"url\":\"https:\/\/portaltela.pt\/por\/367410592786\/\"}]}<\/script>\n<!-- \/ Yoast SEO plugin. -->","yoast_head_json":{"title":"Ataque junto a tendas em Deir al-Balah, Gaza, mata pelo menos uma pessoa - Portal Tela Portugal","robots":{"index":"index","follow":"follow","max-snippet":"max-snippet:-1","max-image-preview":"max-image-preview:large","max-video-preview":"max-video-preview:-1"},"og_locale":"pt_PT","og_type":"article","og_title":"Ataque junto a tendas em Deir al-Balah, Gaza, mata pelo menos uma pessoa - Portal Tela Portugal","og_description":"Ataque a\u00e9reo israelita atingiu Deir al-Bal\u0101\u1e25, na Faixa de Gaza, junto a tendas que acolhiam palestinianos deslocados, em 26 de mar\u00e7o, com morte de pelo menos uma pessoa e sete feridos, segundo o Hospital Al\u2011Aqsa. Imagens do local mostram uma explos\u00e3o, fumo e inc\u00eandio, enquanto moradores e m\u00e9dicos socorrem os feridos. Testemunhas disseram \u00e0 Associated Press terem recebido chamadas de pessoas que se identificaram como militares israelitas a avisar para se afastarem cerca de 500 metros antes do ataque. N\u00e3o ficou claro qual era o alvo, e o ex\u00e9rcito israelita n\u00e3o comentou de imediato. Ataques nas imedia\u00e7\u00f5es de acampamentos de tendas aumentam o medo, a sobrelota\u00e7\u00e3o e a inseguran\u00e7a entre civis em Gaza.","og_url":"https:\/\/portaltela.pt\/noticias\/2026\/03\/26\/ataque-junto-a-tendas-em-deir-al-balah-gaza-mata-pelo-menos-uma-pessoa\/","og_site_name":"Portal Tela Portugal","article_published_time":"2026-03-26T08:47:14+00:00","author":"Telinha","twitter_card":"summary_large_image","twitter_misc":{"Escrito por":"Telinha","Tempo estimado de leitura":"1 minuto"},"schema":{"@context":"https:\/\/schema.org","@graph":[{"@type":"Article","@id":"https:\/\/portaltela.pt\/noticias\/2026\/03\/26\/ataque-junto-a-tendas-em-deir-al-balah-gaza-mata-pelo-menos-uma-pessoa\/#article","isPartOf":{"@id":"https:\/\/portaltela.pt\/noticias\/2026\/03\/26\/ataque-junto-a-tendas-em-deir-al-balah-gaza-mata-pelo-menos-uma-pessoa\/"},"author":{"name":"Telinha","@id":"https:\/\/portaltela.pt\/#\/schema\/person\/c4278d4a6028830caff9ee44b42d32ed"},"headline":"Ataque junto a tendas em Deir al-Balah, Gaza, mata pelo menos uma pessoa","datePublished":"2026-03-26T08:47:14+00:00","mainEntityOfPage":{"@id":"https:\/\/portaltela.pt\/noticias\/2026\/03\/26\/ataque-junto-a-tendas-em-deir-al-balah-gaza-mata-pelo-menos-uma-pessoa\/"},"wordCount":228,"image":{"@id":"https:\/\/portaltela.pt\/noticias\/2026\/03\/26\/ataque-junto-a-tendas-em-deir-al-balah-gaza-mata-pelo-menos-uma-pessoa\/#primaryimage"},"thumbnailUrl":"https:\/\/portaltela.pt\/s.01k8rhncp4jt1\/2026\/03\/1536x864_cmsv2_504a82da-f7d1-5c77-a280-76ec5a3ae0de-9698810.jpg","keywords":["acampamentos","ajuda humanit\u00e1ria","ataque","conflito","deslocados","Gaza"],"articleSection":["Guerra","Not\u00edcias"],"inLanguage":"pt-PT"},{"@type":"WebPage","@id":"https:\/\/portaltela.pt\/noticias\/2026\/03\/26\/ataque-junto-a-tendas-em-deir-al-balah-gaza-mata-pelo-menos-uma-pessoa\/","url":"https:\/\/portaltela.pt\/noticias\/2026\/03\/26\/ataque-junto-a-tendas-em-deir-al-balah-gaza-mata-pelo-menos-uma-pessoa\/","name":"Ataque junto a tendas em Deir al-Balah, Gaza, mata pelo menos uma pessoa - Portal Tela Portugal","isPartOf":{"@id":"https:\/\/portaltela.pt\/#website"},"primaryImageOfPage":{"@id":"https:\/\/portaltela.pt\/noticias\/2026\/03\/26\/ataque-junto-a-tendas-em-deir-al-balah-gaza-mata-pelo-menos-uma-pessoa\/#primaryimage"},"image":{"@id":"https:\/\/portaltela.pt\/noticias\/2026\/03\/26\/ataque-junto-a-tendas-em-deir-al-balah-gaza-mata-pelo-menos-uma-pessoa\/#primaryimage"},"thumbnailUrl":"https:\/\/portaltela.pt\/s.01k8rhncp4jt1\/2026\/03\/1536x864_cmsv2_504a82da-f7d1-5c77-a280-76ec5a3ae0de-9698810.jpg","datePublished":"2026-03-26T08:47:14+00:00","author":{"@id":"https:\/\/portaltela.pt\/#\/schema\/person\/c4278d4a6028830caff9ee44b42d32ed"},"breadcrumb":{"@id":"https:\/\/portaltela.pt\/noticias\/2026\/03\/26\/ataque-junto-a-tendas-em-deir-al-balah-gaza-mata-pelo-menos-uma-pessoa\/#breadcrumb"},"inLanguage":"pt-PT","potentialAction":[{"@type":"ReadAction","target":["https:\/\/portaltela.pt\/noticias\/2026\/03\/26\/ataque-junto-a-tendas-em-deir-al-balah-gaza-mata-pelo-menos-uma-pessoa\/"]}]},{"@type":"ImageObject","inLanguage":"pt-PT","@id":"https:\/\/portaltela.pt\/noticias\/2026\/03\/26\/ataque-junto-a-tendas-em-deir-al-balah-gaza-mata-pelo-menos-uma-pessoa\/#primaryimage","url":"https:\/\/portaltela.pt\/s.01k8rhncp4jt1\/2026\/03\/1536x864_cmsv2_504a82da-f7d1-5c77-a280-76ec5a3ae0de-9698810.jpg","contentUrl":"https:\/\/portaltela.pt\/s.01k8rhncp4jt1\/2026\/03\/1536x864_cmsv2_504a82da-f7d1-5c77-a280-76ec5a3ae0de-9698810.jpg","width":796,"height":448,"caption":"Fumo e chamas erguem-se ap\u00f3s um ataque do ex\u00e9rcito israelita contra um alvo em Deir al\u2011Bal\u0101\u1e25,"},{"@type":"BreadcrumbList","@id":"https:\/\/portaltela.pt\/noticias\/2026\/03\/26\/ataque-junto-a-tendas-em-deir-al-balah-gaza-mata-pelo-menos-uma-pessoa\/#breadcrumb","itemListElement":[{"@type":"ListItem","position":1,"name":"In\u00edcio","item":"https:\/\/portaltela.pt\/"},{"@type":"ListItem","position":2,"name":"Ataque junto a tendas em Deir al-Balah, Gaza, mata pelo menos uma pessoa"}]},{"@type":"WebSite","@id":"https:\/\/portaltela.pt\/#website","url":"https:\/\/portaltela.pt\/","name":"Portal Tela Portugal","description":"","potentialAction":[{"@type":"SearchAction","target":{"@type":"EntryPoint","urlTemplate":"https:\/\/portaltela.pt\/?s={search_term_string}"},"query-input":{"@type":"PropertyValueSpecification","valueRequired":true,"valueName":"search_term_string"}}],"inLanguage":"pt-PT"},{"@type":"Person","@id":"https:\/\/portaltela.pt\/#\/schema\/person\/c4278d4a6028830caff9ee44b42d32ed","name":"Telinha","image":{"@type":"ImageObject","inLanguage":"pt-PT","@id":"https:\/\/portaltela.pt\/s.01k8rhncp4jt1\/2025\/11\/talking-bot-125x125.png","url":"https:\/\/portaltela.pt\/s.01k8rhncp4jt1\/2025\/11\/talking-bot-125x125.png","contentUrl":"https:\/\/portaltela.pt\/s.01k8rhncp4jt1\/2025\/11\/talking-bot-125x125.png","caption":"Telinha"},"sameAs":["https:\/\/portaltela.pt\/"],"url":"https:\/\/portaltela.pt\/por\/367410592786\/"}]}},"_links":{"self":[{"href":"https:\/\/portaltela.pt\/api\/wp\/v2\/posts\/421858","targetHints":{"allow":["GET"]}}],"collection":[{"href":"https:\/\/portaltela.pt\/api\/wp\/v2\/posts"}],"about":[{"href":"https:\/\/portaltela.pt\/api\/wp\/v2\/types\/post"}],"author":[{"embeddable":true,"href":"https:\/\/portaltela.pt\/api\/wp\/v2\/users\/2"}],"replies":[{"embeddable":true,"href":"https:\/\/portaltela.pt\/api\/wp\/v2\/comments?post=421858"}],"version-history":[{"count":0,"href":"https:\/\/portaltela.pt\/api\/wp\/v2\/posts\/421858\/revisions"}],"wp:featuredmedia":[{"embeddable":true,"href":"https:\/\/portaltela.pt\/api\/wp\/v2\/media\/421859"}],"wp:attachment":[{"href":"https:\/\/portaltela.pt\/api\/wp\/v2\/media?parent=421858"}],"wp:term":[{"taxonomy":"category","embeddable":true,"href":"https:\/\/portaltela.pt\/api\/wp\/v2\/categories?post=421858"},{"taxonomy":"post_tag","embeddable":true,"href":"https:\/\/portaltela.pt\/api\/wp\/v2\/tags?post=421858"}],"curies":[{"name":"wp","href":"https:\/\/api.w.org\/{rel}","templated":true}]}}