{"id":421852,"date":"2026-03-26T05:40:42","date_gmt":"2026-03-26T08:40:42","guid":{"rendered":"https:\/\/portaltela.pt\/noticias\/2026\/03\/26\/apresentacao-de-entregues-a-eles-ocorre-no-auditorio-carlos-paredes\/"},"modified":"2026-03-26T05:40:42","modified_gmt":"2026-03-26T08:40:42","slug":"apresentacao-de-entregues-a-eles-ocorre-no-auditorio-carlos-paredes","status":"publish","type":"post","link":"https:\/\/portaltela.pt\/noticias\/2026\/03\/26\/apresentacao-de-entregues-a-eles-ocorre-no-auditorio-carlos-paredes\/","title":{"rendered":"Apresenta\u00e7\u00e3o de Entregues a Eles ocorre no Audit\u00f3rio Carlos Paredes"},"content":{"rendered":"<p>Entregues a Eles \u00e9 a nova pe\u00e7a de Manuel Diogo, encenador e ator, que estreia amanh\u00e3 no Audit\u00f3rio Carlos Paredes, em Benfica.<\/p>\n<p>A narrativa coloca um mestre que recebe tr\u00eas convidados \u00e0 procura de respostas para o seu progresso. O encontro \u00e9 mediado pela assistente virtual Alexa.<\/p>\n<p>Durante a reuni\u00e3o surgem ind\u00edcios peculiares, com partilhas e acontecimentos estranhos, descreve o encenador ao jornal.<\/p>\n<p>O espet\u00e1culo re\u00fane Alexandre Jorge, Daniela On\u00eds e Raquel Caba\u00e7o Pereira e fica em cena at\u00e9 ao dia 29. Bilhetes j\u00e1 \u00e0 venda nos locais habituais.<\/p>\n<h3>Elenco e detalhes<\/h3>\n<p>O encenador atua na montagem, que j\u00e1 teve sess\u00f5es esgotadas no Audit\u00f3rio de Benfica.<\/p>\n<p>Anteriormente, Manuel Diogo dirigiu O Portal da Pen\u00ednsula e encenou Como a Fam\u00edlia \u00e9 Verdade.<\/p>\n","protected":false},"excerpt":{"rendered":"<ul>\n<li>T\u00edtulo da pe\u00e7a: Entregues a Eles, nova cria\u00e7\u00e3o de Manuel Diogo, que tamb\u00e9m atua como encenador e actor.<\/li>\n<li>Estreia amanh\u00e3 no Audit\u00f3rio Carlos Paredes, em Benfica.<\/li>\n<li>A hist\u00f3ria acompanha um mestre que recebe tr\u00eas convidados em busca de respostas para o seu progresso, com o aux\u00edlio de Alexa, um assistente virtual.<\/li>\n<li>O elenco \u00e9 composto por Alexandre Jorge, Daniela On\u00eds e Raquel Caba\u00e7o Pereira.<\/li>\n<li>O espet\u00e1culo permanece em cena at\u00e9 ao dia 29, com bilhetes \u00e0 venda nos locais habituais.<\/li>\n<\/ul>\n","protected":false},"author":2,"featured_media":421854,"comment_status":"closed","ping_status":"closed","sticky":false,"template":"","format":"standard","meta":{"footnotes":""},"categories":[7375,1],"tags":[1946,145,2403,7424,981,119],"class_list":["post-421852","post","type-post","status-publish","format-standard","has-post-thumbnail","hentry","category-cultura","category-noticias","tag-benfica","tag-cultura","tag-elenco","tag-espectaculos","tag-lisboa","tag-teatro"],"yoast_head":"<!-- This site is optimized with the Yoast SEO plugin v27.2 - https:\/\/yoast.com\/product\/yoast-seo-wordpress\/ -->\n<title>Apresenta\u00e7\u00e3o de Entregues a Eles ocorre no Audit\u00f3rio Carlos Paredes - Portal Tela Portugal<\/title>\n<meta name=\"robots\" content=\"index, follow, max-snippet:-1, max-image-preview:large, max-video-preview:-1\" \/>\n<meta property=\"og:locale\" content=\"pt_PT\" \/>\n<meta property=\"og:type\" content=\"article\" \/>\n<meta property=\"og:title\" content=\"Apresenta\u00e7\u00e3o de Entregues a Eles ocorre no Audit\u00f3rio Carlos Paredes - Portal Tela Portugal\" \/>\n<meta property=\"og:description\" content=\"T\u00edtulo da pe\u00e7a: Entregues a Eles, nova cria\u00e7\u00e3o de Manuel Diogo, que tamb\u00e9m atua como encenador e actor. Estreia amanh\u00e3 no Audit\u00f3rio Carlos Paredes, em Benfica. A hist\u00f3ria acompanha um mestre que recebe tr\u00eas convidados em busca de respostas para o seu progresso, com o aux\u00edlio de Alexa, um assistente virtual. O elenco \u00e9 composto por Alexandre Jorge, Daniela On\u00eds e Raquel Caba\u00e7o Pereira. O espet\u00e1culo permanece em cena at\u00e9 ao dia 29, com bilhetes \u00e0 venda nos locais habituais.\" \/>\n<meta property=\"og:url\" content=\"https:\/\/portaltela.pt\/noticias\/2026\/03\/26\/apresentacao-de-entregues-a-eles-ocorre-no-auditorio-carlos-paredes\/\" \/>\n<meta property=\"og:site_name\" content=\"Portal Tela Portugal\" \/>\n<meta property=\"article:published_time\" content=\"2026-03-26T08:40:42+00:00\" \/>\n<meta name=\"author\" content=\"Telinha\" \/>\n<meta name=\"twitter:card\" content=\"summary_large_image\" \/>\n<meta name=\"twitter:label1\" content=\"Escrito por\" \/>\n\t<meta name=\"twitter:data1\" content=\"Telinha\" \/>\n\t<meta name=\"twitter:label2\" content=\"Tempo estimado de leitura\" \/>\n\t<meta name=\"twitter:data2\" content=\"1 minuto\" \/>\n<script type=\"application\/ld+json\" class=\"yoast-schema-graph\">{\"@context\":\"https:\/\/schema.org\",\"@graph\":[{\"@type\":\"Article\",\"@id\":\"https:\/\/portaltela.pt\/noticias\/2026\/03\/26\/apresentacao-de-entregues-a-eles-ocorre-no-auditorio-carlos-paredes\/#article\",\"isPartOf\":{\"@id\":\"https:\/\/portaltela.pt\/noticias\/2026\/03\/26\/apresentacao-de-entregues-a-eles-ocorre-no-auditorio-carlos-paredes\/\"},\"author\":{\"name\":\"Telinha\",\"@id\":\"https:\/\/portaltela.pt\/#\/schema\/person\/c4278d4a6028830caff9ee44b42d32ed\"},\"headline\":\"Apresenta\u00e7\u00e3o de Entregues a Eles ocorre no Audit\u00f3rio Carlos Paredes\",\"datePublished\":\"2026-03-26T08:40:42+00:00\",\"mainEntityOfPage\":{\"@id\":\"https:\/\/portaltela.pt\/noticias\/2026\/03\/26\/apresentacao-de-entregues-a-eles-ocorre-no-auditorio-carlos-paredes\/\"},\"wordCount\":140,\"image\":{\"@id\":\"https:\/\/portaltela.pt\/noticias\/2026\/03\/26\/apresentacao-de-entregues-a-eles-ocorre-no-auditorio-carlos-paredes\/#primaryimage\"},\"thumbnailUrl\":\"https:\/\/portaltela.pt\/s.01k8rhncp4jt1\/2026\/03\/img_1500x1000uu2026-03-25-17-12-44-2274776-im-639100556082116497.jpg\",\"keywords\":[\"Benfica\",\"cultura\",\"Elenco\",\"espect\u00e1culos\",\"Lisboa\",\"teatro\"],\"articleSection\":[\"Cultura\",\"Not\u00edcias\"],\"inLanguage\":\"pt-PT\"},{\"@type\":\"WebPage\",\"@id\":\"https:\/\/portaltela.pt\/noticias\/2026\/03\/26\/apresentacao-de-entregues-a-eles-ocorre-no-auditorio-carlos-paredes\/\",\"url\":\"https:\/\/portaltela.pt\/noticias\/2026\/03\/26\/apresentacao-de-entregues-a-eles-ocorre-no-auditorio-carlos-paredes\/\",\"name\":\"Apresenta\u00e7\u00e3o de Entregues a Eles ocorre no Audit\u00f3rio Carlos Paredes - Portal Tela Portugal\",\"isPartOf\":{\"@id\":\"https:\/\/portaltela.pt\/#website\"},\"primaryImageOfPage\":{\"@id\":\"https:\/\/portaltela.pt\/noticias\/2026\/03\/26\/apresentacao-de-entregues-a-eles-ocorre-no-auditorio-carlos-paredes\/#primaryimage\"},\"image\":{\"@id\":\"https:\/\/portaltela.pt\/noticias\/2026\/03\/26\/apresentacao-de-entregues-a-eles-ocorre-no-auditorio-carlos-paredes\/#primaryimage\"},\"thumbnailUrl\":\"https:\/\/portaltela.pt\/s.01k8rhncp4jt1\/2026\/03\/img_1500x1000uu2026-03-25-17-12-44-2274776-im-639100556082116497.jpg\",\"datePublished\":\"2026-03-26T08:40:42+00:00\",\"author\":{\"@id\":\"https:\/\/portaltela.pt\/#\/schema\/person\/c4278d4a6028830caff9ee44b42d32ed\"},\"breadcrumb\":{\"@id\":\"https:\/\/portaltela.pt\/noticias\/2026\/03\/26\/apresentacao-de-entregues-a-eles-ocorre-no-auditorio-carlos-paredes\/#breadcrumb\"},\"inLanguage\":\"pt-PT\",\"potentialAction\":[{\"@type\":\"ReadAction\",\"target\":[\"https:\/\/portaltela.pt\/noticias\/2026\/03\/26\/apresentacao-de-entregues-a-eles-ocorre-no-auditorio-carlos-paredes\/\"]}]},{\"@type\":\"ImageObject\",\"inLanguage\":\"pt-PT\",\"@id\":\"https:\/\/portaltela.pt\/noticias\/2026\/03\/26\/apresentacao-de-entregues-a-eles-ocorre-no-auditorio-carlos-paredes\/#primaryimage\",\"url\":\"https:\/\/portaltela.pt\/s.01k8rhncp4jt1\/2026\/03\/img_1500x1000uu2026-03-25-17-12-44-2274776-im-639100556082116497.jpg\",\"contentUrl\":\"https:\/\/portaltela.pt\/s.01k8rhncp4jt1\/2026\/03\/img_1500x1000uu2026-03-25-17-12-44-2274776-im-639100556082116497.jpg\",\"width\":796,\"height\":448,\"caption\":\"Espet\u00e1culo 'Entregues a Eles' de Manuel Diogo no Audit\u00f3rio Carlos Paredes em Lisboa\"},{\"@type\":\"BreadcrumbList\",\"@id\":\"https:\/\/portaltela.pt\/noticias\/2026\/03\/26\/apresentacao-de-entregues-a-eles-ocorre-no-auditorio-carlos-paredes\/#breadcrumb\",\"itemListElement\":[{\"@type\":\"ListItem\",\"position\":1,\"name\":\"In\u00edcio\",\"item\":\"https:\/\/portaltela.pt\/\"},{\"@type\":\"ListItem\",\"position\":2,\"name\":\"Apresenta\u00e7\u00e3o de Entregues a Eles ocorre no Audit\u00f3rio Carlos Paredes\"}]},{\"@type\":\"WebSite\",\"@id\":\"https:\/\/portaltela.pt\/#website\",\"url\":\"https:\/\/portaltela.pt\/\",\"name\":\"Portal Tela Portugal\",\"description\":\"\",\"potentialAction\":[{\"@type\":\"SearchAction\",\"target\":{\"@type\":\"EntryPoint\",\"urlTemplate\":\"https:\/\/portaltela.pt\/?s={search_term_string}\"},\"query-input\":{\"@type\":\"PropertyValueSpecification\",\"valueRequired\":true,\"valueName\":\"search_term_string\"}}],\"inLanguage\":\"pt-PT\"},{\"@type\":\"Person\",\"@id\":\"https:\/\/portaltela.pt\/#\/schema\/person\/c4278d4a6028830caff9ee44b42d32ed\",\"name\":\"Telinha\",\"image\":{\"@type\":\"ImageObject\",\"inLanguage\":\"pt-PT\",\"@id\":\"https:\/\/portaltela.pt\/s.01k8rhncp4jt1\/2025\/11\/talking-bot-125x125.png\",\"url\":\"https:\/\/portaltela.pt\/s.01k8rhncp4jt1\/2025\/11\/talking-bot-125x125.png\",\"contentUrl\":\"https:\/\/portaltela.pt\/s.01k8rhncp4jt1\/2025\/11\/talking-bot-125x125.png\",\"caption\":\"Telinha\"},\"sameAs\":[\"https:\/\/portaltela.pt\/\"],\"url\":\"https:\/\/portaltela.pt\/por\/367410592786\/\"}]}<\/script>\n<!-- \/ Yoast SEO plugin. -->","yoast_head_json":{"title":"Apresenta\u00e7\u00e3o de Entregues a Eles ocorre no Audit\u00f3rio Carlos Paredes - Portal Tela Portugal","robots":{"index":"index","follow":"follow","max-snippet":"max-snippet:-1","max-image-preview":"max-image-preview:large","max-video-preview":"max-video-preview:-1"},"og_locale":"pt_PT","og_type":"article","og_title":"Apresenta\u00e7\u00e3o de Entregues a Eles ocorre no Audit\u00f3rio Carlos Paredes - Portal Tela Portugal","og_description":"T\u00edtulo da pe\u00e7a: Entregues a Eles, nova cria\u00e7\u00e3o de Manuel Diogo, que tamb\u00e9m atua como encenador e actor. Estreia amanh\u00e3 no Audit\u00f3rio Carlos Paredes, em Benfica. A hist\u00f3ria acompanha um mestre que recebe tr\u00eas convidados em busca de respostas para o seu progresso, com o aux\u00edlio de Alexa, um assistente virtual. O elenco \u00e9 composto por Alexandre Jorge, Daniela On\u00eds e Raquel Caba\u00e7o Pereira. O espet\u00e1culo permanece em cena at\u00e9 ao dia 29, com bilhetes \u00e0 venda nos locais habituais.","og_url":"https:\/\/portaltela.pt\/noticias\/2026\/03\/26\/apresentacao-de-entregues-a-eles-ocorre-no-auditorio-carlos-paredes\/","og_site_name":"Portal Tela Portugal","article_published_time":"2026-03-26T08:40:42+00:00","author":"Telinha","twitter_card":"summary_large_image","twitter_misc":{"Escrito por":"Telinha","Tempo estimado de leitura":"1 minuto"},"schema":{"@context":"https:\/\/schema.org","@graph":[{"@type":"Article","@id":"https:\/\/portaltela.pt\/noticias\/2026\/03\/26\/apresentacao-de-entregues-a-eles-ocorre-no-auditorio-carlos-paredes\/#article","isPartOf":{"@id":"https:\/\/portaltela.pt\/noticias\/2026\/03\/26\/apresentacao-de-entregues-a-eles-ocorre-no-auditorio-carlos-paredes\/"},"author":{"name":"Telinha","@id":"https:\/\/portaltela.pt\/#\/schema\/person\/c4278d4a6028830caff9ee44b42d32ed"},"headline":"Apresenta\u00e7\u00e3o de Entregues a Eles ocorre no Audit\u00f3rio Carlos Paredes","datePublished":"2026-03-26T08:40:42+00:00","mainEntityOfPage":{"@id":"https:\/\/portaltela.pt\/noticias\/2026\/03\/26\/apresentacao-de-entregues-a-eles-ocorre-no-auditorio-carlos-paredes\/"},"wordCount":140,"image":{"@id":"https:\/\/portaltela.pt\/noticias\/2026\/03\/26\/apresentacao-de-entregues-a-eles-ocorre-no-auditorio-carlos-paredes\/#primaryimage"},"thumbnailUrl":"https:\/\/portaltela.pt\/s.01k8rhncp4jt1\/2026\/03\/img_1500x1000uu2026-03-25-17-12-44-2274776-im-639100556082116497.jpg","keywords":["Benfica","cultura","Elenco","espect\u00e1culos","Lisboa","teatro"],"articleSection":["Cultura","Not\u00edcias"],"inLanguage":"pt-PT"},{"@type":"WebPage","@id":"https:\/\/portaltela.pt\/noticias\/2026\/03\/26\/apresentacao-de-entregues-a-eles-ocorre-no-auditorio-carlos-paredes\/","url":"https:\/\/portaltela.pt\/noticias\/2026\/03\/26\/apresentacao-de-entregues-a-eles-ocorre-no-auditorio-carlos-paredes\/","name":"Apresenta\u00e7\u00e3o de Entregues a Eles ocorre no Audit\u00f3rio Carlos Paredes - Portal Tela Portugal","isPartOf":{"@id":"https:\/\/portaltela.pt\/#website"},"primaryImageOfPage":{"@id":"https:\/\/portaltela.pt\/noticias\/2026\/03\/26\/apresentacao-de-entregues-a-eles-ocorre-no-auditorio-carlos-paredes\/#primaryimage"},"image":{"@id":"https:\/\/portaltela.pt\/noticias\/2026\/03\/26\/apresentacao-de-entregues-a-eles-ocorre-no-auditorio-carlos-paredes\/#primaryimage"},"thumbnailUrl":"https:\/\/portaltela.pt\/s.01k8rhncp4jt1\/2026\/03\/img_1500x1000uu2026-03-25-17-12-44-2274776-im-639100556082116497.jpg","datePublished":"2026-03-26T08:40:42+00:00","author":{"@id":"https:\/\/portaltela.pt\/#\/schema\/person\/c4278d4a6028830caff9ee44b42d32ed"},"breadcrumb":{"@id":"https:\/\/portaltela.pt\/noticias\/2026\/03\/26\/apresentacao-de-entregues-a-eles-ocorre-no-auditorio-carlos-paredes\/#breadcrumb"},"inLanguage":"pt-PT","potentialAction":[{"@type":"ReadAction","target":["https:\/\/portaltela.pt\/noticias\/2026\/03\/26\/apresentacao-de-entregues-a-eles-ocorre-no-auditorio-carlos-paredes\/"]}]},{"@type":"ImageObject","inLanguage":"pt-PT","@id":"https:\/\/portaltela.pt\/noticias\/2026\/03\/26\/apresentacao-de-entregues-a-eles-ocorre-no-auditorio-carlos-paredes\/#primaryimage","url":"https:\/\/portaltela.pt\/s.01k8rhncp4jt1\/2026\/03\/img_1500x1000uu2026-03-25-17-12-44-2274776-im-639100556082116497.jpg","contentUrl":"https:\/\/portaltela.pt\/s.01k8rhncp4jt1\/2026\/03\/img_1500x1000uu2026-03-25-17-12-44-2274776-im-639100556082116497.jpg","width":796,"height":448,"caption":"Espet\u00e1culo 'Entregues a Eles' de Manuel Diogo no Audit\u00f3rio Carlos Paredes em Lisboa"},{"@type":"BreadcrumbList","@id":"https:\/\/portaltela.pt\/noticias\/2026\/03\/26\/apresentacao-de-entregues-a-eles-ocorre-no-auditorio-carlos-paredes\/#breadcrumb","itemListElement":[{"@type":"ListItem","position":1,"name":"In\u00edcio","item":"https:\/\/portaltela.pt\/"},{"@type":"ListItem","position":2,"name":"Apresenta\u00e7\u00e3o de Entregues a Eles ocorre no Audit\u00f3rio Carlos Paredes"}]},{"@type":"WebSite","@id":"https:\/\/portaltela.pt\/#website","url":"https:\/\/portaltela.pt\/","name":"Portal Tela Portugal","description":"","potentialAction":[{"@type":"SearchAction","target":{"@type":"EntryPoint","urlTemplate":"https:\/\/portaltela.pt\/?s={search_term_string}"},"query-input":{"@type":"PropertyValueSpecification","valueRequired":true,"valueName":"search_term_string"}}],"inLanguage":"pt-PT"},{"@type":"Person","@id":"https:\/\/portaltela.pt\/#\/schema\/person\/c4278d4a6028830caff9ee44b42d32ed","name":"Telinha","image":{"@type":"ImageObject","inLanguage":"pt-PT","@id":"https:\/\/portaltela.pt\/s.01k8rhncp4jt1\/2025\/11\/talking-bot-125x125.png","url":"https:\/\/portaltela.pt\/s.01k8rhncp4jt1\/2025\/11\/talking-bot-125x125.png","contentUrl":"https:\/\/portaltela.pt\/s.01k8rhncp4jt1\/2025\/11\/talking-bot-125x125.png","caption":"Telinha"},"sameAs":["https:\/\/portaltela.pt\/"],"url":"https:\/\/portaltela.pt\/por\/367410592786\/"}]}},"_links":{"self":[{"href":"https:\/\/portaltela.pt\/api\/wp\/v2\/posts\/421852","targetHints":{"allow":["GET"]}}],"collection":[{"href":"https:\/\/portaltela.pt\/api\/wp\/v2\/posts"}],"about":[{"href":"https:\/\/portaltela.pt\/api\/wp\/v2\/types\/post"}],"author":[{"embeddable":true,"href":"https:\/\/portaltela.pt\/api\/wp\/v2\/users\/2"}],"replies":[{"embeddable":true,"href":"https:\/\/portaltela.pt\/api\/wp\/v2\/comments?post=421852"}],"version-history":[{"count":0,"href":"https:\/\/portaltela.pt\/api\/wp\/v2\/posts\/421852\/revisions"}],"wp:featuredmedia":[{"embeddable":true,"href":"https:\/\/portaltela.pt\/api\/wp\/v2\/media\/421854"}],"wp:attachment":[{"href":"https:\/\/portaltela.pt\/api\/wp\/v2\/media?parent=421852"}],"wp:term":[{"taxonomy":"category","embeddable":true,"href":"https:\/\/portaltela.pt\/api\/wp\/v2\/categories?post=421852"},{"taxonomy":"post_tag","embeddable":true,"href":"https:\/\/portaltela.pt\/api\/wp\/v2\/tags?post=421852"}],"curies":[{"name":"wp","href":"https:\/\/api.w.org\/{rel}","templated":true}]}}