{"id":421846,"date":"2026-03-26T05:12:00","date_gmt":"2026-03-26T08:12:00","guid":{"rendered":"https:\/\/portaltela.pt\/noticias\/2026\/03\/26\/ambiente-informativo-toxico-preocupa-as-nacoes-unidas-diz-melissa-fleming\/"},"modified":"2026-03-26T05:12:00","modified_gmt":"2026-03-26T08:12:00","slug":"ambiente-informativo-toxico-preocupa-as-nacoes-unidas-diz-melissa-fleming","status":"publish","type":"post","link":"https:\/\/portaltela.pt\/sociedade\/2026\/03\/26\/ambiente-informativo-toxico-preocupa-as-nacoes-unidas-diz-melissa-fleming\/","title":{"rendered":"Ambiente informativo t\u00f3xico preocupa as Na\u00e7\u00f5es Unidas, diz Melissa Fleming"},"content":{"rendered":"<p>A subsecret\u00e1ria-geral da ONU para as Comunica\u00e7\u00f5es Globais, Melissa Fleming, expressou grande preocupa\u00e7\u00e3o com o atual ambiente informativo, que considera t\u00f3xico. A avalia\u00e7\u00e3o relaciona-se com a sa\u00fade mental das crian\u00e7as e o impacto das redes sociais.<\/p>\n<p>Em entrevista \u00e0 ag\u00eancia Lusa, Fleming afirmou que o cen\u00e1rio de desinforma\u00e7\u00e3o e conte\u00fados prejudiciais se espalha de forma r\u00e1pida. Segundo ela, as plataformas podem amplificar mensagens nocivas com consequ\u00eancias reais.<\/p>\n<p>A dirigente sublinhou que a ONU tem adotado medidas para enfrentar o problema, incluindo a promo\u00e7\u00e3o da literacia medi\u00e1tica e a responsabiliza\u00e7\u00e3o das plataformas pela qualidade do conte\u00fado. O objetivo \u00e9 reduzir danos para os jovens.<\/p>\n<p>Fleming ressaltou a necessidade de coopera\u00e7\u00e3o entre governos, ind\u00fastria tecnol\u00f3gica e sociedade civil. A entrevista indica que n\u00e3o h\u00e1 solu\u00e7\u00f5es simples e que exige compromisso multilateral para melhorias sustent\u00e1veis.<\/p>\n<p>A fala da executiva ocorre no contexto de crescente preocupa\u00e7\u00e3o internacional com a influ\u00eancia das redes sociais na educa\u00e7\u00e3o, desenvolvimento infantil e bem-estar p\u00fablico, com \u00eanfase na prote\u00e7\u00e3o de menores.<\/p>\n","protected":false},"excerpt":{"rendered":"<ul>\n<li>A subsecret\u00e1ria-geral da Organiza\u00e7\u00e3o das Na\u00e7\u00f5es Unidas para as Comunica\u00e7\u00f5es Globais afirmou, em entrevista \u00e0 Lusa, que o ambiente informativo atual \u00e9 t\u00f3xico.<\/li>\n<li>Disse que esse cen\u00e1rio pode afetar a sa\u00fade mental das crian\u00e7as devido \u00e0 exposi\u00e7\u00e3o nas redes sociais.<\/li>\n<li>A entrevista foi concedida \u00e0 ag\u00eancia portuguesa Lusa.<\/li>\n<li>A ONU manifesta preocupa\u00e7\u00e3o com o impacto do ecossistema digital no bem\u2011estar de jovens e na qualidade da informa\u00e7\u00e3o dispon\u00edvel.<\/li>\n<\/ul>\n","protected":false},"author":2,"featured_media":421849,"comment_status":"closed","ping_status":"closed","sticky":false,"template":"","format":"standard","meta":{"footnotes":""},"categories":[6745,6871],"tags":[256,3953,1469,163,195,5169],"class_list":["post-421846","post","type-post","status-publish","format-standard","has-post-thumbnail","hentry","category-saude","category-sociedade","tag-cooperacao-internacional","tag-criancas","tag-desinformacao","tag-educacao","tag-informacao","tag-literacia-mediatica"],"yoast_head":"<!-- This site is optimized with the Yoast SEO plugin v27.2 - https:\/\/yoast.com\/product\/yoast-seo-wordpress\/ -->\n<title>Ambiente informativo t\u00f3xico preocupa as Na\u00e7\u00f5es Unidas, diz Melissa Fleming - Portal Tela Portugal<\/title>\n<meta name=\"robots\" content=\"index, follow, max-snippet:-1, max-image-preview:large, max-video-preview:-1\" \/>\n<meta property=\"og:locale\" content=\"pt_PT\" \/>\n<meta property=\"og:type\" content=\"article\" \/>\n<meta property=\"og:title\" content=\"Ambiente informativo t\u00f3xico preocupa as Na\u00e7\u00f5es Unidas, diz Melissa Fleming - Portal Tela Portugal\" \/>\n<meta property=\"og:description\" content=\"A subsecret\u00e1ria-geral da Organiza\u00e7\u00e3o das Na\u00e7\u00f5es Unidas para as Comunica\u00e7\u00f5es Globais afirmou, em entrevista \u00e0 Lusa, que o ambiente informativo atual \u00e9 t\u00f3xico. Disse que esse cen\u00e1rio pode afetar a sa\u00fade mental das crian\u00e7as devido \u00e0 exposi\u00e7\u00e3o nas redes sociais. A entrevista foi concedida \u00e0 ag\u00eancia portuguesa Lusa. A ONU manifesta preocupa\u00e7\u00e3o com o impacto do ecossistema digital no bem\u2011estar de jovens e na qualidade da informa\u00e7\u00e3o dispon\u00edvel.\" \/>\n<meta property=\"og:url\" content=\"https:\/\/portaltela.pt\/noticias\/2026\/03\/26\/ambiente-informativo-toxico-preocupa-as-nacoes-unidas-diz-melissa-fleming\/\" \/>\n<meta property=\"og:site_name\" content=\"Portal Tela Portugal\" \/>\n<meta property=\"article:published_time\" content=\"2026-03-26T08:12:00+00:00\" \/>\n<meta name=\"author\" content=\"Telinha\" \/>\n<meta name=\"twitter:card\" content=\"summary_large_image\" \/>\n<meta name=\"twitter:label1\" content=\"Escrito por\" \/>\n\t<meta name=\"twitter:data1\" content=\"Telinha\" \/>\n\t<meta name=\"twitter:label2\" content=\"Tempo estimado de leitura\" \/>\n\t<meta name=\"twitter:data2\" content=\"1 minuto\" \/>\n<script type=\"application\/ld+json\" class=\"yoast-schema-graph\">{\"@context\":\"https:\/\/schema.org\",\"@graph\":[{\"@type\":\"Article\",\"@id\":\"https:\/\/portaltela.pt\/noticias\/2026\/03\/26\/ambiente-informativo-toxico-preocupa-as-nacoes-unidas-diz-melissa-fleming\/#article\",\"isPartOf\":{\"@id\":\"https:\/\/portaltela.pt\/noticias\/2026\/03\/26\/ambiente-informativo-toxico-preocupa-as-nacoes-unidas-diz-melissa-fleming\/\"},\"author\":{\"name\":\"Telinha\",\"@id\":\"https:\/\/portaltela.pt\/#\/schema\/person\/c4278d4a6028830caff9ee44b42d32ed\"},\"headline\":\"Ambiente informativo t\u00f3xico preocupa as Na\u00e7\u00f5es Unidas, diz Melissa Fleming\",\"datePublished\":\"2026-03-26T08:12:00+00:00\",\"mainEntityOfPage\":{\"@id\":\"https:\/\/portaltela.pt\/noticias\/2026\/03\/26\/ambiente-informativo-toxico-preocupa-as-nacoes-unidas-diz-melissa-fleming\/\"},\"wordCount\":200,\"image\":{\"@id\":\"https:\/\/portaltela.pt\/noticias\/2026\/03\/26\/ambiente-informativo-toxico-preocupa-as-nacoes-unidas-diz-melissa-fleming\/#primaryimage\"},\"thumbnailUrl\":\"https:\/\/portaltela.pt\/s.01k8rhncp4jt1\/2026\/03\/CACHE_780X1200_ANALOG_WATERMARKED_46436823_9877064996927.jpg\",\"keywords\":[\"coopera\u00e7\u00e3o internacional\",\"crian\u00e7as\",\"desinforma\u00e7\u00e3o\",\"educa\u00e7\u00e3o\",\"informa\u00e7\u00e3o\",\"literacia medi\u00e1tica\"],\"articleSection\":[\"Sa\u00fade\",\"Sociedade\"],\"inLanguage\":\"pt-PT\"},{\"@type\":\"WebPage\",\"@id\":\"https:\/\/portaltela.pt\/noticias\/2026\/03\/26\/ambiente-informativo-toxico-preocupa-as-nacoes-unidas-diz-melissa-fleming\/\",\"url\":\"https:\/\/portaltela.pt\/noticias\/2026\/03\/26\/ambiente-informativo-toxico-preocupa-as-nacoes-unidas-diz-melissa-fleming\/\",\"name\":\"Ambiente informativo t\u00f3xico preocupa as Na\u00e7\u00f5es Unidas, diz Melissa Fleming - Portal Tela Portugal\",\"isPartOf\":{\"@id\":\"https:\/\/portaltela.pt\/#website\"},\"primaryImageOfPage\":{\"@id\":\"https:\/\/portaltela.pt\/noticias\/2026\/03\/26\/ambiente-informativo-toxico-preocupa-as-nacoes-unidas-diz-melissa-fleming\/#primaryimage\"},\"image\":{\"@id\":\"https:\/\/portaltela.pt\/noticias\/2026\/03\/26\/ambiente-informativo-toxico-preocupa-as-nacoes-unidas-diz-melissa-fleming\/#primaryimage\"},\"thumbnailUrl\":\"https:\/\/portaltela.pt\/s.01k8rhncp4jt1\/2026\/03\/CACHE_780X1200_ANALOG_WATERMARKED_46436823_9877064996927.jpg\",\"datePublished\":\"2026-03-26T08:12:00+00:00\",\"author\":{\"@id\":\"https:\/\/portaltela.pt\/#\/schema\/person\/c4278d4a6028830caff9ee44b42d32ed\"},\"breadcrumb\":{\"@id\":\"https:\/\/portaltela.pt\/noticias\/2026\/03\/26\/ambiente-informativo-toxico-preocupa-as-nacoes-unidas-diz-melissa-fleming\/#breadcrumb\"},\"inLanguage\":\"pt-PT\",\"potentialAction\":[{\"@type\":\"ReadAction\",\"target\":[\"https:\/\/portaltela.pt\/noticias\/2026\/03\/26\/ambiente-informativo-toxico-preocupa-as-nacoes-unidas-diz-melissa-fleming\/\"]}]},{\"@type\":\"ImageObject\",\"inLanguage\":\"pt-PT\",\"@id\":\"https:\/\/portaltela.pt\/noticias\/2026\/03\/26\/ambiente-informativo-toxico-preocupa-as-nacoes-unidas-diz-melissa-fleming\/#primaryimage\",\"url\":\"https:\/\/portaltela.pt\/s.01k8rhncp4jt1\/2026\/03\/CACHE_780X1200_ANALOG_WATERMARKED_46436823_9877064996927.jpg\",\"contentUrl\":\"https:\/\/portaltela.pt\/s.01k8rhncp4jt1\/2026\/03\/CACHE_780X1200_ANALOG_WATERMARKED_46436823_9877064996927.jpg\",\"width\":796,\"height\":448,\"caption\":\"Ambiente informativo t\u00f3xico preocupa Na\u00e7\u00f5es Unidas - Melissa Fleming\"},{\"@type\":\"BreadcrumbList\",\"@id\":\"https:\/\/portaltela.pt\/noticias\/2026\/03\/26\/ambiente-informativo-toxico-preocupa-as-nacoes-unidas-diz-melissa-fleming\/#breadcrumb\",\"itemListElement\":[{\"@type\":\"ListItem\",\"position\":1,\"name\":\"In\u00edcio\",\"item\":\"https:\/\/portaltela.pt\/\"},{\"@type\":\"ListItem\",\"position\":2,\"name\":\"Ambiente informativo t\u00f3xico preocupa as Na\u00e7\u00f5es Unidas, diz Melissa Fleming\"}]},{\"@type\":\"WebSite\",\"@id\":\"https:\/\/portaltela.pt\/#website\",\"url\":\"https:\/\/portaltela.pt\/\",\"name\":\"Portal Tela Portugal\",\"description\":\"\",\"potentialAction\":[{\"@type\":\"SearchAction\",\"target\":{\"@type\":\"EntryPoint\",\"urlTemplate\":\"https:\/\/portaltela.pt\/?s={search_term_string}\"},\"query-input\":{\"@type\":\"PropertyValueSpecification\",\"valueRequired\":true,\"valueName\":\"search_term_string\"}}],\"inLanguage\":\"pt-PT\"},{\"@type\":\"Person\",\"@id\":\"https:\/\/portaltela.pt\/#\/schema\/person\/c4278d4a6028830caff9ee44b42d32ed\",\"name\":\"Telinha\",\"image\":{\"@type\":\"ImageObject\",\"inLanguage\":\"pt-PT\",\"@id\":\"https:\/\/portaltela.pt\/s.01k8rhncp4jt1\/2025\/11\/talking-bot-125x125.png\",\"url\":\"https:\/\/portaltela.pt\/s.01k8rhncp4jt1\/2025\/11\/talking-bot-125x125.png\",\"contentUrl\":\"https:\/\/portaltela.pt\/s.01k8rhncp4jt1\/2025\/11\/talking-bot-125x125.png\",\"caption\":\"Telinha\"},\"sameAs\":[\"https:\/\/portaltela.pt\/\"],\"url\":\"https:\/\/portaltela.pt\/por\/367410592786\/\"}]}<\/script>\n<!-- \/ Yoast SEO plugin. -->","yoast_head_json":{"title":"Ambiente informativo t\u00f3xico preocupa as Na\u00e7\u00f5es Unidas, diz Melissa Fleming - Portal Tela Portugal","robots":{"index":"index","follow":"follow","max-snippet":"max-snippet:-1","max-image-preview":"max-image-preview:large","max-video-preview":"max-video-preview:-1"},"og_locale":"pt_PT","og_type":"article","og_title":"Ambiente informativo t\u00f3xico preocupa as Na\u00e7\u00f5es Unidas, diz Melissa Fleming - Portal Tela Portugal","og_description":"A subsecret\u00e1ria-geral da Organiza\u00e7\u00e3o das Na\u00e7\u00f5es Unidas para as Comunica\u00e7\u00f5es Globais afirmou, em entrevista \u00e0 Lusa, que o ambiente informativo atual \u00e9 t\u00f3xico. Disse que esse cen\u00e1rio pode afetar a sa\u00fade mental das crian\u00e7as devido \u00e0 exposi\u00e7\u00e3o nas redes sociais. A entrevista foi concedida \u00e0 ag\u00eancia portuguesa Lusa. A ONU manifesta preocupa\u00e7\u00e3o com o impacto do ecossistema digital no bem\u2011estar de jovens e na qualidade da informa\u00e7\u00e3o dispon\u00edvel.","og_url":"https:\/\/portaltela.pt\/noticias\/2026\/03\/26\/ambiente-informativo-toxico-preocupa-as-nacoes-unidas-diz-melissa-fleming\/","og_site_name":"Portal Tela Portugal","article_published_time":"2026-03-26T08:12:00+00:00","author":"Telinha","twitter_card":"summary_large_image","twitter_misc":{"Escrito por":"Telinha","Tempo estimado de leitura":"1 minuto"},"schema":{"@context":"https:\/\/schema.org","@graph":[{"@type":"Article","@id":"https:\/\/portaltela.pt\/noticias\/2026\/03\/26\/ambiente-informativo-toxico-preocupa-as-nacoes-unidas-diz-melissa-fleming\/#article","isPartOf":{"@id":"https:\/\/portaltela.pt\/noticias\/2026\/03\/26\/ambiente-informativo-toxico-preocupa-as-nacoes-unidas-diz-melissa-fleming\/"},"author":{"name":"Telinha","@id":"https:\/\/portaltela.pt\/#\/schema\/person\/c4278d4a6028830caff9ee44b42d32ed"},"headline":"Ambiente informativo t\u00f3xico preocupa as Na\u00e7\u00f5es Unidas, diz Melissa Fleming","datePublished":"2026-03-26T08:12:00+00:00","mainEntityOfPage":{"@id":"https:\/\/portaltela.pt\/noticias\/2026\/03\/26\/ambiente-informativo-toxico-preocupa-as-nacoes-unidas-diz-melissa-fleming\/"},"wordCount":200,"image":{"@id":"https:\/\/portaltela.pt\/noticias\/2026\/03\/26\/ambiente-informativo-toxico-preocupa-as-nacoes-unidas-diz-melissa-fleming\/#primaryimage"},"thumbnailUrl":"https:\/\/portaltela.pt\/s.01k8rhncp4jt1\/2026\/03\/CACHE_780X1200_ANALOG_WATERMARKED_46436823_9877064996927.jpg","keywords":["coopera\u00e7\u00e3o internacional","crian\u00e7as","desinforma\u00e7\u00e3o","educa\u00e7\u00e3o","informa\u00e7\u00e3o","literacia medi\u00e1tica"],"articleSection":["Sa\u00fade","Sociedade"],"inLanguage":"pt-PT"},{"@type":"WebPage","@id":"https:\/\/portaltela.pt\/noticias\/2026\/03\/26\/ambiente-informativo-toxico-preocupa-as-nacoes-unidas-diz-melissa-fleming\/","url":"https:\/\/portaltela.pt\/noticias\/2026\/03\/26\/ambiente-informativo-toxico-preocupa-as-nacoes-unidas-diz-melissa-fleming\/","name":"Ambiente informativo t\u00f3xico preocupa as Na\u00e7\u00f5es Unidas, diz Melissa Fleming - Portal Tela Portugal","isPartOf":{"@id":"https:\/\/portaltela.pt\/#website"},"primaryImageOfPage":{"@id":"https:\/\/portaltela.pt\/noticias\/2026\/03\/26\/ambiente-informativo-toxico-preocupa-as-nacoes-unidas-diz-melissa-fleming\/#primaryimage"},"image":{"@id":"https:\/\/portaltela.pt\/noticias\/2026\/03\/26\/ambiente-informativo-toxico-preocupa-as-nacoes-unidas-diz-melissa-fleming\/#primaryimage"},"thumbnailUrl":"https:\/\/portaltela.pt\/s.01k8rhncp4jt1\/2026\/03\/CACHE_780X1200_ANALOG_WATERMARKED_46436823_9877064996927.jpg","datePublished":"2026-03-26T08:12:00+00:00","author":{"@id":"https:\/\/portaltela.pt\/#\/schema\/person\/c4278d4a6028830caff9ee44b42d32ed"},"breadcrumb":{"@id":"https:\/\/portaltela.pt\/noticias\/2026\/03\/26\/ambiente-informativo-toxico-preocupa-as-nacoes-unidas-diz-melissa-fleming\/#breadcrumb"},"inLanguage":"pt-PT","potentialAction":[{"@type":"ReadAction","target":["https:\/\/portaltela.pt\/noticias\/2026\/03\/26\/ambiente-informativo-toxico-preocupa-as-nacoes-unidas-diz-melissa-fleming\/"]}]},{"@type":"ImageObject","inLanguage":"pt-PT","@id":"https:\/\/portaltela.pt\/noticias\/2026\/03\/26\/ambiente-informativo-toxico-preocupa-as-nacoes-unidas-diz-melissa-fleming\/#primaryimage","url":"https:\/\/portaltela.pt\/s.01k8rhncp4jt1\/2026\/03\/CACHE_780X1200_ANALOG_WATERMARKED_46436823_9877064996927.jpg","contentUrl":"https:\/\/portaltela.pt\/s.01k8rhncp4jt1\/2026\/03\/CACHE_780X1200_ANALOG_WATERMARKED_46436823_9877064996927.jpg","width":796,"height":448,"caption":"Ambiente informativo t\u00f3xico preocupa Na\u00e7\u00f5es Unidas - Melissa Fleming"},{"@type":"BreadcrumbList","@id":"https:\/\/portaltela.pt\/noticias\/2026\/03\/26\/ambiente-informativo-toxico-preocupa-as-nacoes-unidas-diz-melissa-fleming\/#breadcrumb","itemListElement":[{"@type":"ListItem","position":1,"name":"In\u00edcio","item":"https:\/\/portaltela.pt\/"},{"@type":"ListItem","position":2,"name":"Ambiente informativo t\u00f3xico preocupa as Na\u00e7\u00f5es Unidas, diz Melissa Fleming"}]},{"@type":"WebSite","@id":"https:\/\/portaltela.pt\/#website","url":"https:\/\/portaltela.pt\/","name":"Portal Tela Portugal","description":"","potentialAction":[{"@type":"SearchAction","target":{"@type":"EntryPoint","urlTemplate":"https:\/\/portaltela.pt\/?s={search_term_string}"},"query-input":{"@type":"PropertyValueSpecification","valueRequired":true,"valueName":"search_term_string"}}],"inLanguage":"pt-PT"},{"@type":"Person","@id":"https:\/\/portaltela.pt\/#\/schema\/person\/c4278d4a6028830caff9ee44b42d32ed","name":"Telinha","image":{"@type":"ImageObject","inLanguage":"pt-PT","@id":"https:\/\/portaltela.pt\/s.01k8rhncp4jt1\/2025\/11\/talking-bot-125x125.png","url":"https:\/\/portaltela.pt\/s.01k8rhncp4jt1\/2025\/11\/talking-bot-125x125.png","contentUrl":"https:\/\/portaltela.pt\/s.01k8rhncp4jt1\/2025\/11\/talking-bot-125x125.png","caption":"Telinha"},"sameAs":["https:\/\/portaltela.pt\/"],"url":"https:\/\/portaltela.pt\/por\/367410592786\/"}]}},"_links":{"self":[{"href":"https:\/\/portaltela.pt\/api\/wp\/v2\/posts\/421846","targetHints":{"allow":["GET"]}}],"collection":[{"href":"https:\/\/portaltela.pt\/api\/wp\/v2\/posts"}],"about":[{"href":"https:\/\/portaltela.pt\/api\/wp\/v2\/types\/post"}],"author":[{"embeddable":true,"href":"https:\/\/portaltela.pt\/api\/wp\/v2\/users\/2"}],"replies":[{"embeddable":true,"href":"https:\/\/portaltela.pt\/api\/wp\/v2\/comments?post=421846"}],"version-history":[{"count":0,"href":"https:\/\/portaltela.pt\/api\/wp\/v2\/posts\/421846\/revisions"}],"wp:featuredmedia":[{"embeddable":true,"href":"https:\/\/portaltela.pt\/api\/wp\/v2\/media\/421849"}],"wp:attachment":[{"href":"https:\/\/portaltela.pt\/api\/wp\/v2\/media?parent=421846"}],"wp:term":[{"taxonomy":"category","embeddable":true,"href":"https:\/\/portaltela.pt\/api\/wp\/v2\/categories?post=421846"},{"taxonomy":"post_tag","embeddable":true,"href":"https:\/\/portaltela.pt\/api\/wp\/v2\/tags?post=421846"}],"curies":[{"name":"wp","href":"https:\/\/api.w.org\/{rel}","templated":true}]}}