{"id":421845,"date":"2026-03-26T05:16:55","date_gmt":"2026-03-26T08:16:55","guid":{"rendered":"https:\/\/portaltela.pt\/noticias\/2026\/03\/26\/neymar-revela-na-serie-de-youtube-ter-colecao-de-motos-mas-nao-sabe-andar\/"},"modified":"2026-03-26T05:16:55","modified_gmt":"2026-03-26T08:16:55","slug":"neymar-revela-na-serie-de-youtube-ter-colecao-de-motos-mas-nao-sabe-andar","status":"publish","type":"post","link":"https:\/\/portaltela.pt\/desporto\/futebol\/2026\/03\/26\/neymar-revela-na-serie-de-youtube-ter-colecao-de-motos-mas-nao-sabe-andar\/","title":{"rendered":"Neymar revela na s\u00e9rie de YouTube ter cole\u00e7\u00e3o de motos, mas n\u00e3o sabe andar"},"content":{"rendered":"<p>Neymar Jr. estreou uma nova s\u00e9rie no YouTube, em que, pela primeira pessoa, abre as portas da sua casa e mostra os bastidores da sua vida como atleta, pai, parceiro e filho. A produ\u00e7\u00e3o iniciou com o primeiro epis\u00f3dio, dispon\u00edvel no canal oficial do jogador.<\/p>\n<p>No epis\u00f3dio, o craque brasileiro aborda a sua rotina e assume um tom mais pessoal, inserindo o momento em que enfrenta a aus\u00eancia de chamada para jogos da sele\u00e7\u00e3o. A apresenta\u00e7\u00e3o concentra-se na prepara\u00e7\u00e3o f\u00edsica e emocional do jogador, sem grandes desvios ao foco profissional.<\/p>\n<p>O futebolista tamb\u00e9m sinaliza a inten\u00e7\u00e3o de partilhar realidades e pensamentos atuais, destacando a necessidade de continuar a trabalhar para evoluir e estar pronto para futuras oportunidades. A not\u00edcia surge num contexto de n\u00e3o convoca\u00e7\u00e3o para os particulares da sele\u00e7\u00e3o antes do Mundial.<\/p>\n<h3>Bastidores da s\u00e9rie e contexto atual<\/h3>\n<p>O epis\u00f3dio acentua a rela\u00e7\u00e3o de Neymar com a fam\u00edlia, amigos e equipa, oferecendo uma vis\u00e3o do dia a dia de um jogador de elite fora dos campos. A produ\u00e7\u00e3o utiliza imagens de casa, treinos e momentos de vida pessoal.<\/p>\n<p>A equipa de produ\u00e7\u00e3o n\u00e3o adianta conting\u00eancias, mantendo o tom informativo e centrado na experi\u00eancia do atleta. N\u00e3o s\u00e3o publicadas datas futuras oficiais nem detalhes sobre pr\u00f3ximos epis\u00f3dios, preservando o foco no conte\u00fado j\u00e1 dispon\u00edvel.<\/p>\n","protected":false},"excerpt":{"rendered":"<ul>\n<li>Neymar Jr. lan\u00e7ou uma nova s\u00e9rie documental no YouTube, com o primeiro epis\u00f3dio j\u00e1 dispon\u00edvel no canal oficial do jogador.<\/li>\n<li>No epis\u00f3dio, o futebolista brasileiro mostra a casa e revela Bastidores da sua rotina enquanto atleta, pai, companheiro e filho.<\/li>\n<li>A estreia ocorre num momento em que Neymar n\u00e3o foi convocado pela sele\u00e7\u00e3o brasileira para os amistosos antes do Mundial.<\/li>\n<li>O jogador afirma estar triste com a n\u00e3o chamada, mas diz que continuar\u00e1 a apoiar a Sele\u00e7\u00e3o e a trabalhar para evoluir e estar pronto para quando surgir a oportunidade.<\/li>\n<\/ul>\n","protected":false},"author":2,"featured_media":421847,"comment_status":"closed","ping_status":"closed","sticky":false,"template":"","format":"standard","meta":{"footnotes":""},"categories":[21,24],"tags":[3259,64,32,242,3552,5661],"class_list":["post-421845","post","type-post","status-publish","format-standard","has-post-thumbnail","hentry","category-desporto","category-futebol","tag-celebidades","tag-familia","tag-futebol","tag-jogadores","tag-neymar","tag-pessoas-publicas"],"yoast_head":"<!-- This site is optimized with the Yoast SEO plugin v27.2 - https:\/\/yoast.com\/product\/yoast-seo-wordpress\/ -->\n<title>Neymar revela na s\u00e9rie de YouTube ter cole\u00e7\u00e3o de motos, mas n\u00e3o sabe andar - Portal Tela Portugal<\/title>\n<meta name=\"robots\" content=\"index, follow, max-snippet:-1, max-image-preview:large, max-video-preview:-1\" \/>\n<meta property=\"og:locale\" content=\"pt_PT\" \/>\n<meta property=\"og:type\" content=\"article\" \/>\n<meta property=\"og:title\" content=\"Neymar revela na s\u00e9rie de YouTube ter cole\u00e7\u00e3o de motos, mas n\u00e3o sabe andar - Portal Tela Portugal\" \/>\n<meta property=\"og:description\" content=\"Neymar Jr. lan\u00e7ou uma nova s\u00e9rie documental no YouTube, com o primeiro epis\u00f3dio j\u00e1 dispon\u00edvel no canal oficial do jogador. No epis\u00f3dio, o futebolista brasileiro mostra a casa e revela Bastidores da sua rotina enquanto atleta, pai, companheiro e filho. A estreia ocorre num momento em que Neymar n\u00e3o foi convocado pela sele\u00e7\u00e3o brasileira para os amistosos antes do Mundial. O jogador afirma estar triste com a n\u00e3o chamada, mas diz que continuar\u00e1 a apoiar a Sele\u00e7\u00e3o e a trabalhar para evoluir e estar pronto para quando surgir a oportunidade.\" \/>\n<meta property=\"og:url\" content=\"https:\/\/portaltela.pt\/noticias\/2026\/03\/26\/neymar-revela-na-serie-de-youtube-ter-colecao-de-motos-mas-nao-sabe-andar\/\" \/>\n<meta property=\"og:site_name\" content=\"Portal Tela Portugal\" \/>\n<meta property=\"article:published_time\" content=\"2026-03-26T08:16:55+00:00\" \/>\n<meta name=\"author\" content=\"Telinha\" \/>\n<meta name=\"twitter:card\" content=\"summary_large_image\" \/>\n<meta name=\"twitter:label1\" content=\"Escrito por\" \/>\n\t<meta name=\"twitter:data1\" content=\"Telinha\" \/>\n\t<meta name=\"twitter:label2\" content=\"Tempo estimado de leitura\" \/>\n\t<meta name=\"twitter:data2\" content=\"1 minuto\" \/>\n<script type=\"application\/ld+json\" class=\"yoast-schema-graph\">{\"@context\":\"https:\/\/schema.org\",\"@graph\":[{\"@type\":\"Article\",\"@id\":\"https:\/\/portaltela.pt\/noticias\/2026\/03\/26\/neymar-revela-na-serie-de-youtube-ter-colecao-de-motos-mas-nao-sabe-andar\/#article\",\"isPartOf\":{\"@id\":\"https:\/\/portaltela.pt\/noticias\/2026\/03\/26\/neymar-revela-na-serie-de-youtube-ter-colecao-de-motos-mas-nao-sabe-andar\/\"},\"author\":{\"name\":\"Telinha\",\"@id\":\"https:\/\/portaltela.pt\/#\/schema\/person\/c4278d4a6028830caff9ee44b42d32ed\"},\"headline\":\"Neymar revela na s\u00e9rie de YouTube ter cole\u00e7\u00e3o de motos, mas n\u00e3o sabe andar\",\"datePublished\":\"2026-03-26T08:16:55+00:00\",\"mainEntityOfPage\":{\"@id\":\"https:\/\/portaltela.pt\/noticias\/2026\/03\/26\/neymar-revela-na-serie-de-youtube-ter-colecao-de-motos-mas-nao-sabe-andar\/\"},\"wordCount\":263,\"image\":{\"@id\":\"https:\/\/portaltela.pt\/noticias\/2026\/03\/26\/neymar-revela-na-serie-de-youtube-ter-colecao-de-motos-mas-nao-sabe-andar\/#primaryimage\"},\"thumbnailUrl\":\"https:\/\/portaltela.pt\/s.01k8rhncp4jt1\/2026\/03\/img_1200x721uu2026-03-26-08-16-13-2429429.jpg\",\"keywords\":[\"celebidades\",\"fam\u00edlia\",\"futebol\",\"jogadores\",\"Neymar\",\"pessoas p\u00fablicas\"],\"articleSection\":[\"Desporto\",\"Futebol\"],\"inLanguage\":\"pt-PT\"},{\"@type\":\"WebPage\",\"@id\":\"https:\/\/portaltela.pt\/noticias\/2026\/03\/26\/neymar-revela-na-serie-de-youtube-ter-colecao-de-motos-mas-nao-sabe-andar\/\",\"url\":\"https:\/\/portaltela.pt\/noticias\/2026\/03\/26\/neymar-revela-na-serie-de-youtube-ter-colecao-de-motos-mas-nao-sabe-andar\/\",\"name\":\"Neymar revela na s\u00e9rie de YouTube ter cole\u00e7\u00e3o de motos, mas n\u00e3o sabe andar - Portal Tela Portugal\",\"isPartOf\":{\"@id\":\"https:\/\/portaltela.pt\/#website\"},\"primaryImageOfPage\":{\"@id\":\"https:\/\/portaltela.pt\/noticias\/2026\/03\/26\/neymar-revela-na-serie-de-youtube-ter-colecao-de-motos-mas-nao-sabe-andar\/#primaryimage\"},\"image\":{\"@id\":\"https:\/\/portaltela.pt\/noticias\/2026\/03\/26\/neymar-revela-na-serie-de-youtube-ter-colecao-de-motos-mas-nao-sabe-andar\/#primaryimage\"},\"thumbnailUrl\":\"https:\/\/portaltela.pt\/s.01k8rhncp4jt1\/2026\/03\/img_1200x721uu2026-03-26-08-16-13-2429429.jpg\",\"datePublished\":\"2026-03-26T08:16:55+00:00\",\"author\":{\"@id\":\"https:\/\/portaltela.pt\/#\/schema\/person\/c4278d4a6028830caff9ee44b42d32ed\"},\"breadcrumb\":{\"@id\":\"https:\/\/portaltela.pt\/noticias\/2026\/03\/26\/neymar-revela-na-serie-de-youtube-ter-colecao-de-motos-mas-nao-sabe-andar\/#breadcrumb\"},\"inLanguage\":\"pt-PT\",\"potentialAction\":[{\"@type\":\"ReadAction\",\"target\":[\"https:\/\/portaltela.pt\/noticias\/2026\/03\/26\/neymar-revela-na-serie-de-youtube-ter-colecao-de-motos-mas-nao-sabe-andar\/\"]}]},{\"@type\":\"ImageObject\",\"inLanguage\":\"pt-PT\",\"@id\":\"https:\/\/portaltela.pt\/noticias\/2026\/03\/26\/neymar-revela-na-serie-de-youtube-ter-colecao-de-motos-mas-nao-sabe-andar\/#primaryimage\",\"url\":\"https:\/\/portaltela.pt\/s.01k8rhncp4jt1\/2026\/03\/img_1200x721uu2026-03-26-08-16-13-2429429.jpg\",\"contentUrl\":\"https:\/\/portaltela.pt\/s.01k8rhncp4jt1\/2026\/03\/img_1200x721uu2026-03-26-08-16-13-2429429.jpg\",\"width\":796,\"height\":448,\"caption\":\"Neymar na primeira pessoa em s\u00e9rie no YouTube: \u00abFa\u00e7o cole\u00e7\u00e3o de motos mas n\u00e3o sei andar, tenho medo...\u00bb\"},{\"@type\":\"BreadcrumbList\",\"@id\":\"https:\/\/portaltela.pt\/noticias\/2026\/03\/26\/neymar-revela-na-serie-de-youtube-ter-colecao-de-motos-mas-nao-sabe-andar\/#breadcrumb\",\"itemListElement\":[{\"@type\":\"ListItem\",\"position\":1,\"name\":\"In\u00edcio\",\"item\":\"https:\/\/portaltela.pt\/\"},{\"@type\":\"ListItem\",\"position\":2,\"name\":\"Neymar revela na s\u00e9rie de YouTube ter cole\u00e7\u00e3o de motos, mas n\u00e3o sabe andar\"}]},{\"@type\":\"WebSite\",\"@id\":\"https:\/\/portaltela.pt\/#website\",\"url\":\"https:\/\/portaltela.pt\/\",\"name\":\"Portal Tela Portugal\",\"description\":\"\",\"potentialAction\":[{\"@type\":\"SearchAction\",\"target\":{\"@type\":\"EntryPoint\",\"urlTemplate\":\"https:\/\/portaltela.pt\/?s={search_term_string}\"},\"query-input\":{\"@type\":\"PropertyValueSpecification\",\"valueRequired\":true,\"valueName\":\"search_term_string\"}}],\"inLanguage\":\"pt-PT\"},{\"@type\":\"Person\",\"@id\":\"https:\/\/portaltela.pt\/#\/schema\/person\/c4278d4a6028830caff9ee44b42d32ed\",\"name\":\"Telinha\",\"image\":{\"@type\":\"ImageObject\",\"inLanguage\":\"pt-PT\",\"@id\":\"https:\/\/portaltela.pt\/s.01k8rhncp4jt1\/2025\/11\/talking-bot-125x125.png\",\"url\":\"https:\/\/portaltela.pt\/s.01k8rhncp4jt1\/2025\/11\/talking-bot-125x125.png\",\"contentUrl\":\"https:\/\/portaltela.pt\/s.01k8rhncp4jt1\/2025\/11\/talking-bot-125x125.png\",\"caption\":\"Telinha\"},\"sameAs\":[\"https:\/\/portaltela.pt\/\"],\"url\":\"https:\/\/portaltela.pt\/por\/367410592786\/\"}]}<\/script>\n<!-- \/ Yoast SEO plugin. -->","yoast_head_json":{"title":"Neymar revela na s\u00e9rie de YouTube ter cole\u00e7\u00e3o de motos, mas n\u00e3o sabe andar - Portal Tela Portugal","robots":{"index":"index","follow":"follow","max-snippet":"max-snippet:-1","max-image-preview":"max-image-preview:large","max-video-preview":"max-video-preview:-1"},"og_locale":"pt_PT","og_type":"article","og_title":"Neymar revela na s\u00e9rie de YouTube ter cole\u00e7\u00e3o de motos, mas n\u00e3o sabe andar - Portal Tela Portugal","og_description":"Neymar Jr. lan\u00e7ou uma nova s\u00e9rie documental no YouTube, com o primeiro epis\u00f3dio j\u00e1 dispon\u00edvel no canal oficial do jogador. No epis\u00f3dio, o futebolista brasileiro mostra a casa e revela Bastidores da sua rotina enquanto atleta, pai, companheiro e filho. A estreia ocorre num momento em que Neymar n\u00e3o foi convocado pela sele\u00e7\u00e3o brasileira para os amistosos antes do Mundial. O jogador afirma estar triste com a n\u00e3o chamada, mas diz que continuar\u00e1 a apoiar a Sele\u00e7\u00e3o e a trabalhar para evoluir e estar pronto para quando surgir a oportunidade.","og_url":"https:\/\/portaltela.pt\/noticias\/2026\/03\/26\/neymar-revela-na-serie-de-youtube-ter-colecao-de-motos-mas-nao-sabe-andar\/","og_site_name":"Portal Tela Portugal","article_published_time":"2026-03-26T08:16:55+00:00","author":"Telinha","twitter_card":"summary_large_image","twitter_misc":{"Escrito por":"Telinha","Tempo estimado de leitura":"1 minuto"},"schema":{"@context":"https:\/\/schema.org","@graph":[{"@type":"Article","@id":"https:\/\/portaltela.pt\/noticias\/2026\/03\/26\/neymar-revela-na-serie-de-youtube-ter-colecao-de-motos-mas-nao-sabe-andar\/#article","isPartOf":{"@id":"https:\/\/portaltela.pt\/noticias\/2026\/03\/26\/neymar-revela-na-serie-de-youtube-ter-colecao-de-motos-mas-nao-sabe-andar\/"},"author":{"name":"Telinha","@id":"https:\/\/portaltela.pt\/#\/schema\/person\/c4278d4a6028830caff9ee44b42d32ed"},"headline":"Neymar revela na s\u00e9rie de YouTube ter cole\u00e7\u00e3o de motos, mas n\u00e3o sabe andar","datePublished":"2026-03-26T08:16:55+00:00","mainEntityOfPage":{"@id":"https:\/\/portaltela.pt\/noticias\/2026\/03\/26\/neymar-revela-na-serie-de-youtube-ter-colecao-de-motos-mas-nao-sabe-andar\/"},"wordCount":263,"image":{"@id":"https:\/\/portaltela.pt\/noticias\/2026\/03\/26\/neymar-revela-na-serie-de-youtube-ter-colecao-de-motos-mas-nao-sabe-andar\/#primaryimage"},"thumbnailUrl":"https:\/\/portaltela.pt\/s.01k8rhncp4jt1\/2026\/03\/img_1200x721uu2026-03-26-08-16-13-2429429.jpg","keywords":["celebidades","fam\u00edlia","futebol","jogadores","Neymar","pessoas p\u00fablicas"],"articleSection":["Desporto","Futebol"],"inLanguage":"pt-PT"},{"@type":"WebPage","@id":"https:\/\/portaltela.pt\/noticias\/2026\/03\/26\/neymar-revela-na-serie-de-youtube-ter-colecao-de-motos-mas-nao-sabe-andar\/","url":"https:\/\/portaltela.pt\/noticias\/2026\/03\/26\/neymar-revela-na-serie-de-youtube-ter-colecao-de-motos-mas-nao-sabe-andar\/","name":"Neymar revela na s\u00e9rie de YouTube ter cole\u00e7\u00e3o de motos, mas n\u00e3o sabe andar - Portal Tela Portugal","isPartOf":{"@id":"https:\/\/portaltela.pt\/#website"},"primaryImageOfPage":{"@id":"https:\/\/portaltela.pt\/noticias\/2026\/03\/26\/neymar-revela-na-serie-de-youtube-ter-colecao-de-motos-mas-nao-sabe-andar\/#primaryimage"},"image":{"@id":"https:\/\/portaltela.pt\/noticias\/2026\/03\/26\/neymar-revela-na-serie-de-youtube-ter-colecao-de-motos-mas-nao-sabe-andar\/#primaryimage"},"thumbnailUrl":"https:\/\/portaltela.pt\/s.01k8rhncp4jt1\/2026\/03\/img_1200x721uu2026-03-26-08-16-13-2429429.jpg","datePublished":"2026-03-26T08:16:55+00:00","author":{"@id":"https:\/\/portaltela.pt\/#\/schema\/person\/c4278d4a6028830caff9ee44b42d32ed"},"breadcrumb":{"@id":"https:\/\/portaltela.pt\/noticias\/2026\/03\/26\/neymar-revela-na-serie-de-youtube-ter-colecao-de-motos-mas-nao-sabe-andar\/#breadcrumb"},"inLanguage":"pt-PT","potentialAction":[{"@type":"ReadAction","target":["https:\/\/portaltela.pt\/noticias\/2026\/03\/26\/neymar-revela-na-serie-de-youtube-ter-colecao-de-motos-mas-nao-sabe-andar\/"]}]},{"@type":"ImageObject","inLanguage":"pt-PT","@id":"https:\/\/portaltela.pt\/noticias\/2026\/03\/26\/neymar-revela-na-serie-de-youtube-ter-colecao-de-motos-mas-nao-sabe-andar\/#primaryimage","url":"https:\/\/portaltela.pt\/s.01k8rhncp4jt1\/2026\/03\/img_1200x721uu2026-03-26-08-16-13-2429429.jpg","contentUrl":"https:\/\/portaltela.pt\/s.01k8rhncp4jt1\/2026\/03\/img_1200x721uu2026-03-26-08-16-13-2429429.jpg","width":796,"height":448,"caption":"Neymar na primeira pessoa em s\u00e9rie no YouTube: \u00abFa\u00e7o cole\u00e7\u00e3o de motos mas n\u00e3o sei andar, tenho medo...\u00bb"},{"@type":"BreadcrumbList","@id":"https:\/\/portaltela.pt\/noticias\/2026\/03\/26\/neymar-revela-na-serie-de-youtube-ter-colecao-de-motos-mas-nao-sabe-andar\/#breadcrumb","itemListElement":[{"@type":"ListItem","position":1,"name":"In\u00edcio","item":"https:\/\/portaltela.pt\/"},{"@type":"ListItem","position":2,"name":"Neymar revela na s\u00e9rie de YouTube ter cole\u00e7\u00e3o de motos, mas n\u00e3o sabe andar"}]},{"@type":"WebSite","@id":"https:\/\/portaltela.pt\/#website","url":"https:\/\/portaltela.pt\/","name":"Portal Tela Portugal","description":"","potentialAction":[{"@type":"SearchAction","target":{"@type":"EntryPoint","urlTemplate":"https:\/\/portaltela.pt\/?s={search_term_string}"},"query-input":{"@type":"PropertyValueSpecification","valueRequired":true,"valueName":"search_term_string"}}],"inLanguage":"pt-PT"},{"@type":"Person","@id":"https:\/\/portaltela.pt\/#\/schema\/person\/c4278d4a6028830caff9ee44b42d32ed","name":"Telinha","image":{"@type":"ImageObject","inLanguage":"pt-PT","@id":"https:\/\/portaltela.pt\/s.01k8rhncp4jt1\/2025\/11\/talking-bot-125x125.png","url":"https:\/\/portaltela.pt\/s.01k8rhncp4jt1\/2025\/11\/talking-bot-125x125.png","contentUrl":"https:\/\/portaltela.pt\/s.01k8rhncp4jt1\/2025\/11\/talking-bot-125x125.png","caption":"Telinha"},"sameAs":["https:\/\/portaltela.pt\/"],"url":"https:\/\/portaltela.pt\/por\/367410592786\/"}]}},"_links":{"self":[{"href":"https:\/\/portaltela.pt\/api\/wp\/v2\/posts\/421845","targetHints":{"allow":["GET"]}}],"collection":[{"href":"https:\/\/portaltela.pt\/api\/wp\/v2\/posts"}],"about":[{"href":"https:\/\/portaltela.pt\/api\/wp\/v2\/types\/post"}],"author":[{"embeddable":true,"href":"https:\/\/portaltela.pt\/api\/wp\/v2\/users\/2"}],"replies":[{"embeddable":true,"href":"https:\/\/portaltela.pt\/api\/wp\/v2\/comments?post=421845"}],"version-history":[{"count":0,"href":"https:\/\/portaltela.pt\/api\/wp\/v2\/posts\/421845\/revisions"}],"wp:featuredmedia":[{"embeddable":true,"href":"https:\/\/portaltela.pt\/api\/wp\/v2\/media\/421847"}],"wp:attachment":[{"href":"https:\/\/portaltela.pt\/api\/wp\/v2\/media?parent=421845"}],"wp:term":[{"taxonomy":"category","embeddable":true,"href":"https:\/\/portaltela.pt\/api\/wp\/v2\/categories?post=421845"},{"taxonomy":"post_tag","embeddable":true,"href":"https:\/\/portaltela.pt\/api\/wp\/v2\/tags?post=421845"}],"curies":[{"name":"wp","href":"https:\/\/api.w.org\/{rel}","templated":true}]}}