{"id":421831,"date":"2026-03-26T05:00:00","date_gmt":"2026-03-26T08:00:00","guid":{"rendered":"https:\/\/portaltela.pt\/noticias\/2026\/03\/26\/gasoleo-mais-barato-em-espanha-gas-pela-metade-do-preco-portugueses-vao-la\/"},"modified":"2026-03-26T05:00:00","modified_gmt":"2026-03-26T08:00:00","slug":"gasoleo-mais-barato-em-espanha-gas-pela-metade-do-preco-portugueses-vao-la","status":"publish","type":"post","link":"https:\/\/portaltela.pt\/precos\/2026\/03\/26\/gasoleo-mais-barato-em-espanha-gas-pela-metade-do-preco-portugueses-vao-la\/","title":{"rendered":"Gas\u00f3leo mais barato em Espanha, g\u00e1s pela metade do pre\u00e7o; portugueses v\u00e3o l\u00e1"},"content":{"rendered":"<p>Dois centavos de diferen\u00e7a j\u00e1 n\u00e3o movem muitos condutores, mas o gas\u00f3leo e o g\u00e1s de Espanha continuam a atrair portugueses \u00e0 fronteira. Em Ayamonte, o dep\u00f3sito de combust\u00edvel fica mais barato, o que incentiva desloca\u00e7\u00f5es de Portugal para abastecer.<\/p>\n<p>Segundo relatos de motoristas, o gas\u00f3leo \u00e9 cerca de 40 c\u00eantimos mais barato em postos espanh\u00f3is, enquanto o g\u00e1s de cozinha apresenta pre\u00e7os sensivelmente mais baixos. A diferen\u00e7a \u00e9 suficiente para justificar viagens regulares entre os dois pa\u00edses.<\/p>\n<p>Albino Ventura, de Quarteira e com 81 anos, faz o trajeto h\u00e1 quase 50 anos. O veterano diz que as contas, neste momento, demonstram uma poupan\u00e7a significativa n\u00e3o s\u00f3 no gas\u00f3leo, mas em outros produtos. A desloca\u00e7\u00e3o tem vindo a tornar-se pr\u00e1tica comum.<\/p>\n<p>Ayamonte continua a ser o destino escolhido por quem cruza a fronteira numa l\u00f3gica de poupan\u00e7a. Al\u00e9m de abastecer, alguns viajantes aproveitam para comprar mercadorias para revenda em Portugal, mantendo assim uma rotina hist\u00f3rica de apoio a atividades locais.<\/p>\n<p>A mobilidade entre Portugal e Espanha permanece est\u00e1vel, com condutores a justificar as desloca\u00e7\u00f5es pela diferen\u00e7a de pre\u00e7os entre os dois mercados. A reportagem associa a tend\u00eancia a pre\u00e7os mais baixos e \u00e0 rede de postos na regi\u00e3o fronteiri\u00e7a.<\/p>\n","protected":false},"excerpt":{"rendered":"<ul>\n<li>Portugueses continuam a deslocar\u2011se a Ayamonte, no lado espanhol, para abastecer os carros, buscando pre\u00e7os mais baixos.<\/li>\n<li>Gas\u00f3leo fica quase 40 c\u00eantimos mais barato em Espanha, e o g\u00e1s tem o pre\u00e7o pela metade.<\/li>\n<li>Albino Ventura, 81 anos, de Quarteira, diz que a poupan\u00e7a compensa e que j\u00e1 faz isto h\u00e1 quase cinquenta anos.<\/li>\n<li>Al\u00e9m do gas\u00f3leo, o comerciante tamb\u00e9m compra sardinhas para vender em Portugal, refor\u00e7ando a pr\u00e1tica j\u00e1 antiga de atravessar a fronteira para cumprir compras.<\/li>\n<li>A not\u00edcia mostra um posto de combust\u00edvel em Ayamonte com motoristas a abastecer (imagem associada pela ag\u00eancia Lusa).<\/li>\n<\/ul>\n","protected":false},"author":2,"featured_media":421836,"comment_status":"closed","ping_status":"closed","sticky":false,"template":"","format":"standard","meta":{"footnotes":""},"categories":[1,7385],"tags":[2421,28,3238,1690,1014],"class_list":["post-421831","post","type-post","status-publish","format-standard","has-post-thumbnail","hentry","category-noticias","category-precos","tag-abastecimentos","tag-economia","tag-fronteiras-internacionais","tag-gasoleo-rodoviario","tag-portugal"],"yoast_head":"<!-- This site is optimized with the Yoast SEO plugin v27.2 - https:\/\/yoast.com\/product\/yoast-seo-wordpress\/ -->\n<title>Gas\u00f3leo mais barato em Espanha, g\u00e1s pela metade do pre\u00e7o; portugueses v\u00e3o l\u00e1 - Portal Tela Portugal<\/title>\n<meta name=\"robots\" content=\"index, follow, max-snippet:-1, max-image-preview:large, max-video-preview:-1\" \/>\n<meta property=\"og:locale\" content=\"pt_PT\" \/>\n<meta property=\"og:type\" content=\"article\" \/>\n<meta property=\"og:title\" content=\"Gas\u00f3leo mais barato em Espanha, g\u00e1s pela metade do pre\u00e7o; portugueses v\u00e3o l\u00e1 - Portal Tela Portugal\" \/>\n<meta property=\"og:description\" content=\"Portugueses continuam a deslocar\u2011se a Ayamonte, no lado espanhol, para abastecer os carros, buscando pre\u00e7os mais baixos. Gas\u00f3leo fica quase 40 c\u00eantimos mais barato em Espanha, e o g\u00e1s tem o pre\u00e7o pela metade. Albino Ventura, 81 anos, de Quarteira, diz que a poupan\u00e7a compensa e que j\u00e1 faz isto h\u00e1 quase cinquenta anos. Al\u00e9m do gas\u00f3leo, o comerciante tamb\u00e9m compra sardinhas para vender em Portugal, refor\u00e7ando a pr\u00e1tica j\u00e1 antiga de atravessar a fronteira para cumprir compras. A not\u00edcia mostra um posto de combust\u00edvel em Ayamonte com motoristas a abastecer (imagem associada pela ag\u00eancia Lusa).\" \/>\n<meta property=\"og:url\" content=\"https:\/\/portaltela.pt\/noticias\/2026\/03\/26\/gasoleo-mais-barato-em-espanha-gas-pela-metade-do-preco-portugueses-vao-la\/\" \/>\n<meta property=\"og:site_name\" content=\"Portal Tela Portugal\" \/>\n<meta property=\"article:published_time\" content=\"2026-03-26T08:00:00+00:00\" \/>\n<meta name=\"author\" content=\"Telinha\" \/>\n<meta name=\"twitter:card\" content=\"summary_large_image\" \/>\n<meta name=\"twitter:label1\" content=\"Escrito por\" \/>\n\t<meta name=\"twitter:data1\" content=\"Telinha\" \/>\n\t<meta name=\"twitter:label2\" content=\"Tempo estimado de leitura\" \/>\n\t<meta name=\"twitter:data2\" content=\"1 minuto\" \/>\n<script type=\"application\/ld+json\" class=\"yoast-schema-graph\">{\"@context\":\"https:\/\/schema.org\",\"@graph\":[{\"@type\":\"Article\",\"@id\":\"https:\/\/portaltela.pt\/noticias\/2026\/03\/26\/gasoleo-mais-barato-em-espanha-gas-pela-metade-do-preco-portugueses-vao-la\/#article\",\"isPartOf\":{\"@id\":\"https:\/\/portaltela.pt\/noticias\/2026\/03\/26\/gasoleo-mais-barato-em-espanha-gas-pela-metade-do-preco-portugueses-vao-la\/\"},\"author\":{\"name\":\"Telinha\",\"@id\":\"https:\/\/portaltela.pt\/#\/schema\/person\/c4278d4a6028830caff9ee44b42d32ed\"},\"headline\":\"Gas\u00f3leo mais barato em Espanha, g\u00e1s pela metade do pre\u00e7o; portugueses v\u00e3o l\u00e1\",\"datePublished\":\"2026-03-26T08:00:00+00:00\",\"mainEntityOfPage\":{\"@id\":\"https:\/\/portaltela.pt\/noticias\/2026\/03\/26\/gasoleo-mais-barato-em-espanha-gas-pela-metade-do-preco-portugueses-vao-la\/\"},\"wordCount\":240,\"image\":{\"@id\":\"https:\/\/portaltela.pt\/noticias\/2026\/03\/26\/gasoleo-mais-barato-em-espanha-gas-pela-metade-do-preco-portugueses-vao-la\/#primaryimage\"},\"thumbnailUrl\":\"https:\/\/portaltela.pt\/s.01k8rhncp4jt1\/2026\/03\/tpUHdbIMAGENStypeJPGshare1oBarraFacebook_Publico-77.jpg\",\"keywords\":[\"abastecimentos\",\"economia\",\"fronteiras internacionais\",\"Gas\u00f3leo rodovi\u00e1rio\",\"Portugal\"],\"articleSection\":[\"Not\u00edcias\",\"Pre\u00e7os\"],\"inLanguage\":\"pt-PT\"},{\"@type\":\"WebPage\",\"@id\":\"https:\/\/portaltela.pt\/noticias\/2026\/03\/26\/gasoleo-mais-barato-em-espanha-gas-pela-metade-do-preco-portugueses-vao-la\/\",\"url\":\"https:\/\/portaltela.pt\/noticias\/2026\/03\/26\/gasoleo-mais-barato-em-espanha-gas-pela-metade-do-preco-portugueses-vao-la\/\",\"name\":\"Gas\u00f3leo mais barato em Espanha, g\u00e1s pela metade do pre\u00e7o; portugueses v\u00e3o l\u00e1 - Portal Tela Portugal\",\"isPartOf\":{\"@id\":\"https:\/\/portaltela.pt\/#website\"},\"primaryImageOfPage\":{\"@id\":\"https:\/\/portaltela.pt\/noticias\/2026\/03\/26\/gasoleo-mais-barato-em-espanha-gas-pela-metade-do-preco-portugueses-vao-la\/#primaryimage\"},\"image\":{\"@id\":\"https:\/\/portaltela.pt\/noticias\/2026\/03\/26\/gasoleo-mais-barato-em-espanha-gas-pela-metade-do-preco-portugueses-vao-la\/#primaryimage\"},\"thumbnailUrl\":\"https:\/\/portaltela.pt\/s.01k8rhncp4jt1\/2026\/03\/tpUHdbIMAGENStypeJPGshare1oBarraFacebook_Publico-77.jpg\",\"datePublished\":\"2026-03-26T08:00:00+00:00\",\"author\":{\"@id\":\"https:\/\/portaltela.pt\/#\/schema\/person\/c4278d4a6028830caff9ee44b42d32ed\"},\"breadcrumb\":{\"@id\":\"https:\/\/portaltela.pt\/noticias\/2026\/03\/26\/gasoleo-mais-barato-em-espanha-gas-pela-metade-do-preco-portugueses-vao-la\/#breadcrumb\"},\"inLanguage\":\"pt-PT\",\"potentialAction\":[{\"@type\":\"ReadAction\",\"target\":[\"https:\/\/portaltela.pt\/noticias\/2026\/03\/26\/gasoleo-mais-barato-em-espanha-gas-pela-metade-do-preco-portugueses-vao-la\/\"]}]},{\"@type\":\"ImageObject\",\"inLanguage\":\"pt-PT\",\"@id\":\"https:\/\/portaltela.pt\/noticias\/2026\/03\/26\/gasoleo-mais-barato-em-espanha-gas-pela-metade-do-preco-portugueses-vao-la\/#primaryimage\",\"url\":\"https:\/\/portaltela.pt\/s.01k8rhncp4jt1\/2026\/03\/tpUHdbIMAGENStypeJPGshare1oBarraFacebook_Publico-77.jpg\",\"contentUrl\":\"https:\/\/portaltela.pt\/s.01k8rhncp4jt1\/2026\/03\/tpUHdbIMAGENStypeJPGshare1oBarraFacebook_Publico-77.jpg\",\"width\":1200,\"height\":630,\"caption\":\"Um automobilista abastece a sua viatura num posto de combust\u00edveis\"},{\"@type\":\"BreadcrumbList\",\"@id\":\"https:\/\/portaltela.pt\/noticias\/2026\/03\/26\/gasoleo-mais-barato-em-espanha-gas-pela-metade-do-preco-portugueses-vao-la\/#breadcrumb\",\"itemListElement\":[{\"@type\":\"ListItem\",\"position\":1,\"name\":\"In\u00edcio\",\"item\":\"https:\/\/portaltela.pt\/\"},{\"@type\":\"ListItem\",\"position\":2,\"name\":\"Gas\u00f3leo mais barato em Espanha, g\u00e1s pela metade do pre\u00e7o; portugueses v\u00e3o l\u00e1\"}]},{\"@type\":\"WebSite\",\"@id\":\"https:\/\/portaltela.pt\/#website\",\"url\":\"https:\/\/portaltela.pt\/\",\"name\":\"Portal Tela Portugal\",\"description\":\"\",\"potentialAction\":[{\"@type\":\"SearchAction\",\"target\":{\"@type\":\"EntryPoint\",\"urlTemplate\":\"https:\/\/portaltela.pt\/?s={search_term_string}\"},\"query-input\":{\"@type\":\"PropertyValueSpecification\",\"valueRequired\":true,\"valueName\":\"search_term_string\"}}],\"inLanguage\":\"pt-PT\"},{\"@type\":\"Person\",\"@id\":\"https:\/\/portaltela.pt\/#\/schema\/person\/c4278d4a6028830caff9ee44b42d32ed\",\"name\":\"Telinha\",\"image\":{\"@type\":\"ImageObject\",\"inLanguage\":\"pt-PT\",\"@id\":\"https:\/\/portaltela.pt\/s.01k8rhncp4jt1\/2025\/11\/talking-bot-125x125.png\",\"url\":\"https:\/\/portaltela.pt\/s.01k8rhncp4jt1\/2025\/11\/talking-bot-125x125.png\",\"contentUrl\":\"https:\/\/portaltela.pt\/s.01k8rhncp4jt1\/2025\/11\/talking-bot-125x125.png\",\"caption\":\"Telinha\"},\"sameAs\":[\"https:\/\/portaltela.pt\/\"],\"url\":\"https:\/\/portaltela.pt\/por\/367410592786\/\"}]}<\/script>\n<!-- \/ Yoast SEO plugin. -->","yoast_head_json":{"title":"Gas\u00f3leo mais barato em Espanha, g\u00e1s pela metade do pre\u00e7o; portugueses v\u00e3o l\u00e1 - Portal Tela Portugal","robots":{"index":"index","follow":"follow","max-snippet":"max-snippet:-1","max-image-preview":"max-image-preview:large","max-video-preview":"max-video-preview:-1"},"og_locale":"pt_PT","og_type":"article","og_title":"Gas\u00f3leo mais barato em Espanha, g\u00e1s pela metade do pre\u00e7o; portugueses v\u00e3o l\u00e1 - Portal Tela Portugal","og_description":"Portugueses continuam a deslocar\u2011se a Ayamonte, no lado espanhol, para abastecer os carros, buscando pre\u00e7os mais baixos. Gas\u00f3leo fica quase 40 c\u00eantimos mais barato em Espanha, e o g\u00e1s tem o pre\u00e7o pela metade. Albino Ventura, 81 anos, de Quarteira, diz que a poupan\u00e7a compensa e que j\u00e1 faz isto h\u00e1 quase cinquenta anos. Al\u00e9m do gas\u00f3leo, o comerciante tamb\u00e9m compra sardinhas para vender em Portugal, refor\u00e7ando a pr\u00e1tica j\u00e1 antiga de atravessar a fronteira para cumprir compras. A not\u00edcia mostra um posto de combust\u00edvel em Ayamonte com motoristas a abastecer (imagem associada pela ag\u00eancia Lusa).","og_url":"https:\/\/portaltela.pt\/noticias\/2026\/03\/26\/gasoleo-mais-barato-em-espanha-gas-pela-metade-do-preco-portugueses-vao-la\/","og_site_name":"Portal Tela Portugal","article_published_time":"2026-03-26T08:00:00+00:00","author":"Telinha","twitter_card":"summary_large_image","twitter_misc":{"Escrito por":"Telinha","Tempo estimado de leitura":"1 minuto"},"schema":{"@context":"https:\/\/schema.org","@graph":[{"@type":"Article","@id":"https:\/\/portaltela.pt\/noticias\/2026\/03\/26\/gasoleo-mais-barato-em-espanha-gas-pela-metade-do-preco-portugueses-vao-la\/#article","isPartOf":{"@id":"https:\/\/portaltela.pt\/noticias\/2026\/03\/26\/gasoleo-mais-barato-em-espanha-gas-pela-metade-do-preco-portugueses-vao-la\/"},"author":{"name":"Telinha","@id":"https:\/\/portaltela.pt\/#\/schema\/person\/c4278d4a6028830caff9ee44b42d32ed"},"headline":"Gas\u00f3leo mais barato em Espanha, g\u00e1s pela metade do pre\u00e7o; portugueses v\u00e3o l\u00e1","datePublished":"2026-03-26T08:00:00+00:00","mainEntityOfPage":{"@id":"https:\/\/portaltela.pt\/noticias\/2026\/03\/26\/gasoleo-mais-barato-em-espanha-gas-pela-metade-do-preco-portugueses-vao-la\/"},"wordCount":240,"image":{"@id":"https:\/\/portaltela.pt\/noticias\/2026\/03\/26\/gasoleo-mais-barato-em-espanha-gas-pela-metade-do-preco-portugueses-vao-la\/#primaryimage"},"thumbnailUrl":"https:\/\/portaltela.pt\/s.01k8rhncp4jt1\/2026\/03\/tpUHdbIMAGENStypeJPGshare1oBarraFacebook_Publico-77.jpg","keywords":["abastecimentos","economia","fronteiras internacionais","Gas\u00f3leo rodovi\u00e1rio","Portugal"],"articleSection":["Not\u00edcias","Pre\u00e7os"],"inLanguage":"pt-PT"},{"@type":"WebPage","@id":"https:\/\/portaltela.pt\/noticias\/2026\/03\/26\/gasoleo-mais-barato-em-espanha-gas-pela-metade-do-preco-portugueses-vao-la\/","url":"https:\/\/portaltela.pt\/noticias\/2026\/03\/26\/gasoleo-mais-barato-em-espanha-gas-pela-metade-do-preco-portugueses-vao-la\/","name":"Gas\u00f3leo mais barato em Espanha, g\u00e1s pela metade do pre\u00e7o; portugueses v\u00e3o l\u00e1 - Portal Tela Portugal","isPartOf":{"@id":"https:\/\/portaltela.pt\/#website"},"primaryImageOfPage":{"@id":"https:\/\/portaltela.pt\/noticias\/2026\/03\/26\/gasoleo-mais-barato-em-espanha-gas-pela-metade-do-preco-portugueses-vao-la\/#primaryimage"},"image":{"@id":"https:\/\/portaltela.pt\/noticias\/2026\/03\/26\/gasoleo-mais-barato-em-espanha-gas-pela-metade-do-preco-portugueses-vao-la\/#primaryimage"},"thumbnailUrl":"https:\/\/portaltela.pt\/s.01k8rhncp4jt1\/2026\/03\/tpUHdbIMAGENStypeJPGshare1oBarraFacebook_Publico-77.jpg","datePublished":"2026-03-26T08:00:00+00:00","author":{"@id":"https:\/\/portaltela.pt\/#\/schema\/person\/c4278d4a6028830caff9ee44b42d32ed"},"breadcrumb":{"@id":"https:\/\/portaltela.pt\/noticias\/2026\/03\/26\/gasoleo-mais-barato-em-espanha-gas-pela-metade-do-preco-portugueses-vao-la\/#breadcrumb"},"inLanguage":"pt-PT","potentialAction":[{"@type":"ReadAction","target":["https:\/\/portaltela.pt\/noticias\/2026\/03\/26\/gasoleo-mais-barato-em-espanha-gas-pela-metade-do-preco-portugueses-vao-la\/"]}]},{"@type":"ImageObject","inLanguage":"pt-PT","@id":"https:\/\/portaltela.pt\/noticias\/2026\/03\/26\/gasoleo-mais-barato-em-espanha-gas-pela-metade-do-preco-portugueses-vao-la\/#primaryimage","url":"https:\/\/portaltela.pt\/s.01k8rhncp4jt1\/2026\/03\/tpUHdbIMAGENStypeJPGshare1oBarraFacebook_Publico-77.jpg","contentUrl":"https:\/\/portaltela.pt\/s.01k8rhncp4jt1\/2026\/03\/tpUHdbIMAGENStypeJPGshare1oBarraFacebook_Publico-77.jpg","width":1200,"height":630,"caption":"Um automobilista abastece a sua viatura num posto de combust\u00edveis"},{"@type":"BreadcrumbList","@id":"https:\/\/portaltela.pt\/noticias\/2026\/03\/26\/gasoleo-mais-barato-em-espanha-gas-pela-metade-do-preco-portugueses-vao-la\/#breadcrumb","itemListElement":[{"@type":"ListItem","position":1,"name":"In\u00edcio","item":"https:\/\/portaltela.pt\/"},{"@type":"ListItem","position":2,"name":"Gas\u00f3leo mais barato em Espanha, g\u00e1s pela metade do pre\u00e7o; portugueses v\u00e3o l\u00e1"}]},{"@type":"WebSite","@id":"https:\/\/portaltela.pt\/#website","url":"https:\/\/portaltela.pt\/","name":"Portal Tela Portugal","description":"","potentialAction":[{"@type":"SearchAction","target":{"@type":"EntryPoint","urlTemplate":"https:\/\/portaltela.pt\/?s={search_term_string}"},"query-input":{"@type":"PropertyValueSpecification","valueRequired":true,"valueName":"search_term_string"}}],"inLanguage":"pt-PT"},{"@type":"Person","@id":"https:\/\/portaltela.pt\/#\/schema\/person\/c4278d4a6028830caff9ee44b42d32ed","name":"Telinha","image":{"@type":"ImageObject","inLanguage":"pt-PT","@id":"https:\/\/portaltela.pt\/s.01k8rhncp4jt1\/2025\/11\/talking-bot-125x125.png","url":"https:\/\/portaltela.pt\/s.01k8rhncp4jt1\/2025\/11\/talking-bot-125x125.png","contentUrl":"https:\/\/portaltela.pt\/s.01k8rhncp4jt1\/2025\/11\/talking-bot-125x125.png","caption":"Telinha"},"sameAs":["https:\/\/portaltela.pt\/"],"url":"https:\/\/portaltela.pt\/por\/367410592786\/"}]}},"_links":{"self":[{"href":"https:\/\/portaltela.pt\/api\/wp\/v2\/posts\/421831","targetHints":{"allow":["GET"]}}],"collection":[{"href":"https:\/\/portaltela.pt\/api\/wp\/v2\/posts"}],"about":[{"href":"https:\/\/portaltela.pt\/api\/wp\/v2\/types\/post"}],"author":[{"embeddable":true,"href":"https:\/\/portaltela.pt\/api\/wp\/v2\/users\/2"}],"replies":[{"embeddable":true,"href":"https:\/\/portaltela.pt\/api\/wp\/v2\/comments?post=421831"}],"version-history":[{"count":0,"href":"https:\/\/portaltela.pt\/api\/wp\/v2\/posts\/421831\/revisions"}],"wp:featuredmedia":[{"embeddable":true,"href":"https:\/\/portaltela.pt\/api\/wp\/v2\/media\/421836"}],"wp:attachment":[{"href":"https:\/\/portaltela.pt\/api\/wp\/v2\/media?parent=421831"}],"wp:term":[{"taxonomy":"category","embeddable":true,"href":"https:\/\/portaltela.pt\/api\/wp\/v2\/categories?post=421831"},{"taxonomy":"post_tag","embeddable":true,"href":"https:\/\/portaltela.pt\/api\/wp\/v2\/tags?post=421831"}],"curies":[{"name":"wp","href":"https:\/\/api.w.org\/{rel}","templated":true}]}}