{"id":421824,"date":"2026-03-25T20:05:00","date_gmt":"2026-03-25T23:05:00","guid":{"rendered":"https:\/\/portaltela.pt\/noticias\/2026\/03\/25\/exercito-dos-eua-destroi-dois-tercos-da-capacidade-de-producao-de-misseis-iranianos\/"},"modified":"2026-03-25T20:05:00","modified_gmt":"2026-03-25T23:05:00","slug":"exercito-dos-eua-destroi-dois-tercos-da-capacidade-de-producao-de-misseis-iranianos","status":"publish","type":"post","link":"https:\/\/portaltela.pt\/geopolitica\/2026\/03\/25\/exercito-dos-eua-destroi-dois-tercos-da-capacidade-de-producao-de-misseis-iranianos\/","title":{"rendered":"Ex\u00e9rcito dos EUA destr\u00f3i dois ter\u00e7os da capacidade de produ\u00e7\u00e3o de m\u00edsseis iranianos"},"content":{"rendered":"<p>Um alto respons\u00e1vel americano afirmou hoje que os EUA danificaram ou destru\u00edram dois ter\u00e7os das capacidades iranianas de fabrico de drones e m\u00edsseis, bem como os estaleiros navais do pa\u00eds.<\/p>\n<p>A declara\u00e7\u00e3o aponta para a\u00e7\u00f5es militares que visam degradar a capacidade de produ\u00e7\u00e3o iraniana. N\u00e3o foram revelados detalhes sobre locais espec\u00edficos, prazos ou m\u00e9todos utilizados.<\/p>\n<p>A informa\u00e7\u00e3o surge num contexto de tens\u00f5es entre os dois pa\u00edses, com Washington a referir-se a impactos significativos nas capacidades industriais iranianas sem indicar fontes adicionais.<\/p>\n","protected":false},"excerpt":{"rendered":"<ul>\n<li>Um alto respons\u00e1vel americano afirmou que os EUA j\u00e1 danificaram ou destru\u00edram dois ter\u00e7os das capacidades iranianas de fabrico de drones e m\u00edsseis, bem como dos estaleiros navais.<\/li>\n<li>A declara\u00e7\u00e3o foi feita hoje.<\/li>\n<li>O an\u00fancio n\u00e3o fornece detalhes operacionais nem prazos espec\u00edficos.<\/li>\n<li>O conte\u00fado completo da not\u00edcia est\u00e1 dispon\u00edvel apenas para subscritores.<\/li>\n<\/ul>\n","protected":false},"author":2,"featured_media":421829,"comment_status":"closed","ping_status":"closed","sticky":false,"template":"","format":"standard","meta":{"footnotes":""},"categories":[6814],"tags":[182,2792,3153,5919],"class_list":["post-421824","post","type-post","status-publish","format-standard","has-post-thumbnail","hentry","category-geopolitica","tag-armas","tag-conflito-internacional","tag-ira","tag-misseis-balisticos"],"yoast_head":"<!-- This site is optimized with the Yoast SEO plugin v27.2 - https:\/\/yoast.com\/product\/yoast-seo-wordpress\/ -->\n<title>Ex\u00e9rcito dos EUA destr\u00f3i dois ter\u00e7os da capacidade de produ\u00e7\u00e3o de m\u00edsseis iranianos - Portal Tela Portugal<\/title>\n<meta name=\"robots\" content=\"index, follow, max-snippet:-1, max-image-preview:large, max-video-preview:-1\" \/>\n<meta property=\"og:locale\" content=\"pt_PT\" \/>\n<meta property=\"og:type\" content=\"article\" \/>\n<meta property=\"og:title\" content=\"Ex\u00e9rcito dos EUA destr\u00f3i dois ter\u00e7os da capacidade de produ\u00e7\u00e3o de m\u00edsseis iranianos - Portal Tela Portugal\" \/>\n<meta property=\"og:description\" content=\"Um alto respons\u00e1vel americano afirmou que os EUA j\u00e1 danificaram ou destru\u00edram dois ter\u00e7os das capacidades iranianas de fabrico de drones e m\u00edsseis, bem como dos estaleiros navais. A declara\u00e7\u00e3o foi feita hoje. O an\u00fancio n\u00e3o fornece detalhes operacionais nem prazos espec\u00edficos. O conte\u00fado completo da not\u00edcia est\u00e1 dispon\u00edvel apenas para subscritores.\" \/>\n<meta property=\"og:url\" content=\"https:\/\/portaltela.pt\/noticias\/2026\/03\/25\/exercito-dos-eua-destroi-dois-tercos-da-capacidade-de-producao-de-misseis-iranianos\/\" \/>\n<meta property=\"og:site_name\" content=\"Portal Tela Portugal\" \/>\n<meta property=\"article:published_time\" content=\"2026-03-25T23:05:00+00:00\" \/>\n<meta name=\"author\" content=\"Telinha\" \/>\n<meta name=\"twitter:card\" content=\"summary_large_image\" \/>\n<meta name=\"twitter:label1\" content=\"Escrito por\" \/>\n\t<meta name=\"twitter:data1\" content=\"Telinha\" \/>\n<script type=\"application\/ld+json\" class=\"yoast-schema-graph\">{\"@context\":\"https:\/\/schema.org\",\"@graph\":[{\"@type\":\"Article\",\"@id\":\"https:\/\/portaltela.pt\/noticias\/2026\/03\/25\/exercito-dos-eua-destroi-dois-tercos-da-capacidade-de-producao-de-misseis-iranianos\/#article\",\"isPartOf\":{\"@id\":\"https:\/\/portaltela.pt\/noticias\/2026\/03\/25\/exercito-dos-eua-destroi-dois-tercos-da-capacidade-de-producao-de-misseis-iranianos\/\"},\"author\":{\"name\":\"Telinha\",\"@id\":\"https:\/\/portaltela.pt\/#\/schema\/person\/c4278d4a6028830caff9ee44b42d32ed\"},\"headline\":\"Ex\u00e9rcito dos EUA destr\u00f3i dois ter\u00e7os da capacidade de produ\u00e7\u00e3o de m\u00edsseis iranianos\",\"datePublished\":\"2026-03-25T23:05:00+00:00\",\"mainEntityOfPage\":{\"@id\":\"https:\/\/portaltela.pt\/noticias\/2026\/03\/25\/exercito-dos-eua-destroi-dois-tercos-da-capacidade-de-producao-de-misseis-iranianos\/\"},\"wordCount\":113,\"image\":{\"@id\":\"https:\/\/portaltela.pt\/noticias\/2026\/03\/25\/exercito-dos-eua-destroi-dois-tercos-da-capacidade-de-producao-de-misseis-iranianos\/#primaryimage\"},\"thumbnailUrl\":\"https:\/\/portaltela.pt\/s.01k8rhncp4jt1\/2026\/03\/CACHE_780X1200_ANALOG_WATERMARKED_46696311_906427617190077.jpg\",\"keywords\":[\"armas\",\"conflito internacional\",\"Ir\u00e3\",\"m\u00edsseis bal\u00edsticos\"],\"articleSection\":[\"Geopol\u00edtica\"],\"inLanguage\":\"pt-PT\"},{\"@type\":\"WebPage\",\"@id\":\"https:\/\/portaltela.pt\/noticias\/2026\/03\/25\/exercito-dos-eua-destroi-dois-tercos-da-capacidade-de-producao-de-misseis-iranianos\/\",\"url\":\"https:\/\/portaltela.pt\/noticias\/2026\/03\/25\/exercito-dos-eua-destroi-dois-tercos-da-capacidade-de-producao-de-misseis-iranianos\/\",\"name\":\"Ex\u00e9rcito dos EUA destr\u00f3i dois ter\u00e7os da capacidade de produ\u00e7\u00e3o de m\u00edsseis iranianos - Portal Tela Portugal\",\"isPartOf\":{\"@id\":\"https:\/\/portaltela.pt\/#website\"},\"primaryImageOfPage\":{\"@id\":\"https:\/\/portaltela.pt\/noticias\/2026\/03\/25\/exercito-dos-eua-destroi-dois-tercos-da-capacidade-de-producao-de-misseis-iranianos\/#primaryimage\"},\"image\":{\"@id\":\"https:\/\/portaltela.pt\/noticias\/2026\/03\/25\/exercito-dos-eua-destroi-dois-tercos-da-capacidade-de-producao-de-misseis-iranianos\/#primaryimage\"},\"thumbnailUrl\":\"https:\/\/portaltela.pt\/s.01k8rhncp4jt1\/2026\/03\/CACHE_780X1200_ANALOG_WATERMARKED_46696311_906427617190077.jpg\",\"datePublished\":\"2026-03-25T23:05:00+00:00\",\"author\":{\"@id\":\"https:\/\/portaltela.pt\/#\/schema\/person\/c4278d4a6028830caff9ee44b42d32ed\"},\"breadcrumb\":{\"@id\":\"https:\/\/portaltela.pt\/noticias\/2026\/03\/25\/exercito-dos-eua-destroi-dois-tercos-da-capacidade-de-producao-de-misseis-iranianos\/#breadcrumb\"},\"inLanguage\":\"pt-PT\",\"potentialAction\":[{\"@type\":\"ReadAction\",\"target\":[\"https:\/\/portaltela.pt\/noticias\/2026\/03\/25\/exercito-dos-eua-destroi-dois-tercos-da-capacidade-de-producao-de-misseis-iranianos\/\"]}]},{\"@type\":\"ImageObject\",\"inLanguage\":\"pt-PT\",\"@id\":\"https:\/\/portaltela.pt\/noticias\/2026\/03\/25\/exercito-dos-eua-destroi-dois-tercos-da-capacidade-de-producao-de-misseis-iranianos\/#primaryimage\",\"url\":\"https:\/\/portaltela.pt\/s.01k8rhncp4jt1\/2026\/03\/CACHE_780X1200_ANALOG_WATERMARKED_46696311_906427617190077.jpg\",\"contentUrl\":\"https:\/\/portaltela.pt\/s.01k8rhncp4jt1\/2026\/03\/CACHE_780X1200_ANALOG_WATERMARKED_46696311_906427617190077.jpg\",\"width\":796,\"height\":448,\"caption\":\"Ex\u00e9rcito americano ter\u00e1 destru\u00eddo dois ter\u00e7os das capacidades de produ\u00e7\u00e3o de m\u00edsseis iranianos\"},{\"@type\":\"BreadcrumbList\",\"@id\":\"https:\/\/portaltela.pt\/noticias\/2026\/03\/25\/exercito-dos-eua-destroi-dois-tercos-da-capacidade-de-producao-de-misseis-iranianos\/#breadcrumb\",\"itemListElement\":[{\"@type\":\"ListItem\",\"position\":1,\"name\":\"In\u00edcio\",\"item\":\"https:\/\/portaltela.pt\/\"},{\"@type\":\"ListItem\",\"position\":2,\"name\":\"Ex\u00e9rcito dos EUA destr\u00f3i dois ter\u00e7os da capacidade de produ\u00e7\u00e3o de m\u00edsseis iranianos\"}]},{\"@type\":\"WebSite\",\"@id\":\"https:\/\/portaltela.pt\/#website\",\"url\":\"https:\/\/portaltela.pt\/\",\"name\":\"Portal Tela Portugal\",\"description\":\"\",\"potentialAction\":[{\"@type\":\"SearchAction\",\"target\":{\"@type\":\"EntryPoint\",\"urlTemplate\":\"https:\/\/portaltela.pt\/?s={search_term_string}\"},\"query-input\":{\"@type\":\"PropertyValueSpecification\",\"valueRequired\":true,\"valueName\":\"search_term_string\"}}],\"inLanguage\":\"pt-PT\"},{\"@type\":\"Person\",\"@id\":\"https:\/\/portaltela.pt\/#\/schema\/person\/c4278d4a6028830caff9ee44b42d32ed\",\"name\":\"Telinha\",\"image\":{\"@type\":\"ImageObject\",\"inLanguage\":\"pt-PT\",\"@id\":\"https:\/\/portaltela.pt\/s.01k8rhncp4jt1\/2025\/11\/talking-bot-125x125.png\",\"url\":\"https:\/\/portaltela.pt\/s.01k8rhncp4jt1\/2025\/11\/talking-bot-125x125.png\",\"contentUrl\":\"https:\/\/portaltela.pt\/s.01k8rhncp4jt1\/2025\/11\/talking-bot-125x125.png\",\"caption\":\"Telinha\"},\"sameAs\":[\"https:\/\/portaltela.pt\/\"],\"url\":\"https:\/\/portaltela.pt\/por\/367410592786\/\"}]}<\/script>\n<!-- \/ Yoast SEO plugin. -->","yoast_head_json":{"title":"Ex\u00e9rcito dos EUA destr\u00f3i dois ter\u00e7os da capacidade de produ\u00e7\u00e3o de m\u00edsseis iranianos - Portal Tela Portugal","robots":{"index":"index","follow":"follow","max-snippet":"max-snippet:-1","max-image-preview":"max-image-preview:large","max-video-preview":"max-video-preview:-1"},"og_locale":"pt_PT","og_type":"article","og_title":"Ex\u00e9rcito dos EUA destr\u00f3i dois ter\u00e7os da capacidade de produ\u00e7\u00e3o de m\u00edsseis iranianos - Portal Tela Portugal","og_description":"Um alto respons\u00e1vel americano afirmou que os EUA j\u00e1 danificaram ou destru\u00edram dois ter\u00e7os das capacidades iranianas de fabrico de drones e m\u00edsseis, bem como dos estaleiros navais. A declara\u00e7\u00e3o foi feita hoje. O an\u00fancio n\u00e3o fornece detalhes operacionais nem prazos espec\u00edficos. O conte\u00fado completo da not\u00edcia est\u00e1 dispon\u00edvel apenas para subscritores.","og_url":"https:\/\/portaltela.pt\/noticias\/2026\/03\/25\/exercito-dos-eua-destroi-dois-tercos-da-capacidade-de-producao-de-misseis-iranianos\/","og_site_name":"Portal Tela Portugal","article_published_time":"2026-03-25T23:05:00+00:00","author":"Telinha","twitter_card":"summary_large_image","twitter_misc":{"Escrito por":"Telinha"},"schema":{"@context":"https:\/\/schema.org","@graph":[{"@type":"Article","@id":"https:\/\/portaltela.pt\/noticias\/2026\/03\/25\/exercito-dos-eua-destroi-dois-tercos-da-capacidade-de-producao-de-misseis-iranianos\/#article","isPartOf":{"@id":"https:\/\/portaltela.pt\/noticias\/2026\/03\/25\/exercito-dos-eua-destroi-dois-tercos-da-capacidade-de-producao-de-misseis-iranianos\/"},"author":{"name":"Telinha","@id":"https:\/\/portaltela.pt\/#\/schema\/person\/c4278d4a6028830caff9ee44b42d32ed"},"headline":"Ex\u00e9rcito dos EUA destr\u00f3i dois ter\u00e7os da capacidade de produ\u00e7\u00e3o de m\u00edsseis iranianos","datePublished":"2026-03-25T23:05:00+00:00","mainEntityOfPage":{"@id":"https:\/\/portaltela.pt\/noticias\/2026\/03\/25\/exercito-dos-eua-destroi-dois-tercos-da-capacidade-de-producao-de-misseis-iranianos\/"},"wordCount":113,"image":{"@id":"https:\/\/portaltela.pt\/noticias\/2026\/03\/25\/exercito-dos-eua-destroi-dois-tercos-da-capacidade-de-producao-de-misseis-iranianos\/#primaryimage"},"thumbnailUrl":"https:\/\/portaltela.pt\/s.01k8rhncp4jt1\/2026\/03\/CACHE_780X1200_ANALOG_WATERMARKED_46696311_906427617190077.jpg","keywords":["armas","conflito internacional","Ir\u00e3","m\u00edsseis bal\u00edsticos"],"articleSection":["Geopol\u00edtica"],"inLanguage":"pt-PT"},{"@type":"WebPage","@id":"https:\/\/portaltela.pt\/noticias\/2026\/03\/25\/exercito-dos-eua-destroi-dois-tercos-da-capacidade-de-producao-de-misseis-iranianos\/","url":"https:\/\/portaltela.pt\/noticias\/2026\/03\/25\/exercito-dos-eua-destroi-dois-tercos-da-capacidade-de-producao-de-misseis-iranianos\/","name":"Ex\u00e9rcito dos EUA destr\u00f3i dois ter\u00e7os da capacidade de produ\u00e7\u00e3o de m\u00edsseis iranianos - Portal Tela Portugal","isPartOf":{"@id":"https:\/\/portaltela.pt\/#website"},"primaryImageOfPage":{"@id":"https:\/\/portaltela.pt\/noticias\/2026\/03\/25\/exercito-dos-eua-destroi-dois-tercos-da-capacidade-de-producao-de-misseis-iranianos\/#primaryimage"},"image":{"@id":"https:\/\/portaltela.pt\/noticias\/2026\/03\/25\/exercito-dos-eua-destroi-dois-tercos-da-capacidade-de-producao-de-misseis-iranianos\/#primaryimage"},"thumbnailUrl":"https:\/\/portaltela.pt\/s.01k8rhncp4jt1\/2026\/03\/CACHE_780X1200_ANALOG_WATERMARKED_46696311_906427617190077.jpg","datePublished":"2026-03-25T23:05:00+00:00","author":{"@id":"https:\/\/portaltela.pt\/#\/schema\/person\/c4278d4a6028830caff9ee44b42d32ed"},"breadcrumb":{"@id":"https:\/\/portaltela.pt\/noticias\/2026\/03\/25\/exercito-dos-eua-destroi-dois-tercos-da-capacidade-de-producao-de-misseis-iranianos\/#breadcrumb"},"inLanguage":"pt-PT","potentialAction":[{"@type":"ReadAction","target":["https:\/\/portaltela.pt\/noticias\/2026\/03\/25\/exercito-dos-eua-destroi-dois-tercos-da-capacidade-de-producao-de-misseis-iranianos\/"]}]},{"@type":"ImageObject","inLanguage":"pt-PT","@id":"https:\/\/portaltela.pt\/noticias\/2026\/03\/25\/exercito-dos-eua-destroi-dois-tercos-da-capacidade-de-producao-de-misseis-iranianos\/#primaryimage","url":"https:\/\/portaltela.pt\/s.01k8rhncp4jt1\/2026\/03\/CACHE_780X1200_ANALOG_WATERMARKED_46696311_906427617190077.jpg","contentUrl":"https:\/\/portaltela.pt\/s.01k8rhncp4jt1\/2026\/03\/CACHE_780X1200_ANALOG_WATERMARKED_46696311_906427617190077.jpg","width":796,"height":448,"caption":"Ex\u00e9rcito americano ter\u00e1 destru\u00eddo dois ter\u00e7os das capacidades de produ\u00e7\u00e3o de m\u00edsseis iranianos"},{"@type":"BreadcrumbList","@id":"https:\/\/portaltela.pt\/noticias\/2026\/03\/25\/exercito-dos-eua-destroi-dois-tercos-da-capacidade-de-producao-de-misseis-iranianos\/#breadcrumb","itemListElement":[{"@type":"ListItem","position":1,"name":"In\u00edcio","item":"https:\/\/portaltela.pt\/"},{"@type":"ListItem","position":2,"name":"Ex\u00e9rcito dos EUA destr\u00f3i dois ter\u00e7os da capacidade de produ\u00e7\u00e3o de m\u00edsseis iranianos"}]},{"@type":"WebSite","@id":"https:\/\/portaltela.pt\/#website","url":"https:\/\/portaltela.pt\/","name":"Portal Tela Portugal","description":"","potentialAction":[{"@type":"SearchAction","target":{"@type":"EntryPoint","urlTemplate":"https:\/\/portaltela.pt\/?s={search_term_string}"},"query-input":{"@type":"PropertyValueSpecification","valueRequired":true,"valueName":"search_term_string"}}],"inLanguage":"pt-PT"},{"@type":"Person","@id":"https:\/\/portaltela.pt\/#\/schema\/person\/c4278d4a6028830caff9ee44b42d32ed","name":"Telinha","image":{"@type":"ImageObject","inLanguage":"pt-PT","@id":"https:\/\/portaltela.pt\/s.01k8rhncp4jt1\/2025\/11\/talking-bot-125x125.png","url":"https:\/\/portaltela.pt\/s.01k8rhncp4jt1\/2025\/11\/talking-bot-125x125.png","contentUrl":"https:\/\/portaltela.pt\/s.01k8rhncp4jt1\/2025\/11\/talking-bot-125x125.png","caption":"Telinha"},"sameAs":["https:\/\/portaltela.pt\/"],"url":"https:\/\/portaltela.pt\/por\/367410592786\/"}]}},"_links":{"self":[{"href":"https:\/\/portaltela.pt\/api\/wp\/v2\/posts\/421824","targetHints":{"allow":["GET"]}}],"collection":[{"href":"https:\/\/portaltela.pt\/api\/wp\/v2\/posts"}],"about":[{"href":"https:\/\/portaltela.pt\/api\/wp\/v2\/types\/post"}],"author":[{"embeddable":true,"href":"https:\/\/portaltela.pt\/api\/wp\/v2\/users\/2"}],"replies":[{"embeddable":true,"href":"https:\/\/portaltela.pt\/api\/wp\/v2\/comments?post=421824"}],"version-history":[{"count":0,"href":"https:\/\/portaltela.pt\/api\/wp\/v2\/posts\/421824\/revisions"}],"wp:featuredmedia":[{"embeddable":true,"href":"https:\/\/portaltela.pt\/api\/wp\/v2\/media\/421829"}],"wp:attachment":[{"href":"https:\/\/portaltela.pt\/api\/wp\/v2\/media?parent=421824"}],"wp:term":[{"taxonomy":"category","embeddable":true,"href":"https:\/\/portaltela.pt\/api\/wp\/v2\/categories?post=421824"},{"taxonomy":"post_tag","embeddable":true,"href":"https:\/\/portaltela.pt\/api\/wp\/v2\/tags?post=421824"}],"curies":[{"name":"wp","href":"https:\/\/api.w.org\/{rel}","templated":true}]}}