{"id":421818,"date":"2026-03-26T04:52:00","date_gmt":"2026-03-26T07:52:00","guid":{"rendered":"https:\/\/portaltela.pt\/noticias\/2026\/03\/26\/epidemia-de-colera-em-mocambique-chega-a-quase-8-000-casos-em-sete-meses\/"},"modified":"2026-03-26T04:52:00","modified_gmt":"2026-03-26T07:52:00","slug":"epidemia-de-colera-em-mocambique-chega-a-quase-8-000-casos-em-sete-meses","status":"publish","type":"post","link":"https:\/\/portaltela.pt\/saude\/2026\/03\/26\/epidemia-de-colera-em-mocambique-chega-a-quase-8-000-casos-em-sete-meses\/","title":{"rendered":"Epidemia de c\u00f3lera em Mo\u00e7ambique chega a quase 8.000 casos em sete meses"},"content":{"rendered":"<p>Mo\u00e7ambique regista quase 8.000 casos de c\u00f3lera num periodo de sete meses, com 83 \u00f3bitos, segundo o \u00faltimo boletim da Dire\u00e7\u00e3o Nacional de Sa\u00fade P\u00fablica. O relat\u00f3rio cobre dados de 03 de setembro a 23 de mar\u00e7o e aponta um decl\u00ednio recente na letalidade, que se situa em 1%.<\/p>\n<p>Entre as principais regi\u00f5es, 3.540 infec\u00e7\u00f5es ocorreram na prov\u00edncia de Nampula, com 39 \u00f3bitos, e 2.766 em Tete, com 32 mortos. Em Cabo Delgado foram confirmados 1.047 casos, com oito \u00f3bitos. Registam-se ainda 129 casos e um morto na Zamb\u00e9zia, 130 casos e dois mortos em Manica, 376 casos e um morto em Sofala, mais um caso na cidade de Maputo e outro na prov\u00edncia de Gaza.<\/p>\n<p>Nas \u00faltimas 24 horas, at\u00e9 ao fecho do boletim, foram confirmados 49 novos casos, sem registo de \u00f3bitos h\u00e1 quase tr\u00eas semanas. Entre o final de fevereiro e o in\u00edcio de mar\u00e7o, houve registadas mais de 100 infe\u00e7\u00f5es di\u00e1rias e surtos ativos em cerca de 25 distritos.<\/p>\n<p>&#8212;<\/p>\n<h3>Vacina\u00e7\u00e3o e metas de controlo<\/h3>\n<p>As autoridades anunciaram em fevereiro que a c\u00f3lera era uma epidemia, com a doen\u00e7a j\u00e1 presente em 22 distritos, e deram in\u00edcio a uma campanha de vacina\u00e7\u00e3o destinada a 3,5 milh\u00f5es de pessoas. O diretor nacional de Sa\u00fade P\u00fablica, Quinhas Fernandes, explicou que a situa\u00e7\u00e3o envolve v\u00e1rios surtos dispersos pelo pa\u00eds.<\/p>\n<p>O Governo, por sua vez, pretende eliminar a c\u00f3lera como problema de sa\u00fade p\u00fablica at\u00e9 2030. O plano, aprovado em setembro pelo Conselho de Ministros, est\u00e1 avaliado em cerca de 31 mil milh\u00f5es de meticais (418,5 milh\u00f5es de euros) e aponta a\u00e7\u00f5es multissetoriais para melhorar \u00e1gua pot\u00e1vel, saneamento e cuidados de sa\u00fade, apoiadas por evid\u00eancias cient\u00edficas.<\/p>\n","protected":false},"excerpt":{"rendered":"<ul>\n<li>Mo\u00e7ambique registou praticamente 8.000 casos de c\u00f3lera na atual epidemia, em sete meses, com 83 mortos; dados oficiais morem at\u00e9 23 de mar\u00e7o indicam 7.991 casos e 83 \u00f3bitos.<\/li>\n<li>A informa\u00e7\u00e3o \u00e9 da Dire\u00e7\u00e3o Nacional de Sa\u00fade P\u00fablica, com dados de 03 de setembro a 23 de mar\u00e7o; nas \u00faltimas 24 horas foram confirmados 49 novos casos.<\/li>\n<li>Distribui\u00e7\u00e3o por prov\u00edncias: Nampula 3.540 casos (39 mortos), Tete 2.766 (32 mortos), Cabo Delgado 1.047 (oito mortos); Zamb\u00e9zia 129 (um morto); Manica 130 (dois mortos); Sofala 376 (um morto); Maputo cidade 1 caso; Gaza 1 caso.<\/li>\n<li>A taxa de letalidade global desceu para 1%, com 52 pessoas internadas e sem registo de \u00f3bitos h\u00e1 quase tr\u00eas semanas.<\/li>\n<li>Contexto e a\u00e7\u00f5es: o surto foi declarada epidemic em fevereiro, com surtos ativos em cerca de 25 distritos; est\u00e1 em curso uma campanha de vacina\u00e7\u00e3o de 3,5 milh\u00f5es de pessoas e h\u00e1 objetivo de eliminar a c\u00f3lera como problema de sa\u00fade p\u00fablica at\u00e9 2030.<\/li>\n<\/ul>\n","protected":false},"author":2,"featured_media":421820,"comment_status":"closed","ping_status":"closed","sticky":false,"template":"","format":"standard","meta":{"footnotes":""},"categories":[1,6745],"tags":[1090,6483,4684,1911,1123,271],"class_list":["post-421818","post","type-post","status-publish","format-standard","has-post-thumbnail","hentry","category-noticias","category-saude","tag-agua","tag-doencas-infecciosas-e-parasitarias","tag-epidemiologia","tag-mocambique","tag-saneamento","tag-saude-publica"],"yoast_head":"<!-- This site is optimized with the Yoast SEO plugin v27.2 - https:\/\/yoast.com\/product\/yoast-seo-wordpress\/ -->\n<title>Epidemia de c\u00f3lera em Mo\u00e7ambique chega a quase 8.000 casos em sete meses - Portal Tela Portugal<\/title>\n<meta name=\"robots\" content=\"index, follow, max-snippet:-1, max-image-preview:large, max-video-preview:-1\" \/>\n<meta property=\"og:locale\" content=\"pt_PT\" \/>\n<meta property=\"og:type\" content=\"article\" \/>\n<meta property=\"og:title\" content=\"Epidemia de c\u00f3lera em Mo\u00e7ambique chega a quase 8.000 casos em sete meses - Portal Tela Portugal\" \/>\n<meta property=\"og:description\" content=\"Mo\u00e7ambique registou praticamente 8.000 casos de c\u00f3lera na atual epidemia, em sete meses, com 83 mortos; dados oficiais morem at\u00e9 23 de mar\u00e7o indicam 7.991 casos e 83 \u00f3bitos. A informa\u00e7\u00e3o \u00e9 da Dire\u00e7\u00e3o Nacional de Sa\u00fade P\u00fablica, com dados de 03 de setembro a 23 de mar\u00e7o; nas \u00faltimas 24 horas foram confirmados 49 novos casos. Distribui\u00e7\u00e3o por prov\u00edncias: Nampula 3.540 casos (39 mortos), Tete 2.766 (32 mortos), Cabo Delgado 1.047 (oito mortos); Zamb\u00e9zia 129 (um morto); Manica 130 (dois mortos); Sofala 376 (um morto); Maputo cidade 1 caso; Gaza 1 caso. A taxa de letalidade global desceu para 1%, com 52 pessoas internadas e sem registo de \u00f3bitos h\u00e1 quase tr\u00eas semanas. Contexto e a\u00e7\u00f5es: o surto foi declarada epidemic em fevereiro, com surtos ativos em cerca de 25 distritos; est\u00e1 em curso uma campanha de vacina\u00e7\u00e3o de 3,5 milh\u00f5es de pessoas e h\u00e1 objetivo de eliminar a c\u00f3lera como problema de sa\u00fade p\u00fablica at\u00e9 2030.\" \/>\n<meta property=\"og:url\" content=\"https:\/\/portaltela.pt\/noticias\/2026\/03\/26\/epidemia-de-colera-em-mocambique-chega-a-quase-8-000-casos-em-sete-meses\/\" \/>\n<meta property=\"og:site_name\" content=\"Portal Tela Portugal\" \/>\n<meta property=\"article:published_time\" content=\"2026-03-26T07:52:00+00:00\" \/>\n<meta name=\"author\" content=\"Telinha\" \/>\n<meta name=\"twitter:card\" content=\"summary_large_image\" \/>\n<meta name=\"twitter:label1\" content=\"Escrito por\" \/>\n\t<meta name=\"twitter:data1\" content=\"Telinha\" \/>\n\t<meta name=\"twitter:label2\" content=\"Tempo estimado de leitura\" \/>\n\t<meta name=\"twitter:data2\" content=\"1 minuto\" \/>\n<script type=\"application\/ld+json\" class=\"yoast-schema-graph\">{\"@context\":\"https:\/\/schema.org\",\"@graph\":[{\"@type\":\"Article\",\"@id\":\"https:\/\/portaltela.pt\/noticias\/2026\/03\/26\/epidemia-de-colera-em-mocambique-chega-a-quase-8-000-casos-em-sete-meses\/#article\",\"isPartOf\":{\"@id\":\"https:\/\/portaltela.pt\/noticias\/2026\/03\/26\/epidemia-de-colera-em-mocambique-chega-a-quase-8-000-casos-em-sete-meses\/\"},\"author\":{\"name\":\"Telinha\",\"@id\":\"https:\/\/portaltela.pt\/#\/schema\/person\/c4278d4a6028830caff9ee44b42d32ed\"},\"headline\":\"Epidemia de c\u00f3lera em Mo\u00e7ambique chega a quase 8.000 casos em sete meses\",\"datePublished\":\"2026-03-26T07:52:00+00:00\",\"mainEntityOfPage\":{\"@id\":\"https:\/\/portaltela.pt\/noticias\/2026\/03\/26\/epidemia-de-colera-em-mocambique-chega-a-quase-8-000-casos-em-sete-meses\/\"},\"wordCount\":307,\"image\":{\"@id\":\"https:\/\/portaltela.pt\/noticias\/2026\/03\/26\/epidemia-de-colera-em-mocambique-chega-a-quase-8-000-casos-em-sete-meses\/#primaryimage\"},\"thumbnailUrl\":\"https:\/\/portaltela.pt\/s.01k8rhncp4jt1\/2026\/03\/img_1500x1000uu2025-06-19-14-08-27-2217368.jpg\",\"keywords\":[\"\u00e1gua\",\"Doen\u00e7as infecciosas e parasit\u00e1rias\",\"epidemiologia\",\"Mo\u00e7ambique\",\"saneamento\",\"sa\u00fade p\u00fablica\"],\"articleSection\":[\"Not\u00edcias\",\"Sa\u00fade\"],\"inLanguage\":\"pt-PT\"},{\"@type\":\"WebPage\",\"@id\":\"https:\/\/portaltela.pt\/noticias\/2026\/03\/26\/epidemia-de-colera-em-mocambique-chega-a-quase-8-000-casos-em-sete-meses\/\",\"url\":\"https:\/\/portaltela.pt\/noticias\/2026\/03\/26\/epidemia-de-colera-em-mocambique-chega-a-quase-8-000-casos-em-sete-meses\/\",\"name\":\"Epidemia de c\u00f3lera em Mo\u00e7ambique chega a quase 8.000 casos em sete meses - Portal Tela Portugal\",\"isPartOf\":{\"@id\":\"https:\/\/portaltela.pt\/#website\"},\"primaryImageOfPage\":{\"@id\":\"https:\/\/portaltela.pt\/noticias\/2026\/03\/26\/epidemia-de-colera-em-mocambique-chega-a-quase-8-000-casos-em-sete-meses\/#primaryimage\"},\"image\":{\"@id\":\"https:\/\/portaltela.pt\/noticias\/2026\/03\/26\/epidemia-de-colera-em-mocambique-chega-a-quase-8-000-casos-em-sete-meses\/#primaryimage\"},\"thumbnailUrl\":\"https:\/\/portaltela.pt\/s.01k8rhncp4jt1\/2026\/03\/img_1500x1000uu2025-06-19-14-08-27-2217368.jpg\",\"datePublished\":\"2026-03-26T07:52:00+00:00\",\"author\":{\"@id\":\"https:\/\/portaltela.pt\/#\/schema\/person\/c4278d4a6028830caff9ee44b42d32ed\"},\"breadcrumb\":{\"@id\":\"https:\/\/portaltela.pt\/noticias\/2026\/03\/26\/epidemia-de-colera-em-mocambique-chega-a-quase-8-000-casos-em-sete-meses\/#breadcrumb\"},\"inLanguage\":\"pt-PT\",\"potentialAction\":[{\"@type\":\"ReadAction\",\"target\":[\"https:\/\/portaltela.pt\/noticias\/2026\/03\/26\/epidemia-de-colera-em-mocambique-chega-a-quase-8-000-casos-em-sete-meses\/\"]}]},{\"@type\":\"ImageObject\",\"inLanguage\":\"pt-PT\",\"@id\":\"https:\/\/portaltela.pt\/noticias\/2026\/03\/26\/epidemia-de-colera-em-mocambique-chega-a-quase-8-000-casos-em-sete-meses\/#primaryimage\",\"url\":\"https:\/\/portaltela.pt\/s.01k8rhncp4jt1\/2026\/03\/img_1500x1000uu2025-06-19-14-08-27-2217368.jpg\",\"contentUrl\":\"https:\/\/portaltela.pt\/s.01k8rhncp4jt1\/2026\/03\/img_1500x1000uu2025-06-19-14-08-27-2217368.jpg\",\"width\":796,\"height\":448,\"caption\":\"Epidemia de c\u00f3lera em Mo\u00e7ambique com praticamente 8.000 casos em sete meses\"},{\"@type\":\"BreadcrumbList\",\"@id\":\"https:\/\/portaltela.pt\/noticias\/2026\/03\/26\/epidemia-de-colera-em-mocambique-chega-a-quase-8-000-casos-em-sete-meses\/#breadcrumb\",\"itemListElement\":[{\"@type\":\"ListItem\",\"position\":1,\"name\":\"In\u00edcio\",\"item\":\"https:\/\/portaltela.pt\/\"},{\"@type\":\"ListItem\",\"position\":2,\"name\":\"Epidemia de c\u00f3lera em Mo\u00e7ambique chega a quase 8.000 casos em sete meses\"}]},{\"@type\":\"WebSite\",\"@id\":\"https:\/\/portaltela.pt\/#website\",\"url\":\"https:\/\/portaltela.pt\/\",\"name\":\"Portal Tela Portugal\",\"description\":\"\",\"potentialAction\":[{\"@type\":\"SearchAction\",\"target\":{\"@type\":\"EntryPoint\",\"urlTemplate\":\"https:\/\/portaltela.pt\/?s={search_term_string}\"},\"query-input\":{\"@type\":\"PropertyValueSpecification\",\"valueRequired\":true,\"valueName\":\"search_term_string\"}}],\"inLanguage\":\"pt-PT\"},{\"@type\":\"Person\",\"@id\":\"https:\/\/portaltela.pt\/#\/schema\/person\/c4278d4a6028830caff9ee44b42d32ed\",\"name\":\"Telinha\",\"image\":{\"@type\":\"ImageObject\",\"inLanguage\":\"pt-PT\",\"@id\":\"https:\/\/portaltela.pt\/s.01k8rhncp4jt1\/2025\/11\/talking-bot-125x125.png\",\"url\":\"https:\/\/portaltela.pt\/s.01k8rhncp4jt1\/2025\/11\/talking-bot-125x125.png\",\"contentUrl\":\"https:\/\/portaltela.pt\/s.01k8rhncp4jt1\/2025\/11\/talking-bot-125x125.png\",\"caption\":\"Telinha\"},\"sameAs\":[\"https:\/\/portaltela.pt\/\"],\"url\":\"https:\/\/portaltela.pt\/por\/367410592786\/\"}]}<\/script>\n<!-- \/ Yoast SEO plugin. -->","yoast_head_json":{"title":"Epidemia de c\u00f3lera em Mo\u00e7ambique chega a quase 8.000 casos em sete meses - Portal Tela Portugal","robots":{"index":"index","follow":"follow","max-snippet":"max-snippet:-1","max-image-preview":"max-image-preview:large","max-video-preview":"max-video-preview:-1"},"og_locale":"pt_PT","og_type":"article","og_title":"Epidemia de c\u00f3lera em Mo\u00e7ambique chega a quase 8.000 casos em sete meses - Portal Tela Portugal","og_description":"Mo\u00e7ambique registou praticamente 8.000 casos de c\u00f3lera na atual epidemia, em sete meses, com 83 mortos; dados oficiais morem at\u00e9 23 de mar\u00e7o indicam 7.991 casos e 83 \u00f3bitos. A informa\u00e7\u00e3o \u00e9 da Dire\u00e7\u00e3o Nacional de Sa\u00fade P\u00fablica, com dados de 03 de setembro a 23 de mar\u00e7o; nas \u00faltimas 24 horas foram confirmados 49 novos casos. Distribui\u00e7\u00e3o por prov\u00edncias: Nampula 3.540 casos (39 mortos), Tete 2.766 (32 mortos), Cabo Delgado 1.047 (oito mortos); Zamb\u00e9zia 129 (um morto); Manica 130 (dois mortos); Sofala 376 (um morto); Maputo cidade 1 caso; Gaza 1 caso. A taxa de letalidade global desceu para 1%, com 52 pessoas internadas e sem registo de \u00f3bitos h\u00e1 quase tr\u00eas semanas. Contexto e a\u00e7\u00f5es: o surto foi declarada epidemic em fevereiro, com surtos ativos em cerca de 25 distritos; est\u00e1 em curso uma campanha de vacina\u00e7\u00e3o de 3,5 milh\u00f5es de pessoas e h\u00e1 objetivo de eliminar a c\u00f3lera como problema de sa\u00fade p\u00fablica at\u00e9 2030.","og_url":"https:\/\/portaltela.pt\/noticias\/2026\/03\/26\/epidemia-de-colera-em-mocambique-chega-a-quase-8-000-casos-em-sete-meses\/","og_site_name":"Portal Tela Portugal","article_published_time":"2026-03-26T07:52:00+00:00","author":"Telinha","twitter_card":"summary_large_image","twitter_misc":{"Escrito por":"Telinha","Tempo estimado de leitura":"1 minuto"},"schema":{"@context":"https:\/\/schema.org","@graph":[{"@type":"Article","@id":"https:\/\/portaltela.pt\/noticias\/2026\/03\/26\/epidemia-de-colera-em-mocambique-chega-a-quase-8-000-casos-em-sete-meses\/#article","isPartOf":{"@id":"https:\/\/portaltela.pt\/noticias\/2026\/03\/26\/epidemia-de-colera-em-mocambique-chega-a-quase-8-000-casos-em-sete-meses\/"},"author":{"name":"Telinha","@id":"https:\/\/portaltela.pt\/#\/schema\/person\/c4278d4a6028830caff9ee44b42d32ed"},"headline":"Epidemia de c\u00f3lera em Mo\u00e7ambique chega a quase 8.000 casos em sete meses","datePublished":"2026-03-26T07:52:00+00:00","mainEntityOfPage":{"@id":"https:\/\/portaltela.pt\/noticias\/2026\/03\/26\/epidemia-de-colera-em-mocambique-chega-a-quase-8-000-casos-em-sete-meses\/"},"wordCount":307,"image":{"@id":"https:\/\/portaltela.pt\/noticias\/2026\/03\/26\/epidemia-de-colera-em-mocambique-chega-a-quase-8-000-casos-em-sete-meses\/#primaryimage"},"thumbnailUrl":"https:\/\/portaltela.pt\/s.01k8rhncp4jt1\/2026\/03\/img_1500x1000uu2025-06-19-14-08-27-2217368.jpg","keywords":["\u00e1gua","Doen\u00e7as infecciosas e parasit\u00e1rias","epidemiologia","Mo\u00e7ambique","saneamento","sa\u00fade p\u00fablica"],"articleSection":["Not\u00edcias","Sa\u00fade"],"inLanguage":"pt-PT"},{"@type":"WebPage","@id":"https:\/\/portaltela.pt\/noticias\/2026\/03\/26\/epidemia-de-colera-em-mocambique-chega-a-quase-8-000-casos-em-sete-meses\/","url":"https:\/\/portaltela.pt\/noticias\/2026\/03\/26\/epidemia-de-colera-em-mocambique-chega-a-quase-8-000-casos-em-sete-meses\/","name":"Epidemia de c\u00f3lera em Mo\u00e7ambique chega a quase 8.000 casos em sete meses - Portal Tela Portugal","isPartOf":{"@id":"https:\/\/portaltela.pt\/#website"},"primaryImageOfPage":{"@id":"https:\/\/portaltela.pt\/noticias\/2026\/03\/26\/epidemia-de-colera-em-mocambique-chega-a-quase-8-000-casos-em-sete-meses\/#primaryimage"},"image":{"@id":"https:\/\/portaltela.pt\/noticias\/2026\/03\/26\/epidemia-de-colera-em-mocambique-chega-a-quase-8-000-casos-em-sete-meses\/#primaryimage"},"thumbnailUrl":"https:\/\/portaltela.pt\/s.01k8rhncp4jt1\/2026\/03\/img_1500x1000uu2025-06-19-14-08-27-2217368.jpg","datePublished":"2026-03-26T07:52:00+00:00","author":{"@id":"https:\/\/portaltela.pt\/#\/schema\/person\/c4278d4a6028830caff9ee44b42d32ed"},"breadcrumb":{"@id":"https:\/\/portaltela.pt\/noticias\/2026\/03\/26\/epidemia-de-colera-em-mocambique-chega-a-quase-8-000-casos-em-sete-meses\/#breadcrumb"},"inLanguage":"pt-PT","potentialAction":[{"@type":"ReadAction","target":["https:\/\/portaltela.pt\/noticias\/2026\/03\/26\/epidemia-de-colera-em-mocambique-chega-a-quase-8-000-casos-em-sete-meses\/"]}]},{"@type":"ImageObject","inLanguage":"pt-PT","@id":"https:\/\/portaltela.pt\/noticias\/2026\/03\/26\/epidemia-de-colera-em-mocambique-chega-a-quase-8-000-casos-em-sete-meses\/#primaryimage","url":"https:\/\/portaltela.pt\/s.01k8rhncp4jt1\/2026\/03\/img_1500x1000uu2025-06-19-14-08-27-2217368.jpg","contentUrl":"https:\/\/portaltela.pt\/s.01k8rhncp4jt1\/2026\/03\/img_1500x1000uu2025-06-19-14-08-27-2217368.jpg","width":796,"height":448,"caption":"Epidemia de c\u00f3lera em Mo\u00e7ambique com praticamente 8.000 casos em sete meses"},{"@type":"BreadcrumbList","@id":"https:\/\/portaltela.pt\/noticias\/2026\/03\/26\/epidemia-de-colera-em-mocambique-chega-a-quase-8-000-casos-em-sete-meses\/#breadcrumb","itemListElement":[{"@type":"ListItem","position":1,"name":"In\u00edcio","item":"https:\/\/portaltela.pt\/"},{"@type":"ListItem","position":2,"name":"Epidemia de c\u00f3lera em Mo\u00e7ambique chega a quase 8.000 casos em sete meses"}]},{"@type":"WebSite","@id":"https:\/\/portaltela.pt\/#website","url":"https:\/\/portaltela.pt\/","name":"Portal Tela Portugal","description":"","potentialAction":[{"@type":"SearchAction","target":{"@type":"EntryPoint","urlTemplate":"https:\/\/portaltela.pt\/?s={search_term_string}"},"query-input":{"@type":"PropertyValueSpecification","valueRequired":true,"valueName":"search_term_string"}}],"inLanguage":"pt-PT"},{"@type":"Person","@id":"https:\/\/portaltela.pt\/#\/schema\/person\/c4278d4a6028830caff9ee44b42d32ed","name":"Telinha","image":{"@type":"ImageObject","inLanguage":"pt-PT","@id":"https:\/\/portaltela.pt\/s.01k8rhncp4jt1\/2025\/11\/talking-bot-125x125.png","url":"https:\/\/portaltela.pt\/s.01k8rhncp4jt1\/2025\/11\/talking-bot-125x125.png","contentUrl":"https:\/\/portaltela.pt\/s.01k8rhncp4jt1\/2025\/11\/talking-bot-125x125.png","caption":"Telinha"},"sameAs":["https:\/\/portaltela.pt\/"],"url":"https:\/\/portaltela.pt\/por\/367410592786\/"}]}},"_links":{"self":[{"href":"https:\/\/portaltela.pt\/api\/wp\/v2\/posts\/421818","targetHints":{"allow":["GET"]}}],"collection":[{"href":"https:\/\/portaltela.pt\/api\/wp\/v2\/posts"}],"about":[{"href":"https:\/\/portaltela.pt\/api\/wp\/v2\/types\/post"}],"author":[{"embeddable":true,"href":"https:\/\/portaltela.pt\/api\/wp\/v2\/users\/2"}],"replies":[{"embeddable":true,"href":"https:\/\/portaltela.pt\/api\/wp\/v2\/comments?post=421818"}],"version-history":[{"count":0,"href":"https:\/\/portaltela.pt\/api\/wp\/v2\/posts\/421818\/revisions"}],"wp:featuredmedia":[{"embeddable":true,"href":"https:\/\/portaltela.pt\/api\/wp\/v2\/media\/421820"}],"wp:attachment":[{"href":"https:\/\/portaltela.pt\/api\/wp\/v2\/media?parent=421818"}],"wp:term":[{"taxonomy":"category","embeddable":true,"href":"https:\/\/portaltela.pt\/api\/wp\/v2\/categories?post=421818"},{"taxonomy":"post_tag","embeddable":true,"href":"https:\/\/portaltela.pt\/api\/wp\/v2\/tags?post=421818"}],"curies":[{"name":"wp","href":"https:\/\/api.w.org\/{rel}","templated":true}]}}