{"id":421790,"date":"2026-03-26T04:22:00","date_gmt":"2026-03-26T07:22:00","guid":{"rendered":"https:\/\/portaltela.pt\/noticias\/2026\/03\/26\/lukashenko-e-kim-assinam-acordo-de-amizade-e-cooperacao-em-pyongyang\/"},"modified":"2026-03-26T04:22:00","modified_gmt":"2026-03-26T07:22:00","slug":"lukashenko-e-kim-assinam-acordo-de-amizade-e-cooperacao-em-pyongyang","status":"publish","type":"post","link":"https:\/\/portaltela.pt\/noticias\/politica\/2026\/03\/26\/lukashenko-e-kim-assinam-acordo-de-amizade-e-cooperacao-em-pyongyang\/","title":{"rendered":"Lukashenko e Kim assinam acordo de amizade e coopera\u00e7\u00e3o em Pyongyang"},"content":{"rendered":"<p>Em Pyongyang, a capital da Coreia do Norte, Alexander Lukashenko e Kim Jong-un assinaram um acordo de amizade e coopera\u00e7\u00e3o entre os dois pa\u00edses. O feito ocorreu no \u00e2mbito de encontros entre os dois l\u00edderes.<\/p>\n<p>O texto do acordo n\u00e3o foi detalhado publicamente, e as informa\u00e7\u00f5es dispon\u00edveis s\u00e3o limitadas. O objetivo declarado \u00e9 fortalecer rela\u00e7\u00f5es bilaterais em \u00e1reas de interesse comum.<\/p>\n<p>At\u00e9 ao momento, n\u00e3o foram divulgadas novas informa\u00e7\u00f5es sobre impactos ou compromissos espec\u00edficos, nem declara\u00e7\u00f5es adicionais de autoridades externas.<\/p>\n","protected":false},"excerpt":{"rendered":"<ul>\n<li>O presidente da Bielorr\u00fassia, Alexander Lukashenko, e o l\u00edder da Coreia do Norte, Kim Jong-un, assinaram um acordo de amizade e coopera\u00e7\u00e3o em Pyongyang.<\/li>\n<li>O encontro ocorreu na capital norte-coreana, Pyongyang.<\/li>\n<li>O conte\u00fado do acordo n\u00e3o foi detalhado no material dispon\u00edvel.<\/li>\n<li>N\u00e3o foram apresentados prazos ou objetivos espec\u00edficos no resumo da not\u00edcia.<\/li>\n<li>A reportagem n\u00e3o fornece informa\u00e7\u00f5es adicionais no texto fornecido.<\/li>\n<\/ul>\n","protected":false},"author":2,"featured_media":421791,"comment_status":"closed","ping_status":"closed","sticky":false,"template":"","format":"standard","meta":{"footnotes":""},"categories":[6814,5],"tags":[1849,3006,6703,81,5698,27],"class_list":["post-421790","post","type-post","status-publish","format-standard","has-post-thumbnail","hentry","category-geopolitica","category-politica","tag-aliancas","tag-coreia-do-norte","tag-diplomacia-internacional","tag-internacionais","tag-politica-internacional","tag-relacoes-internacionais"],"yoast_head":"<!-- This site is optimized with the Yoast SEO plugin v27.2 - https:\/\/yoast.com\/product\/yoast-seo-wordpress\/ -->\n<title>Lukashenko e Kim assinam acordo de amizade e coopera\u00e7\u00e3o em Pyongyang - Portal Tela Portugal<\/title>\n<meta name=\"robots\" content=\"index, follow, max-snippet:-1, max-image-preview:large, max-video-preview:-1\" \/>\n<meta property=\"og:locale\" content=\"pt_PT\" \/>\n<meta property=\"og:type\" content=\"article\" \/>\n<meta property=\"og:title\" content=\"Lukashenko e Kim assinam acordo de amizade e coopera\u00e7\u00e3o em Pyongyang - Portal Tela Portugal\" \/>\n<meta property=\"og:description\" content=\"O presidente da Bielorr\u00fassia, Alexander Lukashenko, e o l\u00edder da Coreia do Norte, Kim Jong-un, assinaram um acordo de amizade e coopera\u00e7\u00e3o em Pyongyang. O encontro ocorreu na capital norte-coreana, Pyongyang. O conte\u00fado do acordo n\u00e3o foi detalhado no material dispon\u00edvel. N\u00e3o foram apresentados prazos ou objetivos espec\u00edficos no resumo da not\u00edcia. A reportagem n\u00e3o fornece informa\u00e7\u00f5es adicionais no texto fornecido.\" \/>\n<meta property=\"og:url\" content=\"https:\/\/portaltela.pt\/noticias\/2026\/03\/26\/lukashenko-e-kim-assinam-acordo-de-amizade-e-cooperacao-em-pyongyang\/\" \/>\n<meta property=\"og:site_name\" content=\"Portal Tela Portugal\" \/>\n<meta property=\"article:published_time\" content=\"2026-03-26T07:22:00+00:00\" \/>\n<meta name=\"author\" content=\"Telinha\" \/>\n<meta name=\"twitter:card\" content=\"summary_large_image\" \/>\n<meta name=\"twitter:label1\" content=\"Escrito por\" \/>\n\t<meta name=\"twitter:data1\" content=\"Telinha\" \/>\n<script type=\"application\/ld+json\" class=\"yoast-schema-graph\">{\"@context\":\"https:\/\/schema.org\",\"@graph\":[{\"@type\":\"Article\",\"@id\":\"https:\/\/portaltela.pt\/noticias\/2026\/03\/26\/lukashenko-e-kim-assinam-acordo-de-amizade-e-cooperacao-em-pyongyang\/#article\",\"isPartOf\":{\"@id\":\"https:\/\/portaltela.pt\/noticias\/2026\/03\/26\/lukashenko-e-kim-assinam-acordo-de-amizade-e-cooperacao-em-pyongyang\/\"},\"author\":{\"name\":\"Telinha\",\"@id\":\"https:\/\/portaltela.pt\/#\/schema\/person\/c4278d4a6028830caff9ee44b42d32ed\"},\"headline\":\"Lukashenko e Kim assinam acordo de amizade e coopera\u00e7\u00e3o em Pyongyang\",\"datePublished\":\"2026-03-26T07:22:00+00:00\",\"mainEntityOfPage\":{\"@id\":\"https:\/\/portaltela.pt\/noticias\/2026\/03\/26\/lukashenko-e-kim-assinam-acordo-de-amizade-e-cooperacao-em-pyongyang\/\"},\"wordCount\":103,\"image\":{\"@id\":\"https:\/\/portaltela.pt\/noticias\/2026\/03\/26\/lukashenko-e-kim-assinam-acordo-de-amizade-e-cooperacao-em-pyongyang\/#primaryimage\"},\"thumbnailUrl\":\"https:\/\/portaltela.pt\/s.01k8rhncp4jt1\/2026\/03\/CACHE_780X1200_ANALOG_WATERMARKED_46825968_261998510918829.jpg\",\"keywords\":[\"alian\u00e7as\",\"Coreia do Norte\",\"diplomacia internacional\",\"internacionais\",\"pol\u00edtica internacional\",\"rela\u00e7\u00f5es internacionais\"],\"articleSection\":[\"Geopol\u00edtica\",\"Pol\u00edtica\"],\"inLanguage\":\"pt-PT\"},{\"@type\":\"WebPage\",\"@id\":\"https:\/\/portaltela.pt\/noticias\/2026\/03\/26\/lukashenko-e-kim-assinam-acordo-de-amizade-e-cooperacao-em-pyongyang\/\",\"url\":\"https:\/\/portaltela.pt\/noticias\/2026\/03\/26\/lukashenko-e-kim-assinam-acordo-de-amizade-e-cooperacao-em-pyongyang\/\",\"name\":\"Lukashenko e Kim assinam acordo de amizade e coopera\u00e7\u00e3o em Pyongyang - Portal Tela Portugal\",\"isPartOf\":{\"@id\":\"https:\/\/portaltela.pt\/#website\"},\"primaryImageOfPage\":{\"@id\":\"https:\/\/portaltela.pt\/noticias\/2026\/03\/26\/lukashenko-e-kim-assinam-acordo-de-amizade-e-cooperacao-em-pyongyang\/#primaryimage\"},\"image\":{\"@id\":\"https:\/\/portaltela.pt\/noticias\/2026\/03\/26\/lukashenko-e-kim-assinam-acordo-de-amizade-e-cooperacao-em-pyongyang\/#primaryimage\"},\"thumbnailUrl\":\"https:\/\/portaltela.pt\/s.01k8rhncp4jt1\/2026\/03\/CACHE_780X1200_ANALOG_WATERMARKED_46825968_261998510918829.jpg\",\"datePublished\":\"2026-03-26T07:22:00+00:00\",\"author\":{\"@id\":\"https:\/\/portaltela.pt\/#\/schema\/person\/c4278d4a6028830caff9ee44b42d32ed\"},\"breadcrumb\":{\"@id\":\"https:\/\/portaltela.pt\/noticias\/2026\/03\/26\/lukashenko-e-kim-assinam-acordo-de-amizade-e-cooperacao-em-pyongyang\/#breadcrumb\"},\"inLanguage\":\"pt-PT\",\"potentialAction\":[{\"@type\":\"ReadAction\",\"target\":[\"https:\/\/portaltela.pt\/noticias\/2026\/03\/26\/lukashenko-e-kim-assinam-acordo-de-amizade-e-cooperacao-em-pyongyang\/\"]}]},{\"@type\":\"ImageObject\",\"inLanguage\":\"pt-PT\",\"@id\":\"https:\/\/portaltela.pt\/noticias\/2026\/03\/26\/lukashenko-e-kim-assinam-acordo-de-amizade-e-cooperacao-em-pyongyang\/#primaryimage\",\"url\":\"https:\/\/portaltela.pt\/s.01k8rhncp4jt1\/2026\/03\/CACHE_780X1200_ANALOG_WATERMARKED_46825968_261998510918829.jpg\",\"contentUrl\":\"https:\/\/portaltela.pt\/s.01k8rhncp4jt1\/2026\/03\/CACHE_780X1200_ANALOG_WATERMARKED_46825968_261998510918829.jpg\",\"width\":768,\"height\":510,\"caption\":\"Lukashenko e Kim assinam acordo de amizade e coopera\u00e7\u00e3o em Pyongyang\"},{\"@type\":\"BreadcrumbList\",\"@id\":\"https:\/\/portaltela.pt\/noticias\/2026\/03\/26\/lukashenko-e-kim-assinam-acordo-de-amizade-e-cooperacao-em-pyongyang\/#breadcrumb\",\"itemListElement\":[{\"@type\":\"ListItem\",\"position\":1,\"name\":\"In\u00edcio\",\"item\":\"https:\/\/portaltela.pt\/\"},{\"@type\":\"ListItem\",\"position\":2,\"name\":\"Lukashenko e Kim assinam acordo de amizade e coopera\u00e7\u00e3o em Pyongyang\"}]},{\"@type\":\"WebSite\",\"@id\":\"https:\/\/portaltela.pt\/#website\",\"url\":\"https:\/\/portaltela.pt\/\",\"name\":\"Portal Tela Portugal\",\"description\":\"\",\"potentialAction\":[{\"@type\":\"SearchAction\",\"target\":{\"@type\":\"EntryPoint\",\"urlTemplate\":\"https:\/\/portaltela.pt\/?s={search_term_string}\"},\"query-input\":{\"@type\":\"PropertyValueSpecification\",\"valueRequired\":true,\"valueName\":\"search_term_string\"}}],\"inLanguage\":\"pt-PT\"},{\"@type\":\"Person\",\"@id\":\"https:\/\/portaltela.pt\/#\/schema\/person\/c4278d4a6028830caff9ee44b42d32ed\",\"name\":\"Telinha\",\"image\":{\"@type\":\"ImageObject\",\"inLanguage\":\"pt-PT\",\"@id\":\"https:\/\/portaltela.pt\/s.01k8rhncp4jt1\/2025\/11\/talking-bot-125x125.png\",\"url\":\"https:\/\/portaltela.pt\/s.01k8rhncp4jt1\/2025\/11\/talking-bot-125x125.png\",\"contentUrl\":\"https:\/\/portaltela.pt\/s.01k8rhncp4jt1\/2025\/11\/talking-bot-125x125.png\",\"caption\":\"Telinha\"},\"sameAs\":[\"https:\/\/portaltela.pt\/\"],\"url\":\"https:\/\/portaltela.pt\/por\/367410592786\/\"}]}<\/script>\n<!-- \/ Yoast SEO plugin. -->","yoast_head_json":{"title":"Lukashenko e Kim assinam acordo de amizade e coopera\u00e7\u00e3o em Pyongyang - Portal Tela Portugal","robots":{"index":"index","follow":"follow","max-snippet":"max-snippet:-1","max-image-preview":"max-image-preview:large","max-video-preview":"max-video-preview:-1"},"og_locale":"pt_PT","og_type":"article","og_title":"Lukashenko e Kim assinam acordo de amizade e coopera\u00e7\u00e3o em Pyongyang - Portal Tela Portugal","og_description":"O presidente da Bielorr\u00fassia, Alexander Lukashenko, e o l\u00edder da Coreia do Norte, Kim Jong-un, assinaram um acordo de amizade e coopera\u00e7\u00e3o em Pyongyang. O encontro ocorreu na capital norte-coreana, Pyongyang. O conte\u00fado do acordo n\u00e3o foi detalhado no material dispon\u00edvel. N\u00e3o foram apresentados prazos ou objetivos espec\u00edficos no resumo da not\u00edcia. A reportagem n\u00e3o fornece informa\u00e7\u00f5es adicionais no texto fornecido.","og_url":"https:\/\/portaltela.pt\/noticias\/2026\/03\/26\/lukashenko-e-kim-assinam-acordo-de-amizade-e-cooperacao-em-pyongyang\/","og_site_name":"Portal Tela Portugal","article_published_time":"2026-03-26T07:22:00+00:00","author":"Telinha","twitter_card":"summary_large_image","twitter_misc":{"Escrito por":"Telinha"},"schema":{"@context":"https:\/\/schema.org","@graph":[{"@type":"Article","@id":"https:\/\/portaltela.pt\/noticias\/2026\/03\/26\/lukashenko-e-kim-assinam-acordo-de-amizade-e-cooperacao-em-pyongyang\/#article","isPartOf":{"@id":"https:\/\/portaltela.pt\/noticias\/2026\/03\/26\/lukashenko-e-kim-assinam-acordo-de-amizade-e-cooperacao-em-pyongyang\/"},"author":{"name":"Telinha","@id":"https:\/\/portaltela.pt\/#\/schema\/person\/c4278d4a6028830caff9ee44b42d32ed"},"headline":"Lukashenko e Kim assinam acordo de amizade e coopera\u00e7\u00e3o em Pyongyang","datePublished":"2026-03-26T07:22:00+00:00","mainEntityOfPage":{"@id":"https:\/\/portaltela.pt\/noticias\/2026\/03\/26\/lukashenko-e-kim-assinam-acordo-de-amizade-e-cooperacao-em-pyongyang\/"},"wordCount":103,"image":{"@id":"https:\/\/portaltela.pt\/noticias\/2026\/03\/26\/lukashenko-e-kim-assinam-acordo-de-amizade-e-cooperacao-em-pyongyang\/#primaryimage"},"thumbnailUrl":"https:\/\/portaltela.pt\/s.01k8rhncp4jt1\/2026\/03\/CACHE_780X1200_ANALOG_WATERMARKED_46825968_261998510918829.jpg","keywords":["alian\u00e7as","Coreia do Norte","diplomacia internacional","internacionais","pol\u00edtica internacional","rela\u00e7\u00f5es internacionais"],"articleSection":["Geopol\u00edtica","Pol\u00edtica"],"inLanguage":"pt-PT"},{"@type":"WebPage","@id":"https:\/\/portaltela.pt\/noticias\/2026\/03\/26\/lukashenko-e-kim-assinam-acordo-de-amizade-e-cooperacao-em-pyongyang\/","url":"https:\/\/portaltela.pt\/noticias\/2026\/03\/26\/lukashenko-e-kim-assinam-acordo-de-amizade-e-cooperacao-em-pyongyang\/","name":"Lukashenko e Kim assinam acordo de amizade e coopera\u00e7\u00e3o em Pyongyang - Portal Tela Portugal","isPartOf":{"@id":"https:\/\/portaltela.pt\/#website"},"primaryImageOfPage":{"@id":"https:\/\/portaltela.pt\/noticias\/2026\/03\/26\/lukashenko-e-kim-assinam-acordo-de-amizade-e-cooperacao-em-pyongyang\/#primaryimage"},"image":{"@id":"https:\/\/portaltela.pt\/noticias\/2026\/03\/26\/lukashenko-e-kim-assinam-acordo-de-amizade-e-cooperacao-em-pyongyang\/#primaryimage"},"thumbnailUrl":"https:\/\/portaltela.pt\/s.01k8rhncp4jt1\/2026\/03\/CACHE_780X1200_ANALOG_WATERMARKED_46825968_261998510918829.jpg","datePublished":"2026-03-26T07:22:00+00:00","author":{"@id":"https:\/\/portaltela.pt\/#\/schema\/person\/c4278d4a6028830caff9ee44b42d32ed"},"breadcrumb":{"@id":"https:\/\/portaltela.pt\/noticias\/2026\/03\/26\/lukashenko-e-kim-assinam-acordo-de-amizade-e-cooperacao-em-pyongyang\/#breadcrumb"},"inLanguage":"pt-PT","potentialAction":[{"@type":"ReadAction","target":["https:\/\/portaltela.pt\/noticias\/2026\/03\/26\/lukashenko-e-kim-assinam-acordo-de-amizade-e-cooperacao-em-pyongyang\/"]}]},{"@type":"ImageObject","inLanguage":"pt-PT","@id":"https:\/\/portaltela.pt\/noticias\/2026\/03\/26\/lukashenko-e-kim-assinam-acordo-de-amizade-e-cooperacao-em-pyongyang\/#primaryimage","url":"https:\/\/portaltela.pt\/s.01k8rhncp4jt1\/2026\/03\/CACHE_780X1200_ANALOG_WATERMARKED_46825968_261998510918829.jpg","contentUrl":"https:\/\/portaltela.pt\/s.01k8rhncp4jt1\/2026\/03\/CACHE_780X1200_ANALOG_WATERMARKED_46825968_261998510918829.jpg","width":768,"height":510,"caption":"Lukashenko e Kim assinam acordo de amizade e coopera\u00e7\u00e3o em Pyongyang"},{"@type":"BreadcrumbList","@id":"https:\/\/portaltela.pt\/noticias\/2026\/03\/26\/lukashenko-e-kim-assinam-acordo-de-amizade-e-cooperacao-em-pyongyang\/#breadcrumb","itemListElement":[{"@type":"ListItem","position":1,"name":"In\u00edcio","item":"https:\/\/portaltela.pt\/"},{"@type":"ListItem","position":2,"name":"Lukashenko e Kim assinam acordo de amizade e coopera\u00e7\u00e3o em Pyongyang"}]},{"@type":"WebSite","@id":"https:\/\/portaltela.pt\/#website","url":"https:\/\/portaltela.pt\/","name":"Portal Tela Portugal","description":"","potentialAction":[{"@type":"SearchAction","target":{"@type":"EntryPoint","urlTemplate":"https:\/\/portaltela.pt\/?s={search_term_string}"},"query-input":{"@type":"PropertyValueSpecification","valueRequired":true,"valueName":"search_term_string"}}],"inLanguage":"pt-PT"},{"@type":"Person","@id":"https:\/\/portaltela.pt\/#\/schema\/person\/c4278d4a6028830caff9ee44b42d32ed","name":"Telinha","image":{"@type":"ImageObject","inLanguage":"pt-PT","@id":"https:\/\/portaltela.pt\/s.01k8rhncp4jt1\/2025\/11\/talking-bot-125x125.png","url":"https:\/\/portaltela.pt\/s.01k8rhncp4jt1\/2025\/11\/talking-bot-125x125.png","contentUrl":"https:\/\/portaltela.pt\/s.01k8rhncp4jt1\/2025\/11\/talking-bot-125x125.png","caption":"Telinha"},"sameAs":["https:\/\/portaltela.pt\/"],"url":"https:\/\/portaltela.pt\/por\/367410592786\/"}]}},"_links":{"self":[{"href":"https:\/\/portaltela.pt\/api\/wp\/v2\/posts\/421790","targetHints":{"allow":["GET"]}}],"collection":[{"href":"https:\/\/portaltela.pt\/api\/wp\/v2\/posts"}],"about":[{"href":"https:\/\/portaltela.pt\/api\/wp\/v2\/types\/post"}],"author":[{"embeddable":true,"href":"https:\/\/portaltela.pt\/api\/wp\/v2\/users\/2"}],"replies":[{"embeddable":true,"href":"https:\/\/portaltela.pt\/api\/wp\/v2\/comments?post=421790"}],"version-history":[{"count":0,"href":"https:\/\/portaltela.pt\/api\/wp\/v2\/posts\/421790\/revisions"}],"wp:featuredmedia":[{"embeddable":true,"href":"https:\/\/portaltela.pt\/api\/wp\/v2\/media\/421791"}],"wp:attachment":[{"href":"https:\/\/portaltela.pt\/api\/wp\/v2\/media?parent=421790"}],"wp:term":[{"taxonomy":"category","embeddable":true,"href":"https:\/\/portaltela.pt\/api\/wp\/v2\/categories?post=421790"},{"taxonomy":"post_tag","embeddable":true,"href":"https:\/\/portaltela.pt\/api\/wp\/v2\/tags?post=421790"}],"curies":[{"name":"wp","href":"https:\/\/api.w.org\/{rel}","templated":true}]}}