{"id":421786,"date":"2026-03-26T04:06:00","date_gmt":"2026-03-26T07:06:00","guid":{"rendered":"https:\/\/portaltela.pt\/noticias\/2026\/03\/26\/escolas-podem-devolver-480-milhoes-a-bruxelas-por-atraso-em-centros-tecnologicos\/"},"modified":"2026-03-26T04:06:00","modified_gmt":"2026-03-26T07:06:00","slug":"escolas-podem-devolver-480-milhoes-a-bruxelas-por-atraso-em-centros-tecnologicos","status":"publish","type":"post","link":"https:\/\/portaltela.pt\/noticias\/economia\/2026\/03\/26\/escolas-podem-devolver-480-milhoes-a-bruxelas-por-atraso-em-centros-tecnologicos\/","title":{"rendered":"Escolas podem devolver 480 milh\u00f5es a Bruxelas por atraso em centros tecnol\u00f3gicos"},"content":{"rendered":"<p>A Associa\u00e7\u00e3o Nacional de Escolas Profissionais (Anespo) pediu ao Governo que prolongue o prazo para concluir os 365 centros tecnol\u00f3gicos especializados financiados pelo PRR, para evitar devolver 480 milh\u00f5es de euros a Bruxelas. A not\u00edcia chega numa posi\u00e7\u00e3o de alerta sobre o cumprimento de metas do plano.<\/p>\n<p>O presidente da Anespo, Amadeu Dinis, afirma que mais de 200 centros devem estar conclu\u00eddos a 31 de mar\u00e7o, o que significa que cerca de 40% n\u00e3o ficar\u00e3o prontos at\u00e9 ao final do prazo. A avalia\u00e7\u00e3o foi apresentada pela associa\u00e7\u00e3o.<\/p>\n<p>Muitas escolas aguardam a entrega dos equipamentos, o que aumenta o receio de atrasos. Dinis sublinha a necessidade de uma extens\u00e3o, de pelo menos dois meses, para evitar a devolu\u00e7\u00e3o de fundos comunit\u00e1rios.<\/p>\n<h3>O que est\u00e1 em jogo<\/h3>\n<p>Caso n\u00e3o haja prorroga\u00e7\u00e3o, o pa\u00eds pode ter de devolver cerca de 480 milh\u00f5es de euros a Bruxelas, segundo a Anespo. O Governo ainda n\u00e3o explicou publicamente como vai responder a este risco e quais medidas est\u00e3o a equacionar para acelerar os projetos.<\/p>\n<p>A Anespo refor\u00e7a que a prorroga\u00e7\u00e3o permitiria terminar obras e entregar equipamentos essenciais \u00e0s escolas. A organiza\u00e7\u00e3o defende uma solu\u00e7\u00e3o que preserve o investimento p\u00fablico sem comprometer a continuidade dos CTE.<\/p>\n","protected":false},"excerpt":{"rendered":"<ul>\n<li>A Associa\u00e7\u00e3o Nacional de Escolas Profissionais (Anespo) pediu ao Governo que prolongue o prazo de conclus\u00e3o dos 365 centros tecnol\u00f3gicos especializados financiados pelo Plano de Recupera\u00e7\u00e3o e Resili\u00eancia (PRR).<\/li>\n<li>O objetivo \u00e9 evitar que o pa\u00eds tenha de devolver 480 milh\u00f5es de euros a Bruxelas.<\/li>\n<li>O presidente da Anespo estima que mais de duzentos centros estejam conclu\u00eddos at\u00e9 31 de mar\u00e7o, o que significa que cerca de quarenta por cento n\u00e3o estar\u00e3o prontos no prazo.<\/li>\n<li>Muitas escolas aguardam a entrega dos equipamentos.<\/li>\n<li>A Anespo defende uma extens\u00e3o de pelo menos dois meses para mitigar o risco financeiro.<\/li>\n<\/ul>\n","protected":false},"author":2,"featured_media":421787,"comment_status":"closed","ping_status":"closed","sticky":false,"template":"","format":"standard","meta":{"footnotes":""},"categories":[2,6850],"tags":[6115,718,163,7456,2501,5691],"class_list":["post-421786","post","type-post","status-publish","format-standard","has-post-thumbnail","hentry","category-economia","category-financas","tag-_economia","tag-construcao","tag-educacao","tag-fundos","tag-fundos-europeus","tag-obras"],"yoast_head":"<!-- This site is optimized with the Yoast SEO plugin v27.2 - https:\/\/yoast.com\/product\/yoast-seo-wordpress\/ -->\n<title>Escolas podem devolver 480 milh\u00f5es a Bruxelas por atraso em centros tecnol\u00f3gicos - Portal Tela Portugal<\/title>\n<meta name=\"robots\" content=\"index, follow, max-snippet:-1, max-image-preview:large, max-video-preview:-1\" \/>\n<meta property=\"og:locale\" content=\"pt_PT\" \/>\n<meta property=\"og:type\" content=\"article\" \/>\n<meta property=\"og:title\" content=\"Escolas podem devolver 480 milh\u00f5es a Bruxelas por atraso em centros tecnol\u00f3gicos - Portal Tela Portugal\" \/>\n<meta property=\"og:description\" content=\"A Associa\u00e7\u00e3o Nacional de Escolas Profissionais (Anespo) pediu ao Governo que prolongue o prazo de conclus\u00e3o dos 365 centros tecnol\u00f3gicos especializados financiados pelo Plano de Recupera\u00e7\u00e3o e Resili\u00eancia (PRR). O objetivo \u00e9 evitar que o pa\u00eds tenha de devolver 480 milh\u00f5es de euros a Bruxelas. O presidente da Anespo estima que mais de duzentos centros estejam conclu\u00eddos at\u00e9 31 de mar\u00e7o, o que significa que cerca de quarenta por cento n\u00e3o estar\u00e3o prontos no prazo. Muitas escolas aguardam a entrega dos equipamentos. A Anespo defende uma extens\u00e3o de pelo menos dois meses para mitigar o risco financeiro.\" \/>\n<meta property=\"og:url\" content=\"https:\/\/portaltela.pt\/noticias\/2026\/03\/26\/escolas-podem-devolver-480-milhoes-a-bruxelas-por-atraso-em-centros-tecnologicos\/\" \/>\n<meta property=\"og:site_name\" content=\"Portal Tela Portugal\" \/>\n<meta property=\"article:published_time\" content=\"2026-03-26T07:06:00+00:00\" \/>\n<meta name=\"author\" content=\"Telinha\" \/>\n<meta name=\"twitter:card\" content=\"summary_large_image\" \/>\n<meta name=\"twitter:label1\" content=\"Escrito por\" \/>\n\t<meta name=\"twitter:data1\" content=\"Telinha\" \/>\n\t<meta name=\"twitter:label2\" content=\"Tempo estimado de leitura\" \/>\n\t<meta name=\"twitter:data2\" content=\"1 minuto\" \/>\n<script type=\"application\/ld+json\" class=\"yoast-schema-graph\">{\"@context\":\"https:\/\/schema.org\",\"@graph\":[{\"@type\":\"Article\",\"@id\":\"https:\/\/portaltela.pt\/noticias\/2026\/03\/26\/escolas-podem-devolver-480-milhoes-a-bruxelas-por-atraso-em-centros-tecnologicos\/#article\",\"isPartOf\":{\"@id\":\"https:\/\/portaltela.pt\/noticias\/2026\/03\/26\/escolas-podem-devolver-480-milhoes-a-bruxelas-por-atraso-em-centros-tecnologicos\/\"},\"author\":{\"name\":\"Telinha\",\"@id\":\"https:\/\/portaltela.pt\/#\/schema\/person\/c4278d4a6028830caff9ee44b42d32ed\"},\"headline\":\"Escolas podem devolver 480 milh\u00f5es a Bruxelas por atraso em centros tecnol\u00f3gicos\",\"datePublished\":\"2026-03-26T07:06:00+00:00\",\"mainEntityOfPage\":{\"@id\":\"https:\/\/portaltela.pt\/noticias\/2026\/03\/26\/escolas-podem-devolver-480-milhoes-a-bruxelas-por-atraso-em-centros-tecnologicos\/\"},\"wordCount\":231,\"image\":{\"@id\":\"https:\/\/portaltela.pt\/noticias\/2026\/03\/26\/escolas-podem-devolver-480-milhoes-a-bruxelas-por-atraso-em-centros-tecnologicos\/#primaryimage\"},\"thumbnailUrl\":\"https:\/\/portaltela.pt\/s.01k8rhncp4jt1\/2026\/03\/image-146.webp\",\"keywords\":[\"_economia\",\"Constru\u00e7\u00e3o\",\"educa\u00e7\u00e3o\",\"fundos\",\"Fundos Europeus\",\"obras\"],\"articleSection\":[\"Economia\",\"Finan\u00e7as\"],\"inLanguage\":\"pt-PT\"},{\"@type\":\"WebPage\",\"@id\":\"https:\/\/portaltela.pt\/noticias\/2026\/03\/26\/escolas-podem-devolver-480-milhoes-a-bruxelas-por-atraso-em-centros-tecnologicos\/\",\"url\":\"https:\/\/portaltela.pt\/noticias\/2026\/03\/26\/escolas-podem-devolver-480-milhoes-a-bruxelas-por-atraso-em-centros-tecnologicos\/\",\"name\":\"Escolas podem devolver 480 milh\u00f5es a Bruxelas por atraso em centros tecnol\u00f3gicos - Portal Tela Portugal\",\"isPartOf\":{\"@id\":\"https:\/\/portaltela.pt\/#website\"},\"primaryImageOfPage\":{\"@id\":\"https:\/\/portaltela.pt\/noticias\/2026\/03\/26\/escolas-podem-devolver-480-milhoes-a-bruxelas-por-atraso-em-centros-tecnologicos\/#primaryimage\"},\"image\":{\"@id\":\"https:\/\/portaltela.pt\/noticias\/2026\/03\/26\/escolas-podem-devolver-480-milhoes-a-bruxelas-por-atraso-em-centros-tecnologicos\/#primaryimage\"},\"thumbnailUrl\":\"https:\/\/portaltela.pt\/s.01k8rhncp4jt1\/2026\/03\/image-146.webp\",\"datePublished\":\"2026-03-26T07:06:00+00:00\",\"author\":{\"@id\":\"https:\/\/portaltela.pt\/#\/schema\/person\/c4278d4a6028830caff9ee44b42d32ed\"},\"breadcrumb\":{\"@id\":\"https:\/\/portaltela.pt\/noticias\/2026\/03\/26\/escolas-podem-devolver-480-milhoes-a-bruxelas-por-atraso-em-centros-tecnologicos\/#breadcrumb\"},\"inLanguage\":\"pt-PT\",\"potentialAction\":[{\"@type\":\"ReadAction\",\"target\":[\"https:\/\/portaltela.pt\/noticias\/2026\/03\/26\/escolas-podem-devolver-480-milhoes-a-bruxelas-por-atraso-em-centros-tecnologicos\/\"]}]},{\"@type\":\"ImageObject\",\"inLanguage\":\"pt-PT\",\"@id\":\"https:\/\/portaltela.pt\/noticias\/2026\/03\/26\/escolas-podem-devolver-480-milhoes-a-bruxelas-por-atraso-em-centros-tecnologicos\/#primaryimage\",\"url\":\"https:\/\/portaltela.pt\/s.01k8rhncp4jt1\/2026\/03\/image-146.webp\",\"contentUrl\":\"https:\/\/portaltela.pt\/s.01k8rhncp4jt1\/2026\/03\/image-146.webp\",\"width\":1200,\"height\":800,\"caption\":\"Muitas escolas aguardam pela entrega dos equipamentos\"},{\"@type\":\"BreadcrumbList\",\"@id\":\"https:\/\/portaltela.pt\/noticias\/2026\/03\/26\/escolas-podem-devolver-480-milhoes-a-bruxelas-por-atraso-em-centros-tecnologicos\/#breadcrumb\",\"itemListElement\":[{\"@type\":\"ListItem\",\"position\":1,\"name\":\"In\u00edcio\",\"item\":\"https:\/\/portaltela.pt\/\"},{\"@type\":\"ListItem\",\"position\":2,\"name\":\"Escolas podem devolver 480 milh\u00f5es a Bruxelas por atraso em centros tecnol\u00f3gicos\"}]},{\"@type\":\"WebSite\",\"@id\":\"https:\/\/portaltela.pt\/#website\",\"url\":\"https:\/\/portaltela.pt\/\",\"name\":\"Portal Tela Portugal\",\"description\":\"\",\"potentialAction\":[{\"@type\":\"SearchAction\",\"target\":{\"@type\":\"EntryPoint\",\"urlTemplate\":\"https:\/\/portaltela.pt\/?s={search_term_string}\"},\"query-input\":{\"@type\":\"PropertyValueSpecification\",\"valueRequired\":true,\"valueName\":\"search_term_string\"}}],\"inLanguage\":\"pt-PT\"},{\"@type\":\"Person\",\"@id\":\"https:\/\/portaltela.pt\/#\/schema\/person\/c4278d4a6028830caff9ee44b42d32ed\",\"name\":\"Telinha\",\"image\":{\"@type\":\"ImageObject\",\"inLanguage\":\"pt-PT\",\"@id\":\"https:\/\/portaltela.pt\/s.01k8rhncp4jt1\/2025\/11\/talking-bot-125x125.png\",\"url\":\"https:\/\/portaltela.pt\/s.01k8rhncp4jt1\/2025\/11\/talking-bot-125x125.png\",\"contentUrl\":\"https:\/\/portaltela.pt\/s.01k8rhncp4jt1\/2025\/11\/talking-bot-125x125.png\",\"caption\":\"Telinha\"},\"sameAs\":[\"https:\/\/portaltela.pt\/\"],\"url\":\"https:\/\/portaltela.pt\/por\/367410592786\/\"}]}<\/script>\n<!-- \/ Yoast SEO plugin. -->","yoast_head_json":{"title":"Escolas podem devolver 480 milh\u00f5es a Bruxelas por atraso em centros tecnol\u00f3gicos - Portal Tela Portugal","robots":{"index":"index","follow":"follow","max-snippet":"max-snippet:-1","max-image-preview":"max-image-preview:large","max-video-preview":"max-video-preview:-1"},"og_locale":"pt_PT","og_type":"article","og_title":"Escolas podem devolver 480 milh\u00f5es a Bruxelas por atraso em centros tecnol\u00f3gicos - Portal Tela Portugal","og_description":"A Associa\u00e7\u00e3o Nacional de Escolas Profissionais (Anespo) pediu ao Governo que prolongue o prazo de conclus\u00e3o dos 365 centros tecnol\u00f3gicos especializados financiados pelo Plano de Recupera\u00e7\u00e3o e Resili\u00eancia (PRR). O objetivo \u00e9 evitar que o pa\u00eds tenha de devolver 480 milh\u00f5es de euros a Bruxelas. O presidente da Anespo estima que mais de duzentos centros estejam conclu\u00eddos at\u00e9 31 de mar\u00e7o, o que significa que cerca de quarenta por cento n\u00e3o estar\u00e3o prontos no prazo. Muitas escolas aguardam a entrega dos equipamentos. A Anespo defende uma extens\u00e3o de pelo menos dois meses para mitigar o risco financeiro.","og_url":"https:\/\/portaltela.pt\/noticias\/2026\/03\/26\/escolas-podem-devolver-480-milhoes-a-bruxelas-por-atraso-em-centros-tecnologicos\/","og_site_name":"Portal Tela Portugal","article_published_time":"2026-03-26T07:06:00+00:00","author":"Telinha","twitter_card":"summary_large_image","twitter_misc":{"Escrito por":"Telinha","Tempo estimado de leitura":"1 minuto"},"schema":{"@context":"https:\/\/schema.org","@graph":[{"@type":"Article","@id":"https:\/\/portaltela.pt\/noticias\/2026\/03\/26\/escolas-podem-devolver-480-milhoes-a-bruxelas-por-atraso-em-centros-tecnologicos\/#article","isPartOf":{"@id":"https:\/\/portaltela.pt\/noticias\/2026\/03\/26\/escolas-podem-devolver-480-milhoes-a-bruxelas-por-atraso-em-centros-tecnologicos\/"},"author":{"name":"Telinha","@id":"https:\/\/portaltela.pt\/#\/schema\/person\/c4278d4a6028830caff9ee44b42d32ed"},"headline":"Escolas podem devolver 480 milh\u00f5es a Bruxelas por atraso em centros tecnol\u00f3gicos","datePublished":"2026-03-26T07:06:00+00:00","mainEntityOfPage":{"@id":"https:\/\/portaltela.pt\/noticias\/2026\/03\/26\/escolas-podem-devolver-480-milhoes-a-bruxelas-por-atraso-em-centros-tecnologicos\/"},"wordCount":231,"image":{"@id":"https:\/\/portaltela.pt\/noticias\/2026\/03\/26\/escolas-podem-devolver-480-milhoes-a-bruxelas-por-atraso-em-centros-tecnologicos\/#primaryimage"},"thumbnailUrl":"https:\/\/portaltela.pt\/s.01k8rhncp4jt1\/2026\/03\/image-146.webp","keywords":["_economia","Constru\u00e7\u00e3o","educa\u00e7\u00e3o","fundos","Fundos Europeus","obras"],"articleSection":["Economia","Finan\u00e7as"],"inLanguage":"pt-PT"},{"@type":"WebPage","@id":"https:\/\/portaltela.pt\/noticias\/2026\/03\/26\/escolas-podem-devolver-480-milhoes-a-bruxelas-por-atraso-em-centros-tecnologicos\/","url":"https:\/\/portaltela.pt\/noticias\/2026\/03\/26\/escolas-podem-devolver-480-milhoes-a-bruxelas-por-atraso-em-centros-tecnologicos\/","name":"Escolas podem devolver 480 milh\u00f5es a Bruxelas por atraso em centros tecnol\u00f3gicos - Portal Tela Portugal","isPartOf":{"@id":"https:\/\/portaltela.pt\/#website"},"primaryImageOfPage":{"@id":"https:\/\/portaltela.pt\/noticias\/2026\/03\/26\/escolas-podem-devolver-480-milhoes-a-bruxelas-por-atraso-em-centros-tecnologicos\/#primaryimage"},"image":{"@id":"https:\/\/portaltela.pt\/noticias\/2026\/03\/26\/escolas-podem-devolver-480-milhoes-a-bruxelas-por-atraso-em-centros-tecnologicos\/#primaryimage"},"thumbnailUrl":"https:\/\/portaltela.pt\/s.01k8rhncp4jt1\/2026\/03\/image-146.webp","datePublished":"2026-03-26T07:06:00+00:00","author":{"@id":"https:\/\/portaltela.pt\/#\/schema\/person\/c4278d4a6028830caff9ee44b42d32ed"},"breadcrumb":{"@id":"https:\/\/portaltela.pt\/noticias\/2026\/03\/26\/escolas-podem-devolver-480-milhoes-a-bruxelas-por-atraso-em-centros-tecnologicos\/#breadcrumb"},"inLanguage":"pt-PT","potentialAction":[{"@type":"ReadAction","target":["https:\/\/portaltela.pt\/noticias\/2026\/03\/26\/escolas-podem-devolver-480-milhoes-a-bruxelas-por-atraso-em-centros-tecnologicos\/"]}]},{"@type":"ImageObject","inLanguage":"pt-PT","@id":"https:\/\/portaltela.pt\/noticias\/2026\/03\/26\/escolas-podem-devolver-480-milhoes-a-bruxelas-por-atraso-em-centros-tecnologicos\/#primaryimage","url":"https:\/\/portaltela.pt\/s.01k8rhncp4jt1\/2026\/03\/image-146.webp","contentUrl":"https:\/\/portaltela.pt\/s.01k8rhncp4jt1\/2026\/03\/image-146.webp","width":1200,"height":800,"caption":"Muitas escolas aguardam pela entrega dos equipamentos"},{"@type":"BreadcrumbList","@id":"https:\/\/portaltela.pt\/noticias\/2026\/03\/26\/escolas-podem-devolver-480-milhoes-a-bruxelas-por-atraso-em-centros-tecnologicos\/#breadcrumb","itemListElement":[{"@type":"ListItem","position":1,"name":"In\u00edcio","item":"https:\/\/portaltela.pt\/"},{"@type":"ListItem","position":2,"name":"Escolas podem devolver 480 milh\u00f5es a Bruxelas por atraso em centros tecnol\u00f3gicos"}]},{"@type":"WebSite","@id":"https:\/\/portaltela.pt\/#website","url":"https:\/\/portaltela.pt\/","name":"Portal Tela Portugal","description":"","potentialAction":[{"@type":"SearchAction","target":{"@type":"EntryPoint","urlTemplate":"https:\/\/portaltela.pt\/?s={search_term_string}"},"query-input":{"@type":"PropertyValueSpecification","valueRequired":true,"valueName":"search_term_string"}}],"inLanguage":"pt-PT"},{"@type":"Person","@id":"https:\/\/portaltela.pt\/#\/schema\/person\/c4278d4a6028830caff9ee44b42d32ed","name":"Telinha","image":{"@type":"ImageObject","inLanguage":"pt-PT","@id":"https:\/\/portaltela.pt\/s.01k8rhncp4jt1\/2025\/11\/talking-bot-125x125.png","url":"https:\/\/portaltela.pt\/s.01k8rhncp4jt1\/2025\/11\/talking-bot-125x125.png","contentUrl":"https:\/\/portaltela.pt\/s.01k8rhncp4jt1\/2025\/11\/talking-bot-125x125.png","caption":"Telinha"},"sameAs":["https:\/\/portaltela.pt\/"],"url":"https:\/\/portaltela.pt\/por\/367410592786\/"}]}},"_links":{"self":[{"href":"https:\/\/portaltela.pt\/api\/wp\/v2\/posts\/421786","targetHints":{"allow":["GET"]}}],"collection":[{"href":"https:\/\/portaltela.pt\/api\/wp\/v2\/posts"}],"about":[{"href":"https:\/\/portaltela.pt\/api\/wp\/v2\/types\/post"}],"author":[{"embeddable":true,"href":"https:\/\/portaltela.pt\/api\/wp\/v2\/users\/2"}],"replies":[{"embeddable":true,"href":"https:\/\/portaltela.pt\/api\/wp\/v2\/comments?post=421786"}],"version-history":[{"count":0,"href":"https:\/\/portaltela.pt\/api\/wp\/v2\/posts\/421786\/revisions"}],"wp:featuredmedia":[{"embeddable":true,"href":"https:\/\/portaltela.pt\/api\/wp\/v2\/media\/421787"}],"wp:attachment":[{"href":"https:\/\/portaltela.pt\/api\/wp\/v2\/media?parent=421786"}],"wp:term":[{"taxonomy":"category","embeddable":true,"href":"https:\/\/portaltela.pt\/api\/wp\/v2\/categories?post=421786"},{"taxonomy":"post_tag","embeddable":true,"href":"https:\/\/portaltela.pt\/api\/wp\/v2\/tags?post=421786"}],"curies":[{"name":"wp","href":"https:\/\/api.w.org\/{rel}","templated":true}]}}