{"id":421775,"date":"2026-03-26T03:19:00","date_gmt":"2026-03-26T06:19:00","guid":{"rendered":"https:\/\/portaltela.pt\/noticias\/2026\/03\/26\/governo-nao-paga-ao-hospital-da-prelada-ha-cinco-meses\/"},"modified":"2026-03-26T03:19:00","modified_gmt":"2026-03-26T06:19:00","slug":"governo-nao-paga-ao-hospital-da-prelada-ha-cinco-meses","status":"publish","type":"post","link":"https:\/\/portaltela.pt\/saude\/2026\/03\/26\/governo-nao-paga-ao-hospital-da-prelada-ha-cinco-meses\/","title":{"rendered":"Governo n\u00e3o paga ao Hospital da Prelada h\u00e1 cinco meses"},"content":{"rendered":"<p>O Governo deve v\u00e1rios milh\u00f5es de euros ao Hospital da Prelada, no Porto, pela atividade prestada para o SNS. O valor est\u00e1 em atraso h\u00e1 cinco meses, segundo informa\u00e7\u00f5es do setor financeiro do hospital.<\/p>\n<p>O acordo de coopera\u00e7\u00e3o entre a Administra\u00e7\u00e3o Central do Sistema de Sa\u00fade (ACSS) e a Santa Casa da Miseric\u00f3rdia do Porto (SCMP), que gere a unidade, terminou no final de outubro e ainda n\u00e3o foi renovado. A iminente renova\u00e7\u00e3o n\u00e3o ocorreu at\u00e9 ao momento.<\/p>\n<p>Segundo a ACSS, a aus\u00eancia de autoriza\u00e7\u00e3o do Conselho de Ministros atrasou a conclus\u00e3o do processo, deixando o hospital sem a viabilidade de receber novos pagamentos sob esse regime. A gest\u00e3o p\u00fablica aponta para entraves institucionais.<\/p>\n<p>Este atraso financeiro est\u00e1 a criar constrangimentos de tesouraria no hospital, que assegura milhares de consultas, cirurgias, exames e tratamentos para utentes do SNS. O Prelada tem tamb\u00e9m o Centro de Atendimento Cl\u00ednico, inaugurado em agosto de 2024.<\/p>\n<h3>Impacto financeiro e funcionamento<\/h3>\n<p>A indefini\u00e7\u00e3o contrasta com o papel do hospital no SNS, que continua a prestar servi\u00e7os essenciais \u00e0 popula\u00e7\u00e3o, incluindo apoio a consultas e procedimentos de urg\u00eancia. A institui\u00e7\u00e3o mant\u00e9m opera\u00e7\u00f5es, apesar das limita\u00e7\u00f5es de pagamento.<\/p>\n<p>A situa\u00e7\u00e3o \u00e9 acompanhada pela ACSS e pela SCMP, que negociam a renova\u00e7\u00e3o do acordo para assegurar fluxos de caixa est\u00e1veis e o financiamento cont\u00ednuo das atividades hospitalares, sem interrup\u00e7\u00f5es no atendimento. A divulga\u00e7\u00e3o \u00e9 feita pelo P\u00daBLICO.<\/p>\n","protected":false},"excerpt":{"rendered":"<ul>\n<li>O Governo deve milh\u00f5es de euros ao Hospital da Prelada, no Porto, pela atividade prestada ao SNS.<\/li>\n<li>O acordo de coopera\u00e7\u00e3o entre a Administra\u00e7\u00e3o Central do Sistema de Sa\u00fade (ACSS) e a Santa Casa da Miseric\u00f3rdia do Porto terminou em outubro do ano passado e ainda n\u00e3o foi renovado.<\/li>\n<li>A ACSS afirma que falta autoriza\u00e7\u00e3o do Conselho de Ministros para a renova\u00e7\u00e3o do acordo.<\/li>\n<li>O atraso de cinco meses est\u00e1 a causar constrangimentos de tesouraria ao hospital, que atende utentes do SNS com consultas, cirurgias, exames e tratamentos.<\/li>\n<li>O Hospital da Prelada tamb\u00e9m gere o Centro de Atendimento Cl\u00ednico, inaugurado em agosto de 2024 pela ministra da Sa\u00fade.<\/li>\n<\/ul>\n","protected":false},"author":2,"featured_media":421781,"comment_status":"closed","ping_status":"closed","sticky":false,"template":"","format":"standard","meta":{"footnotes":""},"categories":[6745],"tags":[3863,733,34,633,982,1775],"class_list":["post-421775","post","type-post","status-publish","format-standard","has-post-thumbnail","hentry","category-saude","tag-acss","tag-financas-publicas","tag-governo","tag-hospital","tag-porto","tag-sns"],"yoast_head":"<!-- This site is optimized with the Yoast SEO plugin v27.2 - https:\/\/yoast.com\/product\/yoast-seo-wordpress\/ -->\n<title>Governo n\u00e3o paga ao Hospital da Prelada h\u00e1 cinco meses - Portal Tela Portugal<\/title>\n<meta name=\"robots\" content=\"index, follow, max-snippet:-1, max-image-preview:large, max-video-preview:-1\" \/>\n<meta property=\"og:locale\" content=\"pt_PT\" \/>\n<meta property=\"og:type\" content=\"article\" \/>\n<meta property=\"og:title\" content=\"Governo n\u00e3o paga ao Hospital da Prelada h\u00e1 cinco meses - Portal Tela Portugal\" \/>\n<meta property=\"og:description\" content=\"O Governo deve milh\u00f5es de euros ao Hospital da Prelada, no Porto, pela atividade prestada ao SNS. O acordo de coopera\u00e7\u00e3o entre a Administra\u00e7\u00e3o Central do Sistema de Sa\u00fade (ACSS) e a Santa Casa da Miseric\u00f3rdia do Porto terminou em outubro do ano passado e ainda n\u00e3o foi renovado. A ACSS afirma que falta autoriza\u00e7\u00e3o do Conselho de Ministros para a renova\u00e7\u00e3o do acordo. O atraso de cinco meses est\u00e1 a causar constrangimentos de tesouraria ao hospital, que atende utentes do SNS com consultas, cirurgias, exames e tratamentos. O Hospital da Prelada tamb\u00e9m gere o Centro de Atendimento Cl\u00ednico, inaugurado em agosto de 2024 pela ministra da Sa\u00fade.\" \/>\n<meta property=\"og:url\" content=\"https:\/\/portaltela.pt\/noticias\/2026\/03\/26\/governo-nao-paga-ao-hospital-da-prelada-ha-cinco-meses\/\" \/>\n<meta property=\"og:site_name\" content=\"Portal Tela Portugal\" \/>\n<meta property=\"article:published_time\" content=\"2026-03-26T06:19:00+00:00\" \/>\n<meta name=\"author\" content=\"Telinha\" \/>\n<meta name=\"twitter:card\" content=\"summary_large_image\" \/>\n<meta name=\"twitter:label1\" content=\"Escrito por\" \/>\n\t<meta name=\"twitter:data1\" content=\"Telinha\" \/>\n\t<meta name=\"twitter:label2\" content=\"Tempo estimado de leitura\" \/>\n\t<meta name=\"twitter:data2\" content=\"1 minuto\" \/>\n<script type=\"application\/ld+json\" class=\"yoast-schema-graph\">{\"@context\":\"https:\/\/schema.org\",\"@graph\":[{\"@type\":\"Article\",\"@id\":\"https:\/\/portaltela.pt\/noticias\/2026\/03\/26\/governo-nao-paga-ao-hospital-da-prelada-ha-cinco-meses\/#article\",\"isPartOf\":{\"@id\":\"https:\/\/portaltela.pt\/noticias\/2026\/03\/26\/governo-nao-paga-ao-hospital-da-prelada-ha-cinco-meses\/\"},\"author\":{\"name\":\"Telinha\",\"@id\":\"https:\/\/portaltela.pt\/#\/schema\/person\/c4278d4a6028830caff9ee44b42d32ed\"},\"headline\":\"Governo n\u00e3o paga ao Hospital da Prelada h\u00e1 cinco meses\",\"datePublished\":\"2026-03-26T06:19:00+00:00\",\"mainEntityOfPage\":{\"@id\":\"https:\/\/portaltela.pt\/noticias\/2026\/03\/26\/governo-nao-paga-ao-hospital-da-prelada-ha-cinco-meses\/\"},\"wordCount\":268,\"image\":{\"@id\":\"https:\/\/portaltela.pt\/noticias\/2026\/03\/26\/governo-nao-paga-ao-hospital-da-prelada-ha-cinco-meses\/#primaryimage\"},\"thumbnailUrl\":\"https:\/\/portaltela.pt\/s.01k8rhncp4jt1\/2026\/03\/2076902.jpg\",\"keywords\":[\"ACSS\",\"finan\u00e7as p\u00fablicas\",\"governo\",\"hospital\",\"Porto\",\"SNS\"],\"articleSection\":[\"Sa\u00fade\"],\"inLanguage\":\"pt-PT\"},{\"@type\":\"WebPage\",\"@id\":\"https:\/\/portaltela.pt\/noticias\/2026\/03\/26\/governo-nao-paga-ao-hospital-da-prelada-ha-cinco-meses\/\",\"url\":\"https:\/\/portaltela.pt\/noticias\/2026\/03\/26\/governo-nao-paga-ao-hospital-da-prelada-ha-cinco-meses\/\",\"name\":\"Governo n\u00e3o paga ao Hospital da Prelada h\u00e1 cinco meses - Portal Tela Portugal\",\"isPartOf\":{\"@id\":\"https:\/\/portaltela.pt\/#website\"},\"primaryImageOfPage\":{\"@id\":\"https:\/\/portaltela.pt\/noticias\/2026\/03\/26\/governo-nao-paga-ao-hospital-da-prelada-ha-cinco-meses\/#primaryimage\"},\"image\":{\"@id\":\"https:\/\/portaltela.pt\/noticias\/2026\/03\/26\/governo-nao-paga-ao-hospital-da-prelada-ha-cinco-meses\/#primaryimage\"},\"thumbnailUrl\":\"https:\/\/portaltela.pt\/s.01k8rhncp4jt1\/2026\/03\/2076902.jpg\",\"datePublished\":\"2026-03-26T06:19:00+00:00\",\"author\":{\"@id\":\"https:\/\/portaltela.pt\/#\/schema\/person\/c4278d4a6028830caff9ee44b42d32ed\"},\"breadcrumb\":{\"@id\":\"https:\/\/portaltela.pt\/noticias\/2026\/03\/26\/governo-nao-paga-ao-hospital-da-prelada-ha-cinco-meses\/#breadcrumb\"},\"inLanguage\":\"pt-PT\",\"potentialAction\":[{\"@type\":\"ReadAction\",\"target\":[\"https:\/\/portaltela.pt\/noticias\/2026\/03\/26\/governo-nao-paga-ao-hospital-da-prelada-ha-cinco-meses\/\"]}]},{\"@type\":\"ImageObject\",\"inLanguage\":\"pt-PT\",\"@id\":\"https:\/\/portaltela.pt\/noticias\/2026\/03\/26\/governo-nao-paga-ao-hospital-da-prelada-ha-cinco-meses\/#primaryimage\",\"url\":\"https:\/\/portaltela.pt\/s.01k8rhncp4jt1\/2026\/03\/2076902.jpg\",\"contentUrl\":\"https:\/\/portaltela.pt\/s.01k8rhncp4jt1\/2026\/03\/2076902.jpg\",\"width\":796,\"height\":448,\"caption\":\"Hospital da Prelada, no Porto, faz milhares de consultas, cirurgias, exames e tratamentos para o SNS. Assegura tamb\u00e9m o Centro de Atendimento Cl\u00ednico, inaugurado em Agosto de 2024 pela ministra da Sa\u00fade\"},{\"@type\":\"BreadcrumbList\",\"@id\":\"https:\/\/portaltela.pt\/noticias\/2026\/03\/26\/governo-nao-paga-ao-hospital-da-prelada-ha-cinco-meses\/#breadcrumb\",\"itemListElement\":[{\"@type\":\"ListItem\",\"position\":1,\"name\":\"In\u00edcio\",\"item\":\"https:\/\/portaltela.pt\/\"},{\"@type\":\"ListItem\",\"position\":2,\"name\":\"Governo n\u00e3o paga ao Hospital da Prelada h\u00e1 cinco meses\"}]},{\"@type\":\"WebSite\",\"@id\":\"https:\/\/portaltela.pt\/#website\",\"url\":\"https:\/\/portaltela.pt\/\",\"name\":\"Portal Tela Portugal\",\"description\":\"\",\"potentialAction\":[{\"@type\":\"SearchAction\",\"target\":{\"@type\":\"EntryPoint\",\"urlTemplate\":\"https:\/\/portaltela.pt\/?s={search_term_string}\"},\"query-input\":{\"@type\":\"PropertyValueSpecification\",\"valueRequired\":true,\"valueName\":\"search_term_string\"}}],\"inLanguage\":\"pt-PT\"},{\"@type\":\"Person\",\"@id\":\"https:\/\/portaltela.pt\/#\/schema\/person\/c4278d4a6028830caff9ee44b42d32ed\",\"name\":\"Telinha\",\"image\":{\"@type\":\"ImageObject\",\"inLanguage\":\"pt-PT\",\"@id\":\"https:\/\/portaltela.pt\/s.01k8rhncp4jt1\/2025\/11\/talking-bot-125x125.png\",\"url\":\"https:\/\/portaltela.pt\/s.01k8rhncp4jt1\/2025\/11\/talking-bot-125x125.png\",\"contentUrl\":\"https:\/\/portaltela.pt\/s.01k8rhncp4jt1\/2025\/11\/talking-bot-125x125.png\",\"caption\":\"Telinha\"},\"sameAs\":[\"https:\/\/portaltela.pt\/\"],\"url\":\"https:\/\/portaltela.pt\/por\/367410592786\/\"}]}<\/script>\n<!-- \/ Yoast SEO plugin. -->","yoast_head_json":{"title":"Governo n\u00e3o paga ao Hospital da Prelada h\u00e1 cinco meses - Portal Tela Portugal","robots":{"index":"index","follow":"follow","max-snippet":"max-snippet:-1","max-image-preview":"max-image-preview:large","max-video-preview":"max-video-preview:-1"},"og_locale":"pt_PT","og_type":"article","og_title":"Governo n\u00e3o paga ao Hospital da Prelada h\u00e1 cinco meses - Portal Tela Portugal","og_description":"O Governo deve milh\u00f5es de euros ao Hospital da Prelada, no Porto, pela atividade prestada ao SNS. O acordo de coopera\u00e7\u00e3o entre a Administra\u00e7\u00e3o Central do Sistema de Sa\u00fade (ACSS) e a Santa Casa da Miseric\u00f3rdia do Porto terminou em outubro do ano passado e ainda n\u00e3o foi renovado. A ACSS afirma que falta autoriza\u00e7\u00e3o do Conselho de Ministros para a renova\u00e7\u00e3o do acordo. O atraso de cinco meses est\u00e1 a causar constrangimentos de tesouraria ao hospital, que atende utentes do SNS com consultas, cirurgias, exames e tratamentos. O Hospital da Prelada tamb\u00e9m gere o Centro de Atendimento Cl\u00ednico, inaugurado em agosto de 2024 pela ministra da Sa\u00fade.","og_url":"https:\/\/portaltela.pt\/noticias\/2026\/03\/26\/governo-nao-paga-ao-hospital-da-prelada-ha-cinco-meses\/","og_site_name":"Portal Tela Portugal","article_published_time":"2026-03-26T06:19:00+00:00","author":"Telinha","twitter_card":"summary_large_image","twitter_misc":{"Escrito por":"Telinha","Tempo estimado de leitura":"1 minuto"},"schema":{"@context":"https:\/\/schema.org","@graph":[{"@type":"Article","@id":"https:\/\/portaltela.pt\/noticias\/2026\/03\/26\/governo-nao-paga-ao-hospital-da-prelada-ha-cinco-meses\/#article","isPartOf":{"@id":"https:\/\/portaltela.pt\/noticias\/2026\/03\/26\/governo-nao-paga-ao-hospital-da-prelada-ha-cinco-meses\/"},"author":{"name":"Telinha","@id":"https:\/\/portaltela.pt\/#\/schema\/person\/c4278d4a6028830caff9ee44b42d32ed"},"headline":"Governo n\u00e3o paga ao Hospital da Prelada h\u00e1 cinco meses","datePublished":"2026-03-26T06:19:00+00:00","mainEntityOfPage":{"@id":"https:\/\/portaltela.pt\/noticias\/2026\/03\/26\/governo-nao-paga-ao-hospital-da-prelada-ha-cinco-meses\/"},"wordCount":268,"image":{"@id":"https:\/\/portaltela.pt\/noticias\/2026\/03\/26\/governo-nao-paga-ao-hospital-da-prelada-ha-cinco-meses\/#primaryimage"},"thumbnailUrl":"https:\/\/portaltela.pt\/s.01k8rhncp4jt1\/2026\/03\/2076902.jpg","keywords":["ACSS","finan\u00e7as p\u00fablicas","governo","hospital","Porto","SNS"],"articleSection":["Sa\u00fade"],"inLanguage":"pt-PT"},{"@type":"WebPage","@id":"https:\/\/portaltela.pt\/noticias\/2026\/03\/26\/governo-nao-paga-ao-hospital-da-prelada-ha-cinco-meses\/","url":"https:\/\/portaltela.pt\/noticias\/2026\/03\/26\/governo-nao-paga-ao-hospital-da-prelada-ha-cinco-meses\/","name":"Governo n\u00e3o paga ao Hospital da Prelada h\u00e1 cinco meses - Portal Tela Portugal","isPartOf":{"@id":"https:\/\/portaltela.pt\/#website"},"primaryImageOfPage":{"@id":"https:\/\/portaltela.pt\/noticias\/2026\/03\/26\/governo-nao-paga-ao-hospital-da-prelada-ha-cinco-meses\/#primaryimage"},"image":{"@id":"https:\/\/portaltela.pt\/noticias\/2026\/03\/26\/governo-nao-paga-ao-hospital-da-prelada-ha-cinco-meses\/#primaryimage"},"thumbnailUrl":"https:\/\/portaltela.pt\/s.01k8rhncp4jt1\/2026\/03\/2076902.jpg","datePublished":"2026-03-26T06:19:00+00:00","author":{"@id":"https:\/\/portaltela.pt\/#\/schema\/person\/c4278d4a6028830caff9ee44b42d32ed"},"breadcrumb":{"@id":"https:\/\/portaltela.pt\/noticias\/2026\/03\/26\/governo-nao-paga-ao-hospital-da-prelada-ha-cinco-meses\/#breadcrumb"},"inLanguage":"pt-PT","potentialAction":[{"@type":"ReadAction","target":["https:\/\/portaltela.pt\/noticias\/2026\/03\/26\/governo-nao-paga-ao-hospital-da-prelada-ha-cinco-meses\/"]}]},{"@type":"ImageObject","inLanguage":"pt-PT","@id":"https:\/\/portaltela.pt\/noticias\/2026\/03\/26\/governo-nao-paga-ao-hospital-da-prelada-ha-cinco-meses\/#primaryimage","url":"https:\/\/portaltela.pt\/s.01k8rhncp4jt1\/2026\/03\/2076902.jpg","contentUrl":"https:\/\/portaltela.pt\/s.01k8rhncp4jt1\/2026\/03\/2076902.jpg","width":796,"height":448,"caption":"Hospital da Prelada, no Porto, faz milhares de consultas, cirurgias, exames e tratamentos para o SNS. Assegura tamb\u00e9m o Centro de Atendimento Cl\u00ednico, inaugurado em Agosto de 2024 pela ministra da Sa\u00fade"},{"@type":"BreadcrumbList","@id":"https:\/\/portaltela.pt\/noticias\/2026\/03\/26\/governo-nao-paga-ao-hospital-da-prelada-ha-cinco-meses\/#breadcrumb","itemListElement":[{"@type":"ListItem","position":1,"name":"In\u00edcio","item":"https:\/\/portaltela.pt\/"},{"@type":"ListItem","position":2,"name":"Governo n\u00e3o paga ao Hospital da Prelada h\u00e1 cinco meses"}]},{"@type":"WebSite","@id":"https:\/\/portaltela.pt\/#website","url":"https:\/\/portaltela.pt\/","name":"Portal Tela Portugal","description":"","potentialAction":[{"@type":"SearchAction","target":{"@type":"EntryPoint","urlTemplate":"https:\/\/portaltela.pt\/?s={search_term_string}"},"query-input":{"@type":"PropertyValueSpecification","valueRequired":true,"valueName":"search_term_string"}}],"inLanguage":"pt-PT"},{"@type":"Person","@id":"https:\/\/portaltela.pt\/#\/schema\/person\/c4278d4a6028830caff9ee44b42d32ed","name":"Telinha","image":{"@type":"ImageObject","inLanguage":"pt-PT","@id":"https:\/\/portaltela.pt\/s.01k8rhncp4jt1\/2025\/11\/talking-bot-125x125.png","url":"https:\/\/portaltela.pt\/s.01k8rhncp4jt1\/2025\/11\/talking-bot-125x125.png","contentUrl":"https:\/\/portaltela.pt\/s.01k8rhncp4jt1\/2025\/11\/talking-bot-125x125.png","caption":"Telinha"},"sameAs":["https:\/\/portaltela.pt\/"],"url":"https:\/\/portaltela.pt\/por\/367410592786\/"}]}},"_links":{"self":[{"href":"https:\/\/portaltela.pt\/api\/wp\/v2\/posts\/421775","targetHints":{"allow":["GET"]}}],"collection":[{"href":"https:\/\/portaltela.pt\/api\/wp\/v2\/posts"}],"about":[{"href":"https:\/\/portaltela.pt\/api\/wp\/v2\/types\/post"}],"author":[{"embeddable":true,"href":"https:\/\/portaltela.pt\/api\/wp\/v2\/users\/2"}],"replies":[{"embeddable":true,"href":"https:\/\/portaltela.pt\/api\/wp\/v2\/comments?post=421775"}],"version-history":[{"count":0,"href":"https:\/\/portaltela.pt\/api\/wp\/v2\/posts\/421775\/revisions"}],"wp:featuredmedia":[{"embeddable":true,"href":"https:\/\/portaltela.pt\/api\/wp\/v2\/media\/421781"}],"wp:attachment":[{"href":"https:\/\/portaltela.pt\/api\/wp\/v2\/media?parent=421775"}],"wp:term":[{"taxonomy":"category","embeddable":true,"href":"https:\/\/portaltela.pt\/api\/wp\/v2\/categories?post=421775"},{"taxonomy":"post_tag","embeddable":true,"href":"https:\/\/portaltela.pt\/api\/wp\/v2\/tags?post=421775"}],"curies":[{"name":"wp","href":"https:\/\/api.w.org\/{rel}","templated":true}]}}