{"id":421772,"date":"2026-03-25T21:40:00","date_gmt":"2026-03-26T00:40:00","guid":{"rendered":"https:\/\/portaltela.pt\/noticias\/2026\/03\/25\/il-junta-se-ao-psd-e-chega-no-constitucional\/"},"modified":"2026-03-25T21:40:00","modified_gmt":"2026-03-26T00:40:00","slug":"il-junta-se-ao-psd-e-chega-no-constitucional","status":"publish","type":"post","link":"https:\/\/portaltela.pt\/noticias\/2026\/03\/25\/il-junta-se-ao-psd-e-chega-no-constitucional\/","title":{"rendered":"IL junta-se ao PSD e Chega no Constitucional"},"content":{"rendered":"<p>O l\u00edder parlamentar da IL afirmou nesta quarta-feira que o partido n\u00e3o tem reservas iniciais sobre o juiz indicado pelo Chega para o Tribunal Constitucional, mas recusou-se a passar cheques em branco sem conhecer a lista completa e final. O objetivo \u00e9 clarificar o alinhamento entre as forma\u00e7\u00f5es envolvidas no processo.<\/p>\n<p>A declara\u00e7\u00e3o enquadra-se num momento de impasse no TC, com tr\u00eas forma\u00e7\u00f5es \u2014 IL, PSD e Chega \u2014 a debat\u00ea-lo. N\u00e3o foram adiantados prazos ou condi\u00e7\u00f5es adicionais, apenas o pedido de transpar\u00eancia sobre os nomes propostos.<\/p>\n<p>Perante este cen\u00e1rio, surgem d\u00favidas sobre a eventual resolu\u00e7\u00e3o do desacordo. As partes mant\u00eam o foco na constitui\u00e7\u00e3o da maior parte da composi\u00e7\u00e3o do TC, enquanto se aguarda a divulga\u00e7\u00e3o da lista completa dos indicados.<\/p>\n<h3>Proposta de nomes e o papel do TC<\/h3>\n<p>A leitura pol\u00edtica aponta para uma poss\u00edvel aproxima\u00e7\u00e3o entre IL, PSD e Chega na composi\u00e7\u00e3o do TC. A aprecia\u00e7\u00e3o p\u00fablica depende da divulga\u00e7\u00e3o oficial da lista de ju\u00edzes propostos e da aceita\u00e7\u00e3o de eventuais compromissos de entreajuda entre as bancadas.<\/p>\n","protected":false},"excerpt":{"rendered":"<ul>\n<li>IL junta-se ao PSD e ao Chega no processo de indicar ju\u00edzes ao Tribunal Constitucional, aproximando-se de uma solu\u00e7\u00e3o para o impasse.<\/li>\n<li>O l\u00edder parlamentar da IL disse, na quarta-feira, que o partido n\u00e3o tem reservas iniciais sobre o juiz proposto pelo Chega, mas quer ver a lista completa antes de avan\u00e7ar.<\/li>\n<li>A posi\u00e7\u00e3o indica que uma resolu\u00e7\u00e3o para o impasse no TC pode estar mais pr\u00f3xima.<\/li>\n<li>O processo envolve indica\u00e7\u00f5es para o Tribunal Constitucional e a forma\u00e7\u00e3o de uma maioria entre os partidos.<\/li>\n<li>N\u00e3o h\u00e1, no excerto, nova lista apresentada nem prazos definidos.<\/li>\n<\/ul>\n","protected":false},"author":2,"featured_media":421776,"comment_status":"closed","ping_status":"closed","sticky":false,"template":"","format":"standard","meta":{"footnotes":""},"categories":[6815,1],"tags":[2142,4057,2611,2832,3695,7405],"class_list":["post-421772","post","type-post","status-publish","format-standard","has-post-thumbnail","hentry","category-justica","category-noticias","tag-chega","tag-constituicao","tag-il","tag-politica","tag-psd","tag-tribunal-constitucional"],"yoast_head":"<!-- This site is optimized with the Yoast SEO plugin v27.2 - https:\/\/yoast.com\/product\/yoast-seo-wordpress\/ -->\n<title>IL junta-se ao PSD e Chega no Constitucional - Portal Tela Portugal<\/title>\n<meta name=\"robots\" content=\"index, follow, max-snippet:-1, max-image-preview:large, max-video-preview:-1\" \/>\n<meta property=\"og:locale\" content=\"pt_PT\" \/>\n<meta property=\"og:type\" content=\"article\" \/>\n<meta property=\"og:title\" content=\"IL junta-se ao PSD e Chega no Constitucional - Portal Tela Portugal\" \/>\n<meta property=\"og:description\" content=\"IL junta-se ao PSD e ao Chega no processo de indicar ju\u00edzes ao Tribunal Constitucional, aproximando-se de uma solu\u00e7\u00e3o para o impasse. O l\u00edder parlamentar da IL disse, na quarta-feira, que o partido n\u00e3o tem reservas iniciais sobre o juiz proposto pelo Chega, mas quer ver a lista completa antes de avan\u00e7ar. A posi\u00e7\u00e3o indica que uma resolu\u00e7\u00e3o para o impasse no TC pode estar mais pr\u00f3xima. O processo envolve indica\u00e7\u00f5es para o Tribunal Constitucional e a forma\u00e7\u00e3o de uma maioria entre os partidos. N\u00e3o h\u00e1, no excerto, nova lista apresentada nem prazos definidos.\" \/>\n<meta property=\"og:url\" content=\"https:\/\/portaltela.pt\/noticias\/2026\/03\/25\/il-junta-se-ao-psd-e-chega-no-constitucional\/\" \/>\n<meta property=\"og:site_name\" content=\"Portal Tela Portugal\" \/>\n<meta property=\"article:published_time\" content=\"2026-03-26T00:40:00+00:00\" \/>\n<meta name=\"author\" content=\"Telinha\" \/>\n<meta name=\"twitter:card\" content=\"summary_large_image\" \/>\n<meta name=\"twitter:label1\" content=\"Escrito por\" \/>\n\t<meta name=\"twitter:data1\" content=\"Telinha\" \/>\n\t<meta name=\"twitter:label2\" content=\"Tempo estimado de leitura\" \/>\n\t<meta name=\"twitter:data2\" content=\"1 minuto\" \/>\n<script type=\"application\/ld+json\" class=\"yoast-schema-graph\">{\"@context\":\"https:\/\/schema.org\",\"@graph\":[{\"@type\":\"Article\",\"@id\":\"https:\/\/portaltela.pt\/noticias\/2026\/03\/25\/il-junta-se-ao-psd-e-chega-no-constitucional\/#article\",\"isPartOf\":{\"@id\":\"https:\/\/portaltela.pt\/noticias\/2026\/03\/25\/il-junta-se-ao-psd-e-chega-no-constitucional\/\"},\"author\":{\"name\":\"Telinha\",\"@id\":\"https:\/\/portaltela.pt\/#\/schema\/person\/c4278d4a6028830caff9ee44b42d32ed\"},\"headline\":\"IL junta-se ao PSD e Chega no Constitucional\",\"datePublished\":\"2026-03-26T00:40:00+00:00\",\"mainEntityOfPage\":{\"@id\":\"https:\/\/portaltela.pt\/noticias\/2026\/03\/25\/il-junta-se-ao-psd-e-chega-no-constitucional\/\"},\"wordCount\":201,\"image\":{\"@id\":\"https:\/\/portaltela.pt\/noticias\/2026\/03\/25\/il-junta-se-ao-psd-e-chega-no-constitucional\/#primaryimage\"},\"thumbnailUrl\":\"https:\/\/portaltela.pt\/s.01k8rhncp4jt1\/2026\/03\/tpUHdbIMAGENStypeJPGshare1oBarraFacebook_Podcasts-1.jpg\",\"keywords\":[\"CHEGA\",\"constitui\u00e7\u00e3o\",\"IL\",\"pol\u00edtica\",\"PSD\",\"Tribunal Constitucional\"],\"articleSection\":[\"Justi\u00e7a\",\"Not\u00edcias\"],\"inLanguage\":\"pt-PT\"},{\"@type\":\"WebPage\",\"@id\":\"https:\/\/portaltela.pt\/noticias\/2026\/03\/25\/il-junta-se-ao-psd-e-chega-no-constitucional\/\",\"url\":\"https:\/\/portaltela.pt\/noticias\/2026\/03\/25\/il-junta-se-ao-psd-e-chega-no-constitucional\/\",\"name\":\"IL junta-se ao PSD e Chega no Constitucional - Portal Tela Portugal\",\"isPartOf\":{\"@id\":\"https:\/\/portaltela.pt\/#website\"},\"primaryImageOfPage\":{\"@id\":\"https:\/\/portaltela.pt\/noticias\/2026\/03\/25\/il-junta-se-ao-psd-e-chega-no-constitucional\/#primaryimage\"},\"image\":{\"@id\":\"https:\/\/portaltela.pt\/noticias\/2026\/03\/25\/il-junta-se-ao-psd-e-chega-no-constitucional\/#primaryimage\"},\"thumbnailUrl\":\"https:\/\/portaltela.pt\/s.01k8rhncp4jt1\/2026\/03\/tpUHdbIMAGENStypeJPGshare1oBarraFacebook_Podcasts-1.jpg\",\"datePublished\":\"2026-03-26T00:40:00+00:00\",\"author\":{\"@id\":\"https:\/\/portaltela.pt\/#\/schema\/person\/c4278d4a6028830caff9ee44b42d32ed\"},\"breadcrumb\":{\"@id\":\"https:\/\/portaltela.pt\/noticias\/2026\/03\/25\/il-junta-se-ao-psd-e-chega-no-constitucional\/#breadcrumb\"},\"inLanguage\":\"pt-PT\",\"potentialAction\":[{\"@type\":\"ReadAction\",\"target\":[\"https:\/\/portaltela.pt\/noticias\/2026\/03\/25\/il-junta-se-ao-psd-e-chega-no-constitucional\/\"]}]},{\"@type\":\"ImageObject\",\"inLanguage\":\"pt-PT\",\"@id\":\"https:\/\/portaltela.pt\/noticias\/2026\/03\/25\/il-junta-se-ao-psd-e-chega-no-constitucional\/#primaryimage\",\"url\":\"https:\/\/portaltela.pt\/s.01k8rhncp4jt1\/2026\/03\/tpUHdbIMAGENStypeJPGshare1oBarraFacebook_Podcasts-1.jpg\",\"contentUrl\":\"https:\/\/portaltela.pt\/s.01k8rhncp4jt1\/2026\/03\/tpUHdbIMAGENStypeJPGshare1oBarraFacebook_Podcasts-1.jpg\",\"width\":1200,\"height\":630,\"caption\":\"Photo\"},{\"@type\":\"BreadcrumbList\",\"@id\":\"https:\/\/portaltela.pt\/noticias\/2026\/03\/25\/il-junta-se-ao-psd-e-chega-no-constitucional\/#breadcrumb\",\"itemListElement\":[{\"@type\":\"ListItem\",\"position\":1,\"name\":\"In\u00edcio\",\"item\":\"https:\/\/portaltela.pt\/\"},{\"@type\":\"ListItem\",\"position\":2,\"name\":\"IL junta-se ao PSD e Chega no Constitucional\"}]},{\"@type\":\"WebSite\",\"@id\":\"https:\/\/portaltela.pt\/#website\",\"url\":\"https:\/\/portaltela.pt\/\",\"name\":\"Portal Tela Portugal\",\"description\":\"\",\"potentialAction\":[{\"@type\":\"SearchAction\",\"target\":{\"@type\":\"EntryPoint\",\"urlTemplate\":\"https:\/\/portaltela.pt\/?s={search_term_string}\"},\"query-input\":{\"@type\":\"PropertyValueSpecification\",\"valueRequired\":true,\"valueName\":\"search_term_string\"}}],\"inLanguage\":\"pt-PT\"},{\"@type\":\"Person\",\"@id\":\"https:\/\/portaltela.pt\/#\/schema\/person\/c4278d4a6028830caff9ee44b42d32ed\",\"name\":\"Telinha\",\"image\":{\"@type\":\"ImageObject\",\"inLanguage\":\"pt-PT\",\"@id\":\"https:\/\/portaltela.pt\/s.01k8rhncp4jt1\/2025\/11\/talking-bot-125x125.png\",\"url\":\"https:\/\/portaltela.pt\/s.01k8rhncp4jt1\/2025\/11\/talking-bot-125x125.png\",\"contentUrl\":\"https:\/\/portaltela.pt\/s.01k8rhncp4jt1\/2025\/11\/talking-bot-125x125.png\",\"caption\":\"Telinha\"},\"sameAs\":[\"https:\/\/portaltela.pt\/\"],\"url\":\"https:\/\/portaltela.pt\/por\/367410592786\/\"}]}<\/script>\n<!-- \/ Yoast SEO plugin. -->","yoast_head_json":{"title":"IL junta-se ao PSD e Chega no Constitucional - Portal Tela Portugal","robots":{"index":"index","follow":"follow","max-snippet":"max-snippet:-1","max-image-preview":"max-image-preview:large","max-video-preview":"max-video-preview:-1"},"og_locale":"pt_PT","og_type":"article","og_title":"IL junta-se ao PSD e Chega no Constitucional - Portal Tela Portugal","og_description":"IL junta-se ao PSD e ao Chega no processo de indicar ju\u00edzes ao Tribunal Constitucional, aproximando-se de uma solu\u00e7\u00e3o para o impasse. O l\u00edder parlamentar da IL disse, na quarta-feira, que o partido n\u00e3o tem reservas iniciais sobre o juiz proposto pelo Chega, mas quer ver a lista completa antes de avan\u00e7ar. A posi\u00e7\u00e3o indica que uma resolu\u00e7\u00e3o para o impasse no TC pode estar mais pr\u00f3xima. O processo envolve indica\u00e7\u00f5es para o Tribunal Constitucional e a forma\u00e7\u00e3o de uma maioria entre os partidos. N\u00e3o h\u00e1, no excerto, nova lista apresentada nem prazos definidos.","og_url":"https:\/\/portaltela.pt\/noticias\/2026\/03\/25\/il-junta-se-ao-psd-e-chega-no-constitucional\/","og_site_name":"Portal Tela Portugal","article_published_time":"2026-03-26T00:40:00+00:00","author":"Telinha","twitter_card":"summary_large_image","twitter_misc":{"Escrito por":"Telinha","Tempo estimado de leitura":"1 minuto"},"schema":{"@context":"https:\/\/schema.org","@graph":[{"@type":"Article","@id":"https:\/\/portaltela.pt\/noticias\/2026\/03\/25\/il-junta-se-ao-psd-e-chega-no-constitucional\/#article","isPartOf":{"@id":"https:\/\/portaltela.pt\/noticias\/2026\/03\/25\/il-junta-se-ao-psd-e-chega-no-constitucional\/"},"author":{"name":"Telinha","@id":"https:\/\/portaltela.pt\/#\/schema\/person\/c4278d4a6028830caff9ee44b42d32ed"},"headline":"IL junta-se ao PSD e Chega no Constitucional","datePublished":"2026-03-26T00:40:00+00:00","mainEntityOfPage":{"@id":"https:\/\/portaltela.pt\/noticias\/2026\/03\/25\/il-junta-se-ao-psd-e-chega-no-constitucional\/"},"wordCount":201,"image":{"@id":"https:\/\/portaltela.pt\/noticias\/2026\/03\/25\/il-junta-se-ao-psd-e-chega-no-constitucional\/#primaryimage"},"thumbnailUrl":"https:\/\/portaltela.pt\/s.01k8rhncp4jt1\/2026\/03\/tpUHdbIMAGENStypeJPGshare1oBarraFacebook_Podcasts-1.jpg","keywords":["CHEGA","constitui\u00e7\u00e3o","IL","pol\u00edtica","PSD","Tribunal Constitucional"],"articleSection":["Justi\u00e7a","Not\u00edcias"],"inLanguage":"pt-PT"},{"@type":"WebPage","@id":"https:\/\/portaltela.pt\/noticias\/2026\/03\/25\/il-junta-se-ao-psd-e-chega-no-constitucional\/","url":"https:\/\/portaltela.pt\/noticias\/2026\/03\/25\/il-junta-se-ao-psd-e-chega-no-constitucional\/","name":"IL junta-se ao PSD e Chega no Constitucional - Portal Tela Portugal","isPartOf":{"@id":"https:\/\/portaltela.pt\/#website"},"primaryImageOfPage":{"@id":"https:\/\/portaltela.pt\/noticias\/2026\/03\/25\/il-junta-se-ao-psd-e-chega-no-constitucional\/#primaryimage"},"image":{"@id":"https:\/\/portaltela.pt\/noticias\/2026\/03\/25\/il-junta-se-ao-psd-e-chega-no-constitucional\/#primaryimage"},"thumbnailUrl":"https:\/\/portaltela.pt\/s.01k8rhncp4jt1\/2026\/03\/tpUHdbIMAGENStypeJPGshare1oBarraFacebook_Podcasts-1.jpg","datePublished":"2026-03-26T00:40:00+00:00","author":{"@id":"https:\/\/portaltela.pt\/#\/schema\/person\/c4278d4a6028830caff9ee44b42d32ed"},"breadcrumb":{"@id":"https:\/\/portaltela.pt\/noticias\/2026\/03\/25\/il-junta-se-ao-psd-e-chega-no-constitucional\/#breadcrumb"},"inLanguage":"pt-PT","potentialAction":[{"@type":"ReadAction","target":["https:\/\/portaltela.pt\/noticias\/2026\/03\/25\/il-junta-se-ao-psd-e-chega-no-constitucional\/"]}]},{"@type":"ImageObject","inLanguage":"pt-PT","@id":"https:\/\/portaltela.pt\/noticias\/2026\/03\/25\/il-junta-se-ao-psd-e-chega-no-constitucional\/#primaryimage","url":"https:\/\/portaltela.pt\/s.01k8rhncp4jt1\/2026\/03\/tpUHdbIMAGENStypeJPGshare1oBarraFacebook_Podcasts-1.jpg","contentUrl":"https:\/\/portaltela.pt\/s.01k8rhncp4jt1\/2026\/03\/tpUHdbIMAGENStypeJPGshare1oBarraFacebook_Podcasts-1.jpg","width":1200,"height":630,"caption":"Photo"},{"@type":"BreadcrumbList","@id":"https:\/\/portaltela.pt\/noticias\/2026\/03\/25\/il-junta-se-ao-psd-e-chega-no-constitucional\/#breadcrumb","itemListElement":[{"@type":"ListItem","position":1,"name":"In\u00edcio","item":"https:\/\/portaltela.pt\/"},{"@type":"ListItem","position":2,"name":"IL junta-se ao PSD e Chega no Constitucional"}]},{"@type":"WebSite","@id":"https:\/\/portaltela.pt\/#website","url":"https:\/\/portaltela.pt\/","name":"Portal Tela Portugal","description":"","potentialAction":[{"@type":"SearchAction","target":{"@type":"EntryPoint","urlTemplate":"https:\/\/portaltela.pt\/?s={search_term_string}"},"query-input":{"@type":"PropertyValueSpecification","valueRequired":true,"valueName":"search_term_string"}}],"inLanguage":"pt-PT"},{"@type":"Person","@id":"https:\/\/portaltela.pt\/#\/schema\/person\/c4278d4a6028830caff9ee44b42d32ed","name":"Telinha","image":{"@type":"ImageObject","inLanguage":"pt-PT","@id":"https:\/\/portaltela.pt\/s.01k8rhncp4jt1\/2025\/11\/talking-bot-125x125.png","url":"https:\/\/portaltela.pt\/s.01k8rhncp4jt1\/2025\/11\/talking-bot-125x125.png","contentUrl":"https:\/\/portaltela.pt\/s.01k8rhncp4jt1\/2025\/11\/talking-bot-125x125.png","caption":"Telinha"},"sameAs":["https:\/\/portaltela.pt\/"],"url":"https:\/\/portaltela.pt\/por\/367410592786\/"}]}},"_links":{"self":[{"href":"https:\/\/portaltela.pt\/api\/wp\/v2\/posts\/421772","targetHints":{"allow":["GET"]}}],"collection":[{"href":"https:\/\/portaltela.pt\/api\/wp\/v2\/posts"}],"about":[{"href":"https:\/\/portaltela.pt\/api\/wp\/v2\/types\/post"}],"author":[{"embeddable":true,"href":"https:\/\/portaltela.pt\/api\/wp\/v2\/users\/2"}],"replies":[{"embeddable":true,"href":"https:\/\/portaltela.pt\/api\/wp\/v2\/comments?post=421772"}],"version-history":[{"count":0,"href":"https:\/\/portaltela.pt\/api\/wp\/v2\/posts\/421772\/revisions"}],"wp:featuredmedia":[{"embeddable":true,"href":"https:\/\/portaltela.pt\/api\/wp\/v2\/media\/421776"}],"wp:attachment":[{"href":"https:\/\/portaltela.pt\/api\/wp\/v2\/media?parent=421772"}],"wp:term":[{"taxonomy":"category","embeddable":true,"href":"https:\/\/portaltela.pt\/api\/wp\/v2\/categories?post=421772"},{"taxonomy":"post_tag","embeddable":true,"href":"https:\/\/portaltela.pt\/api\/wp\/v2\/tags?post=421772"}],"curies":[{"name":"wp","href":"https:\/\/api.w.org\/{rel}","templated":true}]}}