{"id":421766,"date":"2026-03-26T03:45:00","date_gmt":"2026-03-26T06:45:00","guid":{"rendered":"https:\/\/portaltela.pt\/noticias\/2026\/03\/26\/juizes-do-constitucional-tem-ideologia-mas-nao-decidem-por-partido\/"},"modified":"2026-03-26T03:45:00","modified_gmt":"2026-03-26T06:45:00","slug":"juizes-do-constitucional-tem-ideologia-mas-nao-decidem-por-partido","status":"publish","type":"post","link":"https:\/\/portaltela.pt\/noticias\/2026\/03\/26\/juizes-do-constitucional-tem-ideologia-mas-nao-decidem-por-partido\/","title":{"rendered":"Ju\u00edzes do Constitucional t\u00eam ideologia, mas n\u00e3o decidem por partido"},"content":{"rendered":"<p>Os ju\u00edzes do Tribunal Constitucional (TC) apresentam uma orienta\u00e7\u00e3o ideol\u00f3gica, mas isso n\u00e3o implica decis\u00f5es condicionadas por alinhamento partid\u00e1rio. Este \u00e9 o ponto central de tr\u00eas estudos sobre o comportamento judicial no TC.<\/p>\n<p>Os autores apontam para a exist\u00eancia de sensibilidades ideol\u00f3gicas entre magistrados, ainda que n\u00e3o haja evid\u00eancia de um padr\u00e3o de liga\u00e7\u00e3o entre as decis\u00f5es e os partidos que os indicaram.<\/p>\n<p>Segundo as an\u00e1lises, o peso de convic\u00e7\u00f5es pol\u00edticas \u00e9 natural no exerc\u00edcio judicial, por\u00e9m n\u00e3o se verifica uma linha previs\u00edvel de vota\u00e7\u00f5es conforme o partido de origem dos indicados.<\/p>\n<h3>Ideologia e decis\u00f5es no TC<\/h3>\n<p>Os estudos discutem que a ideologia n\u00e3o traduz, por si, uma disciplina de voto alinhada a favor de algum agrupamento pol\u00edtico.<\/p>\n<p>Os autores defendem uma leitura mais complexa, na qual fatores institucionais e jur\u00eddicos modulam o comportamento dos ju\u00edzes, tornando as decis\u00f5es menos previs\u00edveis.<\/p>\n<h3>Sobre o enquadramento institucional<\/h3>\n<p>A pesquisa enfatiza que o TC opera com prerrogativas pr\u00f3prias e que o papel dos ju\u00edzes pode sofrer influ\u00eancias diversas, sem seguir estritamente uma agenda partid\u00e1ria.<\/p>\n<p>O foco \u00e9 entender como as sensibilidades individuais coexistem com o funcionamento institucional, sem afirmar uma depend\u00eancia direta entre o alinhamento partid\u00e1rio e o veredito.<\/p>\n","protected":false},"excerpt":{"rendered":"<ul>\n<li>Os ju\u00edzes do Tribunal Constitucional (TC) t\u00eam ideologia, segundo estudos.<\/li>\n<li>Por\u00e9m, essa ideologia n\u00e3o implica decis\u00f5es em fun\u00e7\u00e3o de alinhamento partid\u00e1rio.<\/li>\n<li>Pesquisadores apontam sensibilidades ideol\u00f3gicas, mas sem padr\u00e3o consistente de liga\u00e7\u00e3o a partidos que os indicaram.<\/li>\n<li>O P\u00daBLICO entrevistou tr\u00eas autores de estudos sobre o comportamento judicial no TC.<\/li>\n<\/ul>\n","protected":false},"author":2,"featured_media":421767,"comment_status":"closed","ping_status":"closed","sticky":false,"template":"","format":"standard","meta":{"footnotes":""},"categories":[6815,1],"tags":[3254,4057,6337,7283,2832,6208],"class_list":["post-421766","post","type-post","status-publish","format-standard","has-post-thumbnail","hentry","category-justica","category-noticias","tag-constitucionalistas","tag-constituicao","tag-direito","tag-instituicao-publica","tag-politica","tag-tribunais"],"yoast_head":"<!-- This site is optimized with the Yoast SEO plugin v27.2 - https:\/\/yoast.com\/product\/yoast-seo-wordpress\/ -->\n<title>Ju\u00edzes do Constitucional t\u00eam ideologia, mas n\u00e3o decidem por partido - Portal Tela Portugal<\/title>\n<meta name=\"robots\" content=\"index, follow, max-snippet:-1, max-image-preview:large, max-video-preview:-1\" \/>\n<meta property=\"og:locale\" content=\"pt_PT\" \/>\n<meta property=\"og:type\" content=\"article\" \/>\n<meta property=\"og:title\" content=\"Ju\u00edzes do Constitucional t\u00eam ideologia, mas n\u00e3o decidem por partido - Portal Tela Portugal\" \/>\n<meta property=\"og:description\" content=\"Os ju\u00edzes do Tribunal Constitucional (TC) t\u00eam ideologia, segundo estudos. Por\u00e9m, essa ideologia n\u00e3o implica decis\u00f5es em fun\u00e7\u00e3o de alinhamento partid\u00e1rio. Pesquisadores apontam sensibilidades ideol\u00f3gicas, mas sem padr\u00e3o consistente de liga\u00e7\u00e3o a partidos que os indicaram. O P\u00daBLICO entrevistou tr\u00eas autores de estudos sobre o comportamento judicial no TC.\" \/>\n<meta property=\"og:url\" content=\"https:\/\/portaltela.pt\/noticias\/2026\/03\/26\/juizes-do-constitucional-tem-ideologia-mas-nao-decidem-por-partido\/\" \/>\n<meta property=\"og:site_name\" content=\"Portal Tela Portugal\" \/>\n<meta property=\"article:published_time\" content=\"2026-03-26T06:45:00+00:00\" \/>\n<meta name=\"author\" content=\"Telinha\" \/>\n<meta name=\"twitter:card\" content=\"summary_large_image\" \/>\n<meta name=\"twitter:label1\" content=\"Escrito por\" \/>\n\t<meta name=\"twitter:data1\" content=\"Telinha\" \/>\n\t<meta name=\"twitter:label2\" content=\"Tempo estimado de leitura\" \/>\n\t<meta name=\"twitter:data2\" content=\"1 minuto\" \/>\n<script type=\"application\/ld+json\" class=\"yoast-schema-graph\">{\"@context\":\"https:\/\/schema.org\",\"@graph\":[{\"@type\":\"Article\",\"@id\":\"https:\/\/portaltela.pt\/noticias\/2026\/03\/26\/juizes-do-constitucional-tem-ideologia-mas-nao-decidem-por-partido\/#article\",\"isPartOf\":{\"@id\":\"https:\/\/portaltela.pt\/noticias\/2026\/03\/26\/juizes-do-constitucional-tem-ideologia-mas-nao-decidem-por-partido\/\"},\"author\":{\"name\":\"Telinha\",\"@id\":\"https:\/\/portaltela.pt\/#\/schema\/person\/c4278d4a6028830caff9ee44b42d32ed\"},\"headline\":\"Ju\u00edzes do Constitucional t\u00eam ideologia, mas n\u00e3o decidem por partido\",\"datePublished\":\"2026-03-26T06:45:00+00:00\",\"mainEntityOfPage\":{\"@id\":\"https:\/\/portaltela.pt\/noticias\/2026\/03\/26\/juizes-do-constitucional-tem-ideologia-mas-nao-decidem-por-partido\/\"},\"wordCount\":241,\"image\":{\"@id\":\"https:\/\/portaltela.pt\/noticias\/2026\/03\/26\/juizes-do-constitucional-tem-ideologia-mas-nao-decidem-por-partido\/#primaryimage\"},\"thumbnailUrl\":\"https:\/\/portaltela.pt\/s.01k8rhncp4jt1\/2026\/03\/tpUHdbIMAGENStypeJPGshare1oBarraFacebook_Publico-75.jpg\",\"keywords\":[\"Constitucionalistas\",\"constitui\u00e7\u00e3o\",\"direito\",\"institui\u00e7\u00e3o p\u00fablica\",\"pol\u00edtica\",\"Tribunais\"],\"articleSection\":[\"Justi\u00e7a\",\"Not\u00edcias\"],\"inLanguage\":\"pt-PT\"},{\"@type\":\"WebPage\",\"@id\":\"https:\/\/portaltela.pt\/noticias\/2026\/03\/26\/juizes-do-constitucional-tem-ideologia-mas-nao-decidem-por-partido\/\",\"url\":\"https:\/\/portaltela.pt\/noticias\/2026\/03\/26\/juizes-do-constitucional-tem-ideologia-mas-nao-decidem-por-partido\/\",\"name\":\"Ju\u00edzes do Constitucional t\u00eam ideologia, mas n\u00e3o decidem por partido - Portal Tela Portugal\",\"isPartOf\":{\"@id\":\"https:\/\/portaltela.pt\/#website\"},\"primaryImageOfPage\":{\"@id\":\"https:\/\/portaltela.pt\/noticias\/2026\/03\/26\/juizes-do-constitucional-tem-ideologia-mas-nao-decidem-por-partido\/#primaryimage\"},\"image\":{\"@id\":\"https:\/\/portaltela.pt\/noticias\/2026\/03\/26\/juizes-do-constitucional-tem-ideologia-mas-nao-decidem-por-partido\/#primaryimage\"},\"thumbnailUrl\":\"https:\/\/portaltela.pt\/s.01k8rhncp4jt1\/2026\/03\/tpUHdbIMAGENStypeJPGshare1oBarraFacebook_Publico-75.jpg\",\"datePublished\":\"2026-03-26T06:45:00+00:00\",\"author\":{\"@id\":\"https:\/\/portaltela.pt\/#\/schema\/person\/c4278d4a6028830caff9ee44b42d32ed\"},\"breadcrumb\":{\"@id\":\"https:\/\/portaltela.pt\/noticias\/2026\/03\/26\/juizes-do-constitucional-tem-ideologia-mas-nao-decidem-por-partido\/#breadcrumb\"},\"inLanguage\":\"pt-PT\",\"potentialAction\":[{\"@type\":\"ReadAction\",\"target\":[\"https:\/\/portaltela.pt\/noticias\/2026\/03\/26\/juizes-do-constitucional-tem-ideologia-mas-nao-decidem-por-partido\/\"]}]},{\"@type\":\"ImageObject\",\"inLanguage\":\"pt-PT\",\"@id\":\"https:\/\/portaltela.pt\/noticias\/2026\/03\/26\/juizes-do-constitucional-tem-ideologia-mas-nao-decidem-por-partido\/#primaryimage\",\"url\":\"https:\/\/portaltela.pt\/s.01k8rhncp4jt1\/2026\/03\/tpUHdbIMAGENStypeJPGshare1oBarraFacebook_Publico-75.jpg\",\"contentUrl\":\"https:\/\/portaltela.pt\/s.01k8rhncp4jt1\/2026\/03\/tpUHdbIMAGENStypeJPGshare1oBarraFacebook_Publico-75.jpg\",\"width\":1200,\"height\":630,\"caption\":\"O Tribunal Constitucional foi formalmente criado em 1983\"},{\"@type\":\"BreadcrumbList\",\"@id\":\"https:\/\/portaltela.pt\/noticias\/2026\/03\/26\/juizes-do-constitucional-tem-ideologia-mas-nao-decidem-por-partido\/#breadcrumb\",\"itemListElement\":[{\"@type\":\"ListItem\",\"position\":1,\"name\":\"In\u00edcio\",\"item\":\"https:\/\/portaltela.pt\/\"},{\"@type\":\"ListItem\",\"position\":2,\"name\":\"Ju\u00edzes do Constitucional t\u00eam ideologia, mas n\u00e3o decidem por partido\"}]},{\"@type\":\"WebSite\",\"@id\":\"https:\/\/portaltela.pt\/#website\",\"url\":\"https:\/\/portaltela.pt\/\",\"name\":\"Portal Tela Portugal\",\"description\":\"\",\"potentialAction\":[{\"@type\":\"SearchAction\",\"target\":{\"@type\":\"EntryPoint\",\"urlTemplate\":\"https:\/\/portaltela.pt\/?s={search_term_string}\"},\"query-input\":{\"@type\":\"PropertyValueSpecification\",\"valueRequired\":true,\"valueName\":\"search_term_string\"}}],\"inLanguage\":\"pt-PT\"},{\"@type\":\"Person\",\"@id\":\"https:\/\/portaltela.pt\/#\/schema\/person\/c4278d4a6028830caff9ee44b42d32ed\",\"name\":\"Telinha\",\"image\":{\"@type\":\"ImageObject\",\"inLanguage\":\"pt-PT\",\"@id\":\"https:\/\/portaltela.pt\/s.01k8rhncp4jt1\/2025\/11\/talking-bot-125x125.png\",\"url\":\"https:\/\/portaltela.pt\/s.01k8rhncp4jt1\/2025\/11\/talking-bot-125x125.png\",\"contentUrl\":\"https:\/\/portaltela.pt\/s.01k8rhncp4jt1\/2025\/11\/talking-bot-125x125.png\",\"caption\":\"Telinha\"},\"sameAs\":[\"https:\/\/portaltela.pt\/\"],\"url\":\"https:\/\/portaltela.pt\/por\/367410592786\/\"}]}<\/script>\n<!-- \/ Yoast SEO plugin. -->","yoast_head_json":{"title":"Ju\u00edzes do Constitucional t\u00eam ideologia, mas n\u00e3o decidem por partido - Portal Tela Portugal","robots":{"index":"index","follow":"follow","max-snippet":"max-snippet:-1","max-image-preview":"max-image-preview:large","max-video-preview":"max-video-preview:-1"},"og_locale":"pt_PT","og_type":"article","og_title":"Ju\u00edzes do Constitucional t\u00eam ideologia, mas n\u00e3o decidem por partido - Portal Tela Portugal","og_description":"Os ju\u00edzes do Tribunal Constitucional (TC) t\u00eam ideologia, segundo estudos. Por\u00e9m, essa ideologia n\u00e3o implica decis\u00f5es em fun\u00e7\u00e3o de alinhamento partid\u00e1rio. Pesquisadores apontam sensibilidades ideol\u00f3gicas, mas sem padr\u00e3o consistente de liga\u00e7\u00e3o a partidos que os indicaram. O P\u00daBLICO entrevistou tr\u00eas autores de estudos sobre o comportamento judicial no TC.","og_url":"https:\/\/portaltela.pt\/noticias\/2026\/03\/26\/juizes-do-constitucional-tem-ideologia-mas-nao-decidem-por-partido\/","og_site_name":"Portal Tela Portugal","article_published_time":"2026-03-26T06:45:00+00:00","author":"Telinha","twitter_card":"summary_large_image","twitter_misc":{"Escrito por":"Telinha","Tempo estimado de leitura":"1 minuto"},"schema":{"@context":"https:\/\/schema.org","@graph":[{"@type":"Article","@id":"https:\/\/portaltela.pt\/noticias\/2026\/03\/26\/juizes-do-constitucional-tem-ideologia-mas-nao-decidem-por-partido\/#article","isPartOf":{"@id":"https:\/\/portaltela.pt\/noticias\/2026\/03\/26\/juizes-do-constitucional-tem-ideologia-mas-nao-decidem-por-partido\/"},"author":{"name":"Telinha","@id":"https:\/\/portaltela.pt\/#\/schema\/person\/c4278d4a6028830caff9ee44b42d32ed"},"headline":"Ju\u00edzes do Constitucional t\u00eam ideologia, mas n\u00e3o decidem por partido","datePublished":"2026-03-26T06:45:00+00:00","mainEntityOfPage":{"@id":"https:\/\/portaltela.pt\/noticias\/2026\/03\/26\/juizes-do-constitucional-tem-ideologia-mas-nao-decidem-por-partido\/"},"wordCount":241,"image":{"@id":"https:\/\/portaltela.pt\/noticias\/2026\/03\/26\/juizes-do-constitucional-tem-ideologia-mas-nao-decidem-por-partido\/#primaryimage"},"thumbnailUrl":"https:\/\/portaltela.pt\/s.01k8rhncp4jt1\/2026\/03\/tpUHdbIMAGENStypeJPGshare1oBarraFacebook_Publico-75.jpg","keywords":["Constitucionalistas","constitui\u00e7\u00e3o","direito","institui\u00e7\u00e3o p\u00fablica","pol\u00edtica","Tribunais"],"articleSection":["Justi\u00e7a","Not\u00edcias"],"inLanguage":"pt-PT"},{"@type":"WebPage","@id":"https:\/\/portaltela.pt\/noticias\/2026\/03\/26\/juizes-do-constitucional-tem-ideologia-mas-nao-decidem-por-partido\/","url":"https:\/\/portaltela.pt\/noticias\/2026\/03\/26\/juizes-do-constitucional-tem-ideologia-mas-nao-decidem-por-partido\/","name":"Ju\u00edzes do Constitucional t\u00eam ideologia, mas n\u00e3o decidem por partido - Portal Tela Portugal","isPartOf":{"@id":"https:\/\/portaltela.pt\/#website"},"primaryImageOfPage":{"@id":"https:\/\/portaltela.pt\/noticias\/2026\/03\/26\/juizes-do-constitucional-tem-ideologia-mas-nao-decidem-por-partido\/#primaryimage"},"image":{"@id":"https:\/\/portaltela.pt\/noticias\/2026\/03\/26\/juizes-do-constitucional-tem-ideologia-mas-nao-decidem-por-partido\/#primaryimage"},"thumbnailUrl":"https:\/\/portaltela.pt\/s.01k8rhncp4jt1\/2026\/03\/tpUHdbIMAGENStypeJPGshare1oBarraFacebook_Publico-75.jpg","datePublished":"2026-03-26T06:45:00+00:00","author":{"@id":"https:\/\/portaltela.pt\/#\/schema\/person\/c4278d4a6028830caff9ee44b42d32ed"},"breadcrumb":{"@id":"https:\/\/portaltela.pt\/noticias\/2026\/03\/26\/juizes-do-constitucional-tem-ideologia-mas-nao-decidem-por-partido\/#breadcrumb"},"inLanguage":"pt-PT","potentialAction":[{"@type":"ReadAction","target":["https:\/\/portaltela.pt\/noticias\/2026\/03\/26\/juizes-do-constitucional-tem-ideologia-mas-nao-decidem-por-partido\/"]}]},{"@type":"ImageObject","inLanguage":"pt-PT","@id":"https:\/\/portaltela.pt\/noticias\/2026\/03\/26\/juizes-do-constitucional-tem-ideologia-mas-nao-decidem-por-partido\/#primaryimage","url":"https:\/\/portaltela.pt\/s.01k8rhncp4jt1\/2026\/03\/tpUHdbIMAGENStypeJPGshare1oBarraFacebook_Publico-75.jpg","contentUrl":"https:\/\/portaltela.pt\/s.01k8rhncp4jt1\/2026\/03\/tpUHdbIMAGENStypeJPGshare1oBarraFacebook_Publico-75.jpg","width":1200,"height":630,"caption":"O Tribunal Constitucional foi formalmente criado em 1983"},{"@type":"BreadcrumbList","@id":"https:\/\/portaltela.pt\/noticias\/2026\/03\/26\/juizes-do-constitucional-tem-ideologia-mas-nao-decidem-por-partido\/#breadcrumb","itemListElement":[{"@type":"ListItem","position":1,"name":"In\u00edcio","item":"https:\/\/portaltela.pt\/"},{"@type":"ListItem","position":2,"name":"Ju\u00edzes do Constitucional t\u00eam ideologia, mas n\u00e3o decidem por partido"}]},{"@type":"WebSite","@id":"https:\/\/portaltela.pt\/#website","url":"https:\/\/portaltela.pt\/","name":"Portal Tela Portugal","description":"","potentialAction":[{"@type":"SearchAction","target":{"@type":"EntryPoint","urlTemplate":"https:\/\/portaltela.pt\/?s={search_term_string}"},"query-input":{"@type":"PropertyValueSpecification","valueRequired":true,"valueName":"search_term_string"}}],"inLanguage":"pt-PT"},{"@type":"Person","@id":"https:\/\/portaltela.pt\/#\/schema\/person\/c4278d4a6028830caff9ee44b42d32ed","name":"Telinha","image":{"@type":"ImageObject","inLanguage":"pt-PT","@id":"https:\/\/portaltela.pt\/s.01k8rhncp4jt1\/2025\/11\/talking-bot-125x125.png","url":"https:\/\/portaltela.pt\/s.01k8rhncp4jt1\/2025\/11\/talking-bot-125x125.png","contentUrl":"https:\/\/portaltela.pt\/s.01k8rhncp4jt1\/2025\/11\/talking-bot-125x125.png","caption":"Telinha"},"sameAs":["https:\/\/portaltela.pt\/"],"url":"https:\/\/portaltela.pt\/por\/367410592786\/"}]}},"_links":{"self":[{"href":"https:\/\/portaltela.pt\/api\/wp\/v2\/posts\/421766","targetHints":{"allow":["GET"]}}],"collection":[{"href":"https:\/\/portaltela.pt\/api\/wp\/v2\/posts"}],"about":[{"href":"https:\/\/portaltela.pt\/api\/wp\/v2\/types\/post"}],"author":[{"embeddable":true,"href":"https:\/\/portaltela.pt\/api\/wp\/v2\/users\/2"}],"replies":[{"embeddable":true,"href":"https:\/\/portaltela.pt\/api\/wp\/v2\/comments?post=421766"}],"version-history":[{"count":0,"href":"https:\/\/portaltela.pt\/api\/wp\/v2\/posts\/421766\/revisions"}],"wp:featuredmedia":[{"embeddable":true,"href":"https:\/\/portaltela.pt\/api\/wp\/v2\/media\/421767"}],"wp:attachment":[{"href":"https:\/\/portaltela.pt\/api\/wp\/v2\/media?parent=421766"}],"wp:term":[{"taxonomy":"category","embeddable":true,"href":"https:\/\/portaltela.pt\/api\/wp\/v2\/categories?post=421766"},{"taxonomy":"post_tag","embeddable":true,"href":"https:\/\/portaltela.pt\/api\/wp\/v2\/tags?post=421766"}],"curies":[{"name":"wp","href":"https:\/\/api.w.org\/{rel}","templated":true}]}}