{"id":421764,"date":"2026-03-26T03:21:00","date_gmt":"2026-03-26T06:21:00","guid":{"rendered":"https:\/\/portaltela.pt\/noticias\/2026\/03\/26\/seguradoras-adiantaram-indenizacoes-em-5-dos-sinistros-da-tempestade-kristin\/"},"modified":"2026-03-26T03:21:00","modified_gmt":"2026-03-26T06:21:00","slug":"seguradoras-adiantaram-indenizacoes-em-5-dos-sinistros-da-tempestade-kristin","status":"publish","type":"post","link":"https:\/\/portaltela.pt\/noticias\/2026\/03\/26\/seguradoras-adiantaram-indenizacoes-em-5-dos-sinistros-da-tempestade-kristin\/","title":{"rendered":"Seguradoras adiantaram indeniza\u00e7\u00f5es em 5% dos sinistros da tempestade Kristin"},"content":{"rendered":"<p>O setor segurador registou, quase dois meses ap\u00f3s a tempestade Kristin, perdas avaliadas na regi\u00e3o Centro. Os n\u00fameros em meados de mar\u00e7o foram fornecidos pela ASF ao P\u00daBLICO. O valor inclui custos j\u00e1 pagos e provisionados.<\/p>\n<p>At\u00e9 16 de mar\u00e7o, as perdas totalizavam 732 milh\u00f5es de euros. Por enquanto, foram pagos 151 milh\u00f5es de euros, o que representa cerca de 20,6% dos custos apurados at\u00e9 aquela data. O diferencial entre custos e pagamentos continua a exigir an\u00e1lise.<\/p>\n<p>Os dados evidenciam que o montante pago est\u00e1 longe de cobrir o total dos preju\u00edzos. Empresas e empres\u00e1rios t\u00eam insistido em maiores adiantamentos para minimizar impactos financeiros decorrentes da tempestade.<\/p>\n<h3>Progresso dos adiantamentos<\/h3>\n<p>Segundo a ASF, os valores pagos variam conforme a avalia\u00e7\u00e3o de cada sinistro. H\u00e1 ainda processos de an\u00e1lise e verifica\u00e7\u00e3o de cada pedido de indemniza\u00e7\u00e3o em curso junto das seguradoras.<\/p>\n<p>As informa\u00e7\u00f5es foram divulgadas como parte do acompanhamento institucional do setor. O objetivo \u00e9 esclarecer a evolu\u00e7\u00e3o dos pagamentos face aos montantes reconhecidos como perdas.<\/p>\n","protected":false},"excerpt":{"rendered":"<ul>\n<li>Quase dois meses ap\u00f3s a tempestade Kristin, as perdas do setor segurador atingiam 732 milh\u00f5es de euros at\u00e9 meados de mar\u00e7o.<\/li>\n<li>Os montantes j\u00e1 pagos somavam 151 milh\u00f5es de euros, o que representa cerca de 20,6% dos custos apurados.<\/li>\n<li>Os dados foram fornecidos \u00e0 ASF pela Autoridade de Supervis\u00e3o de Seguros e Fundos de Pens\u00f5es.<\/li>\n<li>O epis\u00f3dio ocorreu na regi\u00e3o Centro e deixou um rasto de destrui\u00e7\u00e3o.<\/li>\n<li>Empres\u00e1rios reclamam mais adiantamentos por parte das seguradoras.<\/li>\n<\/ul>\n","protected":false},"author":2,"featured_media":421765,"comment_status":"closed","ping_status":"closed","sticky":false,"template":"","format":"standard","meta":{"footnotes":""},"categories":[6850,1],"tags":[28,2372,2745,4650],"class_list":["post-421764","post","type-post","status-publish","format-standard","has-post-thumbnail","hentry","category-financas","category-noticias","tag-economia","tag-indenizacao","tag-indenizacoes","tag-regiao-centro"],"yoast_head":"<!-- This site is optimized with the Yoast SEO plugin v27.2 - https:\/\/yoast.com\/product\/yoast-seo-wordpress\/ -->\n<title>Seguradoras adiantaram indeniza\u00e7\u00f5es em 5% dos sinistros da tempestade Kristin - Portal Tela Portugal<\/title>\n<meta name=\"robots\" content=\"index, follow, max-snippet:-1, max-image-preview:large, max-video-preview:-1\" \/>\n<meta property=\"og:locale\" content=\"pt_PT\" \/>\n<meta property=\"og:type\" content=\"article\" \/>\n<meta property=\"og:title\" content=\"Seguradoras adiantaram indeniza\u00e7\u00f5es em 5% dos sinistros da tempestade Kristin - Portal Tela Portugal\" \/>\n<meta property=\"og:description\" content=\"Quase dois meses ap\u00f3s a tempestade Kristin, as perdas do setor segurador atingiam 732 milh\u00f5es de euros at\u00e9 meados de mar\u00e7o. Os montantes j\u00e1 pagos somavam 151 milh\u00f5es de euros, o que representa cerca de 20,6% dos custos apurados. Os dados foram fornecidos \u00e0 ASF pela Autoridade de Supervis\u00e3o de Seguros e Fundos de Pens\u00f5es. O epis\u00f3dio ocorreu na regi\u00e3o Centro e deixou um rasto de destrui\u00e7\u00e3o. Empres\u00e1rios reclamam mais adiantamentos por parte das seguradoras.\" \/>\n<meta property=\"og:url\" content=\"https:\/\/portaltela.pt\/noticias\/2026\/03\/26\/seguradoras-adiantaram-indenizacoes-em-5-dos-sinistros-da-tempestade-kristin\/\" \/>\n<meta property=\"og:site_name\" content=\"Portal Tela Portugal\" \/>\n<meta property=\"article:published_time\" content=\"2026-03-26T06:21:00+00:00\" \/>\n<meta name=\"author\" content=\"Telinha\" \/>\n<meta name=\"twitter:card\" content=\"summary_large_image\" \/>\n<meta name=\"twitter:label1\" content=\"Escrito por\" \/>\n\t<meta name=\"twitter:data1\" content=\"Telinha\" \/>\n\t<meta name=\"twitter:label2\" content=\"Tempo estimado de leitura\" \/>\n\t<meta name=\"twitter:data2\" content=\"1 minuto\" \/>\n<script type=\"application\/ld+json\" class=\"yoast-schema-graph\">{\"@context\":\"https:\/\/schema.org\",\"@graph\":[{\"@type\":\"Article\",\"@id\":\"https:\/\/portaltela.pt\/noticias\/2026\/03\/26\/seguradoras-adiantaram-indenizacoes-em-5-dos-sinistros-da-tempestade-kristin\/#article\",\"isPartOf\":{\"@id\":\"https:\/\/portaltela.pt\/noticias\/2026\/03\/26\/seguradoras-adiantaram-indenizacoes-em-5-dos-sinistros-da-tempestade-kristin\/\"},\"author\":{\"name\":\"Telinha\",\"@id\":\"https:\/\/portaltela.pt\/#\/schema\/person\/c4278d4a6028830caff9ee44b42d32ed\"},\"headline\":\"Seguradoras adiantaram indeniza\u00e7\u00f5es em 5% dos sinistros da tempestade Kristin\",\"datePublished\":\"2026-03-26T06:21:00+00:00\",\"mainEntityOfPage\":{\"@id\":\"https:\/\/portaltela.pt\/noticias\/2026\/03\/26\/seguradoras-adiantaram-indenizacoes-em-5-dos-sinistros-da-tempestade-kristin\/\"},\"wordCount\":188,\"image\":{\"@id\":\"https:\/\/portaltela.pt\/noticias\/2026\/03\/26\/seguradoras-adiantaram-indenizacoes-em-5-dos-sinistros-da-tempestade-kristin\/#primaryimage\"},\"thumbnailUrl\":\"https:\/\/portaltela.pt\/s.01k8rhncp4jt1\/2026\/03\/2076864.jpg\",\"keywords\":[\"economia\",\"indeniza\u00e7\u00e3o\",\"indeniza\u00e7\u00f5es\",\"Regi\u00e3o Centro\"],\"articleSection\":[\"Finan\u00e7as\",\"Not\u00edcias\"],\"inLanguage\":\"pt-PT\"},{\"@type\":\"WebPage\",\"@id\":\"https:\/\/portaltela.pt\/noticias\/2026\/03\/26\/seguradoras-adiantaram-indenizacoes-em-5-dos-sinistros-da-tempestade-kristin\/\",\"url\":\"https:\/\/portaltela.pt\/noticias\/2026\/03\/26\/seguradoras-adiantaram-indenizacoes-em-5-dos-sinistros-da-tempestade-kristin\/\",\"name\":\"Seguradoras adiantaram indeniza\u00e7\u00f5es em 5% dos sinistros da tempestade Kristin - Portal Tela Portugal\",\"isPartOf\":{\"@id\":\"https:\/\/portaltela.pt\/#website\"},\"primaryImageOfPage\":{\"@id\":\"https:\/\/portaltela.pt\/noticias\/2026\/03\/26\/seguradoras-adiantaram-indenizacoes-em-5-dos-sinistros-da-tempestade-kristin\/#primaryimage\"},\"image\":{\"@id\":\"https:\/\/portaltela.pt\/noticias\/2026\/03\/26\/seguradoras-adiantaram-indenizacoes-em-5-dos-sinistros-da-tempestade-kristin\/#primaryimage\"},\"thumbnailUrl\":\"https:\/\/portaltela.pt\/s.01k8rhncp4jt1\/2026\/03\/2076864.jpg\",\"datePublished\":\"2026-03-26T06:21:00+00:00\",\"author\":{\"@id\":\"https:\/\/portaltela.pt\/#\/schema\/person\/c4278d4a6028830caff9ee44b42d32ed\"},\"breadcrumb\":{\"@id\":\"https:\/\/portaltela.pt\/noticias\/2026\/03\/26\/seguradoras-adiantaram-indenizacoes-em-5-dos-sinistros-da-tempestade-kristin\/#breadcrumb\"},\"inLanguage\":\"pt-PT\",\"potentialAction\":[{\"@type\":\"ReadAction\",\"target\":[\"https:\/\/portaltela.pt\/noticias\/2026\/03\/26\/seguradoras-adiantaram-indenizacoes-em-5-dos-sinistros-da-tempestade-kristin\/\"]}]},{\"@type\":\"ImageObject\",\"inLanguage\":\"pt-PT\",\"@id\":\"https:\/\/portaltela.pt\/noticias\/2026\/03\/26\/seguradoras-adiantaram-indenizacoes-em-5-dos-sinistros-da-tempestade-kristin\/#primaryimage\",\"url\":\"https:\/\/portaltela.pt\/s.01k8rhncp4jt1\/2026\/03\/2076864.jpg\",\"contentUrl\":\"https:\/\/portaltela.pt\/s.01k8rhncp4jt1\/2026\/03\/2076864.jpg\",\"width\":796,\"height\":448,\"caption\":\"Tempestades deixaram rasto de destrui\u00e7\u00e3o em casas, empresas, estufas e outros equipamentos\"},{\"@type\":\"BreadcrumbList\",\"@id\":\"https:\/\/portaltela.pt\/noticias\/2026\/03\/26\/seguradoras-adiantaram-indenizacoes-em-5-dos-sinistros-da-tempestade-kristin\/#breadcrumb\",\"itemListElement\":[{\"@type\":\"ListItem\",\"position\":1,\"name\":\"In\u00edcio\",\"item\":\"https:\/\/portaltela.pt\/\"},{\"@type\":\"ListItem\",\"position\":2,\"name\":\"Seguradoras adiantaram indeniza\u00e7\u00f5es em 5% dos sinistros da tempestade Kristin\"}]},{\"@type\":\"WebSite\",\"@id\":\"https:\/\/portaltela.pt\/#website\",\"url\":\"https:\/\/portaltela.pt\/\",\"name\":\"Portal Tela Portugal\",\"description\":\"\",\"potentialAction\":[{\"@type\":\"SearchAction\",\"target\":{\"@type\":\"EntryPoint\",\"urlTemplate\":\"https:\/\/portaltela.pt\/?s={search_term_string}\"},\"query-input\":{\"@type\":\"PropertyValueSpecification\",\"valueRequired\":true,\"valueName\":\"search_term_string\"}}],\"inLanguage\":\"pt-PT\"},{\"@type\":\"Person\",\"@id\":\"https:\/\/portaltela.pt\/#\/schema\/person\/c4278d4a6028830caff9ee44b42d32ed\",\"name\":\"Telinha\",\"image\":{\"@type\":\"ImageObject\",\"inLanguage\":\"pt-PT\",\"@id\":\"https:\/\/portaltela.pt\/s.01k8rhncp4jt1\/2025\/11\/talking-bot-125x125.png\",\"url\":\"https:\/\/portaltela.pt\/s.01k8rhncp4jt1\/2025\/11\/talking-bot-125x125.png\",\"contentUrl\":\"https:\/\/portaltela.pt\/s.01k8rhncp4jt1\/2025\/11\/talking-bot-125x125.png\",\"caption\":\"Telinha\"},\"sameAs\":[\"https:\/\/portaltela.pt\/\"],\"url\":\"https:\/\/portaltela.pt\/por\/367410592786\/\"}]}<\/script>\n<!-- \/ Yoast SEO plugin. -->","yoast_head_json":{"title":"Seguradoras adiantaram indeniza\u00e7\u00f5es em 5% dos sinistros da tempestade Kristin - Portal Tela Portugal","robots":{"index":"index","follow":"follow","max-snippet":"max-snippet:-1","max-image-preview":"max-image-preview:large","max-video-preview":"max-video-preview:-1"},"og_locale":"pt_PT","og_type":"article","og_title":"Seguradoras adiantaram indeniza\u00e7\u00f5es em 5% dos sinistros da tempestade Kristin - Portal Tela Portugal","og_description":"Quase dois meses ap\u00f3s a tempestade Kristin, as perdas do setor segurador atingiam 732 milh\u00f5es de euros at\u00e9 meados de mar\u00e7o. Os montantes j\u00e1 pagos somavam 151 milh\u00f5es de euros, o que representa cerca de 20,6% dos custos apurados. Os dados foram fornecidos \u00e0 ASF pela Autoridade de Supervis\u00e3o de Seguros e Fundos de Pens\u00f5es. O epis\u00f3dio ocorreu na regi\u00e3o Centro e deixou um rasto de destrui\u00e7\u00e3o. Empres\u00e1rios reclamam mais adiantamentos por parte das seguradoras.","og_url":"https:\/\/portaltela.pt\/noticias\/2026\/03\/26\/seguradoras-adiantaram-indenizacoes-em-5-dos-sinistros-da-tempestade-kristin\/","og_site_name":"Portal Tela Portugal","article_published_time":"2026-03-26T06:21:00+00:00","author":"Telinha","twitter_card":"summary_large_image","twitter_misc":{"Escrito por":"Telinha","Tempo estimado de leitura":"1 minuto"},"schema":{"@context":"https:\/\/schema.org","@graph":[{"@type":"Article","@id":"https:\/\/portaltela.pt\/noticias\/2026\/03\/26\/seguradoras-adiantaram-indenizacoes-em-5-dos-sinistros-da-tempestade-kristin\/#article","isPartOf":{"@id":"https:\/\/portaltela.pt\/noticias\/2026\/03\/26\/seguradoras-adiantaram-indenizacoes-em-5-dos-sinistros-da-tempestade-kristin\/"},"author":{"name":"Telinha","@id":"https:\/\/portaltela.pt\/#\/schema\/person\/c4278d4a6028830caff9ee44b42d32ed"},"headline":"Seguradoras adiantaram indeniza\u00e7\u00f5es em 5% dos sinistros da tempestade Kristin","datePublished":"2026-03-26T06:21:00+00:00","mainEntityOfPage":{"@id":"https:\/\/portaltela.pt\/noticias\/2026\/03\/26\/seguradoras-adiantaram-indenizacoes-em-5-dos-sinistros-da-tempestade-kristin\/"},"wordCount":188,"image":{"@id":"https:\/\/portaltela.pt\/noticias\/2026\/03\/26\/seguradoras-adiantaram-indenizacoes-em-5-dos-sinistros-da-tempestade-kristin\/#primaryimage"},"thumbnailUrl":"https:\/\/portaltela.pt\/s.01k8rhncp4jt1\/2026\/03\/2076864.jpg","keywords":["economia","indeniza\u00e7\u00e3o","indeniza\u00e7\u00f5es","Regi\u00e3o Centro"],"articleSection":["Finan\u00e7as","Not\u00edcias"],"inLanguage":"pt-PT"},{"@type":"WebPage","@id":"https:\/\/portaltela.pt\/noticias\/2026\/03\/26\/seguradoras-adiantaram-indenizacoes-em-5-dos-sinistros-da-tempestade-kristin\/","url":"https:\/\/portaltela.pt\/noticias\/2026\/03\/26\/seguradoras-adiantaram-indenizacoes-em-5-dos-sinistros-da-tempestade-kristin\/","name":"Seguradoras adiantaram indeniza\u00e7\u00f5es em 5% dos sinistros da tempestade Kristin - Portal Tela Portugal","isPartOf":{"@id":"https:\/\/portaltela.pt\/#website"},"primaryImageOfPage":{"@id":"https:\/\/portaltela.pt\/noticias\/2026\/03\/26\/seguradoras-adiantaram-indenizacoes-em-5-dos-sinistros-da-tempestade-kristin\/#primaryimage"},"image":{"@id":"https:\/\/portaltela.pt\/noticias\/2026\/03\/26\/seguradoras-adiantaram-indenizacoes-em-5-dos-sinistros-da-tempestade-kristin\/#primaryimage"},"thumbnailUrl":"https:\/\/portaltela.pt\/s.01k8rhncp4jt1\/2026\/03\/2076864.jpg","datePublished":"2026-03-26T06:21:00+00:00","author":{"@id":"https:\/\/portaltela.pt\/#\/schema\/person\/c4278d4a6028830caff9ee44b42d32ed"},"breadcrumb":{"@id":"https:\/\/portaltela.pt\/noticias\/2026\/03\/26\/seguradoras-adiantaram-indenizacoes-em-5-dos-sinistros-da-tempestade-kristin\/#breadcrumb"},"inLanguage":"pt-PT","potentialAction":[{"@type":"ReadAction","target":["https:\/\/portaltela.pt\/noticias\/2026\/03\/26\/seguradoras-adiantaram-indenizacoes-em-5-dos-sinistros-da-tempestade-kristin\/"]}]},{"@type":"ImageObject","inLanguage":"pt-PT","@id":"https:\/\/portaltela.pt\/noticias\/2026\/03\/26\/seguradoras-adiantaram-indenizacoes-em-5-dos-sinistros-da-tempestade-kristin\/#primaryimage","url":"https:\/\/portaltela.pt\/s.01k8rhncp4jt1\/2026\/03\/2076864.jpg","contentUrl":"https:\/\/portaltela.pt\/s.01k8rhncp4jt1\/2026\/03\/2076864.jpg","width":796,"height":448,"caption":"Tempestades deixaram rasto de destrui\u00e7\u00e3o em casas, empresas, estufas e outros equipamentos"},{"@type":"BreadcrumbList","@id":"https:\/\/portaltela.pt\/noticias\/2026\/03\/26\/seguradoras-adiantaram-indenizacoes-em-5-dos-sinistros-da-tempestade-kristin\/#breadcrumb","itemListElement":[{"@type":"ListItem","position":1,"name":"In\u00edcio","item":"https:\/\/portaltela.pt\/"},{"@type":"ListItem","position":2,"name":"Seguradoras adiantaram indeniza\u00e7\u00f5es em 5% dos sinistros da tempestade Kristin"}]},{"@type":"WebSite","@id":"https:\/\/portaltela.pt\/#website","url":"https:\/\/portaltela.pt\/","name":"Portal Tela Portugal","description":"","potentialAction":[{"@type":"SearchAction","target":{"@type":"EntryPoint","urlTemplate":"https:\/\/portaltela.pt\/?s={search_term_string}"},"query-input":{"@type":"PropertyValueSpecification","valueRequired":true,"valueName":"search_term_string"}}],"inLanguage":"pt-PT"},{"@type":"Person","@id":"https:\/\/portaltela.pt\/#\/schema\/person\/c4278d4a6028830caff9ee44b42d32ed","name":"Telinha","image":{"@type":"ImageObject","inLanguage":"pt-PT","@id":"https:\/\/portaltela.pt\/s.01k8rhncp4jt1\/2025\/11\/talking-bot-125x125.png","url":"https:\/\/portaltela.pt\/s.01k8rhncp4jt1\/2025\/11\/talking-bot-125x125.png","contentUrl":"https:\/\/portaltela.pt\/s.01k8rhncp4jt1\/2025\/11\/talking-bot-125x125.png","caption":"Telinha"},"sameAs":["https:\/\/portaltela.pt\/"],"url":"https:\/\/portaltela.pt\/por\/367410592786\/"}]}},"_links":{"self":[{"href":"https:\/\/portaltela.pt\/api\/wp\/v2\/posts\/421764","targetHints":{"allow":["GET"]}}],"collection":[{"href":"https:\/\/portaltela.pt\/api\/wp\/v2\/posts"}],"about":[{"href":"https:\/\/portaltela.pt\/api\/wp\/v2\/types\/post"}],"author":[{"embeddable":true,"href":"https:\/\/portaltela.pt\/api\/wp\/v2\/users\/2"}],"replies":[{"embeddable":true,"href":"https:\/\/portaltela.pt\/api\/wp\/v2\/comments?post=421764"}],"version-history":[{"count":0,"href":"https:\/\/portaltela.pt\/api\/wp\/v2\/posts\/421764\/revisions"}],"wp:featuredmedia":[{"embeddable":true,"href":"https:\/\/portaltela.pt\/api\/wp\/v2\/media\/421765"}],"wp:attachment":[{"href":"https:\/\/portaltela.pt\/api\/wp\/v2\/media?parent=421764"}],"wp:term":[{"taxonomy":"category","embeddable":true,"href":"https:\/\/portaltela.pt\/api\/wp\/v2\/categories?post=421764"},{"taxonomy":"post_tag","embeddable":true,"href":"https:\/\/portaltela.pt\/api\/wp\/v2\/tags?post=421764"}],"curies":[{"name":"wp","href":"https:\/\/api.w.org\/{rel}","templated":true}]}}