{"id":421757,"date":"2026-03-26T03:46:54","date_gmt":"2026-03-26T06:46:54","guid":{"rendered":"https:\/\/portaltela.pt\/noticias\/2026\/03\/26\/mudanca-da-hora-na-primavera-mais-luz-menos-sono-e-impactos-na-saude\/"},"modified":"2026-03-26T03:46:54","modified_gmt":"2026-03-26T06:46:54","slug":"mudanca-da-hora-na-primavera-mais-luz-menos-sono-e-impactos-na-saude","status":"publish","type":"post","link":"https:\/\/portaltela.pt\/saude\/2026\/03\/26\/mudanca-da-hora-na-primavera-mais-luz-menos-sono-e-impactos-na-saude\/","title":{"rendered":"Mudan\u00e7a da hora na primavera: mais luz, menos sono e impactos na sa\u00fade"},"content":{"rendered":"<p>A hora de ver\u00e3o chegou neste domingo na Europa, adianta-se uma hora e muitos acordam com menos sono. O objetivo \u00e9 poupar energia, mas especialistas alertam para perturba\u00e7\u00f5es nos ritmos circadianos e impactos na sa\u00fade.<\/p>\n<p>Este 29 de mar\u00e7o os rel\u00f3gios avan\u00e7am uma hora, o que provoca menos sono para a maioria e tardes mais longas nos dias seguintes. O fen\u00f3meno ocorre duas vezes por ano, sem consenso para terminar.<\/p>\n<p>A pr\u00e1tica remonta \u00e0 Primeira Guerra Mundial, quando foi criada para poupar energia, e manteve-se na maioria dos pa\u00edses durante as d\u00e9cadas seguintes. Hoje, estudos destacam efeitos na sa\u00fade.<\/p>\n<h3>Efeito no organismo<\/h3>\n<p>Mesmo uma hora pode perturbar o rel\u00f3gio interno, respons\u00e1vel pelo sono, alerta, hormonas e humor. A adapta\u00e7\u00e3o varia entre indiv\u00edduos, com alguns a demorar semanas ou meses a acertar o rel\u00f3gio biol\u00f3gico.<\/p>\n<p>A gen\u00e9tica determina o ritmo circadiano de cada pessoa, e ainda n\u00e3o se entende por completo por que alguns respondem melhor que outros. A primavera costuma trazer maior aten\u00e7\u00e3o aos efeitos.<\/p>\n<p>Al\u00e9m do sono, a mudan\u00e7a est\u00e1 associada a picos de acidentes rodovi\u00e1rios, infartos e epis\u00f3dios depressivos, indicam v\u00e1rias revis\u00f5es cient\u00edficas, com origem em estudos internacionais.<\/p>\n<h3>Luz e sono<\/h3>\n<p>A passagem para mais luz pela tarde pode agradar, mas exp\u00f5e o organismo \u00e0 claridade at\u00e9 tarde. A luz reduz a produ\u00e7\u00e3o de melatonina, o que atrasa o sono e dificulta adormecer.<\/p>\n<p>A melatonina aumenta com o escuro e cessa com a luz. Recomenda-se escurecer o quarto antes de dormir para sinalizar o fim do dia e melhorar a qualidade do sono.<\/p>\n<h3>Ritmos circadianos e sa\u00fade<\/h3>\n<p>Ritmos fortes ajudam a manter hor\u00e1rios est\u00e1veis de sono e atividade, mesmo com mudan\u00e7as sazonais. Perturba\u00e7\u00f5es repetidas associam-se a obesidade, doen\u00e7as card\u00edacas, diabetes tipo 2 e hipertens\u00e3o.<\/p>\n<p>Recentemente, investiga\u00e7\u00f5es apontaram liga\u00e7\u00f5es entre ritmos circadianos fracos e maior risco de dem\u00eancia, refor\u00e7ando a import\u00e2ncia de manter o rel\u00f3gio interno alinhado.<\/p>\n<h3>O futuro da hora<\/h3>\n<p>H\u00e1 d\u00e9cadas que se discute eliminar as mudan\u00e7as sazonais. Em 2018 a Comiss\u00e3o Europeia sugeriu terminar com a pr\u00e1tica, mas n\u00e3o houve acordo entre Estados-Membros.<\/p>\n<p>Caso a mudan\u00e7a de hora fosse abolida, manter a hora padr\u00e3o de inverno seria defendido por muitos cientistas, para favorecer a exposi\u00e7\u00e3o matinal \u00e0 luz natural e reduzir depend\u00eancia de ilumina\u00e7\u00e3o artificial.<\/p>\n<h3>Considera\u00e7\u00f5es finais<\/h3>\n<p>Se a mudan\u00e7a de hora for mantida, a orienta\u00e7\u00e3o \u00e9 ajustar hor\u00e1rios de sono com anteced\u00eancia e reduzir exposi\u00e7\u00f5es \u00e0 luz intensa perto da hora de dormir. A adapta\u00e7\u00e3o varia entre pessoas, sem uma regra \u00fanica.<\/p>\n","protected":false},"excerpt":{"rendered":"<ul>\n<li>Este domingo, 29 de mar\u00e7o, os rel\u00f3gios adiantam uma hora, iniciando a primavera e alongando as tardes.<\/li>\n<li>Especialistas alertam que mesmo uma diferen\u00e7a de uma hora pode perturbar os ritmos circadianos, afetando sono, alerta, hormonas e humor.<\/li>\n<li>A mudan\u00e7a pode aumentar pontualmente o risco de acidentes de via\u00e7\u00e3o, enfartes e epis\u00f3dios depressivos.<\/li>\n<li>A exposi\u00e7\u00e3o \u00e0 luz at\u00e9 tarde impede o corpo de entender que \u00e9 hora de dormir, j\u00e1 que a luz suprime a melatonina.<\/li>\n<li>H\u00e1 debate sobre acabar com as mudan\u00e7as de hora na Europa; muitos defendem manter a hora padr\u00e3o (inverno) para n\u00e3o privar a luz da manh\u00e3.<\/li>\n<\/ul>\n","protected":false},"author":2,"featured_media":421759,"comment_status":"closed","ping_status":"closed","sticky":false,"template":"","format":"standard","meta":{"footnotes":""},"categories":[7371,6745],"tags":[2335,3131,3901,7521,172,55],"class_list":["post-421757","post","type-post","status-publish","format-standard","has-post-thumbnail","hentry","category-medicina","category-saude","tag-acidentes-rodoviarios","tag-disturbios","tag-horarios","tag-ritmos-circadianos","tag-saude","tag-saude-mental"],"yoast_head":"<!-- This site is optimized with the Yoast SEO plugin v27.2 - https:\/\/yoast.com\/product\/yoast-seo-wordpress\/ -->\n<title>Mudan\u00e7a da hora na primavera: mais luz, menos sono e impactos na sa\u00fade - Portal Tela Portugal<\/title>\n<meta name=\"robots\" content=\"index, follow, max-snippet:-1, max-image-preview:large, max-video-preview:-1\" \/>\n<meta property=\"og:locale\" content=\"pt_PT\" \/>\n<meta property=\"og:type\" content=\"article\" \/>\n<meta property=\"og:title\" content=\"Mudan\u00e7a da hora na primavera: mais luz, menos sono e impactos na sa\u00fade - Portal Tela Portugal\" \/>\n<meta property=\"og:description\" content=\"Este domingo, 29 de mar\u00e7o, os rel\u00f3gios adiantam uma hora, iniciando a primavera e alongando as tardes. Especialistas alertam que mesmo uma diferen\u00e7a de uma hora pode perturbar os ritmos circadianos, afetando sono, alerta, hormonas e humor. A mudan\u00e7a pode aumentar pontualmente o risco de acidentes de via\u00e7\u00e3o, enfartes e epis\u00f3dios depressivos. A exposi\u00e7\u00e3o \u00e0 luz at\u00e9 tarde impede o corpo de entender que \u00e9 hora de dormir, j\u00e1 que a luz suprime a melatonina. H\u00e1 debate sobre acabar com as mudan\u00e7as de hora na Europa; muitos defendem manter a hora padr\u00e3o (inverno) para n\u00e3o privar a luz da manh\u00e3.\" \/>\n<meta property=\"og:url\" content=\"https:\/\/portaltela.pt\/noticias\/2026\/03\/26\/mudanca-da-hora-na-primavera-mais-luz-menos-sono-e-impactos-na-saude\/\" \/>\n<meta property=\"og:site_name\" content=\"Portal Tela Portugal\" \/>\n<meta property=\"article:published_time\" content=\"2026-03-26T06:46:54+00:00\" \/>\n<meta name=\"author\" content=\"Telinha\" \/>\n<meta name=\"twitter:card\" content=\"summary_large_image\" \/>\n<meta name=\"twitter:label1\" content=\"Escrito por\" \/>\n\t<meta name=\"twitter:data1\" content=\"Telinha\" \/>\n\t<meta name=\"twitter:label2\" content=\"Tempo estimado de leitura\" \/>\n\t<meta name=\"twitter:data2\" content=\"2 minutos\" \/>\n<script type=\"application\/ld+json\" class=\"yoast-schema-graph\">{\"@context\":\"https:\/\/schema.org\",\"@graph\":[{\"@type\":\"Article\",\"@id\":\"https:\/\/portaltela.pt\/noticias\/2026\/03\/26\/mudanca-da-hora-na-primavera-mais-luz-menos-sono-e-impactos-na-saude\/#article\",\"isPartOf\":{\"@id\":\"https:\/\/portaltela.pt\/noticias\/2026\/03\/26\/mudanca-da-hora-na-primavera-mais-luz-menos-sono-e-impactos-na-saude\/\"},\"author\":{\"name\":\"Telinha\",\"@id\":\"https:\/\/portaltela.pt\/#\/schema\/person\/c4278d4a6028830caff9ee44b42d32ed\"},\"headline\":\"Mudan\u00e7a da hora na primavera: mais luz, menos sono e impactos na sa\u00fade\",\"datePublished\":\"2026-03-26T06:46:54+00:00\",\"mainEntityOfPage\":{\"@id\":\"https:\/\/portaltela.pt\/noticias\/2026\/03\/26\/mudanca-da-hora-na-primavera-mais-luz-menos-sono-e-impactos-na-saude\/\"},\"wordCount\":473,\"image\":{\"@id\":\"https:\/\/portaltela.pt\/noticias\/2026\/03\/26\/mudanca-da-hora-na-primavera-mais-luz-menos-sono-e-impactos-na-saude\/#primaryimage\"},\"thumbnailUrl\":\"https:\/\/portaltela.pt\/s.01k8rhncp4jt1\/2026\/03\/1536x864_cmsv2_c4096e0f-926a-590c-8a86-1780225cf386-9698135.jpg\",\"keywords\":[\"acidentes rodovi\u00e1rios\",\"dist\u00farbios\",\"hor\u00e1rios\",\"ritmos circadianos\",\"sa\u00fade\",\"sa\u00fade mental\"],\"articleSection\":[\"Medicina\",\"Sa\u00fade\"],\"inLanguage\":\"pt-PT\"},{\"@type\":\"WebPage\",\"@id\":\"https:\/\/portaltela.pt\/noticias\/2026\/03\/26\/mudanca-da-hora-na-primavera-mais-luz-menos-sono-e-impactos-na-saude\/\",\"url\":\"https:\/\/portaltela.pt\/noticias\/2026\/03\/26\/mudanca-da-hora-na-primavera-mais-luz-menos-sono-e-impactos-na-saude\/\",\"name\":\"Mudan\u00e7a da hora na primavera: mais luz, menos sono e impactos na sa\u00fade - Portal Tela Portugal\",\"isPartOf\":{\"@id\":\"https:\/\/portaltela.pt\/#website\"},\"primaryImageOfPage\":{\"@id\":\"https:\/\/portaltela.pt\/noticias\/2026\/03\/26\/mudanca-da-hora-na-primavera-mais-luz-menos-sono-e-impactos-na-saude\/#primaryimage\"},\"image\":{\"@id\":\"https:\/\/portaltela.pt\/noticias\/2026\/03\/26\/mudanca-da-hora-na-primavera-mais-luz-menos-sono-e-impactos-na-saude\/#primaryimage\"},\"thumbnailUrl\":\"https:\/\/portaltela.pt\/s.01k8rhncp4jt1\/2026\/03\/1536x864_cmsv2_c4096e0f-926a-590c-8a86-1780225cf386-9698135.jpg\",\"datePublished\":\"2026-03-26T06:46:54+00:00\",\"author\":{\"@id\":\"https:\/\/portaltela.pt\/#\/schema\/person\/c4278d4a6028830caff9ee44b42d32ed\"},\"breadcrumb\":{\"@id\":\"https:\/\/portaltela.pt\/noticias\/2026\/03\/26\/mudanca-da-hora-na-primavera-mais-luz-menos-sono-e-impactos-na-saude\/#breadcrumb\"},\"inLanguage\":\"pt-PT\",\"potentialAction\":[{\"@type\":\"ReadAction\",\"target\":[\"https:\/\/portaltela.pt\/noticias\/2026\/03\/26\/mudanca-da-hora-na-primavera-mais-luz-menos-sono-e-impactos-na-saude\/\"]}]},{\"@type\":\"ImageObject\",\"inLanguage\":\"pt-PT\",\"@id\":\"https:\/\/portaltela.pt\/noticias\/2026\/03\/26\/mudanca-da-hora-na-primavera-mais-luz-menos-sono-e-impactos-na-saude\/#primaryimage\",\"url\":\"https:\/\/portaltela.pt\/s.01k8rhncp4jt1\/2026\/03\/1536x864_cmsv2_c4096e0f-926a-590c-8a86-1780225cf386-9698135.jpg\",\"contentUrl\":\"https:\/\/portaltela.pt\/s.01k8rhncp4jt1\/2026\/03\/1536x864_cmsv2_c4096e0f-926a-590c-8a86-1780225cf386-9698135.jpg\",\"width\":796,\"height\":448,\"caption\":\"ARQUIVO: Walter Rodriguez, funcion\u00e1rio da Electric Time Co., limpa o mostrador de um rel\u00f3gio Wegman de 84 polegadas\"},{\"@type\":\"BreadcrumbList\",\"@id\":\"https:\/\/portaltela.pt\/noticias\/2026\/03\/26\/mudanca-da-hora-na-primavera-mais-luz-menos-sono-e-impactos-na-saude\/#breadcrumb\",\"itemListElement\":[{\"@type\":\"ListItem\",\"position\":1,\"name\":\"In\u00edcio\",\"item\":\"https:\/\/portaltela.pt\/\"},{\"@type\":\"ListItem\",\"position\":2,\"name\":\"Mudan\u00e7a da hora na primavera: mais luz, menos sono e impactos na sa\u00fade\"}]},{\"@type\":\"WebSite\",\"@id\":\"https:\/\/portaltela.pt\/#website\",\"url\":\"https:\/\/portaltela.pt\/\",\"name\":\"Portal Tela Portugal\",\"description\":\"\",\"potentialAction\":[{\"@type\":\"SearchAction\",\"target\":{\"@type\":\"EntryPoint\",\"urlTemplate\":\"https:\/\/portaltela.pt\/?s={search_term_string}\"},\"query-input\":{\"@type\":\"PropertyValueSpecification\",\"valueRequired\":true,\"valueName\":\"search_term_string\"}}],\"inLanguage\":\"pt-PT\"},{\"@type\":\"Person\",\"@id\":\"https:\/\/portaltela.pt\/#\/schema\/person\/c4278d4a6028830caff9ee44b42d32ed\",\"name\":\"Telinha\",\"image\":{\"@type\":\"ImageObject\",\"inLanguage\":\"pt-PT\",\"@id\":\"https:\/\/portaltela.pt\/s.01k8rhncp4jt1\/2025\/11\/talking-bot-125x125.png\",\"url\":\"https:\/\/portaltela.pt\/s.01k8rhncp4jt1\/2025\/11\/talking-bot-125x125.png\",\"contentUrl\":\"https:\/\/portaltela.pt\/s.01k8rhncp4jt1\/2025\/11\/talking-bot-125x125.png\",\"caption\":\"Telinha\"},\"sameAs\":[\"https:\/\/portaltela.pt\/\"],\"url\":\"https:\/\/portaltela.pt\/por\/367410592786\/\"}]}<\/script>\n<!-- \/ Yoast SEO plugin. -->","yoast_head_json":{"title":"Mudan\u00e7a da hora na primavera: mais luz, menos sono e impactos na sa\u00fade - Portal Tela Portugal","robots":{"index":"index","follow":"follow","max-snippet":"max-snippet:-1","max-image-preview":"max-image-preview:large","max-video-preview":"max-video-preview:-1"},"og_locale":"pt_PT","og_type":"article","og_title":"Mudan\u00e7a da hora na primavera: mais luz, menos sono e impactos na sa\u00fade - Portal Tela Portugal","og_description":"Este domingo, 29 de mar\u00e7o, os rel\u00f3gios adiantam uma hora, iniciando a primavera e alongando as tardes. Especialistas alertam que mesmo uma diferen\u00e7a de uma hora pode perturbar os ritmos circadianos, afetando sono, alerta, hormonas e humor. A mudan\u00e7a pode aumentar pontualmente o risco de acidentes de via\u00e7\u00e3o, enfartes e epis\u00f3dios depressivos. A exposi\u00e7\u00e3o \u00e0 luz at\u00e9 tarde impede o corpo de entender que \u00e9 hora de dormir, j\u00e1 que a luz suprime a melatonina. H\u00e1 debate sobre acabar com as mudan\u00e7as de hora na Europa; muitos defendem manter a hora padr\u00e3o (inverno) para n\u00e3o privar a luz da manh\u00e3.","og_url":"https:\/\/portaltela.pt\/noticias\/2026\/03\/26\/mudanca-da-hora-na-primavera-mais-luz-menos-sono-e-impactos-na-saude\/","og_site_name":"Portal Tela Portugal","article_published_time":"2026-03-26T06:46:54+00:00","author":"Telinha","twitter_card":"summary_large_image","twitter_misc":{"Escrito por":"Telinha","Tempo estimado de leitura":"2 minutos"},"schema":{"@context":"https:\/\/schema.org","@graph":[{"@type":"Article","@id":"https:\/\/portaltela.pt\/noticias\/2026\/03\/26\/mudanca-da-hora-na-primavera-mais-luz-menos-sono-e-impactos-na-saude\/#article","isPartOf":{"@id":"https:\/\/portaltela.pt\/noticias\/2026\/03\/26\/mudanca-da-hora-na-primavera-mais-luz-menos-sono-e-impactos-na-saude\/"},"author":{"name":"Telinha","@id":"https:\/\/portaltela.pt\/#\/schema\/person\/c4278d4a6028830caff9ee44b42d32ed"},"headline":"Mudan\u00e7a da hora na primavera: mais luz, menos sono e impactos na sa\u00fade","datePublished":"2026-03-26T06:46:54+00:00","mainEntityOfPage":{"@id":"https:\/\/portaltela.pt\/noticias\/2026\/03\/26\/mudanca-da-hora-na-primavera-mais-luz-menos-sono-e-impactos-na-saude\/"},"wordCount":473,"image":{"@id":"https:\/\/portaltela.pt\/noticias\/2026\/03\/26\/mudanca-da-hora-na-primavera-mais-luz-menos-sono-e-impactos-na-saude\/#primaryimage"},"thumbnailUrl":"https:\/\/portaltela.pt\/s.01k8rhncp4jt1\/2026\/03\/1536x864_cmsv2_c4096e0f-926a-590c-8a86-1780225cf386-9698135.jpg","keywords":["acidentes rodovi\u00e1rios","dist\u00farbios","hor\u00e1rios","ritmos circadianos","sa\u00fade","sa\u00fade mental"],"articleSection":["Medicina","Sa\u00fade"],"inLanguage":"pt-PT"},{"@type":"WebPage","@id":"https:\/\/portaltela.pt\/noticias\/2026\/03\/26\/mudanca-da-hora-na-primavera-mais-luz-menos-sono-e-impactos-na-saude\/","url":"https:\/\/portaltela.pt\/noticias\/2026\/03\/26\/mudanca-da-hora-na-primavera-mais-luz-menos-sono-e-impactos-na-saude\/","name":"Mudan\u00e7a da hora na primavera: mais luz, menos sono e impactos na sa\u00fade - Portal Tela Portugal","isPartOf":{"@id":"https:\/\/portaltela.pt\/#website"},"primaryImageOfPage":{"@id":"https:\/\/portaltela.pt\/noticias\/2026\/03\/26\/mudanca-da-hora-na-primavera-mais-luz-menos-sono-e-impactos-na-saude\/#primaryimage"},"image":{"@id":"https:\/\/portaltela.pt\/noticias\/2026\/03\/26\/mudanca-da-hora-na-primavera-mais-luz-menos-sono-e-impactos-na-saude\/#primaryimage"},"thumbnailUrl":"https:\/\/portaltela.pt\/s.01k8rhncp4jt1\/2026\/03\/1536x864_cmsv2_c4096e0f-926a-590c-8a86-1780225cf386-9698135.jpg","datePublished":"2026-03-26T06:46:54+00:00","author":{"@id":"https:\/\/portaltela.pt\/#\/schema\/person\/c4278d4a6028830caff9ee44b42d32ed"},"breadcrumb":{"@id":"https:\/\/portaltela.pt\/noticias\/2026\/03\/26\/mudanca-da-hora-na-primavera-mais-luz-menos-sono-e-impactos-na-saude\/#breadcrumb"},"inLanguage":"pt-PT","potentialAction":[{"@type":"ReadAction","target":["https:\/\/portaltela.pt\/noticias\/2026\/03\/26\/mudanca-da-hora-na-primavera-mais-luz-menos-sono-e-impactos-na-saude\/"]}]},{"@type":"ImageObject","inLanguage":"pt-PT","@id":"https:\/\/portaltela.pt\/noticias\/2026\/03\/26\/mudanca-da-hora-na-primavera-mais-luz-menos-sono-e-impactos-na-saude\/#primaryimage","url":"https:\/\/portaltela.pt\/s.01k8rhncp4jt1\/2026\/03\/1536x864_cmsv2_c4096e0f-926a-590c-8a86-1780225cf386-9698135.jpg","contentUrl":"https:\/\/portaltela.pt\/s.01k8rhncp4jt1\/2026\/03\/1536x864_cmsv2_c4096e0f-926a-590c-8a86-1780225cf386-9698135.jpg","width":796,"height":448,"caption":"ARQUIVO: Walter Rodriguez, funcion\u00e1rio da Electric Time Co., limpa o mostrador de um rel\u00f3gio Wegman de 84 polegadas"},{"@type":"BreadcrumbList","@id":"https:\/\/portaltela.pt\/noticias\/2026\/03\/26\/mudanca-da-hora-na-primavera-mais-luz-menos-sono-e-impactos-na-saude\/#breadcrumb","itemListElement":[{"@type":"ListItem","position":1,"name":"In\u00edcio","item":"https:\/\/portaltela.pt\/"},{"@type":"ListItem","position":2,"name":"Mudan\u00e7a da hora na primavera: mais luz, menos sono e impactos na sa\u00fade"}]},{"@type":"WebSite","@id":"https:\/\/portaltela.pt\/#website","url":"https:\/\/portaltela.pt\/","name":"Portal Tela Portugal","description":"","potentialAction":[{"@type":"SearchAction","target":{"@type":"EntryPoint","urlTemplate":"https:\/\/portaltela.pt\/?s={search_term_string}"},"query-input":{"@type":"PropertyValueSpecification","valueRequired":true,"valueName":"search_term_string"}}],"inLanguage":"pt-PT"},{"@type":"Person","@id":"https:\/\/portaltela.pt\/#\/schema\/person\/c4278d4a6028830caff9ee44b42d32ed","name":"Telinha","image":{"@type":"ImageObject","inLanguage":"pt-PT","@id":"https:\/\/portaltela.pt\/s.01k8rhncp4jt1\/2025\/11\/talking-bot-125x125.png","url":"https:\/\/portaltela.pt\/s.01k8rhncp4jt1\/2025\/11\/talking-bot-125x125.png","contentUrl":"https:\/\/portaltela.pt\/s.01k8rhncp4jt1\/2025\/11\/talking-bot-125x125.png","caption":"Telinha"},"sameAs":["https:\/\/portaltela.pt\/"],"url":"https:\/\/portaltela.pt\/por\/367410592786\/"}]}},"_links":{"self":[{"href":"https:\/\/portaltela.pt\/api\/wp\/v2\/posts\/421757","targetHints":{"allow":["GET"]}}],"collection":[{"href":"https:\/\/portaltela.pt\/api\/wp\/v2\/posts"}],"about":[{"href":"https:\/\/portaltela.pt\/api\/wp\/v2\/types\/post"}],"author":[{"embeddable":true,"href":"https:\/\/portaltela.pt\/api\/wp\/v2\/users\/2"}],"replies":[{"embeddable":true,"href":"https:\/\/portaltela.pt\/api\/wp\/v2\/comments?post=421757"}],"version-history":[{"count":0,"href":"https:\/\/portaltela.pt\/api\/wp\/v2\/posts\/421757\/revisions"}],"wp:featuredmedia":[{"embeddable":true,"href":"https:\/\/portaltela.pt\/api\/wp\/v2\/media\/421759"}],"wp:attachment":[{"href":"https:\/\/portaltela.pt\/api\/wp\/v2\/media?parent=421757"}],"wp:term":[{"taxonomy":"category","embeddable":true,"href":"https:\/\/portaltela.pt\/api\/wp\/v2\/categories?post=421757"},{"taxonomy":"post_tag","embeddable":true,"href":"https:\/\/portaltela.pt\/api\/wp\/v2\/tags?post=421757"}],"curies":[{"name":"wp","href":"https:\/\/api.w.org\/{rel}","templated":true}]}}