{"id":421756,"date":"2026-03-26T03:46:52","date_gmt":"2026-03-26T06:46:52","guid":{"rendered":"https:\/\/portaltela.pt\/noticias\/2026\/03\/26\/acordo-ue-australia-do-champanhe-aos-carros-eletricos\/"},"modified":"2026-03-26T03:46:52","modified_gmt":"2026-03-26T06:46:52","slug":"acordo-ue-australia-do-champanhe-aos-carros-eletricos","status":"publish","type":"post","link":"https:\/\/portaltela.pt\/noticias\/economia\/2026\/03\/26\/acordo-ue-australia-do-champanhe-aos-carros-eletricos\/","title":{"rendered":"Acordo UE-Austr\u00e1lia: do champanhe aos carros el\u00e9tricos"},"content":{"rendered":"<p>Ap\u00f3s oito anos de negocia\u00e7\u00f5es dif\u00edceis e uma pausa em 2023, UE e Austr\u00e1lia chegaram a um acordo de com\u00e9rcio livre. O acordo foi assinado por Ursula von der Leyen e Anthony Albanese, em Canberra, a 24 de mar\u00e7o de 2026. O objetivo \u00e9 diversificar as trocas sem depender excessivamente da China.<\/p>\n<p>O pacto elimina tarifas sobre grande parte dos bens entre as duas partes a partir do primeiro dia, com alguns setores a ter transi\u00e7\u00f5es. A UE recebe acesso a mercados australianos para vinhos, espumante, queijos e outros, com ganhos previstos para o conjunto de exporta\u00e7\u00f5es. A Austr\u00e1lia beneficia de maior entrada de produtos europeus.<\/p>\n<h3>Benef\u00edcios econ\u00f3micos diretos<\/h3>\n<p>Os produtores europeus v\u00e3o ver redu\u00e7\u00f5es de custos, com o fim de restri\u00e7\u00f5es tarif\u00e1rias em itens como vinho, frutas, chocolates e champanhe. Al\u00e9m disso, as indica\u00e7\u00f5es geogr\u00e1ficas passam a ter prote\u00e7\u00e3o refor\u00e7ada, assegurando a diferencia\u00e7\u00e3o de marcas emblem\u00e1ticas.<\/p>\n<p>Para o setor autom\u00f3vel, o acordo representa uma via r\u00e1pida: o limiar de aplica\u00e7\u00e3o do imposto sobre ve\u00edculos el\u00e9tricos sobe para 120 mil d\u00f3lares australianos, tornando cerca de 75% dos EV produzidos na UE livres de taxa\u00e7\u00e3o. As exporta\u00e7\u00f5es de ve\u00edculos europeus podem aumentar, segundo a Comiss\u00e3o Europeia.<\/p>\n<h3>Minerais cr\u00edticos e energia<\/h3>\n<p>O acordo elimina tarifas sobre minerais cr\u00edticos australianos, incluindo l\u00edtio e mangan\u00eas, essenciais para baterias e tecnologia avan\u00e7ada. A UE pretende diversificar fornecedores para reduzir depend\u00eancia de qualquer \u00fanico pa\u00eds, incluindo a China.<\/p>\n<p>Tamb\u00e9m h\u00e1 um benef\u00edcio no com\u00e9rcio de hidrog\u00e9nio: tarifas sobre hidrog\u00e9nio australiano s\u00e3o removidas, contribuindo para substituir g\u00e1s natural russo com energia limpa, alimentada por renov\u00e1veis no territ\u00f3rio australiano.<\/p>\n<h3>Agricultura e rela\u00e7\u00f5es setoriais<\/h3>\n<p>Aberturas em agricultura geram controv\u00e9rsia: a carne de bovino australiana passa a ter quota maior ao longo de uma d\u00e9cada. Organiza\u00e7\u00f5es europeias temem impactos na produ\u00e7\u00e3o interna, com salvaguardas permitidas caso haja desequil\u00edbrio setorial.<\/p>\n<p>Para o setor l\u00e1cteo, a UE prev\u00ea aumento de exporta\u00e7\u00f5es de queijos, manteiga e leites em p\u00f3, com potencial de at\u00e9 48% em certos fluxos. A prote\u00e7\u00e3o de indica\u00e7\u00f5es geogr\u00e1ficas \u00e9 destacada como ganho relevante pelo setor.<\/p>\n<h3>Perspetivas e pr\u00f3ximos passos<\/h3>\n<p>Em termos estrat\u00e9gicos, o acordo refor\u00e7a a busca europeia por acordos comerciais que gestionem riscos geopol\u00edticos e fortale\u00e7am alian\u00e7as, especialmente face a uma China assertiva. O pr\u00f3ximo desafio \u00e9 a ratifica\u00e7\u00e3o pelos parlamentos nacionais.<\/p>\n<p>Espera-se que os exportadores da UE poupem mais de 1 mil milh\u00f5es de euros anuais em direitos e que as exporta\u00e7\u00f5es para a Austr\u00e1lia aumentem substancialmente nos pr\u00f3ximos anos. O ramo agr\u00edcola manter\u00e1 monitoriza\u00e7\u00e3o estreita para eventuais contesta\u00e7\u00e3o.<\/p>\n","protected":false},"excerpt":{"rendered":"<ul>\n<li>Ap\u00f3s oito anos de negocia\u00e7\u00f5es, UE e Austr\u00e1lia assinam um acordo de com\u00e9rcio livre, com impacto em bens, minas e autom\u00f3veis.<\/li>\n<li>Tarifa zero j\u00e1 na primeira linha para vinho, espumante, fruta, legumes e chocolates; queijo entra em tr\u00eas anos; Indica\u00e7\u00f5es geogr\u00e1ficas passam a ficar protegidas.<\/li>\n<li>Autom\u00f3veis europeus ganham acesso mais facilitado: o limiar do imposto sobre ve\u00edculos el\u00e9tricos sobe para 120 mil d\u00f3lares australianos, abrangendo cerca de 75% dos EV produzidos na UE.<\/li>\n<li>Com\u00e9rcio de latic\u00ednios deve crescer at\u00e9 48% segundo a Comiss\u00e3o Europeia; a UE exportou quase 400 milh\u00f5es de euros em latic\u00ednios para a Austr\u00e1lia em 2025.<\/li>\n<li>Ossos de checar: o acordo elimina tarifas sobre minerais cr\u00edticos (incluindo l\u00edtio) e sobre o hidrog\u00e9nio, fortalecendo a parceria estrat\u00e9gica entre as duas partes.<\/li>\n<\/ul>\n","protected":false},"author":2,"featured_media":421758,"comment_status":"closed","ping_status":"closed","sticky":false,"template":"","format":"standard","meta":{"footnotes":""},"categories":[2,6735],"tags":[6115,1602,3368,3760,2055,779],"class_list":["post-421756","post","type-post","status-publish","format-standard","has-post-thumbnail","hentry","category-economia","category-negocios","tag-_economia","tag-australia","tag-comercio-internacional","tag-minerais-criticos","tag-uniao-europeia","tag-vinhos"],"yoast_head":"<!-- This site is optimized with the Yoast SEO plugin v27.2 - https:\/\/yoast.com\/product\/yoast-seo-wordpress\/ -->\n<title>Acordo UE-Austr\u00e1lia: do champanhe aos carros el\u00e9tricos - Portal Tela Portugal<\/title>\n<meta name=\"robots\" content=\"index, follow, max-snippet:-1, max-image-preview:large, max-video-preview:-1\" \/>\n<meta property=\"og:locale\" content=\"pt_PT\" \/>\n<meta property=\"og:type\" content=\"article\" \/>\n<meta property=\"og:title\" content=\"Acordo UE-Austr\u00e1lia: do champanhe aos carros el\u00e9tricos - Portal Tela Portugal\" \/>\n<meta property=\"og:description\" content=\"Ap\u00f3s oito anos de negocia\u00e7\u00f5es, UE e Austr\u00e1lia assinam um acordo de com\u00e9rcio livre, com impacto em bens, minas e autom\u00f3veis. Tarifa zero j\u00e1 na primeira linha para vinho, espumante, fruta, legumes e chocolates; queijo entra em tr\u00eas anos; Indica\u00e7\u00f5es geogr\u00e1ficas passam a ficar protegidas. Autom\u00f3veis europeus ganham acesso mais facilitado: o limiar do imposto sobre ve\u00edculos el\u00e9tricos sobe para 120 mil d\u00f3lares australianos, abrangendo cerca de 75% dos EV produzidos na UE. Com\u00e9rcio de latic\u00ednios deve crescer at\u00e9 48% segundo a Comiss\u00e3o Europeia; a UE exportou quase 400 milh\u00f5es de euros em latic\u00ednios para a Austr\u00e1lia em 2025. Ossos de checar: o acordo elimina tarifas sobre minerais cr\u00edticos (incluindo l\u00edtio) e sobre o hidrog\u00e9nio, fortalecendo a parceria estrat\u00e9gica entre as duas partes.\" \/>\n<meta property=\"og:url\" content=\"https:\/\/portaltela.pt\/noticias\/2026\/03\/26\/acordo-ue-australia-do-champanhe-aos-carros-eletricos\/\" \/>\n<meta property=\"og:site_name\" content=\"Portal Tela Portugal\" \/>\n<meta property=\"article:published_time\" content=\"2026-03-26T06:46:52+00:00\" \/>\n<meta name=\"author\" content=\"Telinha\" \/>\n<meta name=\"twitter:card\" content=\"summary_large_image\" \/>\n<meta name=\"twitter:label1\" content=\"Escrito por\" \/>\n\t<meta name=\"twitter:data1\" content=\"Telinha\" \/>\n\t<meta name=\"twitter:label2\" content=\"Tempo estimado de leitura\" \/>\n\t<meta name=\"twitter:data2\" content=\"2 minutos\" \/>\n<script type=\"application\/ld+json\" class=\"yoast-schema-graph\">{\"@context\":\"https:\/\/schema.org\",\"@graph\":[{\"@type\":\"Article\",\"@id\":\"https:\/\/portaltela.pt\/noticias\/2026\/03\/26\/acordo-ue-australia-do-champanhe-aos-carros-eletricos\/#article\",\"isPartOf\":{\"@id\":\"https:\/\/portaltela.pt\/noticias\/2026\/03\/26\/acordo-ue-australia-do-champanhe-aos-carros-eletricos\/\"},\"author\":{\"name\":\"Telinha\",\"@id\":\"https:\/\/portaltela.pt\/#\/schema\/person\/c4278d4a6028830caff9ee44b42d32ed\"},\"headline\":\"Acordo UE-Austr\u00e1lia: do champanhe aos carros el\u00e9tricos\",\"datePublished\":\"2026-03-26T06:46:52+00:00\",\"mainEntityOfPage\":{\"@id\":\"https:\/\/portaltela.pt\/noticias\/2026\/03\/26\/acordo-ue-australia-do-champanhe-aos-carros-eletricos\/\"},\"wordCount\":485,\"image\":{\"@id\":\"https:\/\/portaltela.pt\/noticias\/2026\/03\/26\/acordo-ue-australia-do-champanhe-aos-carros-eletricos\/#primaryimage\"},\"thumbnailUrl\":\"https:\/\/portaltela.pt\/s.01k8rhncp4jt1\/2026\/03\/1536x864_cmsv2_891738be-0e23-5281-b6c8-301753252cf7-9697504.jpg\",\"keywords\":[\"_economia\",\"Austr\u00e1lia\",\"com\u00e9rcio internacional\",\"minerais cr\u00edticos\",\"Uni\u00e3o Europeia\",\"vinhos\"],\"articleSection\":[\"Economia\",\"Neg\u00f3cios\"],\"inLanguage\":\"pt-PT\"},{\"@type\":\"WebPage\",\"@id\":\"https:\/\/portaltela.pt\/noticias\/2026\/03\/26\/acordo-ue-australia-do-champanhe-aos-carros-eletricos\/\",\"url\":\"https:\/\/portaltela.pt\/noticias\/2026\/03\/26\/acordo-ue-australia-do-champanhe-aos-carros-eletricos\/\",\"name\":\"Acordo UE-Austr\u00e1lia: do champanhe aos carros el\u00e9tricos - Portal Tela Portugal\",\"isPartOf\":{\"@id\":\"https:\/\/portaltela.pt\/#website\"},\"primaryImageOfPage\":{\"@id\":\"https:\/\/portaltela.pt\/noticias\/2026\/03\/26\/acordo-ue-australia-do-champanhe-aos-carros-eletricos\/#primaryimage\"},\"image\":{\"@id\":\"https:\/\/portaltela.pt\/noticias\/2026\/03\/26\/acordo-ue-australia-do-champanhe-aos-carros-eletricos\/#primaryimage\"},\"thumbnailUrl\":\"https:\/\/portaltela.pt\/s.01k8rhncp4jt1\/2026\/03\/1536x864_cmsv2_891738be-0e23-5281-b6c8-301753252cf7-9697504.jpg\",\"datePublished\":\"2026-03-26T06:46:52+00:00\",\"author\":{\"@id\":\"https:\/\/portaltela.pt\/#\/schema\/person\/c4278d4a6028830caff9ee44b42d32ed\"},\"breadcrumb\":{\"@id\":\"https:\/\/portaltela.pt\/noticias\/2026\/03\/26\/acordo-ue-australia-do-champanhe-aos-carros-eletricos\/#breadcrumb\"},\"inLanguage\":\"pt-PT\",\"potentialAction\":[{\"@type\":\"ReadAction\",\"target\":[\"https:\/\/portaltela.pt\/noticias\/2026\/03\/26\/acordo-ue-australia-do-champanhe-aos-carros-eletricos\/\"]}]},{\"@type\":\"ImageObject\",\"inLanguage\":\"pt-PT\",\"@id\":\"https:\/\/portaltela.pt\/noticias\/2026\/03\/26\/acordo-ue-australia-do-champanhe-aos-carros-eletricos\/#primaryimage\",\"url\":\"https:\/\/portaltela.pt\/s.01k8rhncp4jt1\/2026\/03\/1536x864_cmsv2_891738be-0e23-5281-b6c8-301753252cf7-9697504.jpg\",\"contentUrl\":\"https:\/\/portaltela.pt\/s.01k8rhncp4jt1\/2026\/03\/1536x864_cmsv2_891738be-0e23-5281-b6c8-301753252cf7-9697504.jpg\",\"width\":796,\"height\":448,\"caption\":\"Arquivo - Ursula von der Leyen e Anthony Albanese ap\u00f3s conclu\u00edrem um acordo de com\u00e9rcio livre em Camberra, 24 de mar\u00e7o de 2026.\"},{\"@type\":\"BreadcrumbList\",\"@id\":\"https:\/\/portaltela.pt\/noticias\/2026\/03\/26\/acordo-ue-australia-do-champanhe-aos-carros-eletricos\/#breadcrumb\",\"itemListElement\":[{\"@type\":\"ListItem\",\"position\":1,\"name\":\"In\u00edcio\",\"item\":\"https:\/\/portaltela.pt\/\"},{\"@type\":\"ListItem\",\"position\":2,\"name\":\"Acordo UE-Austr\u00e1lia: do champanhe aos carros el\u00e9tricos\"}]},{\"@type\":\"WebSite\",\"@id\":\"https:\/\/portaltela.pt\/#website\",\"url\":\"https:\/\/portaltela.pt\/\",\"name\":\"Portal Tela Portugal\",\"description\":\"\",\"potentialAction\":[{\"@type\":\"SearchAction\",\"target\":{\"@type\":\"EntryPoint\",\"urlTemplate\":\"https:\/\/portaltela.pt\/?s={search_term_string}\"},\"query-input\":{\"@type\":\"PropertyValueSpecification\",\"valueRequired\":true,\"valueName\":\"search_term_string\"}}],\"inLanguage\":\"pt-PT\"},{\"@type\":\"Person\",\"@id\":\"https:\/\/portaltela.pt\/#\/schema\/person\/c4278d4a6028830caff9ee44b42d32ed\",\"name\":\"Telinha\",\"image\":{\"@type\":\"ImageObject\",\"inLanguage\":\"pt-PT\",\"@id\":\"https:\/\/portaltela.pt\/s.01k8rhncp4jt1\/2025\/11\/talking-bot-125x125.png\",\"url\":\"https:\/\/portaltela.pt\/s.01k8rhncp4jt1\/2025\/11\/talking-bot-125x125.png\",\"contentUrl\":\"https:\/\/portaltela.pt\/s.01k8rhncp4jt1\/2025\/11\/talking-bot-125x125.png\",\"caption\":\"Telinha\"},\"sameAs\":[\"https:\/\/portaltela.pt\/\"],\"url\":\"https:\/\/portaltela.pt\/por\/367410592786\/\"}]}<\/script>\n<!-- \/ Yoast SEO plugin. -->","yoast_head_json":{"title":"Acordo UE-Austr\u00e1lia: do champanhe aos carros el\u00e9tricos - Portal Tela Portugal","robots":{"index":"index","follow":"follow","max-snippet":"max-snippet:-1","max-image-preview":"max-image-preview:large","max-video-preview":"max-video-preview:-1"},"og_locale":"pt_PT","og_type":"article","og_title":"Acordo UE-Austr\u00e1lia: do champanhe aos carros el\u00e9tricos - Portal Tela Portugal","og_description":"Ap\u00f3s oito anos de negocia\u00e7\u00f5es, UE e Austr\u00e1lia assinam um acordo de com\u00e9rcio livre, com impacto em bens, minas e autom\u00f3veis. Tarifa zero j\u00e1 na primeira linha para vinho, espumante, fruta, legumes e chocolates; queijo entra em tr\u00eas anos; Indica\u00e7\u00f5es geogr\u00e1ficas passam a ficar protegidas. Autom\u00f3veis europeus ganham acesso mais facilitado: o limiar do imposto sobre ve\u00edculos el\u00e9tricos sobe para 120 mil d\u00f3lares australianos, abrangendo cerca de 75% dos EV produzidos na UE. Com\u00e9rcio de latic\u00ednios deve crescer at\u00e9 48% segundo a Comiss\u00e3o Europeia; a UE exportou quase 400 milh\u00f5es de euros em latic\u00ednios para a Austr\u00e1lia em 2025. Ossos de checar: o acordo elimina tarifas sobre minerais cr\u00edticos (incluindo l\u00edtio) e sobre o hidrog\u00e9nio, fortalecendo a parceria estrat\u00e9gica entre as duas partes.","og_url":"https:\/\/portaltela.pt\/noticias\/2026\/03\/26\/acordo-ue-australia-do-champanhe-aos-carros-eletricos\/","og_site_name":"Portal Tela Portugal","article_published_time":"2026-03-26T06:46:52+00:00","author":"Telinha","twitter_card":"summary_large_image","twitter_misc":{"Escrito por":"Telinha","Tempo estimado de leitura":"2 minutos"},"schema":{"@context":"https:\/\/schema.org","@graph":[{"@type":"Article","@id":"https:\/\/portaltela.pt\/noticias\/2026\/03\/26\/acordo-ue-australia-do-champanhe-aos-carros-eletricos\/#article","isPartOf":{"@id":"https:\/\/portaltela.pt\/noticias\/2026\/03\/26\/acordo-ue-australia-do-champanhe-aos-carros-eletricos\/"},"author":{"name":"Telinha","@id":"https:\/\/portaltela.pt\/#\/schema\/person\/c4278d4a6028830caff9ee44b42d32ed"},"headline":"Acordo UE-Austr\u00e1lia: do champanhe aos carros el\u00e9tricos","datePublished":"2026-03-26T06:46:52+00:00","mainEntityOfPage":{"@id":"https:\/\/portaltela.pt\/noticias\/2026\/03\/26\/acordo-ue-australia-do-champanhe-aos-carros-eletricos\/"},"wordCount":485,"image":{"@id":"https:\/\/portaltela.pt\/noticias\/2026\/03\/26\/acordo-ue-australia-do-champanhe-aos-carros-eletricos\/#primaryimage"},"thumbnailUrl":"https:\/\/portaltela.pt\/s.01k8rhncp4jt1\/2026\/03\/1536x864_cmsv2_891738be-0e23-5281-b6c8-301753252cf7-9697504.jpg","keywords":["_economia","Austr\u00e1lia","com\u00e9rcio internacional","minerais cr\u00edticos","Uni\u00e3o Europeia","vinhos"],"articleSection":["Economia","Neg\u00f3cios"],"inLanguage":"pt-PT"},{"@type":"WebPage","@id":"https:\/\/portaltela.pt\/noticias\/2026\/03\/26\/acordo-ue-australia-do-champanhe-aos-carros-eletricos\/","url":"https:\/\/portaltela.pt\/noticias\/2026\/03\/26\/acordo-ue-australia-do-champanhe-aos-carros-eletricos\/","name":"Acordo UE-Austr\u00e1lia: do champanhe aos carros el\u00e9tricos - Portal Tela Portugal","isPartOf":{"@id":"https:\/\/portaltela.pt\/#website"},"primaryImageOfPage":{"@id":"https:\/\/portaltela.pt\/noticias\/2026\/03\/26\/acordo-ue-australia-do-champanhe-aos-carros-eletricos\/#primaryimage"},"image":{"@id":"https:\/\/portaltela.pt\/noticias\/2026\/03\/26\/acordo-ue-australia-do-champanhe-aos-carros-eletricos\/#primaryimage"},"thumbnailUrl":"https:\/\/portaltela.pt\/s.01k8rhncp4jt1\/2026\/03\/1536x864_cmsv2_891738be-0e23-5281-b6c8-301753252cf7-9697504.jpg","datePublished":"2026-03-26T06:46:52+00:00","author":{"@id":"https:\/\/portaltela.pt\/#\/schema\/person\/c4278d4a6028830caff9ee44b42d32ed"},"breadcrumb":{"@id":"https:\/\/portaltela.pt\/noticias\/2026\/03\/26\/acordo-ue-australia-do-champanhe-aos-carros-eletricos\/#breadcrumb"},"inLanguage":"pt-PT","potentialAction":[{"@type":"ReadAction","target":["https:\/\/portaltela.pt\/noticias\/2026\/03\/26\/acordo-ue-australia-do-champanhe-aos-carros-eletricos\/"]}]},{"@type":"ImageObject","inLanguage":"pt-PT","@id":"https:\/\/portaltela.pt\/noticias\/2026\/03\/26\/acordo-ue-australia-do-champanhe-aos-carros-eletricos\/#primaryimage","url":"https:\/\/portaltela.pt\/s.01k8rhncp4jt1\/2026\/03\/1536x864_cmsv2_891738be-0e23-5281-b6c8-301753252cf7-9697504.jpg","contentUrl":"https:\/\/portaltela.pt\/s.01k8rhncp4jt1\/2026\/03\/1536x864_cmsv2_891738be-0e23-5281-b6c8-301753252cf7-9697504.jpg","width":796,"height":448,"caption":"Arquivo - Ursula von der Leyen e Anthony Albanese ap\u00f3s conclu\u00edrem um acordo de com\u00e9rcio livre em Camberra, 24 de mar\u00e7o de 2026."},{"@type":"BreadcrumbList","@id":"https:\/\/portaltela.pt\/noticias\/2026\/03\/26\/acordo-ue-australia-do-champanhe-aos-carros-eletricos\/#breadcrumb","itemListElement":[{"@type":"ListItem","position":1,"name":"In\u00edcio","item":"https:\/\/portaltela.pt\/"},{"@type":"ListItem","position":2,"name":"Acordo UE-Austr\u00e1lia: do champanhe aos carros el\u00e9tricos"}]},{"@type":"WebSite","@id":"https:\/\/portaltela.pt\/#website","url":"https:\/\/portaltela.pt\/","name":"Portal Tela Portugal","description":"","potentialAction":[{"@type":"SearchAction","target":{"@type":"EntryPoint","urlTemplate":"https:\/\/portaltela.pt\/?s={search_term_string}"},"query-input":{"@type":"PropertyValueSpecification","valueRequired":true,"valueName":"search_term_string"}}],"inLanguage":"pt-PT"},{"@type":"Person","@id":"https:\/\/portaltela.pt\/#\/schema\/person\/c4278d4a6028830caff9ee44b42d32ed","name":"Telinha","image":{"@type":"ImageObject","inLanguage":"pt-PT","@id":"https:\/\/portaltela.pt\/s.01k8rhncp4jt1\/2025\/11\/talking-bot-125x125.png","url":"https:\/\/portaltela.pt\/s.01k8rhncp4jt1\/2025\/11\/talking-bot-125x125.png","contentUrl":"https:\/\/portaltela.pt\/s.01k8rhncp4jt1\/2025\/11\/talking-bot-125x125.png","caption":"Telinha"},"sameAs":["https:\/\/portaltela.pt\/"],"url":"https:\/\/portaltela.pt\/por\/367410592786\/"}]}},"_links":{"self":[{"href":"https:\/\/portaltela.pt\/api\/wp\/v2\/posts\/421756","targetHints":{"allow":["GET"]}}],"collection":[{"href":"https:\/\/portaltela.pt\/api\/wp\/v2\/posts"}],"about":[{"href":"https:\/\/portaltela.pt\/api\/wp\/v2\/types\/post"}],"author":[{"embeddable":true,"href":"https:\/\/portaltela.pt\/api\/wp\/v2\/users\/2"}],"replies":[{"embeddable":true,"href":"https:\/\/portaltela.pt\/api\/wp\/v2\/comments?post=421756"}],"version-history":[{"count":0,"href":"https:\/\/portaltela.pt\/api\/wp\/v2\/posts\/421756\/revisions"}],"wp:featuredmedia":[{"embeddable":true,"href":"https:\/\/portaltela.pt\/api\/wp\/v2\/media\/421758"}],"wp:attachment":[{"href":"https:\/\/portaltela.pt\/api\/wp\/v2\/media?parent=421756"}],"wp:term":[{"taxonomy":"category","embeddable":true,"href":"https:\/\/portaltela.pt\/api\/wp\/v2\/categories?post=421756"},{"taxonomy":"post_tag","embeddable":true,"href":"https:\/\/portaltela.pt\/api\/wp\/v2\/tags?post=421756"}],"curies":[{"name":"wp","href":"https:\/\/api.w.org\/{rel}","templated":true}]}}