{"id":421750,"date":"2026-03-26T02:51:00","date_gmt":"2026-03-26T05:51:00","guid":{"rendered":"https:\/\/portaltela.pt\/noticias\/2026\/03\/26\/vitor-campelos-ficou-um-ano-parado-para-refletir-e-estudar-na-inglaterra\/"},"modified":"2026-03-26T02:51:00","modified_gmt":"2026-03-26T05:51:00","slug":"vitor-campelos-ficou-um-ano-parado-para-refletir-e-estudar-na-inglaterra","status":"publish","type":"post","link":"https:\/\/portaltela.pt\/desporto\/futebol\/2026\/03\/26\/vitor-campelos-ficou-um-ano-parado-para-refletir-e-estudar-na-inglaterra\/","title":{"rendered":"V\u00edtor Campelos ficou um ano parado para refletir e estudar na Inglaterra"},"content":{"rendered":"<p>V\u00edtor Campelos, treinador, ficou sem competi\u00e7\u00e3o ap\u00f3s deixar o AVS SAD em dezembro de 2024. Passou mais de um ano afastado dos relvados, dedicando-se a refletir, estudar e acompanhar contextos diferentes do futebol nacional.<\/p>\n<p>Durante esse per\u00edodo, o t\u00e9cnico esteve em Inglaterra, acompanhando o trabalho de Marco Silva no Fulham. A experi\u00eancia serviu para ampliar perspetivas sobre m\u00e9todos de treino e organiza\u00e7\u00e3o de equipes, segundo o pr\u00f3prio.<\/p>\n<p>Apesar de v\u00e1rias abordagens recebidas para o regresso, Campelos optou por esperar pelo momento certo e pelo projeto adequado, sublinhando a import\u00e2ncia de estabilidade e de prazos mais longos para o planeamento desportivo.<\/p>\n<h3>Nova etapa na carreira<\/h3>\n<p>A decidir emigrar, o treinador decidiu rumar ao Celje, clube da Eslov\u00e9nia, para iniciar uma nova etapa. A mudan\u00e7a coloca-o em contexto diferente, com o foco em projetos de m\u00e9dio prazo e em desenvolver trabalho estrat\u00e9gico fora de Portugal.<\/p>\n<p>A op\u00e7\u00e3o por trabalhar no estrangeiro surge, segundo as declara\u00e7\u00f5es, pela possibilidade de uma maior margem de manobra e paci\u00eancia por parte das estruturas que integram o clube, face \u00e0s exig\u00eancias de resultados a curto prazo no pa\u00eds.<\/p>\n","protected":false},"excerpt":{"rendered":"<ul>\n<li>V\u00edtor Campelos ficou afastado dos relvados por mais de um ano ap\u00f3s sair do AVS SAD em dezembro de 2024.<\/li>\n<li>Durante a pausa, passou a partilhar tempo entre estudo e observa\u00e7\u00e3o de outros contextos, incluindo Inglaterra, com Marco Silva a acompanhar treinos no Fulham.<\/li>\n<li>Recebeu v\u00e1rias abordagens para regressar, mas esperou pelo momento certo e pelo projeto adequado.<\/li>\n<li>Optou por emigrar no regresso, valorando a maior estabilidade e tempo para trabalhar que noutros contextos permitem.<\/li>\n<li>Assinou pelo Celje, destacando a diferen\u00e7a de paci\u00eancia entre pa\u00edses e a oportunidade de trabalhar a longo prazo.<\/li>\n<\/ul>\n","protected":false},"author":2,"featured_media":421751,"comment_status":"closed","ping_status":"closed","sticky":false,"template":"","format":"standard","meta":{"footnotes":""},"categories":[21,24],"tags":[152,2681,2167,32,81,2477],"class_list":["post-421750","post","type-post","status-publish","format-standard","has-post-thumbnail","hentry","category-desporto","category-futebol","tag-desporto","tag-desporto-internacional","tag-eslovenia","tag-futebol","tag-internacionais","tag-treinadores"],"yoast_head":"<!-- This site is optimized with the Yoast SEO plugin v27.2 - https:\/\/yoast.com\/product\/yoast-seo-wordpress\/ -->\n<title>V\u00edtor Campelos ficou um ano parado para refletir e estudar na Inglaterra - Portal Tela Portugal<\/title>\n<meta name=\"robots\" content=\"index, follow, max-snippet:-1, max-image-preview:large, max-video-preview:-1\" \/>\n<meta property=\"og:locale\" content=\"pt_PT\" \/>\n<meta property=\"og:type\" content=\"article\" \/>\n<meta property=\"og:title\" content=\"V\u00edtor Campelos ficou um ano parado para refletir e estudar na Inglaterra - Portal Tela Portugal\" \/>\n<meta property=\"og:description\" content=\"V\u00edtor Campelos ficou afastado dos relvados por mais de um ano ap\u00f3s sair do AVS SAD em dezembro de 2024. Durante a pausa, passou a partilhar tempo entre estudo e observa\u00e7\u00e3o de outros contextos, incluindo Inglaterra, com Marco Silva a acompanhar treinos no Fulham. Recebeu v\u00e1rias abordagens para regressar, mas esperou pelo momento certo e pelo projeto adequado. Optou por emigrar no regresso, valorando a maior estabilidade e tempo para trabalhar que noutros contextos permitem. Assinou pelo Celje, destacando a diferen\u00e7a de paci\u00eancia entre pa\u00edses e a oportunidade de trabalhar a longo prazo.\" \/>\n<meta property=\"og:url\" content=\"https:\/\/portaltela.pt\/noticias\/2026\/03\/26\/vitor-campelos-ficou-um-ano-parado-para-refletir-e-estudar-na-inglaterra\/\" \/>\n<meta property=\"og:site_name\" content=\"Portal Tela Portugal\" \/>\n<meta property=\"article:published_time\" content=\"2026-03-26T05:51:00+00:00\" \/>\n<meta name=\"author\" content=\"Telinha\" \/>\n<meta name=\"twitter:card\" content=\"summary_large_image\" \/>\n<meta name=\"twitter:label1\" content=\"Escrito por\" \/>\n\t<meta name=\"twitter:data1\" content=\"Telinha\" \/>\n\t<meta name=\"twitter:label2\" content=\"Tempo estimado de leitura\" \/>\n\t<meta name=\"twitter:data2\" content=\"1 minuto\" \/>\n<script type=\"application\/ld+json\" class=\"yoast-schema-graph\">{\"@context\":\"https:\/\/schema.org\",\"@graph\":[{\"@type\":\"Article\",\"@id\":\"https:\/\/portaltela.pt\/noticias\/2026\/03\/26\/vitor-campelos-ficou-um-ano-parado-para-refletir-e-estudar-na-inglaterra\/#article\",\"isPartOf\":{\"@id\":\"https:\/\/portaltela.pt\/noticias\/2026\/03\/26\/vitor-campelos-ficou-um-ano-parado-para-refletir-e-estudar-na-inglaterra\/\"},\"author\":{\"name\":\"Telinha\",\"@id\":\"https:\/\/portaltela.pt\/#\/schema\/person\/c4278d4a6028830caff9ee44b42d32ed\"},\"headline\":\"V\u00edtor Campelos ficou um ano parado para refletir e estudar na Inglaterra\",\"datePublished\":\"2026-03-26T05:51:00+00:00\",\"mainEntityOfPage\":{\"@id\":\"https:\/\/portaltela.pt\/noticias\/2026\/03\/26\/vitor-campelos-ficou-um-ano-parado-para-refletir-e-estudar-na-inglaterra\/\"},\"wordCount\":213,\"image\":{\"@id\":\"https:\/\/portaltela.pt\/noticias\/2026\/03\/26\/vitor-campelos-ficou-um-ano-parado-para-refletir-e-estudar-na-inglaterra\/#primaryimage\"},\"thumbnailUrl\":\"https:\/\/portaltela.pt\/s.01k8rhncp4jt1\/2026\/03\/img_920x518uu2026-03-26-00-13-00-2429419-im-639100808004201456.jpg\",\"keywords\":[\"desporto\",\"desporto internacional\",\"Eslov\u00e9nia\",\"futebol\",\"internacionais\",\"treinadores\"],\"articleSection\":[\"Desporto\",\"Futebol\"],\"inLanguage\":\"pt-PT\"},{\"@type\":\"WebPage\",\"@id\":\"https:\/\/portaltela.pt\/noticias\/2026\/03\/26\/vitor-campelos-ficou-um-ano-parado-para-refletir-e-estudar-na-inglaterra\/\",\"url\":\"https:\/\/portaltela.pt\/noticias\/2026\/03\/26\/vitor-campelos-ficou-um-ano-parado-para-refletir-e-estudar-na-inglaterra\/\",\"name\":\"V\u00edtor Campelos ficou um ano parado para refletir e estudar na Inglaterra - Portal Tela Portugal\",\"isPartOf\":{\"@id\":\"https:\/\/portaltela.pt\/#website\"},\"primaryImageOfPage\":{\"@id\":\"https:\/\/portaltela.pt\/noticias\/2026\/03\/26\/vitor-campelos-ficou-um-ano-parado-para-refletir-e-estudar-na-inglaterra\/#primaryimage\"},\"image\":{\"@id\":\"https:\/\/portaltela.pt\/noticias\/2026\/03\/26\/vitor-campelos-ficou-um-ano-parado-para-refletir-e-estudar-na-inglaterra\/#primaryimage\"},\"thumbnailUrl\":\"https:\/\/portaltela.pt\/s.01k8rhncp4jt1\/2026\/03\/img_920x518uu2026-03-26-00-13-00-2429419-im-639100808004201456.jpg\",\"datePublished\":\"2026-03-26T05:51:00+00:00\",\"author\":{\"@id\":\"https:\/\/portaltela.pt\/#\/schema\/person\/c4278d4a6028830caff9ee44b42d32ed\"},\"breadcrumb\":{\"@id\":\"https:\/\/portaltela.pt\/noticias\/2026\/03\/26\/vitor-campelos-ficou-um-ano-parado-para-refletir-e-estudar-na-inglaterra\/#breadcrumb\"},\"inLanguage\":\"pt-PT\",\"potentialAction\":[{\"@type\":\"ReadAction\",\"target\":[\"https:\/\/portaltela.pt\/noticias\/2026\/03\/26\/vitor-campelos-ficou-um-ano-parado-para-refletir-e-estudar-na-inglaterra\/\"]}]},{\"@type\":\"ImageObject\",\"inLanguage\":\"pt-PT\",\"@id\":\"https:\/\/portaltela.pt\/noticias\/2026\/03\/26\/vitor-campelos-ficou-um-ano-parado-para-refletir-e-estudar-na-inglaterra\/#primaryimage\",\"url\":\"https:\/\/portaltela.pt\/s.01k8rhncp4jt1\/2026\/03\/img_920x518uu2026-03-26-00-13-00-2429419-im-639100808004201456.jpg\",\"contentUrl\":\"https:\/\/portaltela.pt\/s.01k8rhncp4jt1\/2026\/03\/img_920x518uu2026-03-26-00-13-00-2429419-im-639100808004201456.jpg\",\"width\":796,\"height\":448,\"caption\":\"V\u00edtor Campelos\"},{\"@type\":\"BreadcrumbList\",\"@id\":\"https:\/\/portaltela.pt\/noticias\/2026\/03\/26\/vitor-campelos-ficou-um-ano-parado-para-refletir-e-estudar-na-inglaterra\/#breadcrumb\",\"itemListElement\":[{\"@type\":\"ListItem\",\"position\":1,\"name\":\"In\u00edcio\",\"item\":\"https:\/\/portaltela.pt\/\"},{\"@type\":\"ListItem\",\"position\":2,\"name\":\"V\u00edtor Campelos ficou um ano parado para refletir e estudar na Inglaterra\"}]},{\"@type\":\"WebSite\",\"@id\":\"https:\/\/portaltela.pt\/#website\",\"url\":\"https:\/\/portaltela.pt\/\",\"name\":\"Portal Tela Portugal\",\"description\":\"\",\"potentialAction\":[{\"@type\":\"SearchAction\",\"target\":{\"@type\":\"EntryPoint\",\"urlTemplate\":\"https:\/\/portaltela.pt\/?s={search_term_string}\"},\"query-input\":{\"@type\":\"PropertyValueSpecification\",\"valueRequired\":true,\"valueName\":\"search_term_string\"}}],\"inLanguage\":\"pt-PT\"},{\"@type\":\"Person\",\"@id\":\"https:\/\/portaltela.pt\/#\/schema\/person\/c4278d4a6028830caff9ee44b42d32ed\",\"name\":\"Telinha\",\"image\":{\"@type\":\"ImageObject\",\"inLanguage\":\"pt-PT\",\"@id\":\"https:\/\/portaltela.pt\/s.01k8rhncp4jt1\/2025\/11\/talking-bot-125x125.png\",\"url\":\"https:\/\/portaltela.pt\/s.01k8rhncp4jt1\/2025\/11\/talking-bot-125x125.png\",\"contentUrl\":\"https:\/\/portaltela.pt\/s.01k8rhncp4jt1\/2025\/11\/talking-bot-125x125.png\",\"caption\":\"Telinha\"},\"sameAs\":[\"https:\/\/portaltela.pt\/\"],\"url\":\"https:\/\/portaltela.pt\/por\/367410592786\/\"}]}<\/script>\n<!-- \/ Yoast SEO plugin. -->","yoast_head_json":{"title":"V\u00edtor Campelos ficou um ano parado para refletir e estudar na Inglaterra - Portal Tela Portugal","robots":{"index":"index","follow":"follow","max-snippet":"max-snippet:-1","max-image-preview":"max-image-preview:large","max-video-preview":"max-video-preview:-1"},"og_locale":"pt_PT","og_type":"article","og_title":"V\u00edtor Campelos ficou um ano parado para refletir e estudar na Inglaterra - Portal Tela Portugal","og_description":"V\u00edtor Campelos ficou afastado dos relvados por mais de um ano ap\u00f3s sair do AVS SAD em dezembro de 2024. Durante a pausa, passou a partilhar tempo entre estudo e observa\u00e7\u00e3o de outros contextos, incluindo Inglaterra, com Marco Silva a acompanhar treinos no Fulham. Recebeu v\u00e1rias abordagens para regressar, mas esperou pelo momento certo e pelo projeto adequado. Optou por emigrar no regresso, valorando a maior estabilidade e tempo para trabalhar que noutros contextos permitem. Assinou pelo Celje, destacando a diferen\u00e7a de paci\u00eancia entre pa\u00edses e a oportunidade de trabalhar a longo prazo.","og_url":"https:\/\/portaltela.pt\/noticias\/2026\/03\/26\/vitor-campelos-ficou-um-ano-parado-para-refletir-e-estudar-na-inglaterra\/","og_site_name":"Portal Tela Portugal","article_published_time":"2026-03-26T05:51:00+00:00","author":"Telinha","twitter_card":"summary_large_image","twitter_misc":{"Escrito por":"Telinha","Tempo estimado de leitura":"1 minuto"},"schema":{"@context":"https:\/\/schema.org","@graph":[{"@type":"Article","@id":"https:\/\/portaltela.pt\/noticias\/2026\/03\/26\/vitor-campelos-ficou-um-ano-parado-para-refletir-e-estudar-na-inglaterra\/#article","isPartOf":{"@id":"https:\/\/portaltela.pt\/noticias\/2026\/03\/26\/vitor-campelos-ficou-um-ano-parado-para-refletir-e-estudar-na-inglaterra\/"},"author":{"name":"Telinha","@id":"https:\/\/portaltela.pt\/#\/schema\/person\/c4278d4a6028830caff9ee44b42d32ed"},"headline":"V\u00edtor Campelos ficou um ano parado para refletir e estudar na Inglaterra","datePublished":"2026-03-26T05:51:00+00:00","mainEntityOfPage":{"@id":"https:\/\/portaltela.pt\/noticias\/2026\/03\/26\/vitor-campelos-ficou-um-ano-parado-para-refletir-e-estudar-na-inglaterra\/"},"wordCount":213,"image":{"@id":"https:\/\/portaltela.pt\/noticias\/2026\/03\/26\/vitor-campelos-ficou-um-ano-parado-para-refletir-e-estudar-na-inglaterra\/#primaryimage"},"thumbnailUrl":"https:\/\/portaltela.pt\/s.01k8rhncp4jt1\/2026\/03\/img_920x518uu2026-03-26-00-13-00-2429419-im-639100808004201456.jpg","keywords":["desporto","desporto internacional","Eslov\u00e9nia","futebol","internacionais","treinadores"],"articleSection":["Desporto","Futebol"],"inLanguage":"pt-PT"},{"@type":"WebPage","@id":"https:\/\/portaltela.pt\/noticias\/2026\/03\/26\/vitor-campelos-ficou-um-ano-parado-para-refletir-e-estudar-na-inglaterra\/","url":"https:\/\/portaltela.pt\/noticias\/2026\/03\/26\/vitor-campelos-ficou-um-ano-parado-para-refletir-e-estudar-na-inglaterra\/","name":"V\u00edtor Campelos ficou um ano parado para refletir e estudar na Inglaterra - Portal Tela Portugal","isPartOf":{"@id":"https:\/\/portaltela.pt\/#website"},"primaryImageOfPage":{"@id":"https:\/\/portaltela.pt\/noticias\/2026\/03\/26\/vitor-campelos-ficou-um-ano-parado-para-refletir-e-estudar-na-inglaterra\/#primaryimage"},"image":{"@id":"https:\/\/portaltela.pt\/noticias\/2026\/03\/26\/vitor-campelos-ficou-um-ano-parado-para-refletir-e-estudar-na-inglaterra\/#primaryimage"},"thumbnailUrl":"https:\/\/portaltela.pt\/s.01k8rhncp4jt1\/2026\/03\/img_920x518uu2026-03-26-00-13-00-2429419-im-639100808004201456.jpg","datePublished":"2026-03-26T05:51:00+00:00","author":{"@id":"https:\/\/portaltela.pt\/#\/schema\/person\/c4278d4a6028830caff9ee44b42d32ed"},"breadcrumb":{"@id":"https:\/\/portaltela.pt\/noticias\/2026\/03\/26\/vitor-campelos-ficou-um-ano-parado-para-refletir-e-estudar-na-inglaterra\/#breadcrumb"},"inLanguage":"pt-PT","potentialAction":[{"@type":"ReadAction","target":["https:\/\/portaltela.pt\/noticias\/2026\/03\/26\/vitor-campelos-ficou-um-ano-parado-para-refletir-e-estudar-na-inglaterra\/"]}]},{"@type":"ImageObject","inLanguage":"pt-PT","@id":"https:\/\/portaltela.pt\/noticias\/2026\/03\/26\/vitor-campelos-ficou-um-ano-parado-para-refletir-e-estudar-na-inglaterra\/#primaryimage","url":"https:\/\/portaltela.pt\/s.01k8rhncp4jt1\/2026\/03\/img_920x518uu2026-03-26-00-13-00-2429419-im-639100808004201456.jpg","contentUrl":"https:\/\/portaltela.pt\/s.01k8rhncp4jt1\/2026\/03\/img_920x518uu2026-03-26-00-13-00-2429419-im-639100808004201456.jpg","width":796,"height":448,"caption":"V\u00edtor Campelos"},{"@type":"BreadcrumbList","@id":"https:\/\/portaltela.pt\/noticias\/2026\/03\/26\/vitor-campelos-ficou-um-ano-parado-para-refletir-e-estudar-na-inglaterra\/#breadcrumb","itemListElement":[{"@type":"ListItem","position":1,"name":"In\u00edcio","item":"https:\/\/portaltela.pt\/"},{"@type":"ListItem","position":2,"name":"V\u00edtor Campelos ficou um ano parado para refletir e estudar na Inglaterra"}]},{"@type":"WebSite","@id":"https:\/\/portaltela.pt\/#website","url":"https:\/\/portaltela.pt\/","name":"Portal Tela Portugal","description":"","potentialAction":[{"@type":"SearchAction","target":{"@type":"EntryPoint","urlTemplate":"https:\/\/portaltela.pt\/?s={search_term_string}"},"query-input":{"@type":"PropertyValueSpecification","valueRequired":true,"valueName":"search_term_string"}}],"inLanguage":"pt-PT"},{"@type":"Person","@id":"https:\/\/portaltela.pt\/#\/schema\/person\/c4278d4a6028830caff9ee44b42d32ed","name":"Telinha","image":{"@type":"ImageObject","inLanguage":"pt-PT","@id":"https:\/\/portaltela.pt\/s.01k8rhncp4jt1\/2025\/11\/talking-bot-125x125.png","url":"https:\/\/portaltela.pt\/s.01k8rhncp4jt1\/2025\/11\/talking-bot-125x125.png","contentUrl":"https:\/\/portaltela.pt\/s.01k8rhncp4jt1\/2025\/11\/talking-bot-125x125.png","caption":"Telinha"},"sameAs":["https:\/\/portaltela.pt\/"],"url":"https:\/\/portaltela.pt\/por\/367410592786\/"}]}},"_links":{"self":[{"href":"https:\/\/portaltela.pt\/api\/wp\/v2\/posts\/421750","targetHints":{"allow":["GET"]}}],"collection":[{"href":"https:\/\/portaltela.pt\/api\/wp\/v2\/posts"}],"about":[{"href":"https:\/\/portaltela.pt\/api\/wp\/v2\/types\/post"}],"author":[{"embeddable":true,"href":"https:\/\/portaltela.pt\/api\/wp\/v2\/users\/2"}],"replies":[{"embeddable":true,"href":"https:\/\/portaltela.pt\/api\/wp\/v2\/comments?post=421750"}],"version-history":[{"count":0,"href":"https:\/\/portaltela.pt\/api\/wp\/v2\/posts\/421750\/revisions"}],"wp:featuredmedia":[{"embeddable":true,"href":"https:\/\/portaltela.pt\/api\/wp\/v2\/media\/421751"}],"wp:attachment":[{"href":"https:\/\/portaltela.pt\/api\/wp\/v2\/media?parent=421750"}],"wp:term":[{"taxonomy":"category","embeddable":true,"href":"https:\/\/portaltela.pt\/api\/wp\/v2\/categories?post=421750"},{"taxonomy":"post_tag","embeddable":true,"href":"https:\/\/portaltela.pt\/api\/wp\/v2\/tags?post=421750"}],"curies":[{"name":"wp","href":"https:\/\/api.w.org\/{rel}","templated":true}]}}