{"id":421740,"date":"2026-03-26T01:12:00","date_gmt":"2026-03-26T04:12:00","guid":{"rendered":"https:\/\/portaltela.pt\/noticias\/2026\/03\/26\/de-otamendi-para-aursnes-o-futuro-da-lideranca-do-benfica\/"},"modified":"2026-03-26T01:12:00","modified_gmt":"2026-03-26T04:12:00","slug":"de-otamendi-para-aursnes-o-futuro-da-lideranca-do-benfica","status":"publish","type":"post","link":"https:\/\/portaltela.pt\/desporto\/futebol\/2026\/03\/26\/de-otamendi-para-aursnes-o-futuro-da-lideranca-do-benfica\/","title":{"rendered":"De Otamendi para Aursnes: o futuro da lideran\u00e7a do Benfica"},"content":{"rendered":"<p>Est\u00e1 em aberto o futuro da defesa do Benfica ap\u00f3s a presente \u00e9poca, com d\u00favidas sobre a bra\u00e7adeira de capit\u00e3o. Os relatos indicam que tanto Nicol\u00e1s Otamendi como Ant\u00f3nio Silva deviam abandonar a Luz no final da temporada.<\/p>\n<p>Caso se confirme esse cen\u00e1rio, o clube n\u00e3o dever\u00e1 apresentar grandes d\u00favidas sobre quem ficar\u00e1 com o outro papel de lideran\u00e7a. Fontes pr\u00f3ximas da equipa apontam Fredrik Aursnes como o capit\u00e3o da equipa de Jos\u00e9 Mourinho na pr\u00f3xima temporada.<\/p>\n<p>A incerta continuidade de Otamendi e Silva tem sido tema de an\u00e1lise entre dirigentes, treinadores e jogadores. A aposta apontada para a bra\u00e7adeira centra-se no m\u00e9dio holand\u00eas, que tem vindo a afirmar-se como figura de refer\u00eancia no balne\u00e1rio.<\/p>\n<h3>Capit\u00e3o para a pr\u00f3xima \u00e9poca<\/h3>\n<p>A indica\u00e7\u00e3o de Aursnes surge num contexto de mudan\u00e7as na defesa e no n\u00facleo de lideran\u00e7a. O Benfica n\u00e3o confirmou nomes oficiais, mas a leitura interna aponta para uma transi\u00e7\u00e3o de lideran\u00e7a j\u00e1 defininda para a pr\u00f3xima \u00e9poca, caso n\u00e3o haja contratempos.<\/p>\n<p>A atual dire\u00e7\u00e3o t\u00e9cnica mant\u00e9m o foco na estabilidade competitiva e no planeamento desportivo, assegurando que as decis\u00f5es de lideran\u00e7a impactem positivamente o desempenho em competi\u00e7\u00e3o nacional e europeia.<\/p>\n","protected":false},"excerpt":{"rendered":"<ul>\n<li>O futuro da defesa do Benfica est\u00e1 em aberto e prev\u00ea-se a sa\u00edda de Nicol\u00e1s Otamendi e Ant\u00f3nio Silva no final da temporada.<\/li>\n<li>A bra\u00e7adeira de capit\u00e3o tamb\u00e9m fica em d\u00favida, com mudan\u00e7as prov\u00e1veis na hierarquia da equipa.<\/li>\n<li>Dentro do clube n\u00e3o existem grandes d\u00favidas de que Fredrik Aursnes ser\u00e1 o capit\u00e3o da equipa de Jos\u00e9 Mourinho na pr\u00f3xima \u00e9poca.<\/li>\n<li>O cen\u00e1rio indica que Otamendi e Ant\u00f3nio Silva saem, abrindo espa\u00e7o para Aursnes liderar o plantel.<\/li>\n<\/ul>\n","protected":false},"author":2,"featured_media":421741,"comment_status":"closed","ping_status":"closed","sticky":false,"template":"","format":"standard","meta":{"footnotes":""},"categories":[21,24],"tags":[3758,1946,32,242,6802,4117],"class_list":["post-421740","post","type-post","status-publish","format-standard","has-post-thumbnail","hentry","category-desporto","category-futebol","tag-aursnes","tag-benfica","tag-futebol","tag-jogadores","tag-lideranca","tag-otamendi"],"yoast_head":"<!-- This site is optimized with the Yoast SEO plugin v27.2 - https:\/\/yoast.com\/product\/yoast-seo-wordpress\/ -->\n<title>De Otamendi para Aursnes: o futuro da lideran\u00e7a do Benfica - Portal Tela Portugal<\/title>\n<meta name=\"robots\" content=\"index, follow, max-snippet:-1, max-image-preview:large, max-video-preview:-1\" \/>\n<meta property=\"og:locale\" content=\"pt_PT\" \/>\n<meta property=\"og:type\" content=\"article\" \/>\n<meta property=\"og:title\" content=\"De Otamendi para Aursnes: o futuro da lideran\u00e7a do Benfica - Portal Tela Portugal\" \/>\n<meta property=\"og:description\" content=\"O futuro da defesa do Benfica est\u00e1 em aberto e prev\u00ea-se a sa\u00edda de Nicol\u00e1s Otamendi e Ant\u00f3nio Silva no final da temporada. A bra\u00e7adeira de capit\u00e3o tamb\u00e9m fica em d\u00favida, com mudan\u00e7as prov\u00e1veis na hierarquia da equipa. Dentro do clube n\u00e3o existem grandes d\u00favidas de que Fredrik Aursnes ser\u00e1 o capit\u00e3o da equipa de Jos\u00e9 Mourinho na pr\u00f3xima \u00e9poca. O cen\u00e1rio indica que Otamendi e Ant\u00f3nio Silva saem, abrindo espa\u00e7o para Aursnes liderar o plantel.\" \/>\n<meta property=\"og:url\" content=\"https:\/\/portaltela.pt\/noticias\/2026\/03\/26\/de-otamendi-para-aursnes-o-futuro-da-lideranca-do-benfica\/\" \/>\n<meta property=\"og:site_name\" content=\"Portal Tela Portugal\" \/>\n<meta property=\"article:published_time\" content=\"2026-03-26T04:12:00+00:00\" \/>\n<meta name=\"author\" content=\"Telinha\" \/>\n<meta name=\"twitter:card\" content=\"summary_large_image\" \/>\n<meta name=\"twitter:label1\" content=\"Escrito por\" \/>\n\t<meta name=\"twitter:data1\" content=\"Telinha\" \/>\n\t<meta name=\"twitter:label2\" content=\"Tempo estimado de leitura\" \/>\n\t<meta name=\"twitter:data2\" content=\"1 minuto\" \/>\n<script type=\"application\/ld+json\" class=\"yoast-schema-graph\">{\"@context\":\"https:\/\/schema.org\",\"@graph\":[{\"@type\":\"Article\",\"@id\":\"https:\/\/portaltela.pt\/noticias\/2026\/03\/26\/de-otamendi-para-aursnes-o-futuro-da-lideranca-do-benfica\/#article\",\"isPartOf\":{\"@id\":\"https:\/\/portaltela.pt\/noticias\/2026\/03\/26\/de-otamendi-para-aursnes-o-futuro-da-lideranca-do-benfica\/\"},\"author\":{\"name\":\"Telinha\",\"@id\":\"https:\/\/portaltela.pt\/#\/schema\/person\/c4278d4a6028830caff9ee44b42d32ed\"},\"headline\":\"De Otamendi para Aursnes: o futuro da lideran\u00e7a do Benfica\",\"datePublished\":\"2026-03-26T04:12:00+00:00\",\"mainEntityOfPage\":{\"@id\":\"https:\/\/portaltela.pt\/noticias\/2026\/03\/26\/de-otamendi-para-aursnes-o-futuro-da-lideranca-do-benfica\/\"},\"wordCount\":238,\"image\":{\"@id\":\"https:\/\/portaltela.pt\/noticias\/2026\/03\/26\/de-otamendi-para-aursnes-o-futuro-da-lideranca-do-benfica\/#primaryimage\"},\"thumbnailUrl\":\"https:\/\/portaltela.pt\/s.01k8rhncp4jt1\/2026\/03\/img_920x518uu2025-03-28-23-38-35-2352467.jpg\",\"keywords\":[\"Aursnes\",\"Benfica\",\"futebol\",\"jogadores\",\"lideran\u00e7a\",\"Otamendi\"],\"articleSection\":[\"Desporto\",\"Futebol\"],\"inLanguage\":\"pt-PT\"},{\"@type\":\"WebPage\",\"@id\":\"https:\/\/portaltela.pt\/noticias\/2026\/03\/26\/de-otamendi-para-aursnes-o-futuro-da-lideranca-do-benfica\/\",\"url\":\"https:\/\/portaltela.pt\/noticias\/2026\/03\/26\/de-otamendi-para-aursnes-o-futuro-da-lideranca-do-benfica\/\",\"name\":\"De Otamendi para Aursnes: o futuro da lideran\u00e7a do Benfica - Portal Tela Portugal\",\"isPartOf\":{\"@id\":\"https:\/\/portaltela.pt\/#website\"},\"primaryImageOfPage\":{\"@id\":\"https:\/\/portaltela.pt\/noticias\/2026\/03\/26\/de-otamendi-para-aursnes-o-futuro-da-lideranca-do-benfica\/#primaryimage\"},\"image\":{\"@id\":\"https:\/\/portaltela.pt\/noticias\/2026\/03\/26\/de-otamendi-para-aursnes-o-futuro-da-lideranca-do-benfica\/#primaryimage\"},\"thumbnailUrl\":\"https:\/\/portaltela.pt\/s.01k8rhncp4jt1\/2026\/03\/img_920x518uu2025-03-28-23-38-35-2352467.jpg\",\"datePublished\":\"2026-03-26T04:12:00+00:00\",\"author\":{\"@id\":\"https:\/\/portaltela.pt\/#\/schema\/person\/c4278d4a6028830caff9ee44b42d32ed\"},\"breadcrumb\":{\"@id\":\"https:\/\/portaltela.pt\/noticias\/2026\/03\/26\/de-otamendi-para-aursnes-o-futuro-da-lideranca-do-benfica\/#breadcrumb\"},\"inLanguage\":\"pt-PT\",\"potentialAction\":[{\"@type\":\"ReadAction\",\"target\":[\"https:\/\/portaltela.pt\/noticias\/2026\/03\/26\/de-otamendi-para-aursnes-o-futuro-da-lideranca-do-benfica\/\"]}]},{\"@type\":\"ImageObject\",\"inLanguage\":\"pt-PT\",\"@id\":\"https:\/\/portaltela.pt\/noticias\/2026\/03\/26\/de-otamendi-para-aursnes-o-futuro-da-lideranca-do-benfica\/#primaryimage\",\"url\":\"https:\/\/portaltela.pt\/s.01k8rhncp4jt1\/2026\/03\/img_920x518uu2025-03-28-23-38-35-2352467.jpg\",\"contentUrl\":\"https:\/\/portaltela.pt\/s.01k8rhncp4jt1\/2026\/03\/img_920x518uu2025-03-28-23-38-35-2352467.jpg\",\"width\":796,\"height\":448,\"caption\":\"Aursnes festeja o golo inaugural com Otamendi\"},{\"@type\":\"BreadcrumbList\",\"@id\":\"https:\/\/portaltela.pt\/noticias\/2026\/03\/26\/de-otamendi-para-aursnes-o-futuro-da-lideranca-do-benfica\/#breadcrumb\",\"itemListElement\":[{\"@type\":\"ListItem\",\"position\":1,\"name\":\"In\u00edcio\",\"item\":\"https:\/\/portaltela.pt\/\"},{\"@type\":\"ListItem\",\"position\":2,\"name\":\"De Otamendi para Aursnes: o futuro da lideran\u00e7a do Benfica\"}]},{\"@type\":\"WebSite\",\"@id\":\"https:\/\/portaltela.pt\/#website\",\"url\":\"https:\/\/portaltela.pt\/\",\"name\":\"Portal Tela Portugal\",\"description\":\"\",\"potentialAction\":[{\"@type\":\"SearchAction\",\"target\":{\"@type\":\"EntryPoint\",\"urlTemplate\":\"https:\/\/portaltela.pt\/?s={search_term_string}\"},\"query-input\":{\"@type\":\"PropertyValueSpecification\",\"valueRequired\":true,\"valueName\":\"search_term_string\"}}],\"inLanguage\":\"pt-PT\"},{\"@type\":\"Person\",\"@id\":\"https:\/\/portaltela.pt\/#\/schema\/person\/c4278d4a6028830caff9ee44b42d32ed\",\"name\":\"Telinha\",\"image\":{\"@type\":\"ImageObject\",\"inLanguage\":\"pt-PT\",\"@id\":\"https:\/\/portaltela.pt\/s.01k8rhncp4jt1\/2025\/11\/talking-bot-125x125.png\",\"url\":\"https:\/\/portaltela.pt\/s.01k8rhncp4jt1\/2025\/11\/talking-bot-125x125.png\",\"contentUrl\":\"https:\/\/portaltela.pt\/s.01k8rhncp4jt1\/2025\/11\/talking-bot-125x125.png\",\"caption\":\"Telinha\"},\"sameAs\":[\"https:\/\/portaltela.pt\/\"],\"url\":\"https:\/\/portaltela.pt\/por\/367410592786\/\"}]}<\/script>\n<!-- \/ Yoast SEO plugin. -->","yoast_head_json":{"title":"De Otamendi para Aursnes: o futuro da lideran\u00e7a do Benfica - Portal Tela Portugal","robots":{"index":"index","follow":"follow","max-snippet":"max-snippet:-1","max-image-preview":"max-image-preview:large","max-video-preview":"max-video-preview:-1"},"og_locale":"pt_PT","og_type":"article","og_title":"De Otamendi para Aursnes: o futuro da lideran\u00e7a do Benfica - Portal Tela Portugal","og_description":"O futuro da defesa do Benfica est\u00e1 em aberto e prev\u00ea-se a sa\u00edda de Nicol\u00e1s Otamendi e Ant\u00f3nio Silva no final da temporada. A bra\u00e7adeira de capit\u00e3o tamb\u00e9m fica em d\u00favida, com mudan\u00e7as prov\u00e1veis na hierarquia da equipa. Dentro do clube n\u00e3o existem grandes d\u00favidas de que Fredrik Aursnes ser\u00e1 o capit\u00e3o da equipa de Jos\u00e9 Mourinho na pr\u00f3xima \u00e9poca. O cen\u00e1rio indica que Otamendi e Ant\u00f3nio Silva saem, abrindo espa\u00e7o para Aursnes liderar o plantel.","og_url":"https:\/\/portaltela.pt\/noticias\/2026\/03\/26\/de-otamendi-para-aursnes-o-futuro-da-lideranca-do-benfica\/","og_site_name":"Portal Tela Portugal","article_published_time":"2026-03-26T04:12:00+00:00","author":"Telinha","twitter_card":"summary_large_image","twitter_misc":{"Escrito por":"Telinha","Tempo estimado de leitura":"1 minuto"},"schema":{"@context":"https:\/\/schema.org","@graph":[{"@type":"Article","@id":"https:\/\/portaltela.pt\/noticias\/2026\/03\/26\/de-otamendi-para-aursnes-o-futuro-da-lideranca-do-benfica\/#article","isPartOf":{"@id":"https:\/\/portaltela.pt\/noticias\/2026\/03\/26\/de-otamendi-para-aursnes-o-futuro-da-lideranca-do-benfica\/"},"author":{"name":"Telinha","@id":"https:\/\/portaltela.pt\/#\/schema\/person\/c4278d4a6028830caff9ee44b42d32ed"},"headline":"De Otamendi para Aursnes: o futuro da lideran\u00e7a do Benfica","datePublished":"2026-03-26T04:12:00+00:00","mainEntityOfPage":{"@id":"https:\/\/portaltela.pt\/noticias\/2026\/03\/26\/de-otamendi-para-aursnes-o-futuro-da-lideranca-do-benfica\/"},"wordCount":238,"image":{"@id":"https:\/\/portaltela.pt\/noticias\/2026\/03\/26\/de-otamendi-para-aursnes-o-futuro-da-lideranca-do-benfica\/#primaryimage"},"thumbnailUrl":"https:\/\/portaltela.pt\/s.01k8rhncp4jt1\/2026\/03\/img_920x518uu2025-03-28-23-38-35-2352467.jpg","keywords":["Aursnes","Benfica","futebol","jogadores","lideran\u00e7a","Otamendi"],"articleSection":["Desporto","Futebol"],"inLanguage":"pt-PT"},{"@type":"WebPage","@id":"https:\/\/portaltela.pt\/noticias\/2026\/03\/26\/de-otamendi-para-aursnes-o-futuro-da-lideranca-do-benfica\/","url":"https:\/\/portaltela.pt\/noticias\/2026\/03\/26\/de-otamendi-para-aursnes-o-futuro-da-lideranca-do-benfica\/","name":"De Otamendi para Aursnes: o futuro da lideran\u00e7a do Benfica - Portal Tela Portugal","isPartOf":{"@id":"https:\/\/portaltela.pt\/#website"},"primaryImageOfPage":{"@id":"https:\/\/portaltela.pt\/noticias\/2026\/03\/26\/de-otamendi-para-aursnes-o-futuro-da-lideranca-do-benfica\/#primaryimage"},"image":{"@id":"https:\/\/portaltela.pt\/noticias\/2026\/03\/26\/de-otamendi-para-aursnes-o-futuro-da-lideranca-do-benfica\/#primaryimage"},"thumbnailUrl":"https:\/\/portaltela.pt\/s.01k8rhncp4jt1\/2026\/03\/img_920x518uu2025-03-28-23-38-35-2352467.jpg","datePublished":"2026-03-26T04:12:00+00:00","author":{"@id":"https:\/\/portaltela.pt\/#\/schema\/person\/c4278d4a6028830caff9ee44b42d32ed"},"breadcrumb":{"@id":"https:\/\/portaltela.pt\/noticias\/2026\/03\/26\/de-otamendi-para-aursnes-o-futuro-da-lideranca-do-benfica\/#breadcrumb"},"inLanguage":"pt-PT","potentialAction":[{"@type":"ReadAction","target":["https:\/\/portaltela.pt\/noticias\/2026\/03\/26\/de-otamendi-para-aursnes-o-futuro-da-lideranca-do-benfica\/"]}]},{"@type":"ImageObject","inLanguage":"pt-PT","@id":"https:\/\/portaltela.pt\/noticias\/2026\/03\/26\/de-otamendi-para-aursnes-o-futuro-da-lideranca-do-benfica\/#primaryimage","url":"https:\/\/portaltela.pt\/s.01k8rhncp4jt1\/2026\/03\/img_920x518uu2025-03-28-23-38-35-2352467.jpg","contentUrl":"https:\/\/portaltela.pt\/s.01k8rhncp4jt1\/2026\/03\/img_920x518uu2025-03-28-23-38-35-2352467.jpg","width":796,"height":448,"caption":"Aursnes festeja o golo inaugural com Otamendi"},{"@type":"BreadcrumbList","@id":"https:\/\/portaltela.pt\/noticias\/2026\/03\/26\/de-otamendi-para-aursnes-o-futuro-da-lideranca-do-benfica\/#breadcrumb","itemListElement":[{"@type":"ListItem","position":1,"name":"In\u00edcio","item":"https:\/\/portaltela.pt\/"},{"@type":"ListItem","position":2,"name":"De Otamendi para Aursnes: o futuro da lideran\u00e7a do Benfica"}]},{"@type":"WebSite","@id":"https:\/\/portaltela.pt\/#website","url":"https:\/\/portaltela.pt\/","name":"Portal Tela Portugal","description":"","potentialAction":[{"@type":"SearchAction","target":{"@type":"EntryPoint","urlTemplate":"https:\/\/portaltela.pt\/?s={search_term_string}"},"query-input":{"@type":"PropertyValueSpecification","valueRequired":true,"valueName":"search_term_string"}}],"inLanguage":"pt-PT"},{"@type":"Person","@id":"https:\/\/portaltela.pt\/#\/schema\/person\/c4278d4a6028830caff9ee44b42d32ed","name":"Telinha","image":{"@type":"ImageObject","inLanguage":"pt-PT","@id":"https:\/\/portaltela.pt\/s.01k8rhncp4jt1\/2025\/11\/talking-bot-125x125.png","url":"https:\/\/portaltela.pt\/s.01k8rhncp4jt1\/2025\/11\/talking-bot-125x125.png","contentUrl":"https:\/\/portaltela.pt\/s.01k8rhncp4jt1\/2025\/11\/talking-bot-125x125.png","caption":"Telinha"},"sameAs":["https:\/\/portaltela.pt\/"],"url":"https:\/\/portaltela.pt\/por\/367410592786\/"}]}},"_links":{"self":[{"href":"https:\/\/portaltela.pt\/api\/wp\/v2\/posts\/421740","targetHints":{"allow":["GET"]}}],"collection":[{"href":"https:\/\/portaltela.pt\/api\/wp\/v2\/posts"}],"about":[{"href":"https:\/\/portaltela.pt\/api\/wp\/v2\/types\/post"}],"author":[{"embeddable":true,"href":"https:\/\/portaltela.pt\/api\/wp\/v2\/users\/2"}],"replies":[{"embeddable":true,"href":"https:\/\/portaltela.pt\/api\/wp\/v2\/comments?post=421740"}],"version-history":[{"count":0,"href":"https:\/\/portaltela.pt\/api\/wp\/v2\/posts\/421740\/revisions"}],"wp:featuredmedia":[{"embeddable":true,"href":"https:\/\/portaltela.pt\/api\/wp\/v2\/media\/421741"}],"wp:attachment":[{"href":"https:\/\/portaltela.pt\/api\/wp\/v2\/media?parent=421740"}],"wp:term":[{"taxonomy":"category","embeddable":true,"href":"https:\/\/portaltela.pt\/api\/wp\/v2\/categories?post=421740"},{"taxonomy":"post_tag","embeddable":true,"href":"https:\/\/portaltela.pt\/api\/wp\/v2\/tags?post=421740"}],"curies":[{"name":"wp","href":"https:\/\/api.w.org\/{rel}","templated":true}]}}