{"id":421726,"date":"2026-03-25T16:52:00","date_gmt":"2026-03-25T19:52:00","guid":{"rendered":"https:\/\/portaltela.pt\/noticias\/2026\/03\/25\/casas-ilegais-com-condicoes-para-legalizacao-devem-ser-regularizadas-diz-ministro\/"},"modified":"2026-03-25T16:52:00","modified_gmt":"2026-03-25T19:52:00","slug":"casas-ilegais-com-condicoes-para-legalizacao-devem-ser-regularizadas-diz-ministro","status":"publish","type":"post","link":"https:\/\/portaltela.pt\/sociedade\/2026\/03\/25\/casas-ilegais-com-condicoes-para-legalizacao-devem-ser-regularizadas-diz-ministro\/","title":{"rendered":"Casas ilegais com condi\u00e7\u00f5es para legaliza\u00e7\u00e3o devem ser regularizadas diz ministro"},"content":{"rendered":"<p>O ministro afirmou que casas ilegais que cumpram determinadas condi\u00e7\u00f5es para se tornarem legais devem ser legalizadas.<\/p>\n<p>A declara\u00e7\u00e3o foi feita durante uma sess\u00e3o p\u00fablica hoje, com foco nos procedimentos de regulariza\u00e7\u00e3o.<\/p>\n<p>A posi\u00e7\u00e3o sugere uma avalia\u00e7\u00e3o de crit\u00e9rios t\u00e9cnicos e legais para a transforma\u00e7\u00e3o em habita\u00e7\u00e3o regular.<\/p>\n<p>O conte\u00fado completo est\u00e1 dispon\u00edvel apenas para subscritores.<\/p>\n","protected":false},"excerpt":{"rendered":"<ul>\n<li>O ministro afirmou que casas ilegais com condi\u00e7\u00f5es para serem legais devem ser legalizadas.<\/li>\n<li>A not\u00edcia completa n\u00e3o est\u00e1 dispon\u00edvel publicamente neste momento.<\/li>\n<li>Acesso ao conte\u00fado requer subscri\u00e7\u00e3o e login.<\/li>\n<li>O an\u00fancio foi apresentado no \u00e2mbito de dialogue institucional sobre regulariza\u00e7\u00e3o habitacional.<\/li>\n<li>N\u00e3o h\u00e1 detalhes adicionais no texto fornecido sobre prazos ou crit\u00e9rios espec\u00edficos.<\/li>\n<\/ul>\n","protected":false},"author":2,"featured_media":421728,"comment_status":"closed","ping_status":"closed","sticky":false,"template":"","format":"standard","meta":{"footnotes":""},"categories":[7384,6871],"tags":[150,1010,1167,2817,229,6225],"class_list":["post-421726","post","type-post","status-publish","format-standard","has-post-thumbnail","hentry","category-curiosidades","category-sociedade","tag-habitacao","tag-habitacao-publica","tag-habitacao-social","tag-habitacoes","tag-politica-publica","tag-regularizacao-urbana"],"yoast_head":"<!-- This site is optimized with the Yoast SEO plugin v27.2 - https:\/\/yoast.com\/product\/yoast-seo-wordpress\/ -->\n<title>Casas ilegais com condi\u00e7\u00f5es para legaliza\u00e7\u00e3o devem ser regularizadas diz ministro - Portal Tela Portugal<\/title>\n<meta name=\"robots\" content=\"index, follow, max-snippet:-1, max-image-preview:large, max-video-preview:-1\" \/>\n<meta property=\"og:locale\" content=\"pt_PT\" \/>\n<meta property=\"og:type\" content=\"article\" \/>\n<meta property=\"og:title\" content=\"Casas ilegais com condi\u00e7\u00f5es para legaliza\u00e7\u00e3o devem ser regularizadas diz ministro - Portal Tela Portugal\" \/>\n<meta property=\"og:description\" content=\"O ministro afirmou que casas ilegais com condi\u00e7\u00f5es para serem legais devem ser legalizadas. A not\u00edcia completa n\u00e3o est\u00e1 dispon\u00edvel publicamente neste momento. Acesso ao conte\u00fado requer subscri\u00e7\u00e3o e login. O an\u00fancio foi apresentado no \u00e2mbito de dialogue institucional sobre regulariza\u00e7\u00e3o habitacional. N\u00e3o h\u00e1 detalhes adicionais no texto fornecido sobre prazos ou crit\u00e9rios espec\u00edficos.\" \/>\n<meta property=\"og:url\" content=\"https:\/\/portaltela.pt\/noticias\/2026\/03\/25\/casas-ilegais-com-condicoes-para-legalizacao-devem-ser-regularizadas-diz-ministro\/\" \/>\n<meta property=\"og:site_name\" content=\"Portal Tela Portugal\" \/>\n<meta property=\"article:published_time\" content=\"2026-03-25T19:52:00+00:00\" \/>\n<meta name=\"author\" content=\"Telinha\" \/>\n<meta name=\"twitter:card\" content=\"summary_large_image\" \/>\n<meta name=\"twitter:label1\" content=\"Escrito por\" \/>\n\t<meta name=\"twitter:data1\" content=\"Telinha\" \/>\n<script type=\"application\/ld+json\" class=\"yoast-schema-graph\">{\"@context\":\"https:\/\/schema.org\",\"@graph\":[{\"@type\":\"Article\",\"@id\":\"https:\/\/portaltela.pt\/noticias\/2026\/03\/25\/casas-ilegais-com-condicoes-para-legalizacao-devem-ser-regularizadas-diz-ministro\/#article\",\"isPartOf\":{\"@id\":\"https:\/\/portaltela.pt\/noticias\/2026\/03\/25\/casas-ilegais-com-condicoes-para-legalizacao-devem-ser-regularizadas-diz-ministro\/\"},\"author\":{\"name\":\"Telinha\",\"@id\":\"https:\/\/portaltela.pt\/#\/schema\/person\/c4278d4a6028830caff9ee44b42d32ed\"},\"headline\":\"Casas ilegais com condi\u00e7\u00f5es para legaliza\u00e7\u00e3o devem ser regularizadas diz ministro\",\"datePublished\":\"2026-03-25T19:52:00+00:00\",\"mainEntityOfPage\":{\"@id\":\"https:\/\/portaltela.pt\/noticias\/2026\/03\/25\/casas-ilegais-com-condicoes-para-legalizacao-devem-ser-regularizadas-diz-ministro\/\"},\"wordCount\":82,\"image\":{\"@id\":\"https:\/\/portaltela.pt\/noticias\/2026\/03\/25\/casas-ilegais-com-condicoes-para-legalizacao-devem-ser-regularizadas-diz-ministro\/#primaryimage\"},\"thumbnailUrl\":\"https:\/\/portaltela.pt\/s.01k8rhncp4jt1\/2026\/03\/CACHE_780X1200_ANALOG_WATERMARKED_46820650_4525657_25032026110614-1.jpg\",\"keywords\":[\"habita\u00e7\u00e3o\",\"habita\u00e7\u00e3o p\u00fablica\",\"habita\u00e7\u00e3o social\",\"habita\u00e7\u00f5es\",\"pol\u00edtica p\u00fablica\",\"regulariza\u00e7\u00e3o urbana\"],\"articleSection\":[\"Curiosidades\",\"Sociedade\"],\"inLanguage\":\"pt-PT\"},{\"@type\":\"WebPage\",\"@id\":\"https:\/\/portaltela.pt\/noticias\/2026\/03\/25\/casas-ilegais-com-condicoes-para-legalizacao-devem-ser-regularizadas-diz-ministro\/\",\"url\":\"https:\/\/portaltela.pt\/noticias\/2026\/03\/25\/casas-ilegais-com-condicoes-para-legalizacao-devem-ser-regularizadas-diz-ministro\/\",\"name\":\"Casas ilegais com condi\u00e7\u00f5es para legaliza\u00e7\u00e3o devem ser regularizadas diz ministro - Portal Tela Portugal\",\"isPartOf\":{\"@id\":\"https:\/\/portaltela.pt\/#website\"},\"primaryImageOfPage\":{\"@id\":\"https:\/\/portaltela.pt\/noticias\/2026\/03\/25\/casas-ilegais-com-condicoes-para-legalizacao-devem-ser-regularizadas-diz-ministro\/#primaryimage\"},\"image\":{\"@id\":\"https:\/\/portaltela.pt\/noticias\/2026\/03\/25\/casas-ilegais-com-condicoes-para-legalizacao-devem-ser-regularizadas-diz-ministro\/#primaryimage\"},\"thumbnailUrl\":\"https:\/\/portaltela.pt\/s.01k8rhncp4jt1\/2026\/03\/CACHE_780X1200_ANALOG_WATERMARKED_46820650_4525657_25032026110614-1.jpg\",\"datePublished\":\"2026-03-25T19:52:00+00:00\",\"author\":{\"@id\":\"https:\/\/portaltela.pt\/#\/schema\/person\/c4278d4a6028830caff9ee44b42d32ed\"},\"breadcrumb\":{\"@id\":\"https:\/\/portaltela.pt\/noticias\/2026\/03\/25\/casas-ilegais-com-condicoes-para-legalizacao-devem-ser-regularizadas-diz-ministro\/#breadcrumb\"},\"inLanguage\":\"pt-PT\",\"potentialAction\":[{\"@type\":\"ReadAction\",\"target\":[\"https:\/\/portaltela.pt\/noticias\/2026\/03\/25\/casas-ilegais-com-condicoes-para-legalizacao-devem-ser-regularizadas-diz-ministro\/\"]}]},{\"@type\":\"ImageObject\",\"inLanguage\":\"pt-PT\",\"@id\":\"https:\/\/portaltela.pt\/noticias\/2026\/03\/25\/casas-ilegais-com-condicoes-para-legalizacao-devem-ser-regularizadas-diz-ministro\/#primaryimage\",\"url\":\"https:\/\/portaltela.pt\/s.01k8rhncp4jt1\/2026\/03\/CACHE_780X1200_ANALOG_WATERMARKED_46820650_4525657_25032026110614-1.jpg\",\"contentUrl\":\"https:\/\/portaltela.pt\/s.01k8rhncp4jt1\/2026\/03\/CACHE_780X1200_ANALOG_WATERMARKED_46820650_4525657_25032026110614-1.jpg\",\"width\":796,\"height\":448,\"caption\":\"Casas ilegais com condi\u00e7\u00f5es para serem legais devem ser legalizadas - ministro\"},{\"@type\":\"BreadcrumbList\",\"@id\":\"https:\/\/portaltela.pt\/noticias\/2026\/03\/25\/casas-ilegais-com-condicoes-para-legalizacao-devem-ser-regularizadas-diz-ministro\/#breadcrumb\",\"itemListElement\":[{\"@type\":\"ListItem\",\"position\":1,\"name\":\"In\u00edcio\",\"item\":\"https:\/\/portaltela.pt\/\"},{\"@type\":\"ListItem\",\"position\":2,\"name\":\"Casas ilegais com condi\u00e7\u00f5es para legaliza\u00e7\u00e3o devem ser regularizadas diz ministro\"}]},{\"@type\":\"WebSite\",\"@id\":\"https:\/\/portaltela.pt\/#website\",\"url\":\"https:\/\/portaltela.pt\/\",\"name\":\"Portal Tela Portugal\",\"description\":\"\",\"potentialAction\":[{\"@type\":\"SearchAction\",\"target\":{\"@type\":\"EntryPoint\",\"urlTemplate\":\"https:\/\/portaltela.pt\/?s={search_term_string}\"},\"query-input\":{\"@type\":\"PropertyValueSpecification\",\"valueRequired\":true,\"valueName\":\"search_term_string\"}}],\"inLanguage\":\"pt-PT\"},{\"@type\":\"Person\",\"@id\":\"https:\/\/portaltela.pt\/#\/schema\/person\/c4278d4a6028830caff9ee44b42d32ed\",\"name\":\"Telinha\",\"image\":{\"@type\":\"ImageObject\",\"inLanguage\":\"pt-PT\",\"@id\":\"https:\/\/portaltela.pt\/s.01k8rhncp4jt1\/2025\/11\/talking-bot-125x125.png\",\"url\":\"https:\/\/portaltela.pt\/s.01k8rhncp4jt1\/2025\/11\/talking-bot-125x125.png\",\"contentUrl\":\"https:\/\/portaltela.pt\/s.01k8rhncp4jt1\/2025\/11\/talking-bot-125x125.png\",\"caption\":\"Telinha\"},\"sameAs\":[\"https:\/\/portaltela.pt\/\"],\"url\":\"https:\/\/portaltela.pt\/por\/367410592786\/\"}]}<\/script>\n<!-- \/ Yoast SEO plugin. -->","yoast_head_json":{"title":"Casas ilegais com condi\u00e7\u00f5es para legaliza\u00e7\u00e3o devem ser regularizadas diz ministro - Portal Tela Portugal","robots":{"index":"index","follow":"follow","max-snippet":"max-snippet:-1","max-image-preview":"max-image-preview:large","max-video-preview":"max-video-preview:-1"},"og_locale":"pt_PT","og_type":"article","og_title":"Casas ilegais com condi\u00e7\u00f5es para legaliza\u00e7\u00e3o devem ser regularizadas diz ministro - Portal Tela Portugal","og_description":"O ministro afirmou que casas ilegais com condi\u00e7\u00f5es para serem legais devem ser legalizadas. A not\u00edcia completa n\u00e3o est\u00e1 dispon\u00edvel publicamente neste momento. Acesso ao conte\u00fado requer subscri\u00e7\u00e3o e login. O an\u00fancio foi apresentado no \u00e2mbito de dialogue institucional sobre regulariza\u00e7\u00e3o habitacional. N\u00e3o h\u00e1 detalhes adicionais no texto fornecido sobre prazos ou crit\u00e9rios espec\u00edficos.","og_url":"https:\/\/portaltela.pt\/noticias\/2026\/03\/25\/casas-ilegais-com-condicoes-para-legalizacao-devem-ser-regularizadas-diz-ministro\/","og_site_name":"Portal Tela Portugal","article_published_time":"2026-03-25T19:52:00+00:00","author":"Telinha","twitter_card":"summary_large_image","twitter_misc":{"Escrito por":"Telinha"},"schema":{"@context":"https:\/\/schema.org","@graph":[{"@type":"Article","@id":"https:\/\/portaltela.pt\/noticias\/2026\/03\/25\/casas-ilegais-com-condicoes-para-legalizacao-devem-ser-regularizadas-diz-ministro\/#article","isPartOf":{"@id":"https:\/\/portaltela.pt\/noticias\/2026\/03\/25\/casas-ilegais-com-condicoes-para-legalizacao-devem-ser-regularizadas-diz-ministro\/"},"author":{"name":"Telinha","@id":"https:\/\/portaltela.pt\/#\/schema\/person\/c4278d4a6028830caff9ee44b42d32ed"},"headline":"Casas ilegais com condi\u00e7\u00f5es para legaliza\u00e7\u00e3o devem ser regularizadas diz ministro","datePublished":"2026-03-25T19:52:00+00:00","mainEntityOfPage":{"@id":"https:\/\/portaltela.pt\/noticias\/2026\/03\/25\/casas-ilegais-com-condicoes-para-legalizacao-devem-ser-regularizadas-diz-ministro\/"},"wordCount":82,"image":{"@id":"https:\/\/portaltela.pt\/noticias\/2026\/03\/25\/casas-ilegais-com-condicoes-para-legalizacao-devem-ser-regularizadas-diz-ministro\/#primaryimage"},"thumbnailUrl":"https:\/\/portaltela.pt\/s.01k8rhncp4jt1\/2026\/03\/CACHE_780X1200_ANALOG_WATERMARKED_46820650_4525657_25032026110614-1.jpg","keywords":["habita\u00e7\u00e3o","habita\u00e7\u00e3o p\u00fablica","habita\u00e7\u00e3o social","habita\u00e7\u00f5es","pol\u00edtica p\u00fablica","regulariza\u00e7\u00e3o urbana"],"articleSection":["Curiosidades","Sociedade"],"inLanguage":"pt-PT"},{"@type":"WebPage","@id":"https:\/\/portaltela.pt\/noticias\/2026\/03\/25\/casas-ilegais-com-condicoes-para-legalizacao-devem-ser-regularizadas-diz-ministro\/","url":"https:\/\/portaltela.pt\/noticias\/2026\/03\/25\/casas-ilegais-com-condicoes-para-legalizacao-devem-ser-regularizadas-diz-ministro\/","name":"Casas ilegais com condi\u00e7\u00f5es para legaliza\u00e7\u00e3o devem ser regularizadas diz ministro - Portal Tela Portugal","isPartOf":{"@id":"https:\/\/portaltela.pt\/#website"},"primaryImageOfPage":{"@id":"https:\/\/portaltela.pt\/noticias\/2026\/03\/25\/casas-ilegais-com-condicoes-para-legalizacao-devem-ser-regularizadas-diz-ministro\/#primaryimage"},"image":{"@id":"https:\/\/portaltela.pt\/noticias\/2026\/03\/25\/casas-ilegais-com-condicoes-para-legalizacao-devem-ser-regularizadas-diz-ministro\/#primaryimage"},"thumbnailUrl":"https:\/\/portaltela.pt\/s.01k8rhncp4jt1\/2026\/03\/CACHE_780X1200_ANALOG_WATERMARKED_46820650_4525657_25032026110614-1.jpg","datePublished":"2026-03-25T19:52:00+00:00","author":{"@id":"https:\/\/portaltela.pt\/#\/schema\/person\/c4278d4a6028830caff9ee44b42d32ed"},"breadcrumb":{"@id":"https:\/\/portaltela.pt\/noticias\/2026\/03\/25\/casas-ilegais-com-condicoes-para-legalizacao-devem-ser-regularizadas-diz-ministro\/#breadcrumb"},"inLanguage":"pt-PT","potentialAction":[{"@type":"ReadAction","target":["https:\/\/portaltela.pt\/noticias\/2026\/03\/25\/casas-ilegais-com-condicoes-para-legalizacao-devem-ser-regularizadas-diz-ministro\/"]}]},{"@type":"ImageObject","inLanguage":"pt-PT","@id":"https:\/\/portaltela.pt\/noticias\/2026\/03\/25\/casas-ilegais-com-condicoes-para-legalizacao-devem-ser-regularizadas-diz-ministro\/#primaryimage","url":"https:\/\/portaltela.pt\/s.01k8rhncp4jt1\/2026\/03\/CACHE_780X1200_ANALOG_WATERMARKED_46820650_4525657_25032026110614-1.jpg","contentUrl":"https:\/\/portaltela.pt\/s.01k8rhncp4jt1\/2026\/03\/CACHE_780X1200_ANALOG_WATERMARKED_46820650_4525657_25032026110614-1.jpg","width":796,"height":448,"caption":"Casas ilegais com condi\u00e7\u00f5es para serem legais devem ser legalizadas - ministro"},{"@type":"BreadcrumbList","@id":"https:\/\/portaltela.pt\/noticias\/2026\/03\/25\/casas-ilegais-com-condicoes-para-legalizacao-devem-ser-regularizadas-diz-ministro\/#breadcrumb","itemListElement":[{"@type":"ListItem","position":1,"name":"In\u00edcio","item":"https:\/\/portaltela.pt\/"},{"@type":"ListItem","position":2,"name":"Casas ilegais com condi\u00e7\u00f5es para legaliza\u00e7\u00e3o devem ser regularizadas diz ministro"}]},{"@type":"WebSite","@id":"https:\/\/portaltela.pt\/#website","url":"https:\/\/portaltela.pt\/","name":"Portal Tela Portugal","description":"","potentialAction":[{"@type":"SearchAction","target":{"@type":"EntryPoint","urlTemplate":"https:\/\/portaltela.pt\/?s={search_term_string}"},"query-input":{"@type":"PropertyValueSpecification","valueRequired":true,"valueName":"search_term_string"}}],"inLanguage":"pt-PT"},{"@type":"Person","@id":"https:\/\/portaltela.pt\/#\/schema\/person\/c4278d4a6028830caff9ee44b42d32ed","name":"Telinha","image":{"@type":"ImageObject","inLanguage":"pt-PT","@id":"https:\/\/portaltela.pt\/s.01k8rhncp4jt1\/2025\/11\/talking-bot-125x125.png","url":"https:\/\/portaltela.pt\/s.01k8rhncp4jt1\/2025\/11\/talking-bot-125x125.png","contentUrl":"https:\/\/portaltela.pt\/s.01k8rhncp4jt1\/2025\/11\/talking-bot-125x125.png","caption":"Telinha"},"sameAs":["https:\/\/portaltela.pt\/"],"url":"https:\/\/portaltela.pt\/por\/367410592786\/"}]}},"_links":{"self":[{"href":"https:\/\/portaltela.pt\/api\/wp\/v2\/posts\/421726","targetHints":{"allow":["GET"]}}],"collection":[{"href":"https:\/\/portaltela.pt\/api\/wp\/v2\/posts"}],"about":[{"href":"https:\/\/portaltela.pt\/api\/wp\/v2\/types\/post"}],"author":[{"embeddable":true,"href":"https:\/\/portaltela.pt\/api\/wp\/v2\/users\/2"}],"replies":[{"embeddable":true,"href":"https:\/\/portaltela.pt\/api\/wp\/v2\/comments?post=421726"}],"version-history":[{"count":0,"href":"https:\/\/portaltela.pt\/api\/wp\/v2\/posts\/421726\/revisions"}],"wp:featuredmedia":[{"embeddable":true,"href":"https:\/\/portaltela.pt\/api\/wp\/v2\/media\/421728"}],"wp:attachment":[{"href":"https:\/\/portaltela.pt\/api\/wp\/v2\/media?parent=421726"}],"wp:term":[{"taxonomy":"category","embeddable":true,"href":"https:\/\/portaltela.pt\/api\/wp\/v2\/categories?post=421726"},{"taxonomy":"post_tag","embeddable":true,"href":"https:\/\/portaltela.pt\/api\/wp\/v2\/tags?post=421726"}],"curies":[{"name":"wp","href":"https:\/\/api.w.org\/{rel}","templated":true}]}}