{"id":421711,"date":"2026-03-25T22:30:00","date_gmt":"2026-03-26T01:30:00","guid":{"rendered":"https:\/\/portaltela.pt\/noticias\/2026\/03\/25\/moradores-recordam-perdas-apos-tempestades-que-devastaram-o-pais\/"},"modified":"2026-03-25T22:30:00","modified_gmt":"2026-03-26T01:30:00","slug":"moradores-recordam-perdas-apos-tempestades-que-devastaram-o-pais","status":"publish","type":"post","link":"https:\/\/portaltela.pt\/sociedade\/2026\/03\/25\/moradores-recordam-perdas-apos-tempestades-que-devastaram-o-pais\/","title":{"rendered":"Moradores recordam perdas ap\u00f3s tempestades que devastaram o pa\u00eds"},"content":{"rendered":"<p>Em Pombal, o pa\u00eds enfrentou tempestades que desmoronaram infraestruturas em janeiro e fevereiro. Casal Velho, casa de Alzira Louro, 73 anos, ficou com telhas arrancadas; a moradora teme n\u00e3o ver os filhos novamente. O tempo de incerteza persiste.<\/p>\n<p>Em Alto dos Crespos, Jorge Calvarino tamb\u00e9m regista preju\u00edzos na casa, em terrenos e armaz\u00e9ns. Sem assist\u00eancia vis\u00edvel, afirma ter ficado \u00e0s escuras e ter usado um gerador para conseguir dormir.<\/p>\n<p>Em Pombal, j\u00e1 foram submetidas 1800 candidaturas para apoios do Estado, prometidos quando a chuva ainda ca\u00eda. O presidente da C\u00e2mara, Pedro Pimp\u00e3o, evita falar em burocracia, alegando faltarem documentos.<\/p>\n<h3>Despesa e apoio estatal<\/h3>\n<p>Na Figueira da Foz, Madalena Ad\u00e3o viu as janelas da casa ficar destru\u00eddas pelo telhado de uma antiga universidade. Sem seguro, continua a depender dos apoios do Estado para reconstru\u00e7\u00e3o.<\/p>\n<p>Cl\u00e1udia Rocha, vereadora municipal, aponta preju\u00edzos em casas particulares estimados em pelo menos dois milh\u00f5es de euros, reflectindo o impacto econ\u00f3mico nas fam\u00edlias afetadas.<\/p>\n","protected":false},"excerpt":{"rendered":"<ul>\n<li>Em Pombal, j\u00e1 foram apresentadas 1.800 candidaturas para apoios do Estado destinadas \u00e0s v\u00edtimas das tempestades de janeiro e fevereiro.<\/li>\n<li>O presidente da C\u00e2mara Municipal de Pombal, Pedro Pimp\u00e3o, afirma que faltam documentos, apesar de as fam\u00edlias aguardarem respostas.<\/li>\n<li>Casal Velho, em Pombal, vive entre preju\u00edzos nas habita\u00e7\u00f5es e telhas derrubadas, com moradores a falar de perdas emocionais profundas.<\/li>\n<li>Em Alto dos Crespos, Jorge Calvarino relata casa e armaz\u00e9ns danificados, sem luz e com necessidade de m\u00e1scara de oxig\u00eanio na noite.<\/li>\n<li>Na Figueira da Foz, Madalena Ad\u00e3o viu janelas destru\u00eddas pelo telhado de uma antiga universidade; vereadora Cl\u00e1udia Rocha estima preju\u00edzos em habita\u00e7\u00f5es superiores a dois milh\u00f5es de euros.<\/li>\n<\/ul>\n","protected":false},"author":2,"featured_media":421718,"comment_status":"closed","ping_status":"closed","sticky":false,"template":"","format":"standard","meta":{"footnotes":""},"categories":[6725,6871],"tags":[1211,5050,5215,4590,150,1014],"class_list":["post-421711","post","type-post","status-publish","format-standard","has-post-thumbnail","hentry","category-meio-ambiente","category-sociedade","tag-apoio-social","tag-calamidades-publicas","tag-catastrofes-naturais","tag-desabrigos","tag-habitacao","tag-portugal"],"yoast_head":"<!-- This site is optimized with the Yoast SEO plugin v27.2 - https:\/\/yoast.com\/product\/yoast-seo-wordpress\/ -->\n<title>Moradores recordam perdas ap\u00f3s tempestades que devastaram o pa\u00eds - Portal Tela Portugal<\/title>\n<meta name=\"robots\" content=\"index, follow, max-snippet:-1, max-image-preview:large, max-video-preview:-1\" \/>\n<meta property=\"og:locale\" content=\"pt_PT\" \/>\n<meta property=\"og:type\" content=\"article\" \/>\n<meta property=\"og:title\" content=\"Moradores recordam perdas ap\u00f3s tempestades que devastaram o pa\u00eds - Portal Tela Portugal\" \/>\n<meta property=\"og:description\" content=\"Em Pombal, j\u00e1 foram apresentadas 1.800 candidaturas para apoios do Estado destinadas \u00e0s v\u00edtimas das tempestades de janeiro e fevereiro. O presidente da C\u00e2mara Municipal de Pombal, Pedro Pimp\u00e3o, afirma que faltam documentos, apesar de as fam\u00edlias aguardarem respostas. Casal Velho, em Pombal, vive entre preju\u00edzos nas habita\u00e7\u00f5es e telhas derrubadas, com moradores a falar de perdas emocionais profundas. Em Alto dos Crespos, Jorge Calvarino relata casa e armaz\u00e9ns danificados, sem luz e com necessidade de m\u00e1scara de oxig\u00eanio na noite. Na Figueira da Foz, Madalena Ad\u00e3o viu janelas destru\u00eddas pelo telhado de uma antiga universidade; vereadora Cl\u00e1udia Rocha estima preju\u00edzos em habita\u00e7\u00f5es superiores a dois milh\u00f5es de euros.\" \/>\n<meta property=\"og:url\" content=\"https:\/\/portaltela.pt\/noticias\/2026\/03\/25\/moradores-recordam-perdas-apos-tempestades-que-devastaram-o-pais\/\" \/>\n<meta property=\"og:site_name\" content=\"Portal Tela Portugal\" \/>\n<meta property=\"article:published_time\" content=\"2026-03-26T01:30:00+00:00\" \/>\n<meta name=\"author\" content=\"Telinha\" \/>\n<meta name=\"twitter:card\" content=\"summary_large_image\" \/>\n<meta name=\"twitter:label1\" content=\"Escrito por\" \/>\n\t<meta name=\"twitter:data1\" content=\"Telinha\" \/>\n\t<meta name=\"twitter:label2\" content=\"Tempo estimado de leitura\" \/>\n\t<meta name=\"twitter:data2\" content=\"1 minuto\" \/>\n<script type=\"application\/ld+json\" class=\"yoast-schema-graph\">{\"@context\":\"https:\/\/schema.org\",\"@graph\":[{\"@type\":\"Article\",\"@id\":\"https:\/\/portaltela.pt\/noticias\/2026\/03\/25\/moradores-recordam-perdas-apos-tempestades-que-devastaram-o-pais\/#article\",\"isPartOf\":{\"@id\":\"https:\/\/portaltela.pt\/noticias\/2026\/03\/25\/moradores-recordam-perdas-apos-tempestades-que-devastaram-o-pais\/\"},\"author\":{\"name\":\"Telinha\",\"@id\":\"https:\/\/portaltela.pt\/#\/schema\/person\/c4278d4a6028830caff9ee44b42d32ed\"},\"headline\":\"Moradores recordam perdas ap\u00f3s tempestades que devastaram o pa\u00eds\",\"datePublished\":\"2026-03-26T01:30:00+00:00\",\"mainEntityOfPage\":{\"@id\":\"https:\/\/portaltela.pt\/noticias\/2026\/03\/25\/moradores-recordam-perdas-apos-tempestades-que-devastaram-o-pais\/\"},\"wordCount\":184,\"image\":{\"@id\":\"https:\/\/portaltela.pt\/noticias\/2026\/03\/25\/moradores-recordam-perdas-apos-tempestades-que-devastaram-o-pais\/#primaryimage\"},\"thumbnailUrl\":\"https:\/\/portaltela.pt\/s.01k8rhncp4jt1\/2026\/03\/img_1280x721uu2026-03-25-21-36-26-2274856.jpg\",\"keywords\":[\"Apoio Social\",\"calamidades p\u00fablicas\",\"cat\u00e1strofes naturais\",\"desabrigos\",\"habita\u00e7\u00e3o\",\"Portugal\"],\"articleSection\":[\"Meio Ambiente\",\"Sociedade\"],\"inLanguage\":\"pt-PT\"},{\"@type\":\"WebPage\",\"@id\":\"https:\/\/portaltela.pt\/noticias\/2026\/03\/25\/moradores-recordam-perdas-apos-tempestades-que-devastaram-o-pais\/\",\"url\":\"https:\/\/portaltela.pt\/noticias\/2026\/03\/25\/moradores-recordam-perdas-apos-tempestades-que-devastaram-o-pais\/\",\"name\":\"Moradores recordam perdas ap\u00f3s tempestades que devastaram o pa\u00eds - Portal Tela Portugal\",\"isPartOf\":{\"@id\":\"https:\/\/portaltela.pt\/#website\"},\"primaryImageOfPage\":{\"@id\":\"https:\/\/portaltela.pt\/noticias\/2026\/03\/25\/moradores-recordam-perdas-apos-tempestades-que-devastaram-o-pais\/#primaryimage\"},\"image\":{\"@id\":\"https:\/\/portaltela.pt\/noticias\/2026\/03\/25\/moradores-recordam-perdas-apos-tempestades-que-devastaram-o-pais\/#primaryimage\"},\"thumbnailUrl\":\"https:\/\/portaltela.pt\/s.01k8rhncp4jt1\/2026\/03\/img_1280x721uu2026-03-25-21-36-26-2274856.jpg\",\"datePublished\":\"2026-03-26T01:30:00+00:00\",\"author\":{\"@id\":\"https:\/\/portaltela.pt\/#\/schema\/person\/c4278d4a6028830caff9ee44b42d32ed\"},\"breadcrumb\":{\"@id\":\"https:\/\/portaltela.pt\/noticias\/2026\/03\/25\/moradores-recordam-perdas-apos-tempestades-que-devastaram-o-pais\/#breadcrumb\"},\"inLanguage\":\"pt-PT\",\"potentialAction\":[{\"@type\":\"ReadAction\",\"target\":[\"https:\/\/portaltela.pt\/noticias\/2026\/03\/25\/moradores-recordam-perdas-apos-tempestades-que-devastaram-o-pais\/\"]}]},{\"@type\":\"ImageObject\",\"inLanguage\":\"pt-PT\",\"@id\":\"https:\/\/portaltela.pt\/noticias\/2026\/03\/25\/moradores-recordam-perdas-apos-tempestades-que-devastaram-o-pais\/#primaryimage\",\"url\":\"https:\/\/portaltela.pt\/s.01k8rhncp4jt1\/2026\/03\/img_1280x721uu2026-03-25-21-36-26-2274856.jpg\",\"contentUrl\":\"https:\/\/portaltela.pt\/s.01k8rhncp4jt1\/2026\/03\/img_1280x721uu2026-03-25-21-36-26-2274856.jpg\",\"width\":796,\"height\":448,\"caption\":\"Tempestades destroem Pombal: fam\u00edlias recordam perdas e aguardam apoios do Estado\"},{\"@type\":\"BreadcrumbList\",\"@id\":\"https:\/\/portaltela.pt\/noticias\/2026\/03\/25\/moradores-recordam-perdas-apos-tempestades-que-devastaram-o-pais\/#breadcrumb\",\"itemListElement\":[{\"@type\":\"ListItem\",\"position\":1,\"name\":\"In\u00edcio\",\"item\":\"https:\/\/portaltela.pt\/\"},{\"@type\":\"ListItem\",\"position\":2,\"name\":\"Moradores recordam perdas ap\u00f3s tempestades que devastaram o pa\u00eds\"}]},{\"@type\":\"WebSite\",\"@id\":\"https:\/\/portaltela.pt\/#website\",\"url\":\"https:\/\/portaltela.pt\/\",\"name\":\"Portal Tela Portugal\",\"description\":\"\",\"potentialAction\":[{\"@type\":\"SearchAction\",\"target\":{\"@type\":\"EntryPoint\",\"urlTemplate\":\"https:\/\/portaltela.pt\/?s={search_term_string}\"},\"query-input\":{\"@type\":\"PropertyValueSpecification\",\"valueRequired\":true,\"valueName\":\"search_term_string\"}}],\"inLanguage\":\"pt-PT\"},{\"@type\":\"Person\",\"@id\":\"https:\/\/portaltela.pt\/#\/schema\/person\/c4278d4a6028830caff9ee44b42d32ed\",\"name\":\"Telinha\",\"image\":{\"@type\":\"ImageObject\",\"inLanguage\":\"pt-PT\",\"@id\":\"https:\/\/portaltela.pt\/s.01k8rhncp4jt1\/2025\/11\/talking-bot-125x125.png\",\"url\":\"https:\/\/portaltela.pt\/s.01k8rhncp4jt1\/2025\/11\/talking-bot-125x125.png\",\"contentUrl\":\"https:\/\/portaltela.pt\/s.01k8rhncp4jt1\/2025\/11\/talking-bot-125x125.png\",\"caption\":\"Telinha\"},\"sameAs\":[\"https:\/\/portaltela.pt\/\"],\"url\":\"https:\/\/portaltela.pt\/por\/367410592786\/\"}]}<\/script>\n<!-- \/ Yoast SEO plugin. -->","yoast_head_json":{"title":"Moradores recordam perdas ap\u00f3s tempestades que devastaram o pa\u00eds - Portal Tela Portugal","robots":{"index":"index","follow":"follow","max-snippet":"max-snippet:-1","max-image-preview":"max-image-preview:large","max-video-preview":"max-video-preview:-1"},"og_locale":"pt_PT","og_type":"article","og_title":"Moradores recordam perdas ap\u00f3s tempestades que devastaram o pa\u00eds - Portal Tela Portugal","og_description":"Em Pombal, j\u00e1 foram apresentadas 1.800 candidaturas para apoios do Estado destinadas \u00e0s v\u00edtimas das tempestades de janeiro e fevereiro. O presidente da C\u00e2mara Municipal de Pombal, Pedro Pimp\u00e3o, afirma que faltam documentos, apesar de as fam\u00edlias aguardarem respostas. Casal Velho, em Pombal, vive entre preju\u00edzos nas habita\u00e7\u00f5es e telhas derrubadas, com moradores a falar de perdas emocionais profundas. Em Alto dos Crespos, Jorge Calvarino relata casa e armaz\u00e9ns danificados, sem luz e com necessidade de m\u00e1scara de oxig\u00eanio na noite. Na Figueira da Foz, Madalena Ad\u00e3o viu janelas destru\u00eddas pelo telhado de uma antiga universidade; vereadora Cl\u00e1udia Rocha estima preju\u00edzos em habita\u00e7\u00f5es superiores a dois milh\u00f5es de euros.","og_url":"https:\/\/portaltela.pt\/noticias\/2026\/03\/25\/moradores-recordam-perdas-apos-tempestades-que-devastaram-o-pais\/","og_site_name":"Portal Tela Portugal","article_published_time":"2026-03-26T01:30:00+00:00","author":"Telinha","twitter_card":"summary_large_image","twitter_misc":{"Escrito por":"Telinha","Tempo estimado de leitura":"1 minuto"},"schema":{"@context":"https:\/\/schema.org","@graph":[{"@type":"Article","@id":"https:\/\/portaltela.pt\/noticias\/2026\/03\/25\/moradores-recordam-perdas-apos-tempestades-que-devastaram-o-pais\/#article","isPartOf":{"@id":"https:\/\/portaltela.pt\/noticias\/2026\/03\/25\/moradores-recordam-perdas-apos-tempestades-que-devastaram-o-pais\/"},"author":{"name":"Telinha","@id":"https:\/\/portaltela.pt\/#\/schema\/person\/c4278d4a6028830caff9ee44b42d32ed"},"headline":"Moradores recordam perdas ap\u00f3s tempestades que devastaram o pa\u00eds","datePublished":"2026-03-26T01:30:00+00:00","mainEntityOfPage":{"@id":"https:\/\/portaltela.pt\/noticias\/2026\/03\/25\/moradores-recordam-perdas-apos-tempestades-que-devastaram-o-pais\/"},"wordCount":184,"image":{"@id":"https:\/\/portaltela.pt\/noticias\/2026\/03\/25\/moradores-recordam-perdas-apos-tempestades-que-devastaram-o-pais\/#primaryimage"},"thumbnailUrl":"https:\/\/portaltela.pt\/s.01k8rhncp4jt1\/2026\/03\/img_1280x721uu2026-03-25-21-36-26-2274856.jpg","keywords":["Apoio Social","calamidades p\u00fablicas","cat\u00e1strofes naturais","desabrigos","habita\u00e7\u00e3o","Portugal"],"articleSection":["Meio Ambiente","Sociedade"],"inLanguage":"pt-PT"},{"@type":"WebPage","@id":"https:\/\/portaltela.pt\/noticias\/2026\/03\/25\/moradores-recordam-perdas-apos-tempestades-que-devastaram-o-pais\/","url":"https:\/\/portaltela.pt\/noticias\/2026\/03\/25\/moradores-recordam-perdas-apos-tempestades-que-devastaram-o-pais\/","name":"Moradores recordam perdas ap\u00f3s tempestades que devastaram o pa\u00eds - Portal Tela Portugal","isPartOf":{"@id":"https:\/\/portaltela.pt\/#website"},"primaryImageOfPage":{"@id":"https:\/\/portaltela.pt\/noticias\/2026\/03\/25\/moradores-recordam-perdas-apos-tempestades-que-devastaram-o-pais\/#primaryimage"},"image":{"@id":"https:\/\/portaltela.pt\/noticias\/2026\/03\/25\/moradores-recordam-perdas-apos-tempestades-que-devastaram-o-pais\/#primaryimage"},"thumbnailUrl":"https:\/\/portaltela.pt\/s.01k8rhncp4jt1\/2026\/03\/img_1280x721uu2026-03-25-21-36-26-2274856.jpg","datePublished":"2026-03-26T01:30:00+00:00","author":{"@id":"https:\/\/portaltela.pt\/#\/schema\/person\/c4278d4a6028830caff9ee44b42d32ed"},"breadcrumb":{"@id":"https:\/\/portaltela.pt\/noticias\/2026\/03\/25\/moradores-recordam-perdas-apos-tempestades-que-devastaram-o-pais\/#breadcrumb"},"inLanguage":"pt-PT","potentialAction":[{"@type":"ReadAction","target":["https:\/\/portaltela.pt\/noticias\/2026\/03\/25\/moradores-recordam-perdas-apos-tempestades-que-devastaram-o-pais\/"]}]},{"@type":"ImageObject","inLanguage":"pt-PT","@id":"https:\/\/portaltela.pt\/noticias\/2026\/03\/25\/moradores-recordam-perdas-apos-tempestades-que-devastaram-o-pais\/#primaryimage","url":"https:\/\/portaltela.pt\/s.01k8rhncp4jt1\/2026\/03\/img_1280x721uu2026-03-25-21-36-26-2274856.jpg","contentUrl":"https:\/\/portaltela.pt\/s.01k8rhncp4jt1\/2026\/03\/img_1280x721uu2026-03-25-21-36-26-2274856.jpg","width":796,"height":448,"caption":"Tempestades destroem Pombal: fam\u00edlias recordam perdas e aguardam apoios do Estado"},{"@type":"BreadcrumbList","@id":"https:\/\/portaltela.pt\/noticias\/2026\/03\/25\/moradores-recordam-perdas-apos-tempestades-que-devastaram-o-pais\/#breadcrumb","itemListElement":[{"@type":"ListItem","position":1,"name":"In\u00edcio","item":"https:\/\/portaltela.pt\/"},{"@type":"ListItem","position":2,"name":"Moradores recordam perdas ap\u00f3s tempestades que devastaram o pa\u00eds"}]},{"@type":"WebSite","@id":"https:\/\/portaltela.pt\/#website","url":"https:\/\/portaltela.pt\/","name":"Portal Tela Portugal","description":"","potentialAction":[{"@type":"SearchAction","target":{"@type":"EntryPoint","urlTemplate":"https:\/\/portaltela.pt\/?s={search_term_string}"},"query-input":{"@type":"PropertyValueSpecification","valueRequired":true,"valueName":"search_term_string"}}],"inLanguage":"pt-PT"},{"@type":"Person","@id":"https:\/\/portaltela.pt\/#\/schema\/person\/c4278d4a6028830caff9ee44b42d32ed","name":"Telinha","image":{"@type":"ImageObject","inLanguage":"pt-PT","@id":"https:\/\/portaltela.pt\/s.01k8rhncp4jt1\/2025\/11\/talking-bot-125x125.png","url":"https:\/\/portaltela.pt\/s.01k8rhncp4jt1\/2025\/11\/talking-bot-125x125.png","contentUrl":"https:\/\/portaltela.pt\/s.01k8rhncp4jt1\/2025\/11\/talking-bot-125x125.png","caption":"Telinha"},"sameAs":["https:\/\/portaltela.pt\/"],"url":"https:\/\/portaltela.pt\/por\/367410592786\/"}]}},"_links":{"self":[{"href":"https:\/\/portaltela.pt\/api\/wp\/v2\/posts\/421711","targetHints":{"allow":["GET"]}}],"collection":[{"href":"https:\/\/portaltela.pt\/api\/wp\/v2\/posts"}],"about":[{"href":"https:\/\/portaltela.pt\/api\/wp\/v2\/types\/post"}],"author":[{"embeddable":true,"href":"https:\/\/portaltela.pt\/api\/wp\/v2\/users\/2"}],"replies":[{"embeddable":true,"href":"https:\/\/portaltela.pt\/api\/wp\/v2\/comments?post=421711"}],"version-history":[{"count":0,"href":"https:\/\/portaltela.pt\/api\/wp\/v2\/posts\/421711\/revisions"}],"wp:featuredmedia":[{"embeddable":true,"href":"https:\/\/portaltela.pt\/api\/wp\/v2\/media\/421718"}],"wp:attachment":[{"href":"https:\/\/portaltela.pt\/api\/wp\/v2\/media?parent=421711"}],"wp:term":[{"taxonomy":"category","embeddable":true,"href":"https:\/\/portaltela.pt\/api\/wp\/v2\/categories?post=421711"},{"taxonomy":"post_tag","embeddable":true,"href":"https:\/\/portaltela.pt\/api\/wp\/v2\/tags?post=421711"}],"curies":[{"name":"wp","href":"https:\/\/api.w.org\/{rel}","templated":true}]}}