{"id":421709,"date":"2026-03-25T22:30:00","date_gmt":"2026-03-26T01:30:00","guid":{"rendered":"https:\/\/portaltela.pt\/noticias\/2026\/03\/25\/influencer-tiago-grila-atropela-e-foge-sem-carta-de-conducao\/"},"modified":"2026-03-25T22:30:00","modified_gmt":"2026-03-26T01:30:00","slug":"influencer-tiago-grila-atropela-e-foge-sem-carta-de-conducao","status":"publish","type":"post","link":"https:\/\/portaltela.pt\/justica\/2026\/03\/25\/influencer-tiago-grila-atropela-e-foge-sem-carta-de-conducao\/","title":{"rendered":"Influencer Tiago Grila atropela e foge sem carta de condu\u00e7\u00e3o"},"content":{"rendered":"<p>O influencer Tiago Grila confessou num podcast ter atropelado uma mulher e ter-se colocado em fuga. A declara\u00e7\u00e3o abriu nova linha de investiga\u00e7\u00e3o da PSP, que inicialmente n\u00e3o o tinha colocado na lista de suspeitos. O caso envolve tr\u00eas crimes atribu\u00eddos ao arguido: condu\u00e7\u00e3o sem habilita\u00e7\u00e3o, omiss\u00e3o de aux\u00edlio e ofensa \u00e0 integridade f\u00edsica grave.<\/p>\n<p>O crime alegadamente ocorreu no dia 17 de janeiro de 2024, na Amadora. Segundo a acusa\u00e7\u00e3o, o ve\u00edculo foi um Opel cinzento e a v\u00edtima atravessava a passadeira ap\u00f3s sair do Bingo da Amadora. A frente do ve\u00edculo ter\u00e1 embatido na v\u00edtima quando esta j\u00e1 avan\u00e7ava pela faixa de rodagem.<\/p>\n<p>Conduzido pelo arguido, o ve\u00edculo teve a frente em contacto com a v\u00edtima. Tiago Grila ter\u00e1 sa\u00eddo do carro e, durante a abordagem, n\u00e3o prestou aux\u00edlio nem acionou o INEM, escapando sem que fosse poss\u00edvel identificar a matr\u00edcula. A confiss\u00e3o via redes sociais revelou detalhes do caso, associando-se ao epis\u00f3dio envolvendo Marina Sousa.<\/p>\n<p>A v\u00edtima j\u00e1 tinha hematoma na cabe\u00e7a e bra\u00e7o partido, necessitando de cirurgia e fisioterapia por meses. Ficou de baixa m\u00e9dica por mais de um ano. Atualmente, Tiago Grila \u00e9 o principal suspeito e dever\u00e1 responder na Justi\u00e7a pelas acusa\u00e7\u00f5es apresentadas.<\/p>\n","protected":false},"excerpt":{"rendered":"<ul>\n<li>Tiago Grila confessou num podcast ter atropelado uma mulher e fugido sem prestar aux\u00edlio.<\/li>\n<li>A acusa\u00e7\u00e3o aponta tr\u00eas crimes: condu\u00e7\u00e3o sem habilita\u00e7\u00e3o legal, omiss\u00e3o de aux\u00edlio e ofensa \u00e0 integridade f\u00edsica grave, relacionados com o incidente.<\/li>\n<li>O crime ocorreu a dezassete de janeiro de dois mil e vinte e quatro, envolvendo um ve\u00edculo ligeiro Opel cinzento; a v\u00edtima atravessava a passadeira ap\u00f3s sair do Bingo da Amadora.<\/li>\n<li>O arguido saiu do carro e n\u00e3o chamou o INEM; a confiss\u00e3o nas redes sociais confirmou o caso.<\/li>\n<li>A v\u00edtima ficou com hematoma na cabe\u00e7a e bra\u00e7o partido, submeteu-se a cirurgia, fez fisioterapia por meses e esteve mais de um ano de baixa; Tiago Grila \u00e9 o principal suspeito e dever\u00e1 enfrentar a justi\u00e7a.<\/li>\n<\/ul>\n","protected":false},"author":2,"featured_media":421715,"comment_status":"closed","ping_status":"closed","sticky":false,"template":"","format":"standard","meta":{"footnotes":""},"categories":[6907,6815],"tags":[5837,6327,160,147,177,1616],"class_list":["post-421709","post","type-post","status-publish","format-standard","has-post-thumbnail","hentry","category-crime","category-justica","tag-a-amadora","tag-atropelamento","tag-conducao-sem-habilitacao","tag-crime","tag-crimes","tag-omissao-de-auxilio"],"yoast_head":"<!-- This site is optimized with the Yoast SEO plugin v27.2 - https:\/\/yoast.com\/product\/yoast-seo-wordpress\/ -->\n<title>Influencer Tiago Grila atropela e foge sem carta de condu\u00e7\u00e3o - Portal Tela Portugal<\/title>\n<meta name=\"robots\" content=\"index, follow, max-snippet:-1, max-image-preview:large, max-video-preview:-1\" \/>\n<meta property=\"og:locale\" content=\"pt_PT\" \/>\n<meta property=\"og:type\" content=\"article\" \/>\n<meta property=\"og:title\" content=\"Influencer Tiago Grila atropela e foge sem carta de condu\u00e7\u00e3o - Portal Tela Portugal\" \/>\n<meta property=\"og:description\" content=\"Tiago Grila confessou num podcast ter atropelado uma mulher e fugido sem prestar aux\u00edlio. A acusa\u00e7\u00e3o aponta tr\u00eas crimes: condu\u00e7\u00e3o sem habilita\u00e7\u00e3o legal, omiss\u00e3o de aux\u00edlio e ofensa \u00e0 integridade f\u00edsica grave, relacionados com o incidente. O crime ocorreu a dezassete de janeiro de dois mil e vinte e quatro, envolvendo um ve\u00edculo ligeiro Opel cinzento; a v\u00edtima atravessava a passadeira ap\u00f3s sair do Bingo da Amadora. O arguido saiu do carro e n\u00e3o chamou o INEM; a confiss\u00e3o nas redes sociais confirmou o caso. A v\u00edtima ficou com hematoma na cabe\u00e7a e bra\u00e7o partido, submeteu-se a cirurgia, fez fisioterapia por meses e esteve mais de um ano de baixa; Tiago Grila \u00e9 o principal suspeito e dever\u00e1 enfrentar a justi\u00e7a.\" \/>\n<meta property=\"og:url\" content=\"https:\/\/portaltela.pt\/noticias\/2026\/03\/25\/influencer-tiago-grila-atropela-e-foge-sem-carta-de-conducao\/\" \/>\n<meta property=\"og:site_name\" content=\"Portal Tela Portugal\" \/>\n<meta property=\"article:published_time\" content=\"2026-03-26T01:30:00+00:00\" \/>\n<meta name=\"author\" content=\"Telinha\" \/>\n<meta name=\"twitter:card\" content=\"summary_large_image\" \/>\n<meta name=\"twitter:label1\" content=\"Escrito por\" \/>\n\t<meta name=\"twitter:data1\" content=\"Telinha\" \/>\n\t<meta name=\"twitter:label2\" content=\"Tempo estimado de leitura\" \/>\n\t<meta name=\"twitter:data2\" content=\"1 minuto\" \/>\n<script type=\"application\/ld+json\" class=\"yoast-schema-graph\">{\"@context\":\"https:\/\/schema.org\",\"@graph\":[{\"@type\":\"Article\",\"@id\":\"https:\/\/portaltela.pt\/noticias\/2026\/03\/25\/influencer-tiago-grila-atropela-e-foge-sem-carta-de-conducao\/#article\",\"isPartOf\":{\"@id\":\"https:\/\/portaltela.pt\/noticias\/2026\/03\/25\/influencer-tiago-grila-atropela-e-foge-sem-carta-de-conducao\/\"},\"author\":{\"name\":\"Telinha\",\"@id\":\"https:\/\/portaltela.pt\/#\/schema\/person\/c4278d4a6028830caff9ee44b42d32ed\"},\"headline\":\"Influencer Tiago Grila atropela e foge sem carta de condu\u00e7\u00e3o\",\"datePublished\":\"2026-03-26T01:30:00+00:00\",\"mainEntityOfPage\":{\"@id\":\"https:\/\/portaltela.pt\/noticias\/2026\/03\/25\/influencer-tiago-grila-atropela-e-foge-sem-carta-de-conducao\/\"},\"wordCount\":238,\"image\":{\"@id\":\"https:\/\/portaltela.pt\/noticias\/2026\/03\/25\/influencer-tiago-grila-atropela-e-foge-sem-carta-de-conducao\/#primaryimage\"},\"thumbnailUrl\":\"https:\/\/portaltela.pt\/s.01k8rhncp4jt1\/2026\/03\/img_1500x1000uu2026-03-26-00-14-15-2274877-im-639100809133981322.jpg\",\"keywords\":[\"A Amadora\",\"atropelamento\",\"condu\u00e7\u00e3o sem habilita\u00e7\u00e3o\",\"crime\",\"crimes\",\"omiss\u00e3o de aux\u00edlio\"],\"articleSection\":[\"Crime\",\"Justi\u00e7a\"],\"inLanguage\":\"pt-PT\"},{\"@type\":\"WebPage\",\"@id\":\"https:\/\/portaltela.pt\/noticias\/2026\/03\/25\/influencer-tiago-grila-atropela-e-foge-sem-carta-de-conducao\/\",\"url\":\"https:\/\/portaltela.pt\/noticias\/2026\/03\/25\/influencer-tiago-grila-atropela-e-foge-sem-carta-de-conducao\/\",\"name\":\"Influencer Tiago Grila atropela e foge sem carta de condu\u00e7\u00e3o - Portal Tela Portugal\",\"isPartOf\":{\"@id\":\"https:\/\/portaltela.pt\/#website\"},\"primaryImageOfPage\":{\"@id\":\"https:\/\/portaltela.pt\/noticias\/2026\/03\/25\/influencer-tiago-grila-atropela-e-foge-sem-carta-de-conducao\/#primaryimage\"},\"image\":{\"@id\":\"https:\/\/portaltela.pt\/noticias\/2026\/03\/25\/influencer-tiago-grila-atropela-e-foge-sem-carta-de-conducao\/#primaryimage\"},\"thumbnailUrl\":\"https:\/\/portaltela.pt\/s.01k8rhncp4jt1\/2026\/03\/img_1500x1000uu2026-03-26-00-14-15-2274877-im-639100809133981322.jpg\",\"datePublished\":\"2026-03-26T01:30:00+00:00\",\"author\":{\"@id\":\"https:\/\/portaltela.pt\/#\/schema\/person\/c4278d4a6028830caff9ee44b42d32ed\"},\"breadcrumb\":{\"@id\":\"https:\/\/portaltela.pt\/noticias\/2026\/03\/25\/influencer-tiago-grila-atropela-e-foge-sem-carta-de-conducao\/#breadcrumb\"},\"inLanguage\":\"pt-PT\",\"potentialAction\":[{\"@type\":\"ReadAction\",\"target\":[\"https:\/\/portaltela.pt\/noticias\/2026\/03\/25\/influencer-tiago-grila-atropela-e-foge-sem-carta-de-conducao\/\"]}]},{\"@type\":\"ImageObject\",\"inLanguage\":\"pt-PT\",\"@id\":\"https:\/\/portaltela.pt\/noticias\/2026\/03\/25\/influencer-tiago-grila-atropela-e-foge-sem-carta-de-conducao\/#primaryimage\",\"url\":\"https:\/\/portaltela.pt\/s.01k8rhncp4jt1\/2026\/03\/img_1500x1000uu2026-03-26-00-14-15-2274877-im-639100809133981322.jpg\",\"contentUrl\":\"https:\/\/portaltela.pt\/s.01k8rhncp4jt1\/2026\/03\/img_1500x1000uu2026-03-26-00-14-15-2274877-im-639100809133981322.jpg\",\"width\":796,\"height\":448,\"caption\":\"Tiago Grila falou do caso num podcast e tornou-se suspeito do crime\"},{\"@type\":\"BreadcrumbList\",\"@id\":\"https:\/\/portaltela.pt\/noticias\/2026\/03\/25\/influencer-tiago-grila-atropela-e-foge-sem-carta-de-conducao\/#breadcrumb\",\"itemListElement\":[{\"@type\":\"ListItem\",\"position\":1,\"name\":\"In\u00edcio\",\"item\":\"https:\/\/portaltela.pt\/\"},{\"@type\":\"ListItem\",\"position\":2,\"name\":\"Influencer Tiago Grila atropela e foge sem carta de condu\u00e7\u00e3o\"}]},{\"@type\":\"WebSite\",\"@id\":\"https:\/\/portaltela.pt\/#website\",\"url\":\"https:\/\/portaltela.pt\/\",\"name\":\"Portal Tela Portugal\",\"description\":\"\",\"potentialAction\":[{\"@type\":\"SearchAction\",\"target\":{\"@type\":\"EntryPoint\",\"urlTemplate\":\"https:\/\/portaltela.pt\/?s={search_term_string}\"},\"query-input\":{\"@type\":\"PropertyValueSpecification\",\"valueRequired\":true,\"valueName\":\"search_term_string\"}}],\"inLanguage\":\"pt-PT\"},{\"@type\":\"Person\",\"@id\":\"https:\/\/portaltela.pt\/#\/schema\/person\/c4278d4a6028830caff9ee44b42d32ed\",\"name\":\"Telinha\",\"image\":{\"@type\":\"ImageObject\",\"inLanguage\":\"pt-PT\",\"@id\":\"https:\/\/portaltela.pt\/s.01k8rhncp4jt1\/2025\/11\/talking-bot-125x125.png\",\"url\":\"https:\/\/portaltela.pt\/s.01k8rhncp4jt1\/2025\/11\/talking-bot-125x125.png\",\"contentUrl\":\"https:\/\/portaltela.pt\/s.01k8rhncp4jt1\/2025\/11\/talking-bot-125x125.png\",\"caption\":\"Telinha\"},\"sameAs\":[\"https:\/\/portaltela.pt\/\"],\"url\":\"https:\/\/portaltela.pt\/por\/367410592786\/\"}]}<\/script>\n<!-- \/ Yoast SEO plugin. -->","yoast_head_json":{"title":"Influencer Tiago Grila atropela e foge sem carta de condu\u00e7\u00e3o - Portal Tela Portugal","robots":{"index":"index","follow":"follow","max-snippet":"max-snippet:-1","max-image-preview":"max-image-preview:large","max-video-preview":"max-video-preview:-1"},"og_locale":"pt_PT","og_type":"article","og_title":"Influencer Tiago Grila atropela e foge sem carta de condu\u00e7\u00e3o - Portal Tela Portugal","og_description":"Tiago Grila confessou num podcast ter atropelado uma mulher e fugido sem prestar aux\u00edlio. A acusa\u00e7\u00e3o aponta tr\u00eas crimes: condu\u00e7\u00e3o sem habilita\u00e7\u00e3o legal, omiss\u00e3o de aux\u00edlio e ofensa \u00e0 integridade f\u00edsica grave, relacionados com o incidente. O crime ocorreu a dezassete de janeiro de dois mil e vinte e quatro, envolvendo um ve\u00edculo ligeiro Opel cinzento; a v\u00edtima atravessava a passadeira ap\u00f3s sair do Bingo da Amadora. O arguido saiu do carro e n\u00e3o chamou o INEM; a confiss\u00e3o nas redes sociais confirmou o caso. A v\u00edtima ficou com hematoma na cabe\u00e7a e bra\u00e7o partido, submeteu-se a cirurgia, fez fisioterapia por meses e esteve mais de um ano de baixa; Tiago Grila \u00e9 o principal suspeito e dever\u00e1 enfrentar a justi\u00e7a.","og_url":"https:\/\/portaltela.pt\/noticias\/2026\/03\/25\/influencer-tiago-grila-atropela-e-foge-sem-carta-de-conducao\/","og_site_name":"Portal Tela Portugal","article_published_time":"2026-03-26T01:30:00+00:00","author":"Telinha","twitter_card":"summary_large_image","twitter_misc":{"Escrito por":"Telinha","Tempo estimado de leitura":"1 minuto"},"schema":{"@context":"https:\/\/schema.org","@graph":[{"@type":"Article","@id":"https:\/\/portaltela.pt\/noticias\/2026\/03\/25\/influencer-tiago-grila-atropela-e-foge-sem-carta-de-conducao\/#article","isPartOf":{"@id":"https:\/\/portaltela.pt\/noticias\/2026\/03\/25\/influencer-tiago-grila-atropela-e-foge-sem-carta-de-conducao\/"},"author":{"name":"Telinha","@id":"https:\/\/portaltela.pt\/#\/schema\/person\/c4278d4a6028830caff9ee44b42d32ed"},"headline":"Influencer Tiago Grila atropela e foge sem carta de condu\u00e7\u00e3o","datePublished":"2026-03-26T01:30:00+00:00","mainEntityOfPage":{"@id":"https:\/\/portaltela.pt\/noticias\/2026\/03\/25\/influencer-tiago-grila-atropela-e-foge-sem-carta-de-conducao\/"},"wordCount":238,"image":{"@id":"https:\/\/portaltela.pt\/noticias\/2026\/03\/25\/influencer-tiago-grila-atropela-e-foge-sem-carta-de-conducao\/#primaryimage"},"thumbnailUrl":"https:\/\/portaltela.pt\/s.01k8rhncp4jt1\/2026\/03\/img_1500x1000uu2026-03-26-00-14-15-2274877-im-639100809133981322.jpg","keywords":["A Amadora","atropelamento","condu\u00e7\u00e3o sem habilita\u00e7\u00e3o","crime","crimes","omiss\u00e3o de aux\u00edlio"],"articleSection":["Crime","Justi\u00e7a"],"inLanguage":"pt-PT"},{"@type":"WebPage","@id":"https:\/\/portaltela.pt\/noticias\/2026\/03\/25\/influencer-tiago-grila-atropela-e-foge-sem-carta-de-conducao\/","url":"https:\/\/portaltela.pt\/noticias\/2026\/03\/25\/influencer-tiago-grila-atropela-e-foge-sem-carta-de-conducao\/","name":"Influencer Tiago Grila atropela e foge sem carta de condu\u00e7\u00e3o - Portal Tela Portugal","isPartOf":{"@id":"https:\/\/portaltela.pt\/#website"},"primaryImageOfPage":{"@id":"https:\/\/portaltela.pt\/noticias\/2026\/03\/25\/influencer-tiago-grila-atropela-e-foge-sem-carta-de-conducao\/#primaryimage"},"image":{"@id":"https:\/\/portaltela.pt\/noticias\/2026\/03\/25\/influencer-tiago-grila-atropela-e-foge-sem-carta-de-conducao\/#primaryimage"},"thumbnailUrl":"https:\/\/portaltela.pt\/s.01k8rhncp4jt1\/2026\/03\/img_1500x1000uu2026-03-26-00-14-15-2274877-im-639100809133981322.jpg","datePublished":"2026-03-26T01:30:00+00:00","author":{"@id":"https:\/\/portaltela.pt\/#\/schema\/person\/c4278d4a6028830caff9ee44b42d32ed"},"breadcrumb":{"@id":"https:\/\/portaltela.pt\/noticias\/2026\/03\/25\/influencer-tiago-grila-atropela-e-foge-sem-carta-de-conducao\/#breadcrumb"},"inLanguage":"pt-PT","potentialAction":[{"@type":"ReadAction","target":["https:\/\/portaltela.pt\/noticias\/2026\/03\/25\/influencer-tiago-grila-atropela-e-foge-sem-carta-de-conducao\/"]}]},{"@type":"ImageObject","inLanguage":"pt-PT","@id":"https:\/\/portaltela.pt\/noticias\/2026\/03\/25\/influencer-tiago-grila-atropela-e-foge-sem-carta-de-conducao\/#primaryimage","url":"https:\/\/portaltela.pt\/s.01k8rhncp4jt1\/2026\/03\/img_1500x1000uu2026-03-26-00-14-15-2274877-im-639100809133981322.jpg","contentUrl":"https:\/\/portaltela.pt\/s.01k8rhncp4jt1\/2026\/03\/img_1500x1000uu2026-03-26-00-14-15-2274877-im-639100809133981322.jpg","width":796,"height":448,"caption":"Tiago Grila falou do caso num podcast e tornou-se suspeito do crime"},{"@type":"BreadcrumbList","@id":"https:\/\/portaltela.pt\/noticias\/2026\/03\/25\/influencer-tiago-grila-atropela-e-foge-sem-carta-de-conducao\/#breadcrumb","itemListElement":[{"@type":"ListItem","position":1,"name":"In\u00edcio","item":"https:\/\/portaltela.pt\/"},{"@type":"ListItem","position":2,"name":"Influencer Tiago Grila atropela e foge sem carta de condu\u00e7\u00e3o"}]},{"@type":"WebSite","@id":"https:\/\/portaltela.pt\/#website","url":"https:\/\/portaltela.pt\/","name":"Portal Tela Portugal","description":"","potentialAction":[{"@type":"SearchAction","target":{"@type":"EntryPoint","urlTemplate":"https:\/\/portaltela.pt\/?s={search_term_string}"},"query-input":{"@type":"PropertyValueSpecification","valueRequired":true,"valueName":"search_term_string"}}],"inLanguage":"pt-PT"},{"@type":"Person","@id":"https:\/\/portaltela.pt\/#\/schema\/person\/c4278d4a6028830caff9ee44b42d32ed","name":"Telinha","image":{"@type":"ImageObject","inLanguage":"pt-PT","@id":"https:\/\/portaltela.pt\/s.01k8rhncp4jt1\/2025\/11\/talking-bot-125x125.png","url":"https:\/\/portaltela.pt\/s.01k8rhncp4jt1\/2025\/11\/talking-bot-125x125.png","contentUrl":"https:\/\/portaltela.pt\/s.01k8rhncp4jt1\/2025\/11\/talking-bot-125x125.png","caption":"Telinha"},"sameAs":["https:\/\/portaltela.pt\/"],"url":"https:\/\/portaltela.pt\/por\/367410592786\/"}]}},"_links":{"self":[{"href":"https:\/\/portaltela.pt\/api\/wp\/v2\/posts\/421709","targetHints":{"allow":["GET"]}}],"collection":[{"href":"https:\/\/portaltela.pt\/api\/wp\/v2\/posts"}],"about":[{"href":"https:\/\/portaltela.pt\/api\/wp\/v2\/types\/post"}],"author":[{"embeddable":true,"href":"https:\/\/portaltela.pt\/api\/wp\/v2\/users\/2"}],"replies":[{"embeddable":true,"href":"https:\/\/portaltela.pt\/api\/wp\/v2\/comments?post=421709"}],"version-history":[{"count":0,"href":"https:\/\/portaltela.pt\/api\/wp\/v2\/posts\/421709\/revisions"}],"wp:featuredmedia":[{"embeddable":true,"href":"https:\/\/portaltela.pt\/api\/wp\/v2\/media\/421715"}],"wp:attachment":[{"href":"https:\/\/portaltela.pt\/api\/wp\/v2\/media?parent=421709"}],"wp:term":[{"taxonomy":"category","embeddable":true,"href":"https:\/\/portaltela.pt\/api\/wp\/v2\/categories?post=421709"},{"taxonomy":"post_tag","embeddable":true,"href":"https:\/\/portaltela.pt\/api\/wp\/v2\/tags?post=421709"}],"curies":[{"name":"wp","href":"https:\/\/api.w.org\/{rel}","templated":true}]}}