{"id":421704,"date":"2026-03-25T22:32:00","date_gmt":"2026-03-26T01:32:00","guid":{"rendered":"https:\/\/portaltela.pt\/noticias\/2026\/03\/25\/famalicao-preparado-para-um-desafio-que-desafia-a-logica\/"},"modified":"2026-03-25T22:32:00","modified_gmt":"2026-03-26T01:32:00","slug":"famalicao-preparado-para-um-desafio-que-desafia-a-logica","status":"publish","type":"post","link":"https:\/\/portaltela.pt\/desporto\/futebol\/2026\/03\/25\/famalicao-preparado-para-um-desafio-que-desafia-a-logica\/","title":{"rendered":"Famalic\u00e3o preparado para um desafio que desafia a l\u00f3gica"},"content":{"rendered":"<p>O Famalic\u00e3o de futsal enfrenta um desafio de alto risco na Liga Placard, com tr\u00eas jornadas pela frente. A equipa ainda luta pela manuten\u00e7\u00e3o e come\u00e7a j\u00e1 esta noite com uma rece\u00e7\u00e3o ao Benfica, no seu pavil\u00e3o, em Famalic\u00e3o. A meta \u00e9 evitar a descida, apesar das possibilidades remotas.<\/p>\n<p>Ao longo da fase decisiva, o conjunto minhoto defronta Benfica, Sporting e Fund\u00e3o, advers\u00e1rios que ocupam lugares de topo na liga. O problema \u00e9 claro: dois candidatos ao t\u00edtulo complicam o caminho para a manuten\u00e7\u00e3o.<\/p>\n<p>A equipa sabe que o esfor\u00e7o tem de ser sustentado. Atingir a manuten\u00e7\u00e3o passa pela capacidade de vencer jogos diretos e manter o seu rendimento em casa. A press\u00e3o aumenta \u00e0 medida que as jornadas avan\u00e7am.<\/p>\n<h3>Enquadramento da reta final<\/h3>\n<p>O plantel mant\u00e9m a esperan\u00e7a, mesmo diante de advers\u00e1rios fortes. O objetivo passa por somar pontos cr\u00edticios nas tr\u00eas partidas restantes, perante uma moldura competitiva que exige consist\u00eancia e foco t\u00e9cnico.<\/p>\n","protected":false},"excerpt":{"rendered":"<ul>\n<li>O Famalic\u00e3o de futsal enfrenta tr\u00eas jornadas finais da fase regular da Liga Placard com o objetivo de evitar a descida \u00e0 segunda divis\u00e3o.<\/li>\n<li>Os minhotos defrontam Benfica, Sporting e Fund\u00e3o, num desafio \u00e0s probabilidades de manterem a liga.<\/li>\n<li>O desafio come\u00e7a j\u00e1 esta noite, com a rece\u00e7\u00e3o ao Benfica.<\/li>\n<li>O plantel reconhece a dificuldade, mas n\u00e3o desiste da perman\u00eancia.<\/li>\n<\/ul>\n","protected":false},"author":2,"featured_media":421708,"comment_status":"closed","ping_status":"closed","sticky":false,"template":"","format":"standard","meta":{"footnotes":""},"categories":[21,24],"tags":[1946,1396,2772,161,1786,1652],"class_list":["post-421704","post","type-post","status-publish","format-standard","has-post-thumbnail","hentry","category-desporto","category-futebol","tag-benfica","tag-famalicao","tag-fundao","tag-futsal","tag-liga","tag-sporting"],"yoast_head":"<!-- This site is optimized with the Yoast SEO plugin v27.2 - https:\/\/yoast.com\/product\/yoast-seo-wordpress\/ -->\n<title>Famalic\u00e3o preparado para um desafio que desafia a l\u00f3gica - Portal Tela Portugal<\/title>\n<meta name=\"robots\" content=\"index, follow, max-snippet:-1, max-image-preview:large, max-video-preview:-1\" \/>\n<meta property=\"og:locale\" content=\"pt_PT\" \/>\n<meta property=\"og:type\" content=\"article\" \/>\n<meta property=\"og:title\" content=\"Famalic\u00e3o preparado para um desafio que desafia a l\u00f3gica - Portal Tela Portugal\" \/>\n<meta property=\"og:description\" content=\"O Famalic\u00e3o de futsal enfrenta tr\u00eas jornadas finais da fase regular da Liga Placard com o objetivo de evitar a descida \u00e0 segunda divis\u00e3o. Os minhotos defrontam Benfica, Sporting e Fund\u00e3o, num desafio \u00e0s probabilidades de manterem a liga. O desafio come\u00e7a j\u00e1 esta noite, com a rece\u00e7\u00e3o ao Benfica. O plantel reconhece a dificuldade, mas n\u00e3o desiste da perman\u00eancia.\" \/>\n<meta property=\"og:url\" content=\"https:\/\/portaltela.pt\/noticias\/2026\/03\/25\/famalicao-preparado-para-um-desafio-que-desafia-a-logica\/\" \/>\n<meta property=\"og:site_name\" content=\"Portal Tela Portugal\" \/>\n<meta property=\"article:published_time\" content=\"2026-03-26T01:32:00+00:00\" \/>\n<meta name=\"author\" content=\"Telinha\" \/>\n<meta name=\"twitter:card\" content=\"summary_large_image\" \/>\n<meta name=\"twitter:label1\" content=\"Escrito por\" \/>\n\t<meta name=\"twitter:data1\" content=\"Telinha\" \/>\n\t<meta name=\"twitter:label2\" content=\"Tempo estimado de leitura\" \/>\n\t<meta name=\"twitter:data2\" content=\"1 minuto\" \/>\n<script type=\"application\/ld+json\" class=\"yoast-schema-graph\">{\"@context\":\"https:\/\/schema.org\",\"@graph\":[{\"@type\":\"Article\",\"@id\":\"https:\/\/portaltela.pt\/noticias\/2026\/03\/25\/famalicao-preparado-para-um-desafio-que-desafia-a-logica\/#article\",\"isPartOf\":{\"@id\":\"https:\/\/portaltela.pt\/noticias\/2026\/03\/25\/famalicao-preparado-para-um-desafio-que-desafia-a-logica\/\"},\"author\":{\"name\":\"Telinha\",\"@id\":\"https:\/\/portaltela.pt\/#\/schema\/person\/c4278d4a6028830caff9ee44b42d32ed\"},\"headline\":\"Famalic\u00e3o preparado para um desafio que desafia a l\u00f3gica\",\"datePublished\":\"2026-03-26T01:32:00+00:00\",\"mainEntityOfPage\":{\"@id\":\"https:\/\/portaltela.pt\/noticias\/2026\/03\/25\/famalicao-preparado-para-um-desafio-que-desafia-a-logica\/\"},\"wordCount\":185,\"image\":{\"@id\":\"https:\/\/portaltela.pt\/noticias\/2026\/03\/25\/famalicao-preparado-para-um-desafio-que-desafia-a-logica\/#primaryimage\"},\"thumbnailUrl\":\"https:\/\/portaltela.pt\/s.01k8rhncp4jt1\/2026\/03\/img_920x518uu2026-03-26-00-18-31-2429420-im-639100811248062051.jpg\",\"keywords\":[\"Benfica\",\"Famalic\u00e3o\",\"Fund\u00e3o\",\"futsal\",\"Liga\",\"Sporting\"],\"articleSection\":[\"Desporto\",\"Futebol\"],\"inLanguage\":\"pt-PT\"},{\"@type\":\"WebPage\",\"@id\":\"https:\/\/portaltela.pt\/noticias\/2026\/03\/25\/famalicao-preparado-para-um-desafio-que-desafia-a-logica\/\",\"url\":\"https:\/\/portaltela.pt\/noticias\/2026\/03\/25\/famalicao-preparado-para-um-desafio-que-desafia-a-logica\/\",\"name\":\"Famalic\u00e3o preparado para um desafio que desafia a l\u00f3gica - Portal Tela Portugal\",\"isPartOf\":{\"@id\":\"https:\/\/portaltela.pt\/#website\"},\"primaryImageOfPage\":{\"@id\":\"https:\/\/portaltela.pt\/noticias\/2026\/03\/25\/famalicao-preparado-para-um-desafio-que-desafia-a-logica\/#primaryimage\"},\"image\":{\"@id\":\"https:\/\/portaltela.pt\/noticias\/2026\/03\/25\/famalicao-preparado-para-um-desafio-que-desafia-a-logica\/#primaryimage\"},\"thumbnailUrl\":\"https:\/\/portaltela.pt\/s.01k8rhncp4jt1\/2026\/03\/img_920x518uu2026-03-26-00-18-31-2429420-im-639100811248062051.jpg\",\"datePublished\":\"2026-03-26T01:32:00+00:00\",\"author\":{\"@id\":\"https:\/\/portaltela.pt\/#\/schema\/person\/c4278d4a6028830caff9ee44b42d32ed\"},\"breadcrumb\":{\"@id\":\"https:\/\/portaltela.pt\/noticias\/2026\/03\/25\/famalicao-preparado-para-um-desafio-que-desafia-a-logica\/#breadcrumb\"},\"inLanguage\":\"pt-PT\",\"potentialAction\":[{\"@type\":\"ReadAction\",\"target\":[\"https:\/\/portaltela.pt\/noticias\/2026\/03\/25\/famalicao-preparado-para-um-desafio-que-desafia-a-logica\/\"]}]},{\"@type\":\"ImageObject\",\"inLanguage\":\"pt-PT\",\"@id\":\"https:\/\/portaltela.pt\/noticias\/2026\/03\/25\/famalicao-preparado-para-um-desafio-que-desafia-a-logica\/#primaryimage\",\"url\":\"https:\/\/portaltela.pt\/s.01k8rhncp4jt1\/2026\/03\/img_920x518uu2026-03-26-00-18-31-2429420-im-639100811248062051.jpg\",\"contentUrl\":\"https:\/\/portaltela.pt\/s.01k8rhncp4jt1\/2026\/03\/img_920x518uu2026-03-26-00-18-31-2429420-im-639100811248062051.jpg\",\"width\":796,\"height\":448,\"caption\":\"Ruizinho, futsalista do Famalic\u00e3o\"},{\"@type\":\"BreadcrumbList\",\"@id\":\"https:\/\/portaltela.pt\/noticias\/2026\/03\/25\/famalicao-preparado-para-um-desafio-que-desafia-a-logica\/#breadcrumb\",\"itemListElement\":[{\"@type\":\"ListItem\",\"position\":1,\"name\":\"In\u00edcio\",\"item\":\"https:\/\/portaltela.pt\/\"},{\"@type\":\"ListItem\",\"position\":2,\"name\":\"Famalic\u00e3o preparado para um desafio que desafia a l\u00f3gica\"}]},{\"@type\":\"WebSite\",\"@id\":\"https:\/\/portaltela.pt\/#website\",\"url\":\"https:\/\/portaltela.pt\/\",\"name\":\"Portal Tela Portugal\",\"description\":\"\",\"potentialAction\":[{\"@type\":\"SearchAction\",\"target\":{\"@type\":\"EntryPoint\",\"urlTemplate\":\"https:\/\/portaltela.pt\/?s={search_term_string}\"},\"query-input\":{\"@type\":\"PropertyValueSpecification\",\"valueRequired\":true,\"valueName\":\"search_term_string\"}}],\"inLanguage\":\"pt-PT\"},{\"@type\":\"Person\",\"@id\":\"https:\/\/portaltela.pt\/#\/schema\/person\/c4278d4a6028830caff9ee44b42d32ed\",\"name\":\"Telinha\",\"image\":{\"@type\":\"ImageObject\",\"inLanguage\":\"pt-PT\",\"@id\":\"https:\/\/portaltela.pt\/s.01k8rhncp4jt1\/2025\/11\/talking-bot-125x125.png\",\"url\":\"https:\/\/portaltela.pt\/s.01k8rhncp4jt1\/2025\/11\/talking-bot-125x125.png\",\"contentUrl\":\"https:\/\/portaltela.pt\/s.01k8rhncp4jt1\/2025\/11\/talking-bot-125x125.png\",\"caption\":\"Telinha\"},\"sameAs\":[\"https:\/\/portaltela.pt\/\"],\"url\":\"https:\/\/portaltela.pt\/por\/367410592786\/\"}]}<\/script>\n<!-- \/ Yoast SEO plugin. -->","yoast_head_json":{"title":"Famalic\u00e3o preparado para um desafio que desafia a l\u00f3gica - Portal Tela Portugal","robots":{"index":"index","follow":"follow","max-snippet":"max-snippet:-1","max-image-preview":"max-image-preview:large","max-video-preview":"max-video-preview:-1"},"og_locale":"pt_PT","og_type":"article","og_title":"Famalic\u00e3o preparado para um desafio que desafia a l\u00f3gica - Portal Tela Portugal","og_description":"O Famalic\u00e3o de futsal enfrenta tr\u00eas jornadas finais da fase regular da Liga Placard com o objetivo de evitar a descida \u00e0 segunda divis\u00e3o. Os minhotos defrontam Benfica, Sporting e Fund\u00e3o, num desafio \u00e0s probabilidades de manterem a liga. O desafio come\u00e7a j\u00e1 esta noite, com a rece\u00e7\u00e3o ao Benfica. O plantel reconhece a dificuldade, mas n\u00e3o desiste da perman\u00eancia.","og_url":"https:\/\/portaltela.pt\/noticias\/2026\/03\/25\/famalicao-preparado-para-um-desafio-que-desafia-a-logica\/","og_site_name":"Portal Tela Portugal","article_published_time":"2026-03-26T01:32:00+00:00","author":"Telinha","twitter_card":"summary_large_image","twitter_misc":{"Escrito por":"Telinha","Tempo estimado de leitura":"1 minuto"},"schema":{"@context":"https:\/\/schema.org","@graph":[{"@type":"Article","@id":"https:\/\/portaltela.pt\/noticias\/2026\/03\/25\/famalicao-preparado-para-um-desafio-que-desafia-a-logica\/#article","isPartOf":{"@id":"https:\/\/portaltela.pt\/noticias\/2026\/03\/25\/famalicao-preparado-para-um-desafio-que-desafia-a-logica\/"},"author":{"name":"Telinha","@id":"https:\/\/portaltela.pt\/#\/schema\/person\/c4278d4a6028830caff9ee44b42d32ed"},"headline":"Famalic\u00e3o preparado para um desafio que desafia a l\u00f3gica","datePublished":"2026-03-26T01:32:00+00:00","mainEntityOfPage":{"@id":"https:\/\/portaltela.pt\/noticias\/2026\/03\/25\/famalicao-preparado-para-um-desafio-que-desafia-a-logica\/"},"wordCount":185,"image":{"@id":"https:\/\/portaltela.pt\/noticias\/2026\/03\/25\/famalicao-preparado-para-um-desafio-que-desafia-a-logica\/#primaryimage"},"thumbnailUrl":"https:\/\/portaltela.pt\/s.01k8rhncp4jt1\/2026\/03\/img_920x518uu2026-03-26-00-18-31-2429420-im-639100811248062051.jpg","keywords":["Benfica","Famalic\u00e3o","Fund\u00e3o","futsal","Liga","Sporting"],"articleSection":["Desporto","Futebol"],"inLanguage":"pt-PT"},{"@type":"WebPage","@id":"https:\/\/portaltela.pt\/noticias\/2026\/03\/25\/famalicao-preparado-para-um-desafio-que-desafia-a-logica\/","url":"https:\/\/portaltela.pt\/noticias\/2026\/03\/25\/famalicao-preparado-para-um-desafio-que-desafia-a-logica\/","name":"Famalic\u00e3o preparado para um desafio que desafia a l\u00f3gica - Portal Tela Portugal","isPartOf":{"@id":"https:\/\/portaltela.pt\/#website"},"primaryImageOfPage":{"@id":"https:\/\/portaltela.pt\/noticias\/2026\/03\/25\/famalicao-preparado-para-um-desafio-que-desafia-a-logica\/#primaryimage"},"image":{"@id":"https:\/\/portaltela.pt\/noticias\/2026\/03\/25\/famalicao-preparado-para-um-desafio-que-desafia-a-logica\/#primaryimage"},"thumbnailUrl":"https:\/\/portaltela.pt\/s.01k8rhncp4jt1\/2026\/03\/img_920x518uu2026-03-26-00-18-31-2429420-im-639100811248062051.jpg","datePublished":"2026-03-26T01:32:00+00:00","author":{"@id":"https:\/\/portaltela.pt\/#\/schema\/person\/c4278d4a6028830caff9ee44b42d32ed"},"breadcrumb":{"@id":"https:\/\/portaltela.pt\/noticias\/2026\/03\/25\/famalicao-preparado-para-um-desafio-que-desafia-a-logica\/#breadcrumb"},"inLanguage":"pt-PT","potentialAction":[{"@type":"ReadAction","target":["https:\/\/portaltela.pt\/noticias\/2026\/03\/25\/famalicao-preparado-para-um-desafio-que-desafia-a-logica\/"]}]},{"@type":"ImageObject","inLanguage":"pt-PT","@id":"https:\/\/portaltela.pt\/noticias\/2026\/03\/25\/famalicao-preparado-para-um-desafio-que-desafia-a-logica\/#primaryimage","url":"https:\/\/portaltela.pt\/s.01k8rhncp4jt1\/2026\/03\/img_920x518uu2026-03-26-00-18-31-2429420-im-639100811248062051.jpg","contentUrl":"https:\/\/portaltela.pt\/s.01k8rhncp4jt1\/2026\/03\/img_920x518uu2026-03-26-00-18-31-2429420-im-639100811248062051.jpg","width":796,"height":448,"caption":"Ruizinho, futsalista do Famalic\u00e3o"},{"@type":"BreadcrumbList","@id":"https:\/\/portaltela.pt\/noticias\/2026\/03\/25\/famalicao-preparado-para-um-desafio-que-desafia-a-logica\/#breadcrumb","itemListElement":[{"@type":"ListItem","position":1,"name":"In\u00edcio","item":"https:\/\/portaltela.pt\/"},{"@type":"ListItem","position":2,"name":"Famalic\u00e3o preparado para um desafio que desafia a l\u00f3gica"}]},{"@type":"WebSite","@id":"https:\/\/portaltela.pt\/#website","url":"https:\/\/portaltela.pt\/","name":"Portal Tela Portugal","description":"","potentialAction":[{"@type":"SearchAction","target":{"@type":"EntryPoint","urlTemplate":"https:\/\/portaltela.pt\/?s={search_term_string}"},"query-input":{"@type":"PropertyValueSpecification","valueRequired":true,"valueName":"search_term_string"}}],"inLanguage":"pt-PT"},{"@type":"Person","@id":"https:\/\/portaltela.pt\/#\/schema\/person\/c4278d4a6028830caff9ee44b42d32ed","name":"Telinha","image":{"@type":"ImageObject","inLanguage":"pt-PT","@id":"https:\/\/portaltela.pt\/s.01k8rhncp4jt1\/2025\/11\/talking-bot-125x125.png","url":"https:\/\/portaltela.pt\/s.01k8rhncp4jt1\/2025\/11\/talking-bot-125x125.png","contentUrl":"https:\/\/portaltela.pt\/s.01k8rhncp4jt1\/2025\/11\/talking-bot-125x125.png","caption":"Telinha"},"sameAs":["https:\/\/portaltela.pt\/"],"url":"https:\/\/portaltela.pt\/por\/367410592786\/"}]}},"_links":{"self":[{"href":"https:\/\/portaltela.pt\/api\/wp\/v2\/posts\/421704","targetHints":{"allow":["GET"]}}],"collection":[{"href":"https:\/\/portaltela.pt\/api\/wp\/v2\/posts"}],"about":[{"href":"https:\/\/portaltela.pt\/api\/wp\/v2\/types\/post"}],"author":[{"embeddable":true,"href":"https:\/\/portaltela.pt\/api\/wp\/v2\/users\/2"}],"replies":[{"embeddable":true,"href":"https:\/\/portaltela.pt\/api\/wp\/v2\/comments?post=421704"}],"version-history":[{"count":0,"href":"https:\/\/portaltela.pt\/api\/wp\/v2\/posts\/421704\/revisions"}],"wp:featuredmedia":[{"embeddable":true,"href":"https:\/\/portaltela.pt\/api\/wp\/v2\/media\/421708"}],"wp:attachment":[{"href":"https:\/\/portaltela.pt\/api\/wp\/v2\/media?parent=421704"}],"wp:term":[{"taxonomy":"category","embeddable":true,"href":"https:\/\/portaltela.pt\/api\/wp\/v2\/categories?post=421704"},{"taxonomy":"post_tag","embeddable":true,"href":"https:\/\/portaltela.pt\/api\/wp\/v2\/tags?post=421704"}],"curies":[{"name":"wp","href":"https:\/\/api.w.org\/{rel}","templated":true}]}}