{"id":421698,"date":"2026-03-25T22:30:00","date_gmt":"2026-03-26T01:30:00","guid":{"rendered":"https:\/\/portaltela.pt\/noticias\/2026\/03\/25\/porto-de-mos-continua-a-enfrentar-tempestades-cabos-caidos-atrasam-agricultores\/"},"modified":"2026-03-25T22:30:00","modified_gmt":"2026-03-26T01:30:00","slug":"porto-de-mos-continua-a-enfrentar-tempestades-cabos-caidos-atrasam-agricultores","status":"publish","type":"post","link":"https:\/\/portaltela.pt\/meio-ambiente\/2026\/03\/25\/porto-de-mos-continua-a-enfrentar-tempestades-cabos-caidos-atrasam-agricultores\/","title":{"rendered":"Porto de M\u00f3s continua a enfrentar tempestades; cabos ca\u00eddos atrasam agricultores"},"content":{"rendered":"<p>Os efeitos das tempestades recentes ainda se fazem sentir no concelho de Porto de M\u00f3s, onde v\u00e1rias zonas permanecem sem comunica\u00e7\u00f5es. Cabos ca\u00eddos nos terrenos impedem os agricultores de avan\u00e7ar com as culturas da primavera.<\/p>\n<p>Segundo o presidente da Associa\u00e7\u00e3o de Agricultores do Distrito de Leiria (AADL), os cabos ficaram no ch\u00e3o e atravessam as terras, dificultando o uso de tratores para lavrar e fresar. A prioridade \u00e9 semear batatas, mas h\u00e1 obst\u00e1culos para retirar os cabos.<\/p>\n<p>Nas habita\u00e7\u00f5es dos agricultores, o telefone fixo continua indispon\u00edvel, n\u00e3o h\u00e1 internet nem televis\u00e3o. As faturas continuam a chegar, apesar da suspens\u00e3o dos servi\u00e7os, o que agrava o desconforto nas fam\u00edlias afetadas.<\/p>\n<p>A reposi\u00e7\u00e3o das comunica\u00e7\u00f5es, sejam fixas ou m\u00f3veis, de televis\u00e3o e internet, mant\u00e9m-se muito atrasada, com previs\u00f5es de demora entre cinco e seis meses para a fibra ficar reestabelecida em algumas \u00e1reas. A estimativa foi partilhada pelo coordenador da Estrutura de Miss\u00e3o para a Reconstru\u00e7\u00e3o da Regi\u00e3o Centro, Paulo Fernandes, numa confer\u00eancia da C\u00e2mara de Leiria.<\/p>\n<p>Os agricultores de Porto de M\u00f3s aguardam que a normaliza\u00e7\u00e3o n\u00e3o se estenda a todo o territ\u00f3rio e desejam ver o servi\u00e7o reposto o mais depressa poss\u00edvel, para retomar a atividade agr\u00edcola com normalidade.<\/p>\n","protected":false},"excerpt":{"rendered":"<ul>\n<li>As tempestades ainda afetam Porto de M\u00f3s, com comunica\u00e7\u00f5es por repor em muitos locais.<\/li>\n<li>Cabos ca\u00eddos nos terrenos impedem agricultores de lavrar e semear as culturas da primavera, segundo o presidente da Associa\u00e7\u00e3o de Agricultores do Distrito de Leiria, Joaquim Avelino.<\/li>\n<li>Os agricultores dizem que \u00e9 hora de semear batatas, mas n\u00e3o podem retirar os cabos que atravessam as terras.<\/li>\n<li>Nas casas, o telefone fixo, a internet e a televis\u00e3o continuam sem funcionamento, e as faturas continuam a chegar.<\/li>\n<li>A reposi\u00e7\u00e3o das comunica\u00e7\u00f5es pode demorar entre cinco a seis meses para a fibra ficar novamente operacional, segundo Paulo Fernandes, da Estrutura de Miss\u00e3o para a Reconstru\u00e7\u00e3o da Regi\u00e3o Centro.<\/li>\n<\/ul>\n","protected":false},"author":2,"featured_media":421701,"comment_status":"closed","ping_status":"closed","sticky":false,"template":"","format":"standard","meta":{"footnotes":""},"categories":[7380,6725],"tags":[179,4190,150,1385,5031,2171],"class_list":["post-421698","post","type-post","status-publish","format-standard","has-post-thumbnail","hentry","category-clima","category-meio-ambiente","tag-agricultura","tag-fibra-otica","tag-habitacao","tag-leiria","tag-reconstrucao-urbana","tag-telecomunicacoes"],"yoast_head":"<!-- This site is optimized with the Yoast SEO plugin v27.2 - https:\/\/yoast.com\/product\/yoast-seo-wordpress\/ -->\n<title>Porto de M\u00f3s continua a enfrentar tempestades; cabos ca\u00eddos atrasam agricultores - Portal Tela Portugal<\/title>\n<meta name=\"robots\" content=\"index, follow, max-snippet:-1, max-image-preview:large, max-video-preview:-1\" \/>\n<meta property=\"og:locale\" content=\"pt_PT\" \/>\n<meta property=\"og:type\" content=\"article\" \/>\n<meta property=\"og:title\" content=\"Porto de M\u00f3s continua a enfrentar tempestades; cabos ca\u00eddos atrasam agricultores - Portal Tela Portugal\" \/>\n<meta property=\"og:description\" content=\"As tempestades ainda afetam Porto de M\u00f3s, com comunica\u00e7\u00f5es por repor em muitos locais. Cabos ca\u00eddos nos terrenos impedem agricultores de lavrar e semear as culturas da primavera, segundo o presidente da Associa\u00e7\u00e3o de Agricultores do Distrito de Leiria, Joaquim Avelino. Os agricultores dizem que \u00e9 hora de semear batatas, mas n\u00e3o podem retirar os cabos que atravessam as terras. Nas casas, o telefone fixo, a internet e a televis\u00e3o continuam sem funcionamento, e as faturas continuam a chegar. A reposi\u00e7\u00e3o das comunica\u00e7\u00f5es pode demorar entre cinco a seis meses para a fibra ficar novamente operacional, segundo Paulo Fernandes, da Estrutura de Miss\u00e3o para a Reconstru\u00e7\u00e3o da Regi\u00e3o Centro.\" \/>\n<meta property=\"og:url\" content=\"https:\/\/portaltela.pt\/noticias\/2026\/03\/25\/porto-de-mos-continua-a-enfrentar-tempestades-cabos-caidos-atrasam-agricultores\/\" \/>\n<meta property=\"og:site_name\" content=\"Portal Tela Portugal\" \/>\n<meta property=\"article:published_time\" content=\"2026-03-26T01:30:00+00:00\" \/>\n<meta name=\"author\" content=\"Telinha\" \/>\n<meta name=\"twitter:card\" content=\"summary_large_image\" \/>\n<meta name=\"twitter:label1\" content=\"Escrito por\" \/>\n\t<meta name=\"twitter:data1\" content=\"Telinha\" \/>\n\t<meta name=\"twitter:label2\" content=\"Tempo estimado de leitura\" \/>\n\t<meta name=\"twitter:data2\" content=\"1 minuto\" \/>\n<script type=\"application\/ld+json\" class=\"yoast-schema-graph\">{\"@context\":\"https:\/\/schema.org\",\"@graph\":[{\"@type\":\"Article\",\"@id\":\"https:\/\/portaltela.pt\/noticias\/2026\/03\/25\/porto-de-mos-continua-a-enfrentar-tempestades-cabos-caidos-atrasam-agricultores\/#article\",\"isPartOf\":{\"@id\":\"https:\/\/portaltela.pt\/noticias\/2026\/03\/25\/porto-de-mos-continua-a-enfrentar-tempestades-cabos-caidos-atrasam-agricultores\/\"},\"author\":{\"name\":\"Telinha\",\"@id\":\"https:\/\/portaltela.pt\/#\/schema\/person\/c4278d4a6028830caff9ee44b42d32ed\"},\"headline\":\"Porto de M\u00f3s continua a enfrentar tempestades; cabos ca\u00eddos atrasam agricultores\",\"datePublished\":\"2026-03-26T01:30:00+00:00\",\"mainEntityOfPage\":{\"@id\":\"https:\/\/portaltela.pt\/noticias\/2026\/03\/25\/porto-de-mos-continua-a-enfrentar-tempestades-cabos-caidos-atrasam-agricultores\/\"},\"wordCount\":244,\"image\":{\"@id\":\"https:\/\/portaltela.pt\/noticias\/2026\/03\/25\/porto-de-mos-continua-a-enfrentar-tempestades-cabos-caidos-atrasam-agricultores\/#primaryimage\"},\"thumbnailUrl\":\"https:\/\/portaltela.pt\/s.01k8rhncp4jt1\/2026\/03\/img_1280x721uu2026-03-25-13-11-33-2274732.jpg\",\"keywords\":[\"agricultura\",\"fibra \u00f3tica\",\"habita\u00e7\u00e3o\",\"Leiria\",\"reconstru\u00e7\u00e3o urbana\",\"telecomunica\u00e7\u00f5es\"],\"articleSection\":[\"Clima\",\"Meio Ambiente\"],\"inLanguage\":\"pt-PT\"},{\"@type\":\"WebPage\",\"@id\":\"https:\/\/portaltela.pt\/noticias\/2026\/03\/25\/porto-de-mos-continua-a-enfrentar-tempestades-cabos-caidos-atrasam-agricultores\/\",\"url\":\"https:\/\/portaltela.pt\/noticias\/2026\/03\/25\/porto-de-mos-continua-a-enfrentar-tempestades-cabos-caidos-atrasam-agricultores\/\",\"name\":\"Porto de M\u00f3s continua a enfrentar tempestades; cabos ca\u00eddos atrasam agricultores - Portal Tela Portugal\",\"isPartOf\":{\"@id\":\"https:\/\/portaltela.pt\/#website\"},\"primaryImageOfPage\":{\"@id\":\"https:\/\/portaltela.pt\/noticias\/2026\/03\/25\/porto-de-mos-continua-a-enfrentar-tempestades-cabos-caidos-atrasam-agricultores\/#primaryimage\"},\"image\":{\"@id\":\"https:\/\/portaltela.pt\/noticias\/2026\/03\/25\/porto-de-mos-continua-a-enfrentar-tempestades-cabos-caidos-atrasam-agricultores\/#primaryimage\"},\"thumbnailUrl\":\"https:\/\/portaltela.pt\/s.01k8rhncp4jt1\/2026\/03\/img_1280x721uu2026-03-25-13-11-33-2274732.jpg\",\"datePublished\":\"2026-03-26T01:30:00+00:00\",\"author\":{\"@id\":\"https:\/\/portaltela.pt\/#\/schema\/person\/c4278d4a6028830caff9ee44b42d32ed\"},\"breadcrumb\":{\"@id\":\"https:\/\/portaltela.pt\/noticias\/2026\/03\/25\/porto-de-mos-continua-a-enfrentar-tempestades-cabos-caidos-atrasam-agricultores\/#breadcrumb\"},\"inLanguage\":\"pt-PT\",\"potentialAction\":[{\"@type\":\"ReadAction\",\"target\":[\"https:\/\/portaltela.pt\/noticias\/2026\/03\/25\/porto-de-mos-continua-a-enfrentar-tempestades-cabos-caidos-atrasam-agricultores\/\"]}]},{\"@type\":\"ImageObject\",\"inLanguage\":\"pt-PT\",\"@id\":\"https:\/\/portaltela.pt\/noticias\/2026\/03\/25\/porto-de-mos-continua-a-enfrentar-tempestades-cabos-caidos-atrasam-agricultores\/#primaryimage\",\"url\":\"https:\/\/portaltela.pt\/s.01k8rhncp4jt1\/2026\/03\/img_1280x721uu2026-03-25-13-11-33-2274732.jpg\",\"contentUrl\":\"https:\/\/portaltela.pt\/s.01k8rhncp4jt1\/2026\/03\/img_1280x721uu2026-03-25-13-11-33-2274732.jpg\",\"width\":796,\"height\":448,\"caption\":\"Photo\"},{\"@type\":\"BreadcrumbList\",\"@id\":\"https:\/\/portaltela.pt\/noticias\/2026\/03\/25\/porto-de-mos-continua-a-enfrentar-tempestades-cabos-caidos-atrasam-agricultores\/#breadcrumb\",\"itemListElement\":[{\"@type\":\"ListItem\",\"position\":1,\"name\":\"In\u00edcio\",\"item\":\"https:\/\/portaltela.pt\/\"},{\"@type\":\"ListItem\",\"position\":2,\"name\":\"Porto de M\u00f3s continua a enfrentar tempestades; cabos ca\u00eddos atrasam agricultores\"}]},{\"@type\":\"WebSite\",\"@id\":\"https:\/\/portaltela.pt\/#website\",\"url\":\"https:\/\/portaltela.pt\/\",\"name\":\"Portal Tela Portugal\",\"description\":\"\",\"potentialAction\":[{\"@type\":\"SearchAction\",\"target\":{\"@type\":\"EntryPoint\",\"urlTemplate\":\"https:\/\/portaltela.pt\/?s={search_term_string}\"},\"query-input\":{\"@type\":\"PropertyValueSpecification\",\"valueRequired\":true,\"valueName\":\"search_term_string\"}}],\"inLanguage\":\"pt-PT\"},{\"@type\":\"Person\",\"@id\":\"https:\/\/portaltela.pt\/#\/schema\/person\/c4278d4a6028830caff9ee44b42d32ed\",\"name\":\"Telinha\",\"image\":{\"@type\":\"ImageObject\",\"inLanguage\":\"pt-PT\",\"@id\":\"https:\/\/portaltela.pt\/s.01k8rhncp4jt1\/2025\/11\/talking-bot-125x125.png\",\"url\":\"https:\/\/portaltela.pt\/s.01k8rhncp4jt1\/2025\/11\/talking-bot-125x125.png\",\"contentUrl\":\"https:\/\/portaltela.pt\/s.01k8rhncp4jt1\/2025\/11\/talking-bot-125x125.png\",\"caption\":\"Telinha\"},\"sameAs\":[\"https:\/\/portaltela.pt\/\"],\"url\":\"https:\/\/portaltela.pt\/por\/367410592786\/\"}]}<\/script>\n<!-- \/ Yoast SEO plugin. -->","yoast_head_json":{"title":"Porto de M\u00f3s continua a enfrentar tempestades; cabos ca\u00eddos atrasam agricultores - Portal Tela Portugal","robots":{"index":"index","follow":"follow","max-snippet":"max-snippet:-1","max-image-preview":"max-image-preview:large","max-video-preview":"max-video-preview:-1"},"og_locale":"pt_PT","og_type":"article","og_title":"Porto de M\u00f3s continua a enfrentar tempestades; cabos ca\u00eddos atrasam agricultores - Portal Tela Portugal","og_description":"As tempestades ainda afetam Porto de M\u00f3s, com comunica\u00e7\u00f5es por repor em muitos locais. Cabos ca\u00eddos nos terrenos impedem agricultores de lavrar e semear as culturas da primavera, segundo o presidente da Associa\u00e7\u00e3o de Agricultores do Distrito de Leiria, Joaquim Avelino. Os agricultores dizem que \u00e9 hora de semear batatas, mas n\u00e3o podem retirar os cabos que atravessam as terras. Nas casas, o telefone fixo, a internet e a televis\u00e3o continuam sem funcionamento, e as faturas continuam a chegar. A reposi\u00e7\u00e3o das comunica\u00e7\u00f5es pode demorar entre cinco a seis meses para a fibra ficar novamente operacional, segundo Paulo Fernandes, da Estrutura de Miss\u00e3o para a Reconstru\u00e7\u00e3o da Regi\u00e3o Centro.","og_url":"https:\/\/portaltela.pt\/noticias\/2026\/03\/25\/porto-de-mos-continua-a-enfrentar-tempestades-cabos-caidos-atrasam-agricultores\/","og_site_name":"Portal Tela Portugal","article_published_time":"2026-03-26T01:30:00+00:00","author":"Telinha","twitter_card":"summary_large_image","twitter_misc":{"Escrito por":"Telinha","Tempo estimado de leitura":"1 minuto"},"schema":{"@context":"https:\/\/schema.org","@graph":[{"@type":"Article","@id":"https:\/\/portaltela.pt\/noticias\/2026\/03\/25\/porto-de-mos-continua-a-enfrentar-tempestades-cabos-caidos-atrasam-agricultores\/#article","isPartOf":{"@id":"https:\/\/portaltela.pt\/noticias\/2026\/03\/25\/porto-de-mos-continua-a-enfrentar-tempestades-cabos-caidos-atrasam-agricultores\/"},"author":{"name":"Telinha","@id":"https:\/\/portaltela.pt\/#\/schema\/person\/c4278d4a6028830caff9ee44b42d32ed"},"headline":"Porto de M\u00f3s continua a enfrentar tempestades; cabos ca\u00eddos atrasam agricultores","datePublished":"2026-03-26T01:30:00+00:00","mainEntityOfPage":{"@id":"https:\/\/portaltela.pt\/noticias\/2026\/03\/25\/porto-de-mos-continua-a-enfrentar-tempestades-cabos-caidos-atrasam-agricultores\/"},"wordCount":244,"image":{"@id":"https:\/\/portaltela.pt\/noticias\/2026\/03\/25\/porto-de-mos-continua-a-enfrentar-tempestades-cabos-caidos-atrasam-agricultores\/#primaryimage"},"thumbnailUrl":"https:\/\/portaltela.pt\/s.01k8rhncp4jt1\/2026\/03\/img_1280x721uu2026-03-25-13-11-33-2274732.jpg","keywords":["agricultura","fibra \u00f3tica","habita\u00e7\u00e3o","Leiria","reconstru\u00e7\u00e3o urbana","telecomunica\u00e7\u00f5es"],"articleSection":["Clima","Meio Ambiente"],"inLanguage":"pt-PT"},{"@type":"WebPage","@id":"https:\/\/portaltela.pt\/noticias\/2026\/03\/25\/porto-de-mos-continua-a-enfrentar-tempestades-cabos-caidos-atrasam-agricultores\/","url":"https:\/\/portaltela.pt\/noticias\/2026\/03\/25\/porto-de-mos-continua-a-enfrentar-tempestades-cabos-caidos-atrasam-agricultores\/","name":"Porto de M\u00f3s continua a enfrentar tempestades; cabos ca\u00eddos atrasam agricultores - Portal Tela Portugal","isPartOf":{"@id":"https:\/\/portaltela.pt\/#website"},"primaryImageOfPage":{"@id":"https:\/\/portaltela.pt\/noticias\/2026\/03\/25\/porto-de-mos-continua-a-enfrentar-tempestades-cabos-caidos-atrasam-agricultores\/#primaryimage"},"image":{"@id":"https:\/\/portaltela.pt\/noticias\/2026\/03\/25\/porto-de-mos-continua-a-enfrentar-tempestades-cabos-caidos-atrasam-agricultores\/#primaryimage"},"thumbnailUrl":"https:\/\/portaltela.pt\/s.01k8rhncp4jt1\/2026\/03\/img_1280x721uu2026-03-25-13-11-33-2274732.jpg","datePublished":"2026-03-26T01:30:00+00:00","author":{"@id":"https:\/\/portaltela.pt\/#\/schema\/person\/c4278d4a6028830caff9ee44b42d32ed"},"breadcrumb":{"@id":"https:\/\/portaltela.pt\/noticias\/2026\/03\/25\/porto-de-mos-continua-a-enfrentar-tempestades-cabos-caidos-atrasam-agricultores\/#breadcrumb"},"inLanguage":"pt-PT","potentialAction":[{"@type":"ReadAction","target":["https:\/\/portaltela.pt\/noticias\/2026\/03\/25\/porto-de-mos-continua-a-enfrentar-tempestades-cabos-caidos-atrasam-agricultores\/"]}]},{"@type":"ImageObject","inLanguage":"pt-PT","@id":"https:\/\/portaltela.pt\/noticias\/2026\/03\/25\/porto-de-mos-continua-a-enfrentar-tempestades-cabos-caidos-atrasam-agricultores\/#primaryimage","url":"https:\/\/portaltela.pt\/s.01k8rhncp4jt1\/2026\/03\/img_1280x721uu2026-03-25-13-11-33-2274732.jpg","contentUrl":"https:\/\/portaltela.pt\/s.01k8rhncp4jt1\/2026\/03\/img_1280x721uu2026-03-25-13-11-33-2274732.jpg","width":796,"height":448,"caption":"Photo"},{"@type":"BreadcrumbList","@id":"https:\/\/portaltela.pt\/noticias\/2026\/03\/25\/porto-de-mos-continua-a-enfrentar-tempestades-cabos-caidos-atrasam-agricultores\/#breadcrumb","itemListElement":[{"@type":"ListItem","position":1,"name":"In\u00edcio","item":"https:\/\/portaltela.pt\/"},{"@type":"ListItem","position":2,"name":"Porto de M\u00f3s continua a enfrentar tempestades; cabos ca\u00eddos atrasam agricultores"}]},{"@type":"WebSite","@id":"https:\/\/portaltela.pt\/#website","url":"https:\/\/portaltela.pt\/","name":"Portal Tela Portugal","description":"","potentialAction":[{"@type":"SearchAction","target":{"@type":"EntryPoint","urlTemplate":"https:\/\/portaltela.pt\/?s={search_term_string}"},"query-input":{"@type":"PropertyValueSpecification","valueRequired":true,"valueName":"search_term_string"}}],"inLanguage":"pt-PT"},{"@type":"Person","@id":"https:\/\/portaltela.pt\/#\/schema\/person\/c4278d4a6028830caff9ee44b42d32ed","name":"Telinha","image":{"@type":"ImageObject","inLanguage":"pt-PT","@id":"https:\/\/portaltela.pt\/s.01k8rhncp4jt1\/2025\/11\/talking-bot-125x125.png","url":"https:\/\/portaltela.pt\/s.01k8rhncp4jt1\/2025\/11\/talking-bot-125x125.png","contentUrl":"https:\/\/portaltela.pt\/s.01k8rhncp4jt1\/2025\/11\/talking-bot-125x125.png","caption":"Telinha"},"sameAs":["https:\/\/portaltela.pt\/"],"url":"https:\/\/portaltela.pt\/por\/367410592786\/"}]}},"_links":{"self":[{"href":"https:\/\/portaltela.pt\/api\/wp\/v2\/posts\/421698","targetHints":{"allow":["GET"]}}],"collection":[{"href":"https:\/\/portaltela.pt\/api\/wp\/v2\/posts"}],"about":[{"href":"https:\/\/portaltela.pt\/api\/wp\/v2\/types\/post"}],"author":[{"embeddable":true,"href":"https:\/\/portaltela.pt\/api\/wp\/v2\/users\/2"}],"replies":[{"embeddable":true,"href":"https:\/\/portaltela.pt\/api\/wp\/v2\/comments?post=421698"}],"version-history":[{"count":0,"href":"https:\/\/portaltela.pt\/api\/wp\/v2\/posts\/421698\/revisions"}],"wp:featuredmedia":[{"embeddable":true,"href":"https:\/\/portaltela.pt\/api\/wp\/v2\/media\/421701"}],"wp:attachment":[{"href":"https:\/\/portaltela.pt\/api\/wp\/v2\/media?parent=421698"}],"wp:term":[{"taxonomy":"category","embeddable":true,"href":"https:\/\/portaltela.pt\/api\/wp\/v2\/categories?post=421698"},{"taxonomy":"post_tag","embeddable":true,"href":"https:\/\/portaltela.pt\/api\/wp\/v2\/tags?post=421698"}],"curies":[{"name":"wp","href":"https:\/\/api.w.org\/{rel}","templated":true}]}}