{"id":421684,"date":"2026-03-25T22:30:00","date_gmt":"2026-03-26T01:30:00","guid":{"rendered":"https:\/\/portaltela.pt\/noticias\/2026\/03\/25\/estudantes-de-ponta-delgada-denunciam-baratas-e-duchas-frias-na-residencia\/"},"modified":"2026-03-25T22:30:00","modified_gmt":"2026-03-26T01:30:00","slug":"estudantes-de-ponta-delgada-denunciam-baratas-e-duchas-frias-na-residencia","status":"publish","type":"post","link":"https:\/\/portaltela.pt\/sociedade\/2026\/03\/25\/estudantes-de-ponta-delgada-denunciam-baratas-e-duchas-frias-na-residencia\/","title":{"rendered":"Estudantes de Ponta Delgada denunciam baratas e duchas frias na resid\u00eancia"},"content":{"rendered":"<p>Na resid\u00eancia universit\u00e1ria das Laranjeiras, em Ponta Delgada, os estudantes da Universidade dos A\u00e7ores denunciam condi\u00e7\u00f5es de higiene prec\u00e1rias e falhas no sistema de \u00e1gua quente. Em mensagens recebidas, as imagens mostram baratas nos quartos, nos arm\u00e1rios e nas casas de banho. Um aluno, que pediu anonimato, descreveu a situa\u00e7\u00e3o como frequente e atribu\u00edda pela resposta institucional a uma suposta normalidade insular, com desbaratiza\u00e7\u00f5es apenas em agosto.<\/p>\n<p>A reclama\u00e7\u00e3o envolve cerca de 60 estudantes do bloco 3, que j\u00e1 est\u00e3o h\u00e1 duas semanas sem \u00e1gua quente. Eles s\u00e3o obrigados a tomar banho com \u00e1gua fria ou a deslocar-se a outros quartos para isso. O impacto \u00e9 relatado como relevante para o bem-estar f\u00edsico e psicol\u00f3gico dos residentes.<\/p>\n<p>Os alunos dizem que as queixas n\u00e3o t\u00eam recebido resposta adequada por parte dos respons\u00e1veis. Em resposta enviada por email, a Universidade dos A\u00e7ores confirmou a avaria no sistema de aquecimento de \u00e1guas do bloco 3 e disse ter acionado uma empresa especializada para intervir durante a corrente semana.<\/p>\n<p>A UA assegurou ainda que existe um plano regular de controlo de pragas e que ser\u00e3o iniciadas novas a\u00e7\u00f5es de refor\u00e7o para assegurar condi\u00e7\u00f5es de higiene adequadas. A institui\u00e7\u00e3o n\u00e3o avan\u00e7ou prazos espec\u00edficos para a conclus\u00e3o das interven\u00e7\u00f5es nem detalhou as a\u00e7\u00f5es j\u00e1 em curso.<\/p>\n","protected":false},"excerpt":{"rendered":"<ul>\n<li>Estudantes da resid\u00eancia universit\u00e1ria das Laranjeiras, em Ponta Delgada, na Universidade dos A\u00e7ores, denunciam condi\u00e7\u00f5es de higiene pouco adequadas e a presen\u00e7a constante de baratas.<\/li>\n<li>Cerca de 60 alunos do bloco tr\u00eas est\u00e3o h\u00e1 duas semanas sem \u00e1gua quente, tendo de tomar banho de \u00e1gua fria ou deslocar-se a quartos de colegas.<\/li>\n<li>Os estudantes afirmam que as baratas aparecem diariamente em arm\u00e1rios, na casa de banho e nas paredes; os respons\u00e1veis dizem que \u00e9 normal por ser ilha e que a desbaratiza\u00e7\u00e3o ocorre apenas em agosto.<\/li>\n<li>A Universidade dos A\u00e7ores confirmou uma avaria no sistema de aquecimento de \u00e1guas do bloco tr\u00eas e informou ter contactado uma empresa especializada para intervir durante a corrente semana.<\/li>\n<li>Sobre as baratas, a universidade afirmou ter um plano regular de controlo de pragas e que ser\u00e3o tomadas novas a\u00e7\u00f5es de refor\u00e7o para garantir condi\u00e7\u00f5es de higiene adequadas.<\/li>\n<\/ul>\n","protected":false},"author":2,"featured_media":421689,"comment_status":"closed","ping_status":"closed","sticky":false,"template":"","format":"standard","meta":{"footnotes":""},"categories":[6745,6871],"tags":[822,1090,150,4851,2931,4115],"class_list":["post-421684","post","type-post","status-publish","format-standard","has-post-thumbnail","hentry","category-saude","category-sociedade","tag-acores","tag-agua","tag-habitacao","tag-higiene","tag-ponta-delgada","tag-residencias"],"yoast_head":"<!-- This site is optimized with the Yoast SEO plugin v27.2 - https:\/\/yoast.com\/product\/yoast-seo-wordpress\/ -->\n<title>Estudantes de Ponta Delgada denunciam baratas e duchas frias na resid\u00eancia - Portal Tela Portugal<\/title>\n<meta name=\"robots\" content=\"index, follow, max-snippet:-1, max-image-preview:large, max-video-preview:-1\" \/>\n<meta property=\"og:locale\" content=\"pt_PT\" \/>\n<meta property=\"og:type\" content=\"article\" \/>\n<meta property=\"og:title\" content=\"Estudantes de Ponta Delgada denunciam baratas e duchas frias na resid\u00eancia - Portal Tela Portugal\" \/>\n<meta property=\"og:description\" content=\"Estudantes da resid\u00eancia universit\u00e1ria das Laranjeiras, em Ponta Delgada, na Universidade dos A\u00e7ores, denunciam condi\u00e7\u00f5es de higiene pouco adequadas e a presen\u00e7a constante de baratas. Cerca de 60 alunos do bloco tr\u00eas est\u00e3o h\u00e1 duas semanas sem \u00e1gua quente, tendo de tomar banho de \u00e1gua fria ou deslocar-se a quartos de colegas. Os estudantes afirmam que as baratas aparecem diariamente em arm\u00e1rios, na casa de banho e nas paredes; os respons\u00e1veis dizem que \u00e9 normal por ser ilha e que a desbaratiza\u00e7\u00e3o ocorre apenas em agosto. A Universidade dos A\u00e7ores confirmou uma avaria no sistema de aquecimento de \u00e1guas do bloco tr\u00eas e informou ter contactado uma empresa especializada para intervir durante a corrente semana. Sobre as baratas, a universidade afirmou ter um plano regular de controlo de pragas e que ser\u00e3o tomadas novas a\u00e7\u00f5es de refor\u00e7o para garantir condi\u00e7\u00f5es de higiene adequadas.\" \/>\n<meta property=\"og:url\" content=\"https:\/\/portaltela.pt\/noticias\/2026\/03\/25\/estudantes-de-ponta-delgada-denunciam-baratas-e-duchas-frias-na-residencia\/\" \/>\n<meta property=\"og:site_name\" content=\"Portal Tela Portugal\" \/>\n<meta property=\"article:published_time\" content=\"2026-03-26T01:30:00+00:00\" \/>\n<meta name=\"author\" content=\"Telinha\" \/>\n<meta name=\"twitter:card\" content=\"summary_large_image\" \/>\n<meta name=\"twitter:label1\" content=\"Escrito por\" \/>\n\t<meta name=\"twitter:data1\" content=\"Telinha\" \/>\n\t<meta name=\"twitter:label2\" content=\"Tempo estimado de leitura\" \/>\n\t<meta name=\"twitter:data2\" content=\"1 minuto\" \/>\n<script type=\"application\/ld+json\" class=\"yoast-schema-graph\">{\"@context\":\"https:\/\/schema.org\",\"@graph\":[{\"@type\":\"Article\",\"@id\":\"https:\/\/portaltela.pt\/noticias\/2026\/03\/25\/estudantes-de-ponta-delgada-denunciam-baratas-e-duchas-frias-na-residencia\/#article\",\"isPartOf\":{\"@id\":\"https:\/\/portaltela.pt\/noticias\/2026\/03\/25\/estudantes-de-ponta-delgada-denunciam-baratas-e-duchas-frias-na-residencia\/\"},\"author\":{\"name\":\"Telinha\",\"@id\":\"https:\/\/portaltela.pt\/#\/schema\/person\/c4278d4a6028830caff9ee44b42d32ed\"},\"headline\":\"Estudantes de Ponta Delgada denunciam baratas e duchas frias na resid\u00eancia\",\"datePublished\":\"2026-03-26T01:30:00+00:00\",\"mainEntityOfPage\":{\"@id\":\"https:\/\/portaltela.pt\/noticias\/2026\/03\/25\/estudantes-de-ponta-delgada-denunciam-baratas-e-duchas-frias-na-residencia\/\"},\"wordCount\":248,\"image\":{\"@id\":\"https:\/\/portaltela.pt\/noticias\/2026\/03\/25\/estudantes-de-ponta-delgada-denunciam-baratas-e-duchas-frias-na-residencia\/#primaryimage\"},\"thumbnailUrl\":\"https:\/\/portaltela.pt\/s.01k8rhncp4jt1\/2026\/03\/img_1280x721uu2026-03-25-19-12-06-2274810.jpg\",\"keywords\":[\"A\u00e7ores\",\"\u00e1gua\",\"habita\u00e7\u00e3o\",\"higiene\",\"Ponta Delgada\",\"resid\u00eancias\"],\"articleSection\":[\"Sa\u00fade\",\"Sociedade\"],\"inLanguage\":\"pt-PT\"},{\"@type\":\"WebPage\",\"@id\":\"https:\/\/portaltela.pt\/noticias\/2026\/03\/25\/estudantes-de-ponta-delgada-denunciam-baratas-e-duchas-frias-na-residencia\/\",\"url\":\"https:\/\/portaltela.pt\/noticias\/2026\/03\/25\/estudantes-de-ponta-delgada-denunciam-baratas-e-duchas-frias-na-residencia\/\",\"name\":\"Estudantes de Ponta Delgada denunciam baratas e duchas frias na resid\u00eancia - Portal Tela Portugal\",\"isPartOf\":{\"@id\":\"https:\/\/portaltela.pt\/#website\"},\"primaryImageOfPage\":{\"@id\":\"https:\/\/portaltela.pt\/noticias\/2026\/03\/25\/estudantes-de-ponta-delgada-denunciam-baratas-e-duchas-frias-na-residencia\/#primaryimage\"},\"image\":{\"@id\":\"https:\/\/portaltela.pt\/noticias\/2026\/03\/25\/estudantes-de-ponta-delgada-denunciam-baratas-e-duchas-frias-na-residencia\/#primaryimage\"},\"thumbnailUrl\":\"https:\/\/portaltela.pt\/s.01k8rhncp4jt1\/2026\/03\/img_1280x721uu2026-03-25-19-12-06-2274810.jpg\",\"datePublished\":\"2026-03-26T01:30:00+00:00\",\"author\":{\"@id\":\"https:\/\/portaltela.pt\/#\/schema\/person\/c4278d4a6028830caff9ee44b42d32ed\"},\"breadcrumb\":{\"@id\":\"https:\/\/portaltela.pt\/noticias\/2026\/03\/25\/estudantes-de-ponta-delgada-denunciam-baratas-e-duchas-frias-na-residencia\/#breadcrumb\"},\"inLanguage\":\"pt-PT\",\"potentialAction\":[{\"@type\":\"ReadAction\",\"target\":[\"https:\/\/portaltela.pt\/noticias\/2026\/03\/25\/estudantes-de-ponta-delgada-denunciam-baratas-e-duchas-frias-na-residencia\/\"]}]},{\"@type\":\"ImageObject\",\"inLanguage\":\"pt-PT\",\"@id\":\"https:\/\/portaltela.pt\/noticias\/2026\/03\/25\/estudantes-de-ponta-delgada-denunciam-baratas-e-duchas-frias-na-residencia\/#primaryimage\",\"url\":\"https:\/\/portaltela.pt\/s.01k8rhncp4jt1\/2026\/03\/img_1280x721uu2026-03-25-19-12-06-2274810.jpg\",\"contentUrl\":\"https:\/\/portaltela.pt\/s.01k8rhncp4jt1\/2026\/03\/img_1280x721uu2026-03-25-19-12-06-2274810.jpg\",\"width\":1280,\"height\":721,\"caption\":\"Estudantes em Ponta Delgada denunciam baratas e banhos de \u00e1gua fria em resid\u00eancia universit\u00e1ria\"},{\"@type\":\"BreadcrumbList\",\"@id\":\"https:\/\/portaltela.pt\/noticias\/2026\/03\/25\/estudantes-de-ponta-delgada-denunciam-baratas-e-duchas-frias-na-residencia\/#breadcrumb\",\"itemListElement\":[{\"@type\":\"ListItem\",\"position\":1,\"name\":\"In\u00edcio\",\"item\":\"https:\/\/portaltela.pt\/\"},{\"@type\":\"ListItem\",\"position\":2,\"name\":\"Estudantes de Ponta Delgada denunciam baratas e duchas frias na resid\u00eancia\"}]},{\"@type\":\"WebSite\",\"@id\":\"https:\/\/portaltela.pt\/#website\",\"url\":\"https:\/\/portaltela.pt\/\",\"name\":\"Portal Tela Portugal\",\"description\":\"\",\"potentialAction\":[{\"@type\":\"SearchAction\",\"target\":{\"@type\":\"EntryPoint\",\"urlTemplate\":\"https:\/\/portaltela.pt\/?s={search_term_string}\"},\"query-input\":{\"@type\":\"PropertyValueSpecification\",\"valueRequired\":true,\"valueName\":\"search_term_string\"}}],\"inLanguage\":\"pt-PT\"},{\"@type\":\"Person\",\"@id\":\"https:\/\/portaltela.pt\/#\/schema\/person\/c4278d4a6028830caff9ee44b42d32ed\",\"name\":\"Telinha\",\"image\":{\"@type\":\"ImageObject\",\"inLanguage\":\"pt-PT\",\"@id\":\"https:\/\/portaltela.pt\/s.01k8rhncp4jt1\/2025\/11\/talking-bot-125x125.png\",\"url\":\"https:\/\/portaltela.pt\/s.01k8rhncp4jt1\/2025\/11\/talking-bot-125x125.png\",\"contentUrl\":\"https:\/\/portaltela.pt\/s.01k8rhncp4jt1\/2025\/11\/talking-bot-125x125.png\",\"caption\":\"Telinha\"},\"sameAs\":[\"https:\/\/portaltela.pt\/\"],\"url\":\"https:\/\/portaltela.pt\/por\/367410592786\/\"}]}<\/script>\n<!-- \/ Yoast SEO plugin. -->","yoast_head_json":{"title":"Estudantes de Ponta Delgada denunciam baratas e duchas frias na resid\u00eancia - Portal Tela Portugal","robots":{"index":"index","follow":"follow","max-snippet":"max-snippet:-1","max-image-preview":"max-image-preview:large","max-video-preview":"max-video-preview:-1"},"og_locale":"pt_PT","og_type":"article","og_title":"Estudantes de Ponta Delgada denunciam baratas e duchas frias na resid\u00eancia - Portal Tela Portugal","og_description":"Estudantes da resid\u00eancia universit\u00e1ria das Laranjeiras, em Ponta Delgada, na Universidade dos A\u00e7ores, denunciam condi\u00e7\u00f5es de higiene pouco adequadas e a presen\u00e7a constante de baratas. Cerca de 60 alunos do bloco tr\u00eas est\u00e3o h\u00e1 duas semanas sem \u00e1gua quente, tendo de tomar banho de \u00e1gua fria ou deslocar-se a quartos de colegas. Os estudantes afirmam que as baratas aparecem diariamente em arm\u00e1rios, na casa de banho e nas paredes; os respons\u00e1veis dizem que \u00e9 normal por ser ilha e que a desbaratiza\u00e7\u00e3o ocorre apenas em agosto. A Universidade dos A\u00e7ores confirmou uma avaria no sistema de aquecimento de \u00e1guas do bloco tr\u00eas e informou ter contactado uma empresa especializada para intervir durante a corrente semana. Sobre as baratas, a universidade afirmou ter um plano regular de controlo de pragas e que ser\u00e3o tomadas novas a\u00e7\u00f5es de refor\u00e7o para garantir condi\u00e7\u00f5es de higiene adequadas.","og_url":"https:\/\/portaltela.pt\/noticias\/2026\/03\/25\/estudantes-de-ponta-delgada-denunciam-baratas-e-duchas-frias-na-residencia\/","og_site_name":"Portal Tela Portugal","article_published_time":"2026-03-26T01:30:00+00:00","author":"Telinha","twitter_card":"summary_large_image","twitter_misc":{"Escrito por":"Telinha","Tempo estimado de leitura":"1 minuto"},"schema":{"@context":"https:\/\/schema.org","@graph":[{"@type":"Article","@id":"https:\/\/portaltela.pt\/noticias\/2026\/03\/25\/estudantes-de-ponta-delgada-denunciam-baratas-e-duchas-frias-na-residencia\/#article","isPartOf":{"@id":"https:\/\/portaltela.pt\/noticias\/2026\/03\/25\/estudantes-de-ponta-delgada-denunciam-baratas-e-duchas-frias-na-residencia\/"},"author":{"name":"Telinha","@id":"https:\/\/portaltela.pt\/#\/schema\/person\/c4278d4a6028830caff9ee44b42d32ed"},"headline":"Estudantes de Ponta Delgada denunciam baratas e duchas frias na resid\u00eancia","datePublished":"2026-03-26T01:30:00+00:00","mainEntityOfPage":{"@id":"https:\/\/portaltela.pt\/noticias\/2026\/03\/25\/estudantes-de-ponta-delgada-denunciam-baratas-e-duchas-frias-na-residencia\/"},"wordCount":248,"image":{"@id":"https:\/\/portaltela.pt\/noticias\/2026\/03\/25\/estudantes-de-ponta-delgada-denunciam-baratas-e-duchas-frias-na-residencia\/#primaryimage"},"thumbnailUrl":"https:\/\/portaltela.pt\/s.01k8rhncp4jt1\/2026\/03\/img_1280x721uu2026-03-25-19-12-06-2274810.jpg","keywords":["A\u00e7ores","\u00e1gua","habita\u00e7\u00e3o","higiene","Ponta Delgada","resid\u00eancias"],"articleSection":["Sa\u00fade","Sociedade"],"inLanguage":"pt-PT"},{"@type":"WebPage","@id":"https:\/\/portaltela.pt\/noticias\/2026\/03\/25\/estudantes-de-ponta-delgada-denunciam-baratas-e-duchas-frias-na-residencia\/","url":"https:\/\/portaltela.pt\/noticias\/2026\/03\/25\/estudantes-de-ponta-delgada-denunciam-baratas-e-duchas-frias-na-residencia\/","name":"Estudantes de Ponta Delgada denunciam baratas e duchas frias na resid\u00eancia - Portal Tela Portugal","isPartOf":{"@id":"https:\/\/portaltela.pt\/#website"},"primaryImageOfPage":{"@id":"https:\/\/portaltela.pt\/noticias\/2026\/03\/25\/estudantes-de-ponta-delgada-denunciam-baratas-e-duchas-frias-na-residencia\/#primaryimage"},"image":{"@id":"https:\/\/portaltela.pt\/noticias\/2026\/03\/25\/estudantes-de-ponta-delgada-denunciam-baratas-e-duchas-frias-na-residencia\/#primaryimage"},"thumbnailUrl":"https:\/\/portaltela.pt\/s.01k8rhncp4jt1\/2026\/03\/img_1280x721uu2026-03-25-19-12-06-2274810.jpg","datePublished":"2026-03-26T01:30:00+00:00","author":{"@id":"https:\/\/portaltela.pt\/#\/schema\/person\/c4278d4a6028830caff9ee44b42d32ed"},"breadcrumb":{"@id":"https:\/\/portaltela.pt\/noticias\/2026\/03\/25\/estudantes-de-ponta-delgada-denunciam-baratas-e-duchas-frias-na-residencia\/#breadcrumb"},"inLanguage":"pt-PT","potentialAction":[{"@type":"ReadAction","target":["https:\/\/portaltela.pt\/noticias\/2026\/03\/25\/estudantes-de-ponta-delgada-denunciam-baratas-e-duchas-frias-na-residencia\/"]}]},{"@type":"ImageObject","inLanguage":"pt-PT","@id":"https:\/\/portaltela.pt\/noticias\/2026\/03\/25\/estudantes-de-ponta-delgada-denunciam-baratas-e-duchas-frias-na-residencia\/#primaryimage","url":"https:\/\/portaltela.pt\/s.01k8rhncp4jt1\/2026\/03\/img_1280x721uu2026-03-25-19-12-06-2274810.jpg","contentUrl":"https:\/\/portaltela.pt\/s.01k8rhncp4jt1\/2026\/03\/img_1280x721uu2026-03-25-19-12-06-2274810.jpg","width":1280,"height":721,"caption":"Estudantes em Ponta Delgada denunciam baratas e banhos de \u00e1gua fria em resid\u00eancia universit\u00e1ria"},{"@type":"BreadcrumbList","@id":"https:\/\/portaltela.pt\/noticias\/2026\/03\/25\/estudantes-de-ponta-delgada-denunciam-baratas-e-duchas-frias-na-residencia\/#breadcrumb","itemListElement":[{"@type":"ListItem","position":1,"name":"In\u00edcio","item":"https:\/\/portaltela.pt\/"},{"@type":"ListItem","position":2,"name":"Estudantes de Ponta Delgada denunciam baratas e duchas frias na resid\u00eancia"}]},{"@type":"WebSite","@id":"https:\/\/portaltela.pt\/#website","url":"https:\/\/portaltela.pt\/","name":"Portal Tela Portugal","description":"","potentialAction":[{"@type":"SearchAction","target":{"@type":"EntryPoint","urlTemplate":"https:\/\/portaltela.pt\/?s={search_term_string}"},"query-input":{"@type":"PropertyValueSpecification","valueRequired":true,"valueName":"search_term_string"}}],"inLanguage":"pt-PT"},{"@type":"Person","@id":"https:\/\/portaltela.pt\/#\/schema\/person\/c4278d4a6028830caff9ee44b42d32ed","name":"Telinha","image":{"@type":"ImageObject","inLanguage":"pt-PT","@id":"https:\/\/portaltela.pt\/s.01k8rhncp4jt1\/2025\/11\/talking-bot-125x125.png","url":"https:\/\/portaltela.pt\/s.01k8rhncp4jt1\/2025\/11\/talking-bot-125x125.png","contentUrl":"https:\/\/portaltela.pt\/s.01k8rhncp4jt1\/2025\/11\/talking-bot-125x125.png","caption":"Telinha"},"sameAs":["https:\/\/portaltela.pt\/"],"url":"https:\/\/portaltela.pt\/por\/367410592786\/"}]}},"_links":{"self":[{"href":"https:\/\/portaltela.pt\/api\/wp\/v2\/posts\/421684","targetHints":{"allow":["GET"]}}],"collection":[{"href":"https:\/\/portaltela.pt\/api\/wp\/v2\/posts"}],"about":[{"href":"https:\/\/portaltela.pt\/api\/wp\/v2\/types\/post"}],"author":[{"embeddable":true,"href":"https:\/\/portaltela.pt\/api\/wp\/v2\/users\/2"}],"replies":[{"embeddable":true,"href":"https:\/\/portaltela.pt\/api\/wp\/v2\/comments?post=421684"}],"version-history":[{"count":0,"href":"https:\/\/portaltela.pt\/api\/wp\/v2\/posts\/421684\/revisions"}],"wp:featuredmedia":[{"embeddable":true,"href":"https:\/\/portaltela.pt\/api\/wp\/v2\/media\/421689"}],"wp:attachment":[{"href":"https:\/\/portaltela.pt\/api\/wp\/v2\/media?parent=421684"}],"wp:term":[{"taxonomy":"category","embeddable":true,"href":"https:\/\/portaltela.pt\/api\/wp\/v2\/categories?post=421684"},{"taxonomy":"post_tag","embeddable":true,"href":"https:\/\/portaltela.pt\/api\/wp\/v2\/tags?post=421684"}],"curies":[{"name":"wp","href":"https:\/\/api.w.org\/{rel}","templated":true}]}}