{"id":421666,"date":"2026-03-25T21:22:30","date_gmt":"2026-03-26T00:22:30","guid":{"rendered":"https:\/\/portaltela.pt\/noticias\/2026\/03\/25\/yannick-semedo-diz-que-faltam-jogos-para-o-fim-da-epoca-e-vao-dar-tudo\/"},"modified":"2026-03-25T21:22:30","modified_gmt":"2026-03-26T00:22:30","slug":"yannick-semedo-diz-que-faltam-jogos-para-o-fim-da-epoca-e-vao-dar-tudo","status":"publish","type":"post","link":"https:\/\/portaltela.pt\/desporto\/futebol\/2026\/03\/25\/yannick-semedo-diz-que-faltam-jogos-para-o-fim-da-epoca-e-vao-dar-tudo\/","title":{"rendered":"Yannick Semedo diz que faltam jogos para o fim da \u00e9poca e v\u00e3o dar tudo"},"content":{"rendered":"<p>O m\u00e9dio Yannick Semedo est\u00e1 ao servi\u00e7o de Cabo Verde e amanh\u00e3 defronta o Chile, na Nova Zel\u00e2ndia, numa janela de jogos de prepara\u00e7\u00e3o para o Mundial. No dia 30, mede-se \u00e0 Finl\u00e2ndia, tamb\u00e9m no territ\u00f3rio neozeland\u00eas. O encontro ocorre em territ\u00f3rio neutro, com ambas as partidas a serem disputadas no pa\u00eds da Oceania.<\/p>\n<p>Apesar do foco nas sele\u00e7\u00f5es, Semedo n\u00e3o descarta o compromisso com o Farense. O jogador reafirma objetivo de manter a equipa algarvia na 2\u00aa Liga, onde o clube luta pela continuidade na divis\u00e3o.<\/p>\n<p>Cabo Verde prepara-se para a primeira participa\u00e7\u00e3o num Mundial. O m\u00e9dio aponta advers\u00e1rios fortes no grupo, como Espanha, Ar\u00e1bia Saudita e Uruguai, e acredita que a equipa poder\u00e1 apresentar-se de forma competitiva.<\/p>\n<h3>Foco no Farense e no caminho rumo ao Mundial<\/h3>\n<p>O farense corre para consolidar a perman\u00eancia na 2\u00aa Liga, usando a visibilidade internacional como impulso. A equipa tem acompanhado de perto o desempenho de Semedo, que gera expectativa entre f\u00e3s e diretoria.<\/p>\n<p>A sele\u00e7\u00e3o cabo-verdiana prossegue os treinos para os pr\u00f3ximos jogos, com a gest\u00e3o de minutos a ser privilegiada. A presen\u00e7a de jogadores como Semedo no panorama internacional refor\u00e7a o processo de desenvolvimento do futebol em Cabo Verde.<\/p>\n","protected":false},"excerpt":{"rendered":"<ul>\n<li>Yannick Semedo, m\u00e9dio do Farense, est\u00e1 ao servi\u00e7o da sele\u00e7\u00e3o de Cabo Verde, que amanh\u00e3 defronta o Chile e a Finl\u00e2ndia no dia 30, na Nova Zel\u00e2ndia.<\/li>\n<li>O jogador afirma estar confiante e que ainda faltam alguns jogos at\u00e9 ao fim da \u00e9poca, pelo que v\u00e3o dar tudo para manter o Farense na 2.\u00aa Liga.<\/li>\n<li>O foco dele est\u00e1 na sele\u00e7\u00e3o, que prepara a primeira participa\u00e7\u00e3o mundial.<\/li>\n<li>Cabo Verde ter\u00e1 advers\u00e1rios fortes na perspetiva de Semedo, incluindo Espanha, Ar\u00e1bia Saudita e Uruguai, e h\u00e1 oportunidade para mostrar valor.<\/li>\n<\/ul>\n","protected":false},"author":2,"featured_media":421668,"comment_status":"closed","ping_status":"closed","sticky":false,"template":"","format":"standard","meta":{"footnotes":""},"categories":[21,24],"tags":[4175,2329,3494,32,2057,3212],"class_list":["post-421666","post","type-post","status-publish","format-standard","has-post-thumbnail","hentry","category-desporto","category-futebol","tag-2-a-liga","tag-cabo-verde","tag-farense","tag-futebol","tag-selecao-nacional","tag-selecoes-internacionais"],"yoast_head":"<!-- This site is optimized with the Yoast SEO plugin v27.2 - https:\/\/yoast.com\/product\/yoast-seo-wordpress\/ -->\n<title>Yannick Semedo diz que faltam jogos para o fim da \u00e9poca e v\u00e3o dar tudo - Portal Tela Portugal<\/title>\n<meta name=\"robots\" content=\"index, follow, max-snippet:-1, max-image-preview:large, max-video-preview:-1\" \/>\n<meta property=\"og:locale\" content=\"pt_PT\" \/>\n<meta property=\"og:type\" content=\"article\" \/>\n<meta property=\"og:title\" content=\"Yannick Semedo diz que faltam jogos para o fim da \u00e9poca e v\u00e3o dar tudo - Portal Tela Portugal\" \/>\n<meta property=\"og:description\" content=\"Yannick Semedo, m\u00e9dio do Farense, est\u00e1 ao servi\u00e7o da sele\u00e7\u00e3o de Cabo Verde, que amanh\u00e3 defronta o Chile e a Finl\u00e2ndia no dia 30, na Nova Zel\u00e2ndia. O jogador afirma estar confiante e que ainda faltam alguns jogos at\u00e9 ao fim da \u00e9poca, pelo que v\u00e3o dar tudo para manter o Farense na 2.\u00aa Liga. O foco dele est\u00e1 na sele\u00e7\u00e3o, que prepara a primeira participa\u00e7\u00e3o mundial. Cabo Verde ter\u00e1 advers\u00e1rios fortes na perspetiva de Semedo, incluindo Espanha, Ar\u00e1bia Saudita e Uruguai, e h\u00e1 oportunidade para mostrar valor.\" \/>\n<meta property=\"og:url\" content=\"https:\/\/portaltela.pt\/noticias\/2026\/03\/25\/yannick-semedo-diz-que-faltam-jogos-para-o-fim-da-epoca-e-vao-dar-tudo\/\" \/>\n<meta property=\"og:site_name\" content=\"Portal Tela Portugal\" \/>\n<meta property=\"article:published_time\" content=\"2026-03-26T00:22:30+00:00\" \/>\n<meta name=\"author\" content=\"Telinha\" \/>\n<meta name=\"twitter:card\" content=\"summary_large_image\" \/>\n<meta name=\"twitter:label1\" content=\"Escrito por\" \/>\n\t<meta name=\"twitter:data1\" content=\"Telinha\" \/>\n\t<meta name=\"twitter:label2\" content=\"Tempo estimado de leitura\" \/>\n\t<meta name=\"twitter:data2\" content=\"1 minuto\" \/>\n<script type=\"application\/ld+json\" class=\"yoast-schema-graph\">{\"@context\":\"https:\/\/schema.org\",\"@graph\":[{\"@type\":\"Article\",\"@id\":\"https:\/\/portaltela.pt\/noticias\/2026\/03\/25\/yannick-semedo-diz-que-faltam-jogos-para-o-fim-da-epoca-e-vao-dar-tudo\/#article\",\"isPartOf\":{\"@id\":\"https:\/\/portaltela.pt\/noticias\/2026\/03\/25\/yannick-semedo-diz-que-faltam-jogos-para-o-fim-da-epoca-e-vao-dar-tudo\/\"},\"author\":{\"name\":\"Telinha\",\"@id\":\"https:\/\/portaltela.pt\/#\/schema\/person\/c4278d4a6028830caff9ee44b42d32ed\"},\"headline\":\"Yannick Semedo diz que faltam jogos para o fim da \u00e9poca e v\u00e3o dar tudo\",\"datePublished\":\"2026-03-26T00:22:30+00:00\",\"mainEntityOfPage\":{\"@id\":\"https:\/\/portaltela.pt\/noticias\/2026\/03\/25\/yannick-semedo-diz-que-faltam-jogos-para-o-fim-da-epoca-e-vao-dar-tudo\/\"},\"wordCount\":234,\"image\":{\"@id\":\"https:\/\/portaltela.pt\/noticias\/2026\/03\/25\/yannick-semedo-diz-que-faltam-jogos-para-o-fim-da-epoca-e-vao-dar-tudo\/#primaryimage\"},\"thumbnailUrl\":\"https:\/\/portaltela.pt\/s.01k8rhncp4jt1\/2026\/03\/img_920x518uu2026-03-26-00-21-52-2429421-im-639100813405397564.jpg\",\"keywords\":[\"2.\u00aa Liga\",\"Cabo Verde\",\"Farense\",\"futebol\",\"Sele\u00e7\u00e3o Nacional\",\"sele\u00e7\u00f5es internacionais\"],\"articleSection\":[\"Desporto\",\"Futebol\"],\"inLanguage\":\"pt-PT\"},{\"@type\":\"WebPage\",\"@id\":\"https:\/\/portaltela.pt\/noticias\/2026\/03\/25\/yannick-semedo-diz-que-faltam-jogos-para-o-fim-da-epoca-e-vao-dar-tudo\/\",\"url\":\"https:\/\/portaltela.pt\/noticias\/2026\/03\/25\/yannick-semedo-diz-que-faltam-jogos-para-o-fim-da-epoca-e-vao-dar-tudo\/\",\"name\":\"Yannick Semedo diz que faltam jogos para o fim da \u00e9poca e v\u00e3o dar tudo - Portal Tela Portugal\",\"isPartOf\":{\"@id\":\"https:\/\/portaltela.pt\/#website\"},\"primaryImageOfPage\":{\"@id\":\"https:\/\/portaltela.pt\/noticias\/2026\/03\/25\/yannick-semedo-diz-que-faltam-jogos-para-o-fim-da-epoca-e-vao-dar-tudo\/#primaryimage\"},\"image\":{\"@id\":\"https:\/\/portaltela.pt\/noticias\/2026\/03\/25\/yannick-semedo-diz-que-faltam-jogos-para-o-fim-da-epoca-e-vao-dar-tudo\/#primaryimage\"},\"thumbnailUrl\":\"https:\/\/portaltela.pt\/s.01k8rhncp4jt1\/2026\/03\/img_920x518uu2026-03-26-00-21-52-2429421-im-639100813405397564.jpg\",\"datePublished\":\"2026-03-26T00:22:30+00:00\",\"author\":{\"@id\":\"https:\/\/portaltela.pt\/#\/schema\/person\/c4278d4a6028830caff9ee44b42d32ed\"},\"breadcrumb\":{\"@id\":\"https:\/\/portaltela.pt\/noticias\/2026\/03\/25\/yannick-semedo-diz-que-faltam-jogos-para-o-fim-da-epoca-e-vao-dar-tudo\/#breadcrumb\"},\"inLanguage\":\"pt-PT\",\"potentialAction\":[{\"@type\":\"ReadAction\",\"target\":[\"https:\/\/portaltela.pt\/noticias\/2026\/03\/25\/yannick-semedo-diz-que-faltam-jogos-para-o-fim-da-epoca-e-vao-dar-tudo\/\"]}]},{\"@type\":\"ImageObject\",\"inLanguage\":\"pt-PT\",\"@id\":\"https:\/\/portaltela.pt\/noticias\/2026\/03\/25\/yannick-semedo-diz-que-faltam-jogos-para-o-fim-da-epoca-e-vao-dar-tudo\/#primaryimage\",\"url\":\"https:\/\/portaltela.pt\/s.01k8rhncp4jt1\/2026\/03\/img_920x518uu2026-03-26-00-21-52-2429421-im-639100813405397564.jpg\",\"contentUrl\":\"https:\/\/portaltela.pt\/s.01k8rhncp4jt1\/2026\/03\/img_920x518uu2026-03-26-00-21-52-2429421-im-639100813405397564.jpg\",\"width\":796,\"height\":448,\"caption\":\"Yannick Semedo\"},{\"@type\":\"BreadcrumbList\",\"@id\":\"https:\/\/portaltela.pt\/noticias\/2026\/03\/25\/yannick-semedo-diz-que-faltam-jogos-para-o-fim-da-epoca-e-vao-dar-tudo\/#breadcrumb\",\"itemListElement\":[{\"@type\":\"ListItem\",\"position\":1,\"name\":\"In\u00edcio\",\"item\":\"https:\/\/portaltela.pt\/\"},{\"@type\":\"ListItem\",\"position\":2,\"name\":\"Yannick Semedo diz que faltam jogos para o fim da \u00e9poca e v\u00e3o dar tudo\"}]},{\"@type\":\"WebSite\",\"@id\":\"https:\/\/portaltela.pt\/#website\",\"url\":\"https:\/\/portaltela.pt\/\",\"name\":\"Portal Tela Portugal\",\"description\":\"\",\"potentialAction\":[{\"@type\":\"SearchAction\",\"target\":{\"@type\":\"EntryPoint\",\"urlTemplate\":\"https:\/\/portaltela.pt\/?s={search_term_string}\"},\"query-input\":{\"@type\":\"PropertyValueSpecification\",\"valueRequired\":true,\"valueName\":\"search_term_string\"}}],\"inLanguage\":\"pt-PT\"},{\"@type\":\"Person\",\"@id\":\"https:\/\/portaltela.pt\/#\/schema\/person\/c4278d4a6028830caff9ee44b42d32ed\",\"name\":\"Telinha\",\"image\":{\"@type\":\"ImageObject\",\"inLanguage\":\"pt-PT\",\"@id\":\"https:\/\/portaltela.pt\/s.01k8rhncp4jt1\/2025\/11\/talking-bot-125x125.png\",\"url\":\"https:\/\/portaltela.pt\/s.01k8rhncp4jt1\/2025\/11\/talking-bot-125x125.png\",\"contentUrl\":\"https:\/\/portaltela.pt\/s.01k8rhncp4jt1\/2025\/11\/talking-bot-125x125.png\",\"caption\":\"Telinha\"},\"sameAs\":[\"https:\/\/portaltela.pt\/\"],\"url\":\"https:\/\/portaltela.pt\/por\/367410592786\/\"}]}<\/script>\n<!-- \/ Yoast SEO plugin. -->","yoast_head_json":{"title":"Yannick Semedo diz que faltam jogos para o fim da \u00e9poca e v\u00e3o dar tudo - Portal Tela Portugal","robots":{"index":"index","follow":"follow","max-snippet":"max-snippet:-1","max-image-preview":"max-image-preview:large","max-video-preview":"max-video-preview:-1"},"og_locale":"pt_PT","og_type":"article","og_title":"Yannick Semedo diz que faltam jogos para o fim da \u00e9poca e v\u00e3o dar tudo - Portal Tela Portugal","og_description":"Yannick Semedo, m\u00e9dio do Farense, est\u00e1 ao servi\u00e7o da sele\u00e7\u00e3o de Cabo Verde, que amanh\u00e3 defronta o Chile e a Finl\u00e2ndia no dia 30, na Nova Zel\u00e2ndia. O jogador afirma estar confiante e que ainda faltam alguns jogos at\u00e9 ao fim da \u00e9poca, pelo que v\u00e3o dar tudo para manter o Farense na 2.\u00aa Liga. O foco dele est\u00e1 na sele\u00e7\u00e3o, que prepara a primeira participa\u00e7\u00e3o mundial. Cabo Verde ter\u00e1 advers\u00e1rios fortes na perspetiva de Semedo, incluindo Espanha, Ar\u00e1bia Saudita e Uruguai, e h\u00e1 oportunidade para mostrar valor.","og_url":"https:\/\/portaltela.pt\/noticias\/2026\/03\/25\/yannick-semedo-diz-que-faltam-jogos-para-o-fim-da-epoca-e-vao-dar-tudo\/","og_site_name":"Portal Tela Portugal","article_published_time":"2026-03-26T00:22:30+00:00","author":"Telinha","twitter_card":"summary_large_image","twitter_misc":{"Escrito por":"Telinha","Tempo estimado de leitura":"1 minuto"},"schema":{"@context":"https:\/\/schema.org","@graph":[{"@type":"Article","@id":"https:\/\/portaltela.pt\/noticias\/2026\/03\/25\/yannick-semedo-diz-que-faltam-jogos-para-o-fim-da-epoca-e-vao-dar-tudo\/#article","isPartOf":{"@id":"https:\/\/portaltela.pt\/noticias\/2026\/03\/25\/yannick-semedo-diz-que-faltam-jogos-para-o-fim-da-epoca-e-vao-dar-tudo\/"},"author":{"name":"Telinha","@id":"https:\/\/portaltela.pt\/#\/schema\/person\/c4278d4a6028830caff9ee44b42d32ed"},"headline":"Yannick Semedo diz que faltam jogos para o fim da \u00e9poca e v\u00e3o dar tudo","datePublished":"2026-03-26T00:22:30+00:00","mainEntityOfPage":{"@id":"https:\/\/portaltela.pt\/noticias\/2026\/03\/25\/yannick-semedo-diz-que-faltam-jogos-para-o-fim-da-epoca-e-vao-dar-tudo\/"},"wordCount":234,"image":{"@id":"https:\/\/portaltela.pt\/noticias\/2026\/03\/25\/yannick-semedo-diz-que-faltam-jogos-para-o-fim-da-epoca-e-vao-dar-tudo\/#primaryimage"},"thumbnailUrl":"https:\/\/portaltela.pt\/s.01k8rhncp4jt1\/2026\/03\/img_920x518uu2026-03-26-00-21-52-2429421-im-639100813405397564.jpg","keywords":["2.\u00aa Liga","Cabo Verde","Farense","futebol","Sele\u00e7\u00e3o Nacional","sele\u00e7\u00f5es internacionais"],"articleSection":["Desporto","Futebol"],"inLanguage":"pt-PT"},{"@type":"WebPage","@id":"https:\/\/portaltela.pt\/noticias\/2026\/03\/25\/yannick-semedo-diz-que-faltam-jogos-para-o-fim-da-epoca-e-vao-dar-tudo\/","url":"https:\/\/portaltela.pt\/noticias\/2026\/03\/25\/yannick-semedo-diz-que-faltam-jogos-para-o-fim-da-epoca-e-vao-dar-tudo\/","name":"Yannick Semedo diz que faltam jogos para o fim da \u00e9poca e v\u00e3o dar tudo - Portal Tela Portugal","isPartOf":{"@id":"https:\/\/portaltela.pt\/#website"},"primaryImageOfPage":{"@id":"https:\/\/portaltela.pt\/noticias\/2026\/03\/25\/yannick-semedo-diz-que-faltam-jogos-para-o-fim-da-epoca-e-vao-dar-tudo\/#primaryimage"},"image":{"@id":"https:\/\/portaltela.pt\/noticias\/2026\/03\/25\/yannick-semedo-diz-que-faltam-jogos-para-o-fim-da-epoca-e-vao-dar-tudo\/#primaryimage"},"thumbnailUrl":"https:\/\/portaltela.pt\/s.01k8rhncp4jt1\/2026\/03\/img_920x518uu2026-03-26-00-21-52-2429421-im-639100813405397564.jpg","datePublished":"2026-03-26T00:22:30+00:00","author":{"@id":"https:\/\/portaltela.pt\/#\/schema\/person\/c4278d4a6028830caff9ee44b42d32ed"},"breadcrumb":{"@id":"https:\/\/portaltela.pt\/noticias\/2026\/03\/25\/yannick-semedo-diz-que-faltam-jogos-para-o-fim-da-epoca-e-vao-dar-tudo\/#breadcrumb"},"inLanguage":"pt-PT","potentialAction":[{"@type":"ReadAction","target":["https:\/\/portaltela.pt\/noticias\/2026\/03\/25\/yannick-semedo-diz-que-faltam-jogos-para-o-fim-da-epoca-e-vao-dar-tudo\/"]}]},{"@type":"ImageObject","inLanguage":"pt-PT","@id":"https:\/\/portaltela.pt\/noticias\/2026\/03\/25\/yannick-semedo-diz-que-faltam-jogos-para-o-fim-da-epoca-e-vao-dar-tudo\/#primaryimage","url":"https:\/\/portaltela.pt\/s.01k8rhncp4jt1\/2026\/03\/img_920x518uu2026-03-26-00-21-52-2429421-im-639100813405397564.jpg","contentUrl":"https:\/\/portaltela.pt\/s.01k8rhncp4jt1\/2026\/03\/img_920x518uu2026-03-26-00-21-52-2429421-im-639100813405397564.jpg","width":796,"height":448,"caption":"Yannick Semedo"},{"@type":"BreadcrumbList","@id":"https:\/\/portaltela.pt\/noticias\/2026\/03\/25\/yannick-semedo-diz-que-faltam-jogos-para-o-fim-da-epoca-e-vao-dar-tudo\/#breadcrumb","itemListElement":[{"@type":"ListItem","position":1,"name":"In\u00edcio","item":"https:\/\/portaltela.pt\/"},{"@type":"ListItem","position":2,"name":"Yannick Semedo diz que faltam jogos para o fim da \u00e9poca e v\u00e3o dar tudo"}]},{"@type":"WebSite","@id":"https:\/\/portaltela.pt\/#website","url":"https:\/\/portaltela.pt\/","name":"Portal Tela Portugal","description":"","potentialAction":[{"@type":"SearchAction","target":{"@type":"EntryPoint","urlTemplate":"https:\/\/portaltela.pt\/?s={search_term_string}"},"query-input":{"@type":"PropertyValueSpecification","valueRequired":true,"valueName":"search_term_string"}}],"inLanguage":"pt-PT"},{"@type":"Person","@id":"https:\/\/portaltela.pt\/#\/schema\/person\/c4278d4a6028830caff9ee44b42d32ed","name":"Telinha","image":{"@type":"ImageObject","inLanguage":"pt-PT","@id":"https:\/\/portaltela.pt\/s.01k8rhncp4jt1\/2025\/11\/talking-bot-125x125.png","url":"https:\/\/portaltela.pt\/s.01k8rhncp4jt1\/2025\/11\/talking-bot-125x125.png","contentUrl":"https:\/\/portaltela.pt\/s.01k8rhncp4jt1\/2025\/11\/talking-bot-125x125.png","caption":"Telinha"},"sameAs":["https:\/\/portaltela.pt\/"],"url":"https:\/\/portaltela.pt\/por\/367410592786\/"}]}},"_links":{"self":[{"href":"https:\/\/portaltela.pt\/api\/wp\/v2\/posts\/421666","targetHints":{"allow":["GET"]}}],"collection":[{"href":"https:\/\/portaltela.pt\/api\/wp\/v2\/posts"}],"about":[{"href":"https:\/\/portaltela.pt\/api\/wp\/v2\/types\/post"}],"author":[{"embeddable":true,"href":"https:\/\/portaltela.pt\/api\/wp\/v2\/users\/2"}],"replies":[{"embeddable":true,"href":"https:\/\/portaltela.pt\/api\/wp\/v2\/comments?post=421666"}],"version-history":[{"count":0,"href":"https:\/\/portaltela.pt\/api\/wp\/v2\/posts\/421666\/revisions"}],"wp:featuredmedia":[{"embeddable":true,"href":"https:\/\/portaltela.pt\/api\/wp\/v2\/media\/421668"}],"wp:attachment":[{"href":"https:\/\/portaltela.pt\/api\/wp\/v2\/media?parent=421666"}],"wp:term":[{"taxonomy":"category","embeddable":true,"href":"https:\/\/portaltela.pt\/api\/wp\/v2\/categories?post=421666"},{"taxonomy":"post_tag","embeddable":true,"href":"https:\/\/portaltela.pt\/api\/wp\/v2\/tags?post=421666"}],"curies":[{"name":"wp","href":"https:\/\/api.w.org\/{rel}","templated":true}]}}