{"id":421661,"date":"2026-03-25T21:06:09","date_gmt":"2026-03-26T00:06:09","guid":{"rendered":"https:\/\/portaltela.pt\/noticias\/2026\/03\/25\/equipes-campeas-garantem-ouro-ao-record\/"},"modified":"2026-03-25T21:06:09","modified_gmt":"2026-03-26T00:06:09","slug":"equipes-campeas-garantem-ouro-ao-record","status":"publish","type":"post","link":"https:\/\/portaltela.pt\/desporto\/futebol\/2026\/03\/25\/equipes-campeas-garantem-ouro-ao-record\/","title":{"rendered":"Equipes campe\u00e3s garantem ouro ao Record"},"content":{"rendered":"<p>DeGerson Bald\u00e9 e Agate de Sousa conquistaram ouro nos Mundiais de pista curta na Pol\u00f3nia e foram visitar a reda\u00e7\u00e3o do Record para receber o Record de Ouro. O evento ocorreu no \u00faltimo fim de semana, em Torun, e os campe\u00f5es foram recebidos com entusiasmo pela equipa do jornal e de outras publica\u00e7\u00f5es da Medialivre.<\/p>\n<p>Durante a visita, Gerson Bald\u00e9 e Agate de Sousa percorreram as instala\u00e7\u00f5es da reda\u00e7\u00e3o, respondendo a perguntas sobre o dia a dia do jornalismo desportivo e posando para fotografias. O atleta sportinguista mostrou curiosidade pelo funcionamento do espa\u00e7o, enquanto a atleta lusodescendente expressou surpresa com a dimens\u00e3o do local. Estiveram acompanhados por Paulo Guerra, figura da Federa\u00e7\u00e3o Portuguesa de Atletismo.<\/p>\n<h3>Legado para a hist\u00f3ria<\/h3>\n<p>Agate de Sousa, de 25 anos, confirmou o estatuto de l\u00edder mundial em Torun ao vencer o quinto salto com 6,92 metros. A marca superou a da italiana Larissa Iapichino e igualou o feito de Naide Gomes, tornando-a na segunda medalhada portuguesa na disciplina. Bald\u00e9, de 26 anos, do Sporting, conquistou o ouro com 8,46 metros no sexto salto, batendo o recorde nacional ao ar livre em 10 cent\u00edmetros.<\/p>\n<p>Ambos destacaram a evolu\u00e7\u00e3o f\u00edsica e o percurso de recupera\u00e7\u00e3o desde fases dif\u00edceis. Agate recordou que s\u00f3 ao chegar a Portugal, com a rece\u00e7\u00e3o do Presidente da Rep\u00fablica, percebeu a dimens\u00e3o do feito. Bald\u00e9 apontou para um dia m\u00e1gico, embora ainda custe acreditar no t\u00edtulo mundial.<\/p>\n<h3>Olhar para o futuro<\/h3>\n<p>Para Bald\u00e9, o objetivo n\u00e3o passa por maior press\u00e3o, mas por manter o n\u00edvel e continuar a trabalhar com humildade. Agate, por sua vez, refor\u00e7ou a continuidade do modelo de treino com o Benfica e a Federa\u00e7\u00e3o, mantendo a linha de progress\u00e3o j\u00e1 comprovada.<\/p>\n<h3>Rea\u00e7\u00f5es e curiosidades<\/h3>\n<p>Os atletas responderam a quest\u00f5es sobre a fam\u00edlia e apoios, destacando a import\u00e2ncia do irm\u00e3o ausente e de quem tem ajudado no percurso. Bald\u00e9 revelou que a primeira refei\u00e7\u00e3o ap\u00f3s o triunfo foi no KFC, enquanto Agate mencionou ter recebido a primeira felicita\u00e7\u00e3o por telefone do Presidente da Rep\u00fablica e ter celebrado com uma lasanha.<\/p>\n","protected":false},"excerpt":{"rendered":"<ul>\n<li>Gerson Bald\u00e9 e Agate de Sousa visitaram a reda\u00e7\u00e3o do Record para agradecer as medalhas de ouro conquistadas nos Mundiais de pista curta em Torun, Pol\u00f3nia.<\/li>\n<li>Agate de Sousa conquistou o ouro no quinto salto, com 6,92 metros, tornando-se a segunda atleta portuguesa a vencer o t\u00edtulo mundial na disciplina.<\/li>\n<li>Gerson Bald\u00e9 venceu com 8,46 metros no sexto salto, batendo por 10 cent\u00edmetros o recorde nacional ao ar livre.<\/li>\n<li>A visita contou com a presen\u00e7a de Paulo Guerra, e o Record entregou o pr\u00e9mio Record de Ouro aos atletas; ambos agradeceram a distin\u00e7\u00e3o.<\/li>\n<li>Em entrevista, os campe\u00f5es mostraram emo\u00e7\u00e3o e humildade, referindo o apoio recebido e apontando objetivos futuros, com destaque para a rece\u00e7\u00e3o do Presidente da Rep\u00fablica.<\/li>\n<\/ul>\n","protected":false},"author":2,"featured_media":421662,"comment_status":"closed","ping_status":"closed","sticky":false,"template":"","format":"standard","meta":{"footnotes":""},"categories":[21,24],"tags":[137,152,4566,40,1014,1652],"class_list":["post-421661","post","type-post","status-publish","format-standard","has-post-thumbnail","hentry","category-desporto","category-futebol","tag-atletismo","tag-desporto","tag-federacao-portuguesa-de-atletismo","tag-pessoas","tag-portugal","tag-sporting"],"yoast_head":"<!-- This site is optimized with the Yoast SEO plugin v27.2 - https:\/\/yoast.com\/product\/yoast-seo-wordpress\/ -->\n<title>Equipes campe\u00e3s garantem ouro ao Record - Portal Tela Portugal<\/title>\n<meta name=\"robots\" content=\"index, follow, max-snippet:-1, max-image-preview:large, max-video-preview:-1\" \/>\n<meta property=\"og:locale\" content=\"pt_PT\" \/>\n<meta property=\"og:type\" content=\"article\" \/>\n<meta property=\"og:title\" content=\"Equipes campe\u00e3s garantem ouro ao Record - Portal Tela Portugal\" \/>\n<meta property=\"og:description\" content=\"Gerson Bald\u00e9 e Agate de Sousa visitaram a reda\u00e7\u00e3o do Record para agradecer as medalhas de ouro conquistadas nos Mundiais de pista curta em Torun, Pol\u00f3nia. Agate de Sousa conquistou o ouro no quinto salto, com 6,92 metros, tornando-se a segunda atleta portuguesa a vencer o t\u00edtulo mundial na disciplina. Gerson Bald\u00e9 venceu com 8,46 metros no sexto salto, batendo por 10 cent\u00edmetros o recorde nacional ao ar livre. A visita contou com a presen\u00e7a de Paulo Guerra, e o Record entregou o pr\u00e9mio Record de Ouro aos atletas; ambos agradeceram a distin\u00e7\u00e3o. Em entrevista, os campe\u00f5es mostraram emo\u00e7\u00e3o e humildade, referindo o apoio recebido e apontando objetivos futuros, com destaque para a rece\u00e7\u00e3o do Presidente da Rep\u00fablica.\" \/>\n<meta property=\"og:url\" content=\"https:\/\/portaltela.pt\/noticias\/2026\/03\/25\/equipes-campeas-garantem-ouro-ao-record\/\" \/>\n<meta property=\"og:site_name\" content=\"Portal Tela Portugal\" \/>\n<meta property=\"article:published_time\" content=\"2026-03-26T00:06:09+00:00\" \/>\n<meta name=\"author\" content=\"Telinha\" \/>\n<meta name=\"twitter:card\" content=\"summary_large_image\" \/>\n<meta name=\"twitter:label1\" content=\"Escrito por\" \/>\n\t<meta name=\"twitter:data1\" content=\"Telinha\" \/>\n\t<meta name=\"twitter:label2\" content=\"Tempo estimado de leitura\" \/>\n\t<meta name=\"twitter:data2\" content=\"2 minutos\" \/>\n<script type=\"application\/ld+json\" class=\"yoast-schema-graph\">{\"@context\":\"https:\/\/schema.org\",\"@graph\":[{\"@type\":\"Article\",\"@id\":\"https:\/\/portaltela.pt\/noticias\/2026\/03\/25\/equipes-campeas-garantem-ouro-ao-record\/#article\",\"isPartOf\":{\"@id\":\"https:\/\/portaltela.pt\/noticias\/2026\/03\/25\/equipes-campeas-garantem-ouro-ao-record\/\"},\"author\":{\"name\":\"Telinha\",\"@id\":\"https:\/\/portaltela.pt\/#\/schema\/person\/c4278d4a6028830caff9ee44b42d32ed\"},\"headline\":\"Equipes campe\u00e3s garantem ouro ao Record\",\"datePublished\":\"2026-03-26T00:06:09+00:00\",\"mainEntityOfPage\":{\"@id\":\"https:\/\/portaltela.pt\/noticias\/2026\/03\/25\/equipes-campeas-garantem-ouro-ao-record\/\"},\"wordCount\":378,\"image\":{\"@id\":\"https:\/\/portaltela.pt\/noticias\/2026\/03\/25\/equipes-campeas-garantem-ouro-ao-record\/#primaryimage\"},\"thumbnailUrl\":\"https:\/\/portaltela.pt\/s.01k8rhncp4jt1\/2026\/03\/img_920x518uu2026-03-26-00-00-35-2429414.jpg\",\"keywords\":[\"atletismo\",\"desporto\",\"Federa\u00e7\u00e3o Portuguesa de Atletismo\",\"pessoas\",\"Portugal\",\"Sporting\"],\"articleSection\":[\"Desporto\",\"Futebol\"],\"inLanguage\":\"pt-PT\"},{\"@type\":\"WebPage\",\"@id\":\"https:\/\/portaltela.pt\/noticias\/2026\/03\/25\/equipes-campeas-garantem-ouro-ao-record\/\",\"url\":\"https:\/\/portaltela.pt\/noticias\/2026\/03\/25\/equipes-campeas-garantem-ouro-ao-record\/\",\"name\":\"Equipes campe\u00e3s garantem ouro ao Record - Portal Tela Portugal\",\"isPartOf\":{\"@id\":\"https:\/\/portaltela.pt\/#website\"},\"primaryImageOfPage\":{\"@id\":\"https:\/\/portaltela.pt\/noticias\/2026\/03\/25\/equipes-campeas-garantem-ouro-ao-record\/#primaryimage\"},\"image\":{\"@id\":\"https:\/\/portaltela.pt\/noticias\/2026\/03\/25\/equipes-campeas-garantem-ouro-ao-record\/#primaryimage\"},\"thumbnailUrl\":\"https:\/\/portaltela.pt\/s.01k8rhncp4jt1\/2026\/03\/img_920x518uu2026-03-26-00-00-35-2429414.jpg\",\"datePublished\":\"2026-03-26T00:06:09+00:00\",\"author\":{\"@id\":\"https:\/\/portaltela.pt\/#\/schema\/person\/c4278d4a6028830caff9ee44b42d32ed\"},\"breadcrumb\":{\"@id\":\"https:\/\/portaltela.pt\/noticias\/2026\/03\/25\/equipes-campeas-garantem-ouro-ao-record\/#breadcrumb\"},\"inLanguage\":\"pt-PT\",\"potentialAction\":[{\"@type\":\"ReadAction\",\"target\":[\"https:\/\/portaltela.pt\/noticias\/2026\/03\/25\/equipes-campeas-garantem-ouro-ao-record\/\"]}]},{\"@type\":\"ImageObject\",\"inLanguage\":\"pt-PT\",\"@id\":\"https:\/\/portaltela.pt\/noticias\/2026\/03\/25\/equipes-campeas-garantem-ouro-ao-record\/#primaryimage\",\"url\":\"https:\/\/portaltela.pt\/s.01k8rhncp4jt1\/2026\/03\/img_920x518uu2026-03-26-00-00-35-2429414.jpg\",\"contentUrl\":\"https:\/\/portaltela.pt\/s.01k8rhncp4jt1\/2026\/03\/img_920x518uu2026-03-26-00-00-35-2429414.jpg\",\"width\":796,\"height\":448,\"caption\":\"Agate de Sousa e Gerson Bald\u00e9 na reda\u00e7\u00e3o de Record\"},{\"@type\":\"BreadcrumbList\",\"@id\":\"https:\/\/portaltela.pt\/noticias\/2026\/03\/25\/equipes-campeas-garantem-ouro-ao-record\/#breadcrumb\",\"itemListElement\":[{\"@type\":\"ListItem\",\"position\":1,\"name\":\"In\u00edcio\",\"item\":\"https:\/\/portaltela.pt\/\"},{\"@type\":\"ListItem\",\"position\":2,\"name\":\"Equipes campe\u00e3s garantem ouro ao Record\"}]},{\"@type\":\"WebSite\",\"@id\":\"https:\/\/portaltela.pt\/#website\",\"url\":\"https:\/\/portaltela.pt\/\",\"name\":\"Portal Tela Portugal\",\"description\":\"\",\"potentialAction\":[{\"@type\":\"SearchAction\",\"target\":{\"@type\":\"EntryPoint\",\"urlTemplate\":\"https:\/\/portaltela.pt\/?s={search_term_string}\"},\"query-input\":{\"@type\":\"PropertyValueSpecification\",\"valueRequired\":true,\"valueName\":\"search_term_string\"}}],\"inLanguage\":\"pt-PT\"},{\"@type\":\"Person\",\"@id\":\"https:\/\/portaltela.pt\/#\/schema\/person\/c4278d4a6028830caff9ee44b42d32ed\",\"name\":\"Telinha\",\"image\":{\"@type\":\"ImageObject\",\"inLanguage\":\"pt-PT\",\"@id\":\"https:\/\/portaltela.pt\/s.01k8rhncp4jt1\/2025\/11\/talking-bot-125x125.png\",\"url\":\"https:\/\/portaltela.pt\/s.01k8rhncp4jt1\/2025\/11\/talking-bot-125x125.png\",\"contentUrl\":\"https:\/\/portaltela.pt\/s.01k8rhncp4jt1\/2025\/11\/talking-bot-125x125.png\",\"caption\":\"Telinha\"},\"sameAs\":[\"https:\/\/portaltela.pt\/\"],\"url\":\"https:\/\/portaltela.pt\/por\/367410592786\/\"}]}<\/script>\n<!-- \/ Yoast SEO plugin. -->","yoast_head_json":{"title":"Equipes campe\u00e3s garantem ouro ao Record - Portal Tela Portugal","robots":{"index":"index","follow":"follow","max-snippet":"max-snippet:-1","max-image-preview":"max-image-preview:large","max-video-preview":"max-video-preview:-1"},"og_locale":"pt_PT","og_type":"article","og_title":"Equipes campe\u00e3s garantem ouro ao Record - Portal Tela Portugal","og_description":"Gerson Bald\u00e9 e Agate de Sousa visitaram a reda\u00e7\u00e3o do Record para agradecer as medalhas de ouro conquistadas nos Mundiais de pista curta em Torun, Pol\u00f3nia. Agate de Sousa conquistou o ouro no quinto salto, com 6,92 metros, tornando-se a segunda atleta portuguesa a vencer o t\u00edtulo mundial na disciplina. Gerson Bald\u00e9 venceu com 8,46 metros no sexto salto, batendo por 10 cent\u00edmetros o recorde nacional ao ar livre. A visita contou com a presen\u00e7a de Paulo Guerra, e o Record entregou o pr\u00e9mio Record de Ouro aos atletas; ambos agradeceram a distin\u00e7\u00e3o. Em entrevista, os campe\u00f5es mostraram emo\u00e7\u00e3o e humildade, referindo o apoio recebido e apontando objetivos futuros, com destaque para a rece\u00e7\u00e3o do Presidente da Rep\u00fablica.","og_url":"https:\/\/portaltela.pt\/noticias\/2026\/03\/25\/equipes-campeas-garantem-ouro-ao-record\/","og_site_name":"Portal Tela Portugal","article_published_time":"2026-03-26T00:06:09+00:00","author":"Telinha","twitter_card":"summary_large_image","twitter_misc":{"Escrito por":"Telinha","Tempo estimado de leitura":"2 minutos"},"schema":{"@context":"https:\/\/schema.org","@graph":[{"@type":"Article","@id":"https:\/\/portaltela.pt\/noticias\/2026\/03\/25\/equipes-campeas-garantem-ouro-ao-record\/#article","isPartOf":{"@id":"https:\/\/portaltela.pt\/noticias\/2026\/03\/25\/equipes-campeas-garantem-ouro-ao-record\/"},"author":{"name":"Telinha","@id":"https:\/\/portaltela.pt\/#\/schema\/person\/c4278d4a6028830caff9ee44b42d32ed"},"headline":"Equipes campe\u00e3s garantem ouro ao Record","datePublished":"2026-03-26T00:06:09+00:00","mainEntityOfPage":{"@id":"https:\/\/portaltela.pt\/noticias\/2026\/03\/25\/equipes-campeas-garantem-ouro-ao-record\/"},"wordCount":378,"image":{"@id":"https:\/\/portaltela.pt\/noticias\/2026\/03\/25\/equipes-campeas-garantem-ouro-ao-record\/#primaryimage"},"thumbnailUrl":"https:\/\/portaltela.pt\/s.01k8rhncp4jt1\/2026\/03\/img_920x518uu2026-03-26-00-00-35-2429414.jpg","keywords":["atletismo","desporto","Federa\u00e7\u00e3o Portuguesa de Atletismo","pessoas","Portugal","Sporting"],"articleSection":["Desporto","Futebol"],"inLanguage":"pt-PT"},{"@type":"WebPage","@id":"https:\/\/portaltela.pt\/noticias\/2026\/03\/25\/equipes-campeas-garantem-ouro-ao-record\/","url":"https:\/\/portaltela.pt\/noticias\/2026\/03\/25\/equipes-campeas-garantem-ouro-ao-record\/","name":"Equipes campe\u00e3s garantem ouro ao Record - Portal Tela Portugal","isPartOf":{"@id":"https:\/\/portaltela.pt\/#website"},"primaryImageOfPage":{"@id":"https:\/\/portaltela.pt\/noticias\/2026\/03\/25\/equipes-campeas-garantem-ouro-ao-record\/#primaryimage"},"image":{"@id":"https:\/\/portaltela.pt\/noticias\/2026\/03\/25\/equipes-campeas-garantem-ouro-ao-record\/#primaryimage"},"thumbnailUrl":"https:\/\/portaltela.pt\/s.01k8rhncp4jt1\/2026\/03\/img_920x518uu2026-03-26-00-00-35-2429414.jpg","datePublished":"2026-03-26T00:06:09+00:00","author":{"@id":"https:\/\/portaltela.pt\/#\/schema\/person\/c4278d4a6028830caff9ee44b42d32ed"},"breadcrumb":{"@id":"https:\/\/portaltela.pt\/noticias\/2026\/03\/25\/equipes-campeas-garantem-ouro-ao-record\/#breadcrumb"},"inLanguage":"pt-PT","potentialAction":[{"@type":"ReadAction","target":["https:\/\/portaltela.pt\/noticias\/2026\/03\/25\/equipes-campeas-garantem-ouro-ao-record\/"]}]},{"@type":"ImageObject","inLanguage":"pt-PT","@id":"https:\/\/portaltela.pt\/noticias\/2026\/03\/25\/equipes-campeas-garantem-ouro-ao-record\/#primaryimage","url":"https:\/\/portaltela.pt\/s.01k8rhncp4jt1\/2026\/03\/img_920x518uu2026-03-26-00-00-35-2429414.jpg","contentUrl":"https:\/\/portaltela.pt\/s.01k8rhncp4jt1\/2026\/03\/img_920x518uu2026-03-26-00-00-35-2429414.jpg","width":796,"height":448,"caption":"Agate de Sousa e Gerson Bald\u00e9 na reda\u00e7\u00e3o de Record"},{"@type":"BreadcrumbList","@id":"https:\/\/portaltela.pt\/noticias\/2026\/03\/25\/equipes-campeas-garantem-ouro-ao-record\/#breadcrumb","itemListElement":[{"@type":"ListItem","position":1,"name":"In\u00edcio","item":"https:\/\/portaltela.pt\/"},{"@type":"ListItem","position":2,"name":"Equipes campe\u00e3s garantem ouro ao Record"}]},{"@type":"WebSite","@id":"https:\/\/portaltela.pt\/#website","url":"https:\/\/portaltela.pt\/","name":"Portal Tela Portugal","description":"","potentialAction":[{"@type":"SearchAction","target":{"@type":"EntryPoint","urlTemplate":"https:\/\/portaltela.pt\/?s={search_term_string}"},"query-input":{"@type":"PropertyValueSpecification","valueRequired":true,"valueName":"search_term_string"}}],"inLanguage":"pt-PT"},{"@type":"Person","@id":"https:\/\/portaltela.pt\/#\/schema\/person\/c4278d4a6028830caff9ee44b42d32ed","name":"Telinha","image":{"@type":"ImageObject","inLanguage":"pt-PT","@id":"https:\/\/portaltela.pt\/s.01k8rhncp4jt1\/2025\/11\/talking-bot-125x125.png","url":"https:\/\/portaltela.pt\/s.01k8rhncp4jt1\/2025\/11\/talking-bot-125x125.png","contentUrl":"https:\/\/portaltela.pt\/s.01k8rhncp4jt1\/2025\/11\/talking-bot-125x125.png","caption":"Telinha"},"sameAs":["https:\/\/portaltela.pt\/"],"url":"https:\/\/portaltela.pt\/por\/367410592786\/"}]}},"_links":{"self":[{"href":"https:\/\/portaltela.pt\/api\/wp\/v2\/posts\/421661","targetHints":{"allow":["GET"]}}],"collection":[{"href":"https:\/\/portaltela.pt\/api\/wp\/v2\/posts"}],"about":[{"href":"https:\/\/portaltela.pt\/api\/wp\/v2\/types\/post"}],"author":[{"embeddable":true,"href":"https:\/\/portaltela.pt\/api\/wp\/v2\/users\/2"}],"replies":[{"embeddable":true,"href":"https:\/\/portaltela.pt\/api\/wp\/v2\/comments?post=421661"}],"version-history":[{"count":0,"href":"https:\/\/portaltela.pt\/api\/wp\/v2\/posts\/421661\/revisions"}],"wp:featuredmedia":[{"embeddable":true,"href":"https:\/\/portaltela.pt\/api\/wp\/v2\/media\/421662"}],"wp:attachment":[{"href":"https:\/\/portaltela.pt\/api\/wp\/v2\/media?parent=421661"}],"wp:term":[{"taxonomy":"category","embeddable":true,"href":"https:\/\/portaltela.pt\/api\/wp\/v2\/categories?post=421661"},{"taxonomy":"post_tag","embeddable":true,"href":"https:\/\/portaltela.pt\/api\/wp\/v2\/tags?post=421661"}],"curies":[{"name":"wp","href":"https:\/\/api.w.org\/{rel}","templated":true}]}}