{"id":421614,"date":"2026-03-25T19:04:00","date_gmt":"2026-03-25T22:04:00","guid":{"rendered":"https:\/\/portaltela.pt\/noticias\/2026\/03\/25\/rede-que-apoiava-traficantes-de-imigrantes-no-canal-da-mancha-desmantelada\/"},"modified":"2026-03-25T19:04:00","modified_gmt":"2026-03-25T22:04:00","slug":"rede-que-apoiava-traficantes-de-imigrantes-no-canal-da-mancha-desmantelada","status":"publish","type":"post","link":"https:\/\/portaltela.pt\/policia\/2026\/03\/25\/rede-que-apoiava-traficantes-de-imigrantes-no-canal-da-mancha-desmantelada\/","title":{"rendered":"Rede que apoiava traficantes de imigrantes no Canal da Mancha desmantelada"},"content":{"rendered":"<p>As autoridades europeias desmantelaram uma rede criminosa dedicada a fornecer material n\u00e1utico para o tr\u00e1fico de migrantes atrav\u00e9s do Canal da Mancha. Foram detidas 21 pessoas e efetuadas buscas em 14 im\u00f3veis na B\u00e9lgica e na Alemanha.<\/p>\n<p>O grupo \u00e9 apontado como respons\u00e1vel por fornecer embarca\u00e7\u00f5es, motores e equipamento necess\u00e1rio para opera\u00e7\u00f5es de tr\u00e1fico de migrantes. A investiga\u00e7\u00e3o envolve estruturas ligadas a redes de tr\u00e1fico transnacional.<\/p>\n<p>A opera\u00e7\u00e3o ocorreu na \u00faltima fase de repress\u00e3o a este tipo de crime, com buscas realizadas em diversos im\u00f3veis distribu\u00eddos entre a B\u00e9lgica e a Alemanha. As autoridades indicam que o objetivo era facilitar desloca\u00e7\u00f5es irregulares num corredor migrat\u00f3rio europeu.<\/p>\n<p>Foram apreendidos materiais n\u00e1uticos e documenta\u00e7\u00e3o relevante, com o processo a seguir para confirmar responsabilidades individuais e potenciais liga\u00e7\u00f5es a outras c\u00e9lulas. O caso permanece sob investiga\u00e7\u00e3o policial e judicial.<\/p>\n","protected":false},"excerpt":{"rendered":"<ul>\n<li>Autoridades europeias desmantelaram uma rede criminosa que fornecia material n\u00e1utico para o tr\u00e1fico de migrantes via Canal da Mancha.<\/li>\n<li>No \u00e2mbito da opera\u00e7\u00e3o, foram detidas 21 pessoas.<\/li>\n<li>Foram efetuadas buscas em 14 im\u00f3veis situados na B\u00e9lgica e na Alemanha.<\/li>\n<li>A a\u00e7\u00e3o visa interromper o financiamento e o apoio log\u00edstico ao tr\u00e1fico de migrantes na regi\u00e3o.<\/li>\n<\/ul>\n","protected":false},"author":2,"featured_media":421617,"comment_status":"closed","ping_status":"closed","sticky":false,"template":"","format":"standard","meta":{"footnotes":""},"categories":[6907,6781],"tags":[5550,4419,712,1921,352,473],"class_list":["post-421614","post","type-post","status-publish","format-standard","has-post-thumbnail","hentry","category-crime","category-policia","tag-crime-internacional","tag-embarcacoes","tag-imigracao","tag-imigrantes","tag-organizacao-criminosa","tag-trafico-de-pessoas"],"yoast_head":"<!-- This site is optimized with the Yoast SEO plugin v27.2 - https:\/\/yoast.com\/product\/yoast-seo-wordpress\/ -->\n<title>Rede que apoiava traficantes de imigrantes no Canal da Mancha desmantelada - Portal Tela Portugal<\/title>\n<meta name=\"robots\" content=\"index, follow, max-snippet:-1, max-image-preview:large, max-video-preview:-1\" \/>\n<meta property=\"og:locale\" content=\"pt_PT\" \/>\n<meta property=\"og:type\" content=\"article\" \/>\n<meta property=\"og:title\" content=\"Rede que apoiava traficantes de imigrantes no Canal da Mancha desmantelada - Portal Tela Portugal\" \/>\n<meta property=\"og:description\" content=\"Autoridades europeias desmantelaram uma rede criminosa que fornecia material n\u00e1utico para o tr\u00e1fico de migrantes via Canal da Mancha. No \u00e2mbito da opera\u00e7\u00e3o, foram detidas 21 pessoas. Foram efetuadas buscas em 14 im\u00f3veis situados na B\u00e9lgica e na Alemanha. A a\u00e7\u00e3o visa interromper o financiamento e o apoio log\u00edstico ao tr\u00e1fico de migrantes na regi\u00e3o.\" \/>\n<meta property=\"og:url\" content=\"https:\/\/portaltela.pt\/noticias\/2026\/03\/25\/rede-que-apoiava-traficantes-de-imigrantes-no-canal-da-mancha-desmantelada\/\" \/>\n<meta property=\"og:site_name\" content=\"Portal Tela Portugal\" \/>\n<meta property=\"article:published_time\" content=\"2026-03-25T22:04:00+00:00\" \/>\n<meta name=\"author\" content=\"Telinha\" \/>\n<meta name=\"twitter:card\" content=\"summary_large_image\" \/>\n<meta name=\"twitter:label1\" content=\"Escrito por\" \/>\n\t<meta name=\"twitter:data1\" content=\"Telinha\" \/>\n\t<meta name=\"twitter:label2\" content=\"Tempo estimado de leitura\" \/>\n\t<meta name=\"twitter:data2\" content=\"1 minuto\" \/>\n<script type=\"application\/ld+json\" class=\"yoast-schema-graph\">{\"@context\":\"https:\/\/schema.org\",\"@graph\":[{\"@type\":\"Article\",\"@id\":\"https:\/\/portaltela.pt\/noticias\/2026\/03\/25\/rede-que-apoiava-traficantes-de-imigrantes-no-canal-da-mancha-desmantelada\/#article\",\"isPartOf\":{\"@id\":\"https:\/\/portaltela.pt\/noticias\/2026\/03\/25\/rede-que-apoiava-traficantes-de-imigrantes-no-canal-da-mancha-desmantelada\/\"},\"author\":{\"name\":\"Telinha\",\"@id\":\"https:\/\/portaltela.pt\/#\/schema\/person\/c4278d4a6028830caff9ee44b42d32ed\"},\"headline\":\"Rede que apoiava traficantes de imigrantes no Canal da Mancha desmantelada\",\"datePublished\":\"2026-03-25T22:04:00+00:00\",\"mainEntityOfPage\":{\"@id\":\"https:\/\/portaltela.pt\/noticias\/2026\/03\/25\/rede-que-apoiava-traficantes-de-imigrantes-no-canal-da-mancha-desmantelada\/\"},\"wordCount\":168,\"image\":{\"@id\":\"https:\/\/portaltela.pt\/noticias\/2026\/03\/25\/rede-que-apoiava-traficantes-de-imigrantes-no-canal-da-mancha-desmantelada\/#primaryimage\"},\"thumbnailUrl\":\"https:\/\/portaltela.pt\/s.01k8rhncp4jt1\/2026\/03\/CACHE_780X1200_ANALOG_WATERMARKED_45337932_1227802822014917.jpg\",\"keywords\":[\"crime internacional\",\"embarca\u00e7\u00f5es\",\"imigra\u00e7\u00e3o\",\"imigrantes\",\"organiza\u00e7\u00e3o criminosa\",\"tr\u00e1fico de pessoas\"],\"articleSection\":[\"Crime\",\"Pol\u00edcia\"],\"inLanguage\":\"pt-PT\"},{\"@type\":\"WebPage\",\"@id\":\"https:\/\/portaltela.pt\/noticias\/2026\/03\/25\/rede-que-apoiava-traficantes-de-imigrantes-no-canal-da-mancha-desmantelada\/\",\"url\":\"https:\/\/portaltela.pt\/noticias\/2026\/03\/25\/rede-que-apoiava-traficantes-de-imigrantes-no-canal-da-mancha-desmantelada\/\",\"name\":\"Rede que apoiava traficantes de imigrantes no Canal da Mancha desmantelada - Portal Tela Portugal\",\"isPartOf\":{\"@id\":\"https:\/\/portaltela.pt\/#website\"},\"primaryImageOfPage\":{\"@id\":\"https:\/\/portaltela.pt\/noticias\/2026\/03\/25\/rede-que-apoiava-traficantes-de-imigrantes-no-canal-da-mancha-desmantelada\/#primaryimage\"},\"image\":{\"@id\":\"https:\/\/portaltela.pt\/noticias\/2026\/03\/25\/rede-que-apoiava-traficantes-de-imigrantes-no-canal-da-mancha-desmantelada\/#primaryimage\"},\"thumbnailUrl\":\"https:\/\/portaltela.pt\/s.01k8rhncp4jt1\/2026\/03\/CACHE_780X1200_ANALOG_WATERMARKED_45337932_1227802822014917.jpg\",\"datePublished\":\"2026-03-25T22:04:00+00:00\",\"author\":{\"@id\":\"https:\/\/portaltela.pt\/#\/schema\/person\/c4278d4a6028830caff9ee44b42d32ed\"},\"breadcrumb\":{\"@id\":\"https:\/\/portaltela.pt\/noticias\/2026\/03\/25\/rede-que-apoiava-traficantes-de-imigrantes-no-canal-da-mancha-desmantelada\/#breadcrumb\"},\"inLanguage\":\"pt-PT\",\"potentialAction\":[{\"@type\":\"ReadAction\",\"target\":[\"https:\/\/portaltela.pt\/noticias\/2026\/03\/25\/rede-que-apoiava-traficantes-de-imigrantes-no-canal-da-mancha-desmantelada\/\"]}]},{\"@type\":\"ImageObject\",\"inLanguage\":\"pt-PT\",\"@id\":\"https:\/\/portaltela.pt\/noticias\/2026\/03\/25\/rede-que-apoiava-traficantes-de-imigrantes-no-canal-da-mancha-desmantelada\/#primaryimage\",\"url\":\"https:\/\/portaltela.pt\/s.01k8rhncp4jt1\/2026\/03\/CACHE_780X1200_ANALOG_WATERMARKED_45337932_1227802822014917.jpg\",\"contentUrl\":\"https:\/\/portaltela.pt\/s.01k8rhncp4jt1\/2026\/03\/CACHE_780X1200_ANALOG_WATERMARKED_45337932_1227802822014917.jpg\",\"width\":796,\"height\":448,\"caption\":\"Photo\"},{\"@type\":\"BreadcrumbList\",\"@id\":\"https:\/\/portaltela.pt\/noticias\/2026\/03\/25\/rede-que-apoiava-traficantes-de-imigrantes-no-canal-da-mancha-desmantelada\/#breadcrumb\",\"itemListElement\":[{\"@type\":\"ListItem\",\"position\":1,\"name\":\"In\u00edcio\",\"item\":\"https:\/\/portaltela.pt\/\"},{\"@type\":\"ListItem\",\"position\":2,\"name\":\"Rede que apoiava traficantes de imigrantes no Canal da Mancha desmantelada\"}]},{\"@type\":\"WebSite\",\"@id\":\"https:\/\/portaltela.pt\/#website\",\"url\":\"https:\/\/portaltela.pt\/\",\"name\":\"Portal Tela Portugal\",\"description\":\"\",\"potentialAction\":[{\"@type\":\"SearchAction\",\"target\":{\"@type\":\"EntryPoint\",\"urlTemplate\":\"https:\/\/portaltela.pt\/?s={search_term_string}\"},\"query-input\":{\"@type\":\"PropertyValueSpecification\",\"valueRequired\":true,\"valueName\":\"search_term_string\"}}],\"inLanguage\":\"pt-PT\"},{\"@type\":\"Person\",\"@id\":\"https:\/\/portaltela.pt\/#\/schema\/person\/c4278d4a6028830caff9ee44b42d32ed\",\"name\":\"Telinha\",\"image\":{\"@type\":\"ImageObject\",\"inLanguage\":\"pt-PT\",\"@id\":\"https:\/\/portaltela.pt\/s.01k8rhncp4jt1\/2025\/11\/talking-bot-125x125.png\",\"url\":\"https:\/\/portaltela.pt\/s.01k8rhncp4jt1\/2025\/11\/talking-bot-125x125.png\",\"contentUrl\":\"https:\/\/portaltela.pt\/s.01k8rhncp4jt1\/2025\/11\/talking-bot-125x125.png\",\"caption\":\"Telinha\"},\"sameAs\":[\"https:\/\/portaltela.pt\/\"],\"url\":\"https:\/\/portaltela.pt\/por\/367410592786\/\"}]}<\/script>\n<!-- \/ Yoast SEO plugin. -->","yoast_head_json":{"title":"Rede que apoiava traficantes de imigrantes no Canal da Mancha desmantelada - Portal Tela Portugal","robots":{"index":"index","follow":"follow","max-snippet":"max-snippet:-1","max-image-preview":"max-image-preview:large","max-video-preview":"max-video-preview:-1"},"og_locale":"pt_PT","og_type":"article","og_title":"Rede que apoiava traficantes de imigrantes no Canal da Mancha desmantelada - Portal Tela Portugal","og_description":"Autoridades europeias desmantelaram uma rede criminosa que fornecia material n\u00e1utico para o tr\u00e1fico de migrantes via Canal da Mancha. No \u00e2mbito da opera\u00e7\u00e3o, foram detidas 21 pessoas. Foram efetuadas buscas em 14 im\u00f3veis situados na B\u00e9lgica e na Alemanha. A a\u00e7\u00e3o visa interromper o financiamento e o apoio log\u00edstico ao tr\u00e1fico de migrantes na regi\u00e3o.","og_url":"https:\/\/portaltela.pt\/noticias\/2026\/03\/25\/rede-que-apoiava-traficantes-de-imigrantes-no-canal-da-mancha-desmantelada\/","og_site_name":"Portal Tela Portugal","article_published_time":"2026-03-25T22:04:00+00:00","author":"Telinha","twitter_card":"summary_large_image","twitter_misc":{"Escrito por":"Telinha","Tempo estimado de leitura":"1 minuto"},"schema":{"@context":"https:\/\/schema.org","@graph":[{"@type":"Article","@id":"https:\/\/portaltela.pt\/noticias\/2026\/03\/25\/rede-que-apoiava-traficantes-de-imigrantes-no-canal-da-mancha-desmantelada\/#article","isPartOf":{"@id":"https:\/\/portaltela.pt\/noticias\/2026\/03\/25\/rede-que-apoiava-traficantes-de-imigrantes-no-canal-da-mancha-desmantelada\/"},"author":{"name":"Telinha","@id":"https:\/\/portaltela.pt\/#\/schema\/person\/c4278d4a6028830caff9ee44b42d32ed"},"headline":"Rede que apoiava traficantes de imigrantes no Canal da Mancha desmantelada","datePublished":"2026-03-25T22:04:00+00:00","mainEntityOfPage":{"@id":"https:\/\/portaltela.pt\/noticias\/2026\/03\/25\/rede-que-apoiava-traficantes-de-imigrantes-no-canal-da-mancha-desmantelada\/"},"wordCount":168,"image":{"@id":"https:\/\/portaltela.pt\/noticias\/2026\/03\/25\/rede-que-apoiava-traficantes-de-imigrantes-no-canal-da-mancha-desmantelada\/#primaryimage"},"thumbnailUrl":"https:\/\/portaltela.pt\/s.01k8rhncp4jt1\/2026\/03\/CACHE_780X1200_ANALOG_WATERMARKED_45337932_1227802822014917.jpg","keywords":["crime internacional","embarca\u00e7\u00f5es","imigra\u00e7\u00e3o","imigrantes","organiza\u00e7\u00e3o criminosa","tr\u00e1fico de pessoas"],"articleSection":["Crime","Pol\u00edcia"],"inLanguage":"pt-PT"},{"@type":"WebPage","@id":"https:\/\/portaltela.pt\/noticias\/2026\/03\/25\/rede-que-apoiava-traficantes-de-imigrantes-no-canal-da-mancha-desmantelada\/","url":"https:\/\/portaltela.pt\/noticias\/2026\/03\/25\/rede-que-apoiava-traficantes-de-imigrantes-no-canal-da-mancha-desmantelada\/","name":"Rede que apoiava traficantes de imigrantes no Canal da Mancha desmantelada - Portal Tela Portugal","isPartOf":{"@id":"https:\/\/portaltela.pt\/#website"},"primaryImageOfPage":{"@id":"https:\/\/portaltela.pt\/noticias\/2026\/03\/25\/rede-que-apoiava-traficantes-de-imigrantes-no-canal-da-mancha-desmantelada\/#primaryimage"},"image":{"@id":"https:\/\/portaltela.pt\/noticias\/2026\/03\/25\/rede-que-apoiava-traficantes-de-imigrantes-no-canal-da-mancha-desmantelada\/#primaryimage"},"thumbnailUrl":"https:\/\/portaltela.pt\/s.01k8rhncp4jt1\/2026\/03\/CACHE_780X1200_ANALOG_WATERMARKED_45337932_1227802822014917.jpg","datePublished":"2026-03-25T22:04:00+00:00","author":{"@id":"https:\/\/portaltela.pt\/#\/schema\/person\/c4278d4a6028830caff9ee44b42d32ed"},"breadcrumb":{"@id":"https:\/\/portaltela.pt\/noticias\/2026\/03\/25\/rede-que-apoiava-traficantes-de-imigrantes-no-canal-da-mancha-desmantelada\/#breadcrumb"},"inLanguage":"pt-PT","potentialAction":[{"@type":"ReadAction","target":["https:\/\/portaltela.pt\/noticias\/2026\/03\/25\/rede-que-apoiava-traficantes-de-imigrantes-no-canal-da-mancha-desmantelada\/"]}]},{"@type":"ImageObject","inLanguage":"pt-PT","@id":"https:\/\/portaltela.pt\/noticias\/2026\/03\/25\/rede-que-apoiava-traficantes-de-imigrantes-no-canal-da-mancha-desmantelada\/#primaryimage","url":"https:\/\/portaltela.pt\/s.01k8rhncp4jt1\/2026\/03\/CACHE_780X1200_ANALOG_WATERMARKED_45337932_1227802822014917.jpg","contentUrl":"https:\/\/portaltela.pt\/s.01k8rhncp4jt1\/2026\/03\/CACHE_780X1200_ANALOG_WATERMARKED_45337932_1227802822014917.jpg","width":796,"height":448,"caption":"Photo"},{"@type":"BreadcrumbList","@id":"https:\/\/portaltela.pt\/noticias\/2026\/03\/25\/rede-que-apoiava-traficantes-de-imigrantes-no-canal-da-mancha-desmantelada\/#breadcrumb","itemListElement":[{"@type":"ListItem","position":1,"name":"In\u00edcio","item":"https:\/\/portaltela.pt\/"},{"@type":"ListItem","position":2,"name":"Rede que apoiava traficantes de imigrantes no Canal da Mancha desmantelada"}]},{"@type":"WebSite","@id":"https:\/\/portaltela.pt\/#website","url":"https:\/\/portaltela.pt\/","name":"Portal Tela Portugal","description":"","potentialAction":[{"@type":"SearchAction","target":{"@type":"EntryPoint","urlTemplate":"https:\/\/portaltela.pt\/?s={search_term_string}"},"query-input":{"@type":"PropertyValueSpecification","valueRequired":true,"valueName":"search_term_string"}}],"inLanguage":"pt-PT"},{"@type":"Person","@id":"https:\/\/portaltela.pt\/#\/schema\/person\/c4278d4a6028830caff9ee44b42d32ed","name":"Telinha","image":{"@type":"ImageObject","inLanguage":"pt-PT","@id":"https:\/\/portaltela.pt\/s.01k8rhncp4jt1\/2025\/11\/talking-bot-125x125.png","url":"https:\/\/portaltela.pt\/s.01k8rhncp4jt1\/2025\/11\/talking-bot-125x125.png","contentUrl":"https:\/\/portaltela.pt\/s.01k8rhncp4jt1\/2025\/11\/talking-bot-125x125.png","caption":"Telinha"},"sameAs":["https:\/\/portaltela.pt\/"],"url":"https:\/\/portaltela.pt\/por\/367410592786\/"}]}},"_links":{"self":[{"href":"https:\/\/portaltela.pt\/api\/wp\/v2\/posts\/421614","targetHints":{"allow":["GET"]}}],"collection":[{"href":"https:\/\/portaltela.pt\/api\/wp\/v2\/posts"}],"about":[{"href":"https:\/\/portaltela.pt\/api\/wp\/v2\/types\/post"}],"author":[{"embeddable":true,"href":"https:\/\/portaltela.pt\/api\/wp\/v2\/users\/2"}],"replies":[{"embeddable":true,"href":"https:\/\/portaltela.pt\/api\/wp\/v2\/comments?post=421614"}],"version-history":[{"count":0,"href":"https:\/\/portaltela.pt\/api\/wp\/v2\/posts\/421614\/revisions"}],"wp:featuredmedia":[{"embeddable":true,"href":"https:\/\/portaltela.pt\/api\/wp\/v2\/media\/421617"}],"wp:attachment":[{"href":"https:\/\/portaltela.pt\/api\/wp\/v2\/media?parent=421614"}],"wp:term":[{"taxonomy":"category","embeddable":true,"href":"https:\/\/portaltela.pt\/api\/wp\/v2\/categories?post=421614"},{"taxonomy":"post_tag","embeddable":true,"href":"https:\/\/portaltela.pt\/api\/wp\/v2\/tags?post=421614"}],"curies":[{"name":"wp","href":"https:\/\/api.w.org\/{rel}","templated":true}]}}