{"id":421605,"date":"2026-03-25T19:17:00","date_gmt":"2026-03-25T22:17:00","guid":{"rendered":"https:\/\/portaltela.pt\/noticias\/2026\/03\/25\/presidente-do-iss-afirma-que-o-estado-nao-falhou-na-creche-de-lisboa\/"},"modified":"2026-03-25T19:17:00","modified_gmt":"2026-03-25T22:17:00","slug":"presidente-do-iss-afirma-que-o-estado-nao-falhou-na-creche-de-lisboa","status":"publish","type":"post","link":"https:\/\/portaltela.pt\/sociedade\/2026\/03\/25\/presidente-do-iss-afirma-que-o-estado-nao-falhou-na-creche-de-lisboa\/","title":{"rendered":"Presidente do ISS afirma que o Estado n\u00e3o falhou na creche de Lisboa"},"content":{"rendered":"<p>O Presidente do Instituto da Seguran\u00e7a Social (ISS) afirmou no Parlamento que o Estado n\u00e3o falhou no caso da creche Academia Sonhar e Crescer, em Lisboa, enquanto o Minist\u00e9rio P\u00fablico continua a investigar as den\u00fancias de maus-tratos. A declara\u00e7\u00e3o surgiu durante uma audi\u00e7\u00e3o sobre o tema, requerida pela deputada In\u00eas de Sousa Real (PAN).<\/p>\n<p>O respons\u00e1vel do ISS explicou que n\u00e3o h\u00e1, para j\u00e1, indica\u00e7\u00e3o de processo-crime al\u00e9m do caso de quedas de uma crian\u00e7a. Contudo, repetiu que informa\u00e7\u00f5es que circulam nas redes sociais ainda n\u00e3o est\u00e3o comprovadas e que o MP trabalha para confirmar os factos com as crian\u00e7as da institui\u00e7\u00e3o. O foco \u00e9 entender o que aconteceu e garantir respostas adequadas.<\/p>\n<p>A deputada In\u00eas de Sousa Real defendeu respostas r\u00e1pidas para prote\u00e7\u00e3o de crian\u00e7as, mencionando poss\u00edveis traumas e a necessidade de canais de den\u00fancia. Ao longo de 2025, o \u00f3rg\u00e3o avan\u00e7ou com 199 fiscaliza\u00e7\u00f5es \u00e0 resposta social de creche, com 12 encerramentos administrativos e 1.532 visitas de acompanhamento t\u00e9cnico.<\/p>\n<h3>Investiga\u00e7\u00e3o em curso<\/h3>\n<p>Em fevereiro, pais de crian\u00e7as da creche em Carnide realizaram protestos, alegando ind\u00edcios de maus-tratos. A a\u00e7\u00e3o bloqueou a entrada de menores, e a PSP abriu uma investiga\u00e7\u00e3o em colabora\u00e7\u00e3o com o DIAP Lisboa. Uma funcion\u00e1ria da creche foi agredida durante as manifesta\u00e7\u00f5es e detida pela pol\u00edcia.<\/p>\n<h3>Contexto de fiscaliza\u00e7\u00e3o<\/h3>\n<p>O respons\u00e1vel do ISS enfatizou que as visitas de acompanhamento visam apoiar a institui\u00e7\u00e3o e que as a\u00e7\u00f5es de fiscaliza\u00e7\u00e3o s\u00e3o, na pr\u00e1tica, surpresa para aferir a situa\u00e7\u00e3o real. Questionado sobre recursos humanos, indicou que o centro distrital de Lisboa conta com 35 trabalhadores para 2.400 estabelecimentos, incluindo creches e ERPI.<\/p>\n<h3>Observa\u00e7\u00f5es adicionais<\/h3>\n<p>A imprensa citou relatos de uma ex-funcion\u00e1ria que deixou o cargo ap\u00f3s vandalismo nas instala\u00e7\u00f5es. O Minist\u00e9rio P\u00fablico continua a averiguar as den\u00fancias de maus-tratos, enquanto o ISS refor\u00e7a que as den\u00fancias devem ser comprovadas para fundamentar a\u00e7\u00f5es. As autoridades reiteram que a prote\u00e7\u00e3o das crian\u00e7as continua a ser a prioridade.<\/p>\n","protected":false},"excerpt":{"rendered":"<ul>\n<li>O Presidente do Instituto da Seguran\u00e7a Social afirmou no Parlamento que, at\u00e9 ao momento, o Estado n\u00e3o falhou no caso da creche Academia Sonhar e Crescer, em Lisboa, enquanto o Minist\u00e9rio P\u00fablico investiga as den\u00fancias de maus-tratos.<\/li>\n<li>As den\u00fancias de maus-tratos, neglig\u00eancia e viol\u00eancia est\u00e3o a ser investigadas pelo Minist\u00e9rio P\u00fablico, com relatos que algumas informa\u00e7\u00f5es circulam nas redes sociais, mas n\u00e3o est\u00e3o comprovadas.<\/li>\n<li>Foi confirmado que uma crian\u00e7a sofreu traumatismo craniano ap\u00f3s uma queda; outros alegados maus-tratos n\u00e3o foram ainda comprovados pela investiga\u00e7\u00e3o em curso.<\/li>\n<li>Em 2025, foram conclu\u00eddos 199 processos de fiscaliza\u00e7\u00e3o \u00e0 resposta social de creche, com 12 encerramentos administrativos e tr\u00eas urgentes, e realizadas 1.532 visitas de acompanhamento t\u00e9cnico.<\/li>\n<li>Em fevereiro, pais manifestaram-se em Carnide, Lisboa, alertando para ind\u00edcios de maus-tratos; durante o protesto, uma funcion\u00e1ria da creche foi agredida e a PSP abriu investiga\u00e7\u00e3o em conjunto com o Minist\u00e9rio P\u00fablico.<\/li>\n<\/ul>\n","protected":false},"author":2,"featured_media":421607,"comment_status":"closed","ping_status":"closed","sticky":false,"template":"","format":"standard","meta":{"footnotes":""},"categories":[6745,6871],"tags":[7175,6228,981,7487,2181,243],"class_list":["post-421605","post","type-post","status-publish","format-standard","has-post-thumbnail","hentry","category-saude","category-sociedade","tag-carnide","tag-denuncias","tag-lisboa","tag-maus-tratos-a-menores","tag-protecao-de-menores","tag-seguranca-social"],"yoast_head":"<!-- This site is optimized with the Yoast SEO plugin v27.2 - https:\/\/yoast.com\/product\/yoast-seo-wordpress\/ -->\n<title>Presidente do ISS afirma que o Estado n\u00e3o falhou na creche de Lisboa - Portal Tela Portugal<\/title>\n<meta name=\"robots\" content=\"index, follow, max-snippet:-1, max-image-preview:large, max-video-preview:-1\" \/>\n<meta property=\"og:locale\" content=\"pt_PT\" \/>\n<meta property=\"og:type\" content=\"article\" \/>\n<meta property=\"og:title\" content=\"Presidente do ISS afirma que o Estado n\u00e3o falhou na creche de Lisboa - Portal Tela Portugal\" \/>\n<meta property=\"og:description\" content=\"O Presidente do Instituto da Seguran\u00e7a Social afirmou no Parlamento que, at\u00e9 ao momento, o Estado n\u00e3o falhou no caso da creche Academia Sonhar e Crescer, em Lisboa, enquanto o Minist\u00e9rio P\u00fablico investiga as den\u00fancias de maus-tratos. As den\u00fancias de maus-tratos, neglig\u00eancia e viol\u00eancia est\u00e3o a ser investigadas pelo Minist\u00e9rio P\u00fablico, com relatos que algumas informa\u00e7\u00f5es circulam nas redes sociais, mas n\u00e3o est\u00e3o comprovadas. Foi confirmado que uma crian\u00e7a sofreu traumatismo craniano ap\u00f3s uma queda; outros alegados maus-tratos n\u00e3o foram ainda comprovados pela investiga\u00e7\u00e3o em curso. Em 2025, foram conclu\u00eddos 199 processos de fiscaliza\u00e7\u00e3o \u00e0 resposta social de creche, com 12 encerramentos administrativos e tr\u00eas urgentes, e realizadas 1.532 visitas de acompanhamento t\u00e9cnico. Em fevereiro, pais manifestaram-se em Carnide, Lisboa, alertando para ind\u00edcios de maus-tratos; durante o protesto, uma funcion\u00e1ria da creche foi agredida e a PSP abriu investiga\u00e7\u00e3o em conjunto com o Minist\u00e9rio P\u00fablico.\" \/>\n<meta property=\"og:url\" content=\"https:\/\/portaltela.pt\/noticias\/2026\/03\/25\/presidente-do-iss-afirma-que-o-estado-nao-falhou-na-creche-de-lisboa\/\" \/>\n<meta property=\"og:site_name\" content=\"Portal Tela Portugal\" \/>\n<meta property=\"article:published_time\" content=\"2026-03-25T22:17:00+00:00\" \/>\n<meta name=\"author\" content=\"Telinha\" \/>\n<meta name=\"twitter:card\" content=\"summary_large_image\" \/>\n<meta name=\"twitter:label1\" content=\"Escrito por\" \/>\n\t<meta name=\"twitter:data1\" content=\"Telinha\" \/>\n\t<meta name=\"twitter:label2\" content=\"Tempo estimado de leitura\" \/>\n\t<meta name=\"twitter:data2\" content=\"2 minutos\" \/>\n<script type=\"application\/ld+json\" class=\"yoast-schema-graph\">{\"@context\":\"https:\/\/schema.org\",\"@graph\":[{\"@type\":\"Article\",\"@id\":\"https:\/\/portaltela.pt\/noticias\/2026\/03\/25\/presidente-do-iss-afirma-que-o-estado-nao-falhou-na-creche-de-lisboa\/#article\",\"isPartOf\":{\"@id\":\"https:\/\/portaltela.pt\/noticias\/2026\/03\/25\/presidente-do-iss-afirma-que-o-estado-nao-falhou-na-creche-de-lisboa\/\"},\"author\":{\"name\":\"Telinha\",\"@id\":\"https:\/\/portaltela.pt\/#\/schema\/person\/c4278d4a6028830caff9ee44b42d32ed\"},\"headline\":\"Presidente do ISS afirma que o Estado n\u00e3o falhou na creche de Lisboa\",\"datePublished\":\"2026-03-25T22:17:00+00:00\",\"mainEntityOfPage\":{\"@id\":\"https:\/\/portaltela.pt\/noticias\/2026\/03\/25\/presidente-do-iss-afirma-que-o-estado-nao-falhou-na-creche-de-lisboa\/\"},\"wordCount\":381,\"image\":{\"@id\":\"https:\/\/portaltela.pt\/noticias\/2026\/03\/25\/presidente-do-iss-afirma-que-o-estado-nao-falhou-na-creche-de-lisboa\/#primaryimage\"},\"thumbnailUrl\":\"https:\/\/portaltela.pt\/s.01k8rhncp4jt1\/2026\/03\/img_1280x721uu2017-11-26-07-30-00-687874.jpg\",\"keywords\":[\"Carnide\",\"den\u00fancias\",\"Lisboa\",\"maus-tratos a menores\",\"prote\u00e7\u00e3o de menores\",\"seguran\u00e7a social\"],\"articleSection\":[\"Sa\u00fade\",\"Sociedade\"],\"inLanguage\":\"pt-PT\"},{\"@type\":\"WebPage\",\"@id\":\"https:\/\/portaltela.pt\/noticias\/2026\/03\/25\/presidente-do-iss-afirma-que-o-estado-nao-falhou-na-creche-de-lisboa\/\",\"url\":\"https:\/\/portaltela.pt\/noticias\/2026\/03\/25\/presidente-do-iss-afirma-que-o-estado-nao-falhou-na-creche-de-lisboa\/\",\"name\":\"Presidente do ISS afirma que o Estado n\u00e3o falhou na creche de Lisboa - Portal Tela Portugal\",\"isPartOf\":{\"@id\":\"https:\/\/portaltela.pt\/#website\"},\"primaryImageOfPage\":{\"@id\":\"https:\/\/portaltela.pt\/noticias\/2026\/03\/25\/presidente-do-iss-afirma-que-o-estado-nao-falhou-na-creche-de-lisboa\/#primaryimage\"},\"image\":{\"@id\":\"https:\/\/portaltela.pt\/noticias\/2026\/03\/25\/presidente-do-iss-afirma-que-o-estado-nao-falhou-na-creche-de-lisboa\/#primaryimage\"},\"thumbnailUrl\":\"https:\/\/portaltela.pt\/s.01k8rhncp4jt1\/2026\/03\/img_1280x721uu2017-11-26-07-30-00-687874.jpg\",\"datePublished\":\"2026-03-25T22:17:00+00:00\",\"author\":{\"@id\":\"https:\/\/portaltela.pt\/#\/schema\/person\/c4278d4a6028830caff9ee44b42d32ed\"},\"breadcrumb\":{\"@id\":\"https:\/\/portaltela.pt\/noticias\/2026\/03\/25\/presidente-do-iss-afirma-que-o-estado-nao-falhou-na-creche-de-lisboa\/#breadcrumb\"},\"inLanguage\":\"pt-PT\",\"potentialAction\":[{\"@type\":\"ReadAction\",\"target\":[\"https:\/\/portaltela.pt\/noticias\/2026\/03\/25\/presidente-do-iss-afirma-que-o-estado-nao-falhou-na-creche-de-lisboa\/\"]}]},{\"@type\":\"ImageObject\",\"inLanguage\":\"pt-PT\",\"@id\":\"https:\/\/portaltela.pt\/noticias\/2026\/03\/25\/presidente-do-iss-afirma-que-o-estado-nao-falhou-na-creche-de-lisboa\/#primaryimage\",\"url\":\"https:\/\/portaltela.pt\/s.01k8rhncp4jt1\/2026\/03\/img_1280x721uu2017-11-26-07-30-00-687874.jpg\",\"contentUrl\":\"https:\/\/portaltela.pt\/s.01k8rhncp4jt1\/2026\/03\/img_1280x721uu2017-11-26-07-30-00-687874.jpg\",\"width\":796,\"height\":448,\"caption\":\"Maus tratos a crian\u00e7as\"},{\"@type\":\"BreadcrumbList\",\"@id\":\"https:\/\/portaltela.pt\/noticias\/2026\/03\/25\/presidente-do-iss-afirma-que-o-estado-nao-falhou-na-creche-de-lisboa\/#breadcrumb\",\"itemListElement\":[{\"@type\":\"ListItem\",\"position\":1,\"name\":\"In\u00edcio\",\"item\":\"https:\/\/portaltela.pt\/\"},{\"@type\":\"ListItem\",\"position\":2,\"name\":\"Presidente do ISS afirma que o Estado n\u00e3o falhou na creche de Lisboa\"}]},{\"@type\":\"WebSite\",\"@id\":\"https:\/\/portaltela.pt\/#website\",\"url\":\"https:\/\/portaltela.pt\/\",\"name\":\"Portal Tela Portugal\",\"description\":\"\",\"potentialAction\":[{\"@type\":\"SearchAction\",\"target\":{\"@type\":\"EntryPoint\",\"urlTemplate\":\"https:\/\/portaltela.pt\/?s={search_term_string}\"},\"query-input\":{\"@type\":\"PropertyValueSpecification\",\"valueRequired\":true,\"valueName\":\"search_term_string\"}}],\"inLanguage\":\"pt-PT\"},{\"@type\":\"Person\",\"@id\":\"https:\/\/portaltela.pt\/#\/schema\/person\/c4278d4a6028830caff9ee44b42d32ed\",\"name\":\"Telinha\",\"image\":{\"@type\":\"ImageObject\",\"inLanguage\":\"pt-PT\",\"@id\":\"https:\/\/portaltela.pt\/s.01k8rhncp4jt1\/2025\/11\/talking-bot-125x125.png\",\"url\":\"https:\/\/portaltela.pt\/s.01k8rhncp4jt1\/2025\/11\/talking-bot-125x125.png\",\"contentUrl\":\"https:\/\/portaltela.pt\/s.01k8rhncp4jt1\/2025\/11\/talking-bot-125x125.png\",\"caption\":\"Telinha\"},\"sameAs\":[\"https:\/\/portaltela.pt\/\"],\"url\":\"https:\/\/portaltela.pt\/por\/367410592786\/\"}]}<\/script>\n<!-- \/ Yoast SEO plugin. -->","yoast_head_json":{"title":"Presidente do ISS afirma que o Estado n\u00e3o falhou na creche de Lisboa - Portal Tela Portugal","robots":{"index":"index","follow":"follow","max-snippet":"max-snippet:-1","max-image-preview":"max-image-preview:large","max-video-preview":"max-video-preview:-1"},"og_locale":"pt_PT","og_type":"article","og_title":"Presidente do ISS afirma que o Estado n\u00e3o falhou na creche de Lisboa - Portal Tela Portugal","og_description":"O Presidente do Instituto da Seguran\u00e7a Social afirmou no Parlamento que, at\u00e9 ao momento, o Estado n\u00e3o falhou no caso da creche Academia Sonhar e Crescer, em Lisboa, enquanto o Minist\u00e9rio P\u00fablico investiga as den\u00fancias de maus-tratos. As den\u00fancias de maus-tratos, neglig\u00eancia e viol\u00eancia est\u00e3o a ser investigadas pelo Minist\u00e9rio P\u00fablico, com relatos que algumas informa\u00e7\u00f5es circulam nas redes sociais, mas n\u00e3o est\u00e3o comprovadas. Foi confirmado que uma crian\u00e7a sofreu traumatismo craniano ap\u00f3s uma queda; outros alegados maus-tratos n\u00e3o foram ainda comprovados pela investiga\u00e7\u00e3o em curso. Em 2025, foram conclu\u00eddos 199 processos de fiscaliza\u00e7\u00e3o \u00e0 resposta social de creche, com 12 encerramentos administrativos e tr\u00eas urgentes, e realizadas 1.532 visitas de acompanhamento t\u00e9cnico. Em fevereiro, pais manifestaram-se em Carnide, Lisboa, alertando para ind\u00edcios de maus-tratos; durante o protesto, uma funcion\u00e1ria da creche foi agredida e a PSP abriu investiga\u00e7\u00e3o em conjunto com o Minist\u00e9rio P\u00fablico.","og_url":"https:\/\/portaltela.pt\/noticias\/2026\/03\/25\/presidente-do-iss-afirma-que-o-estado-nao-falhou-na-creche-de-lisboa\/","og_site_name":"Portal Tela Portugal","article_published_time":"2026-03-25T22:17:00+00:00","author":"Telinha","twitter_card":"summary_large_image","twitter_misc":{"Escrito por":"Telinha","Tempo estimado de leitura":"2 minutos"},"schema":{"@context":"https:\/\/schema.org","@graph":[{"@type":"Article","@id":"https:\/\/portaltela.pt\/noticias\/2026\/03\/25\/presidente-do-iss-afirma-que-o-estado-nao-falhou-na-creche-de-lisboa\/#article","isPartOf":{"@id":"https:\/\/portaltela.pt\/noticias\/2026\/03\/25\/presidente-do-iss-afirma-que-o-estado-nao-falhou-na-creche-de-lisboa\/"},"author":{"name":"Telinha","@id":"https:\/\/portaltela.pt\/#\/schema\/person\/c4278d4a6028830caff9ee44b42d32ed"},"headline":"Presidente do ISS afirma que o Estado n\u00e3o falhou na creche de Lisboa","datePublished":"2026-03-25T22:17:00+00:00","mainEntityOfPage":{"@id":"https:\/\/portaltela.pt\/noticias\/2026\/03\/25\/presidente-do-iss-afirma-que-o-estado-nao-falhou-na-creche-de-lisboa\/"},"wordCount":381,"image":{"@id":"https:\/\/portaltela.pt\/noticias\/2026\/03\/25\/presidente-do-iss-afirma-que-o-estado-nao-falhou-na-creche-de-lisboa\/#primaryimage"},"thumbnailUrl":"https:\/\/portaltela.pt\/s.01k8rhncp4jt1\/2026\/03\/img_1280x721uu2017-11-26-07-30-00-687874.jpg","keywords":["Carnide","den\u00fancias","Lisboa","maus-tratos a menores","prote\u00e7\u00e3o de menores","seguran\u00e7a social"],"articleSection":["Sa\u00fade","Sociedade"],"inLanguage":"pt-PT"},{"@type":"WebPage","@id":"https:\/\/portaltela.pt\/noticias\/2026\/03\/25\/presidente-do-iss-afirma-que-o-estado-nao-falhou-na-creche-de-lisboa\/","url":"https:\/\/portaltela.pt\/noticias\/2026\/03\/25\/presidente-do-iss-afirma-que-o-estado-nao-falhou-na-creche-de-lisboa\/","name":"Presidente do ISS afirma que o Estado n\u00e3o falhou na creche de Lisboa - Portal Tela Portugal","isPartOf":{"@id":"https:\/\/portaltela.pt\/#website"},"primaryImageOfPage":{"@id":"https:\/\/portaltela.pt\/noticias\/2026\/03\/25\/presidente-do-iss-afirma-que-o-estado-nao-falhou-na-creche-de-lisboa\/#primaryimage"},"image":{"@id":"https:\/\/portaltela.pt\/noticias\/2026\/03\/25\/presidente-do-iss-afirma-que-o-estado-nao-falhou-na-creche-de-lisboa\/#primaryimage"},"thumbnailUrl":"https:\/\/portaltela.pt\/s.01k8rhncp4jt1\/2026\/03\/img_1280x721uu2017-11-26-07-30-00-687874.jpg","datePublished":"2026-03-25T22:17:00+00:00","author":{"@id":"https:\/\/portaltela.pt\/#\/schema\/person\/c4278d4a6028830caff9ee44b42d32ed"},"breadcrumb":{"@id":"https:\/\/portaltela.pt\/noticias\/2026\/03\/25\/presidente-do-iss-afirma-que-o-estado-nao-falhou-na-creche-de-lisboa\/#breadcrumb"},"inLanguage":"pt-PT","potentialAction":[{"@type":"ReadAction","target":["https:\/\/portaltela.pt\/noticias\/2026\/03\/25\/presidente-do-iss-afirma-que-o-estado-nao-falhou-na-creche-de-lisboa\/"]}]},{"@type":"ImageObject","inLanguage":"pt-PT","@id":"https:\/\/portaltela.pt\/noticias\/2026\/03\/25\/presidente-do-iss-afirma-que-o-estado-nao-falhou-na-creche-de-lisboa\/#primaryimage","url":"https:\/\/portaltela.pt\/s.01k8rhncp4jt1\/2026\/03\/img_1280x721uu2017-11-26-07-30-00-687874.jpg","contentUrl":"https:\/\/portaltela.pt\/s.01k8rhncp4jt1\/2026\/03\/img_1280x721uu2017-11-26-07-30-00-687874.jpg","width":796,"height":448,"caption":"Maus tratos a crian\u00e7as"},{"@type":"BreadcrumbList","@id":"https:\/\/portaltela.pt\/noticias\/2026\/03\/25\/presidente-do-iss-afirma-que-o-estado-nao-falhou-na-creche-de-lisboa\/#breadcrumb","itemListElement":[{"@type":"ListItem","position":1,"name":"In\u00edcio","item":"https:\/\/portaltela.pt\/"},{"@type":"ListItem","position":2,"name":"Presidente do ISS afirma que o Estado n\u00e3o falhou na creche de Lisboa"}]},{"@type":"WebSite","@id":"https:\/\/portaltela.pt\/#website","url":"https:\/\/portaltela.pt\/","name":"Portal Tela Portugal","description":"","potentialAction":[{"@type":"SearchAction","target":{"@type":"EntryPoint","urlTemplate":"https:\/\/portaltela.pt\/?s={search_term_string}"},"query-input":{"@type":"PropertyValueSpecification","valueRequired":true,"valueName":"search_term_string"}}],"inLanguage":"pt-PT"},{"@type":"Person","@id":"https:\/\/portaltela.pt\/#\/schema\/person\/c4278d4a6028830caff9ee44b42d32ed","name":"Telinha","image":{"@type":"ImageObject","inLanguage":"pt-PT","@id":"https:\/\/portaltela.pt\/s.01k8rhncp4jt1\/2025\/11\/talking-bot-125x125.png","url":"https:\/\/portaltela.pt\/s.01k8rhncp4jt1\/2025\/11\/talking-bot-125x125.png","contentUrl":"https:\/\/portaltela.pt\/s.01k8rhncp4jt1\/2025\/11\/talking-bot-125x125.png","caption":"Telinha"},"sameAs":["https:\/\/portaltela.pt\/"],"url":"https:\/\/portaltela.pt\/por\/367410592786\/"}]}},"_links":{"self":[{"href":"https:\/\/portaltela.pt\/api\/wp\/v2\/posts\/421605","targetHints":{"allow":["GET"]}}],"collection":[{"href":"https:\/\/portaltela.pt\/api\/wp\/v2\/posts"}],"about":[{"href":"https:\/\/portaltela.pt\/api\/wp\/v2\/types\/post"}],"author":[{"embeddable":true,"href":"https:\/\/portaltela.pt\/api\/wp\/v2\/users\/2"}],"replies":[{"embeddable":true,"href":"https:\/\/portaltela.pt\/api\/wp\/v2\/comments?post=421605"}],"version-history":[{"count":0,"href":"https:\/\/portaltela.pt\/api\/wp\/v2\/posts\/421605\/revisions"}],"wp:featuredmedia":[{"embeddable":true,"href":"https:\/\/portaltela.pt\/api\/wp\/v2\/media\/421607"}],"wp:attachment":[{"href":"https:\/\/portaltela.pt\/api\/wp\/v2\/media?parent=421605"}],"wp:term":[{"taxonomy":"category","embeddable":true,"href":"https:\/\/portaltela.pt\/api\/wp\/v2\/categories?post=421605"},{"taxonomy":"post_tag","embeddable":true,"href":"https:\/\/portaltela.pt\/api\/wp\/v2\/tags?post=421605"}],"curies":[{"name":"wp","href":"https:\/\/api.w.org\/{rel}","templated":true}]}}