{"id":421599,"date":"2026-03-25T19:04:00","date_gmt":"2026-03-25T22:04:00","guid":{"rendered":"https:\/\/portaltela.pt\/noticias\/2026\/03\/25\/governo-propoe-concurso-continuo-para-agilizar-contratacao-de-professores\/"},"modified":"2026-03-25T19:04:00","modified_gmt":"2026-03-25T22:04:00","slug":"governo-propoe-concurso-continuo-para-agilizar-contratacao-de-professores","status":"publish","type":"post","link":"https:\/\/portaltela.pt\/sociedade\/2026\/03\/25\/governo-propoe-concurso-continuo-para-agilizar-contratacao-de-professores\/","title":{"rendered":"Governo prop\u00f5e concurso cont\u00ednuo para agilizar contrata\u00e7\u00e3o de professores"},"content":{"rendered":"<p>O Minist\u00e9rio da Educa\u00e7\u00e3o apresentou aos sindicatos, nesta quarta-feira, linhas gerais de uma proposta para reformar a contrata\u00e7\u00e3o de professores, substituindo as modalidades atuais por um concurso externo cont\u00ednuo ao longo do ano letivo. A ideia \u00e9 preencher vagas assim surgirem, por exemplo, por aposenta\u00e7\u00f5es ou baixas m\u00e9dicas.<\/p>\n<p>O modelo, desenvolvido pelo MECI, permite que candidatos concorrem j\u00e1 durante o ano letivo, resolvendo a exclus\u00e3o de rec\u00e9m-diplomados que ficavam de fora do concurso externo anual. O objetivo \u00e9 tornar o processo mais \u00e1gil e alinhado \u00e0s necessidades das escolas.<\/p>\n<p>Apenas o concurso interno de mobilidade entre quadros permanece, com antecipa\u00e7\u00e3o para que docentes saibam onde estar\u00e3o em setembro. A coloca\u00e7\u00e3o manter\u00e1 a lista graduada nacional, com base no tempo de servi\u00e7o e na classifica\u00e7\u00e3o de habilita\u00e7\u00e3o.<\/p>\n<h3>O que pode mudar na pr\u00e1tica<\/h3>\n<p>O ministro admite que h\u00e1 detalhes por definir e pretende concluir a discuss\u00e3o at\u00e9 junho, para implementa\u00e7\u00e3o no ano letivo 2027\/2028. Questiona-se ainda o tipo de v\u00ednculo contratual e a estabilidade frente a necessidades permanentes das escolas, sem criar ultrapassagens.<\/p>\n<p>Os sindicatos expressaram d\u00favidas quanto aos procedimentos, \u00e0 rela\u00e7\u00e3o com mapas de pessoal e \u00e0 organiza\u00e7\u00e3o de quadros pedag\u00f3gicos, pedindo esclarecimentos adicionais. Tamb\u00e9m surgem preocupa\u00e7\u00f5es sobre a preserva\u00e7\u00e3o da gradua\u00e7\u00e3o profissional.<\/p>\n<h3>Rea\u00e7\u00f5es e pr\u00f3ximos passos<\/h3>\n<p>As organiza\u00e7\u00f5es sindicais destacaram a possibilidade de agilizar coloca\u00e7\u00f5es, mas avisaram que permanecem d\u00favidas sobre a mobilidade interna e a valoriza\u00e7\u00e3o da carreira. Assinalam que \u00e9 necess\u00e1rio evitar ultrapassagens na gradua\u00e7\u00e3o, mantendo o respeito pela forma\u00e7\u00e3o.<\/p>\n<p>Encerrou-se a reuni\u00e3o com a apresenta\u00e7\u00e3o dos prazos: at\u00e9 10 de abril os sindicatos devem enviar contrapropostas, com nova reuni\u00e3o marcada para 20 de abril. O objetivo \u00e9 chegar a um acordo que permita as novas regras entrar em vigor para o pr\u00f3ximo ciclo de contrata\u00e7\u00e3o.<\/p>\n","protected":false},"excerpt":{"rendered":"<ul>\n<li>O Minist\u00e9rio da Educa\u00e7\u00e3o apresentou aos sindicatos uma proposta de concurso externo cont\u00ednuo ao longo do ano para contrata\u00e7\u00e3o de professores, substituindo o concurso externo anual, as reservas de recrutamento e a contrata\u00e7\u00e3o de escola.<\/li>\n<li>O modelo permitiria preencher vagas imediatas surgidas por aposenta\u00e7\u00f5es ou baixas m\u00e9dicas; candidatos poderiam concorrer j\u00e1 durante o ano letivo.<\/li>\n<li>O ministro Fernando Alexandre afirmou que manter\u00e1 apenas o concurso interno de mobilidade; a coloca\u00e7\u00e3o seguir\u00e1 a lista graduada nacional, sem novos concursos externos extraordin\u00e1rios.<\/li>\n<li>Existem d\u00favidas sobre o tipo de v\u00ednculo e a mobilidade interna; sindicatos apontam riscos de ultrapassagens na gradua\u00e7\u00e3o profissional e pedem mais clareza sobre o funcionamento.<\/li>\n<li>Os sindicatos t\u00eam at\u00e9 10 de abril para apresentar contrapropostas, com nova reuni\u00e3o marcada para 20 de abril; a medida visa aplicar-se ao ano letivo de 2027\/2028.<\/li>\n<\/ul>\n","protected":false},"author":2,"featured_media":421601,"comment_status":"closed","ping_status":"closed","sticky":false,"template":"","format":"standard","meta":{"footnotes":""},"categories":[1,6871],"tags":[168,164,163,2443,1734,97],"class_list":["post-421599","post","type-post","status-publish","format-standard","has-post-thumbnail","hentry","category-noticias","category-sociedade","tag-administracao-publica","tag-concurso","tag-educacao","tag-educacao-publica","tag-planeamento-estrategico","tag-professores"],"yoast_head":"<!-- This site is optimized with the Yoast SEO plugin v27.2 - https:\/\/yoast.com\/product\/yoast-seo-wordpress\/ -->\n<title>Governo prop\u00f5e concurso cont\u00ednuo para agilizar contrata\u00e7\u00e3o de professores - Portal Tela Portugal<\/title>\n<meta name=\"robots\" content=\"index, follow, max-snippet:-1, max-image-preview:large, max-video-preview:-1\" \/>\n<meta property=\"og:locale\" content=\"pt_PT\" \/>\n<meta property=\"og:type\" content=\"article\" \/>\n<meta property=\"og:title\" content=\"Governo prop\u00f5e concurso cont\u00ednuo para agilizar contrata\u00e7\u00e3o de professores - Portal Tela Portugal\" \/>\n<meta property=\"og:description\" content=\"O Minist\u00e9rio da Educa\u00e7\u00e3o apresentou aos sindicatos uma proposta de concurso externo cont\u00ednuo ao longo do ano para contrata\u00e7\u00e3o de professores, substituindo o concurso externo anual, as reservas de recrutamento e a contrata\u00e7\u00e3o de escola. O modelo permitiria preencher vagas imediatas surgidas por aposenta\u00e7\u00f5es ou baixas m\u00e9dicas; candidatos poderiam concorrer j\u00e1 durante o ano letivo. O ministro Fernando Alexandre afirmou que manter\u00e1 apenas o concurso interno de mobilidade; a coloca\u00e7\u00e3o seguir\u00e1 a lista graduada nacional, sem novos concursos externos extraordin\u00e1rios. Existem d\u00favidas sobre o tipo de v\u00ednculo e a mobilidade interna; sindicatos apontam riscos de ultrapassagens na gradua\u00e7\u00e3o profissional e pedem mais clareza sobre o funcionamento. Os sindicatos t\u00eam at\u00e9 10 de abril para apresentar contrapropostas, com nova reuni\u00e3o marcada para 20 de abril; a medida visa aplicar-se ao ano letivo de 2027\/2028.\" \/>\n<meta property=\"og:url\" content=\"https:\/\/portaltela.pt\/noticias\/2026\/03\/25\/governo-propoe-concurso-continuo-para-agilizar-contratacao-de-professores\/\" \/>\n<meta property=\"og:site_name\" content=\"Portal Tela Portugal\" \/>\n<meta property=\"article:published_time\" content=\"2026-03-25T22:04:00+00:00\" \/>\n<meta name=\"author\" content=\"Telinha\" \/>\n<meta name=\"twitter:card\" content=\"summary_large_image\" \/>\n<meta name=\"twitter:label1\" content=\"Escrito por\" \/>\n\t<meta name=\"twitter:data1\" content=\"Telinha\" \/>\n\t<meta name=\"twitter:label2\" content=\"Tempo estimado de leitura\" \/>\n\t<meta name=\"twitter:data2\" content=\"2 minutos\" \/>\n<script type=\"application\/ld+json\" class=\"yoast-schema-graph\">{\"@context\":\"https:\/\/schema.org\",\"@graph\":[{\"@type\":\"Article\",\"@id\":\"https:\/\/portaltela.pt\/noticias\/2026\/03\/25\/governo-propoe-concurso-continuo-para-agilizar-contratacao-de-professores\/#article\",\"isPartOf\":{\"@id\":\"https:\/\/portaltela.pt\/noticias\/2026\/03\/25\/governo-propoe-concurso-continuo-para-agilizar-contratacao-de-professores\/\"},\"author\":{\"name\":\"Telinha\",\"@id\":\"https:\/\/portaltela.pt\/#\/schema\/person\/c4278d4a6028830caff9ee44b42d32ed\"},\"headline\":\"Governo prop\u00f5e concurso cont\u00ednuo para agilizar contrata\u00e7\u00e3o de professores\",\"datePublished\":\"2026-03-25T22:04:00+00:00\",\"mainEntityOfPage\":{\"@id\":\"https:\/\/portaltela.pt\/noticias\/2026\/03\/25\/governo-propoe-concurso-continuo-para-agilizar-contratacao-de-professores\/\"},\"wordCount\":332,\"image\":{\"@id\":\"https:\/\/portaltela.pt\/noticias\/2026\/03\/25\/governo-propoe-concurso-continuo-para-agilizar-contratacao-de-professores\/#primaryimage\"},\"thumbnailUrl\":\"https:\/\/portaltela.pt\/s.01k8rhncp4jt1\/2026\/03\/image-1513.jpg\",\"keywords\":[\"administra\u00e7\u00e3o p\u00fablica\",\"concurso\",\"educa\u00e7\u00e3o\",\"educa\u00e7\u00e3o p\u00fablica\",\"Planeamento Estrat\u00e9gico\",\"professores\"],\"articleSection\":[\"Not\u00edcias\",\"Sociedade\"],\"inLanguage\":\"pt-PT\"},{\"@type\":\"WebPage\",\"@id\":\"https:\/\/portaltela.pt\/noticias\/2026\/03\/25\/governo-propoe-concurso-continuo-para-agilizar-contratacao-de-professores\/\",\"url\":\"https:\/\/portaltela.pt\/noticias\/2026\/03\/25\/governo-propoe-concurso-continuo-para-agilizar-contratacao-de-professores\/\",\"name\":\"Governo prop\u00f5e concurso cont\u00ednuo para agilizar contrata\u00e7\u00e3o de professores - Portal Tela Portugal\",\"isPartOf\":{\"@id\":\"https:\/\/portaltela.pt\/#website\"},\"primaryImageOfPage\":{\"@id\":\"https:\/\/portaltela.pt\/noticias\/2026\/03\/25\/governo-propoe-concurso-continuo-para-agilizar-contratacao-de-professores\/#primaryimage\"},\"image\":{\"@id\":\"https:\/\/portaltela.pt\/noticias\/2026\/03\/25\/governo-propoe-concurso-continuo-para-agilizar-contratacao-de-professores\/#primaryimage\"},\"thumbnailUrl\":\"https:\/\/portaltela.pt\/s.01k8rhncp4jt1\/2026\/03\/image-1513.jpg\",\"datePublished\":\"2026-03-25T22:04:00+00:00\",\"author\":{\"@id\":\"https:\/\/portaltela.pt\/#\/schema\/person\/c4278d4a6028830caff9ee44b42d32ed\"},\"breadcrumb\":{\"@id\":\"https:\/\/portaltela.pt\/noticias\/2026\/03\/25\/governo-propoe-concurso-continuo-para-agilizar-contratacao-de-professores\/#breadcrumb\"},\"inLanguage\":\"pt-PT\",\"potentialAction\":[{\"@type\":\"ReadAction\",\"target\":[\"https:\/\/portaltela.pt\/noticias\/2026\/03\/25\/governo-propoe-concurso-continuo-para-agilizar-contratacao-de-professores\/\"]}]},{\"@type\":\"ImageObject\",\"inLanguage\":\"pt-PT\",\"@id\":\"https:\/\/portaltela.pt\/noticias\/2026\/03\/25\/governo-propoe-concurso-continuo-para-agilizar-contratacao-de-professores\/#primaryimage\",\"url\":\"https:\/\/portaltela.pt\/s.01k8rhncp4jt1\/2026\/03\/image-1513.jpg\",\"contentUrl\":\"https:\/\/portaltela.pt\/s.01k8rhncp4jt1\/2026\/03\/image-1513.jpg\",\"width\":796,\"height\":448,\"caption\":\"Minist\u00e9rio da Educa\u00e7\u00e3o defende um processo de contrata\u00e7\u00e3o de professores que seja mais \u00e1gil face \u00e0s necessidades das escolas\"},{\"@type\":\"BreadcrumbList\",\"@id\":\"https:\/\/portaltela.pt\/noticias\/2026\/03\/25\/governo-propoe-concurso-continuo-para-agilizar-contratacao-de-professores\/#breadcrumb\",\"itemListElement\":[{\"@type\":\"ListItem\",\"position\":1,\"name\":\"In\u00edcio\",\"item\":\"https:\/\/portaltela.pt\/\"},{\"@type\":\"ListItem\",\"position\":2,\"name\":\"Governo prop\u00f5e concurso cont\u00ednuo para agilizar contrata\u00e7\u00e3o de professores\"}]},{\"@type\":\"WebSite\",\"@id\":\"https:\/\/portaltela.pt\/#website\",\"url\":\"https:\/\/portaltela.pt\/\",\"name\":\"Portal Tela Portugal\",\"description\":\"\",\"potentialAction\":[{\"@type\":\"SearchAction\",\"target\":{\"@type\":\"EntryPoint\",\"urlTemplate\":\"https:\/\/portaltela.pt\/?s={search_term_string}\"},\"query-input\":{\"@type\":\"PropertyValueSpecification\",\"valueRequired\":true,\"valueName\":\"search_term_string\"}}],\"inLanguage\":\"pt-PT\"},{\"@type\":\"Person\",\"@id\":\"https:\/\/portaltela.pt\/#\/schema\/person\/c4278d4a6028830caff9ee44b42d32ed\",\"name\":\"Telinha\",\"image\":{\"@type\":\"ImageObject\",\"inLanguage\":\"pt-PT\",\"@id\":\"https:\/\/portaltela.pt\/s.01k8rhncp4jt1\/2025\/11\/talking-bot-125x125.png\",\"url\":\"https:\/\/portaltela.pt\/s.01k8rhncp4jt1\/2025\/11\/talking-bot-125x125.png\",\"contentUrl\":\"https:\/\/portaltela.pt\/s.01k8rhncp4jt1\/2025\/11\/talking-bot-125x125.png\",\"caption\":\"Telinha\"},\"sameAs\":[\"https:\/\/portaltela.pt\/\"],\"url\":\"https:\/\/portaltela.pt\/por\/367410592786\/\"}]}<\/script>\n<!-- \/ Yoast SEO plugin. -->","yoast_head_json":{"title":"Governo prop\u00f5e concurso cont\u00ednuo para agilizar contrata\u00e7\u00e3o de professores - Portal Tela Portugal","robots":{"index":"index","follow":"follow","max-snippet":"max-snippet:-1","max-image-preview":"max-image-preview:large","max-video-preview":"max-video-preview:-1"},"og_locale":"pt_PT","og_type":"article","og_title":"Governo prop\u00f5e concurso cont\u00ednuo para agilizar contrata\u00e7\u00e3o de professores - Portal Tela Portugal","og_description":"O Minist\u00e9rio da Educa\u00e7\u00e3o apresentou aos sindicatos uma proposta de concurso externo cont\u00ednuo ao longo do ano para contrata\u00e7\u00e3o de professores, substituindo o concurso externo anual, as reservas de recrutamento e a contrata\u00e7\u00e3o de escola. O modelo permitiria preencher vagas imediatas surgidas por aposenta\u00e7\u00f5es ou baixas m\u00e9dicas; candidatos poderiam concorrer j\u00e1 durante o ano letivo. O ministro Fernando Alexandre afirmou que manter\u00e1 apenas o concurso interno de mobilidade; a coloca\u00e7\u00e3o seguir\u00e1 a lista graduada nacional, sem novos concursos externos extraordin\u00e1rios. Existem d\u00favidas sobre o tipo de v\u00ednculo e a mobilidade interna; sindicatos apontam riscos de ultrapassagens na gradua\u00e7\u00e3o profissional e pedem mais clareza sobre o funcionamento. Os sindicatos t\u00eam at\u00e9 10 de abril para apresentar contrapropostas, com nova reuni\u00e3o marcada para 20 de abril; a medida visa aplicar-se ao ano letivo de 2027\/2028.","og_url":"https:\/\/portaltela.pt\/noticias\/2026\/03\/25\/governo-propoe-concurso-continuo-para-agilizar-contratacao-de-professores\/","og_site_name":"Portal Tela Portugal","article_published_time":"2026-03-25T22:04:00+00:00","author":"Telinha","twitter_card":"summary_large_image","twitter_misc":{"Escrito por":"Telinha","Tempo estimado de leitura":"2 minutos"},"schema":{"@context":"https:\/\/schema.org","@graph":[{"@type":"Article","@id":"https:\/\/portaltela.pt\/noticias\/2026\/03\/25\/governo-propoe-concurso-continuo-para-agilizar-contratacao-de-professores\/#article","isPartOf":{"@id":"https:\/\/portaltela.pt\/noticias\/2026\/03\/25\/governo-propoe-concurso-continuo-para-agilizar-contratacao-de-professores\/"},"author":{"name":"Telinha","@id":"https:\/\/portaltela.pt\/#\/schema\/person\/c4278d4a6028830caff9ee44b42d32ed"},"headline":"Governo prop\u00f5e concurso cont\u00ednuo para agilizar contrata\u00e7\u00e3o de professores","datePublished":"2026-03-25T22:04:00+00:00","mainEntityOfPage":{"@id":"https:\/\/portaltela.pt\/noticias\/2026\/03\/25\/governo-propoe-concurso-continuo-para-agilizar-contratacao-de-professores\/"},"wordCount":332,"image":{"@id":"https:\/\/portaltela.pt\/noticias\/2026\/03\/25\/governo-propoe-concurso-continuo-para-agilizar-contratacao-de-professores\/#primaryimage"},"thumbnailUrl":"https:\/\/portaltela.pt\/s.01k8rhncp4jt1\/2026\/03\/image-1513.jpg","keywords":["administra\u00e7\u00e3o p\u00fablica","concurso","educa\u00e7\u00e3o","educa\u00e7\u00e3o p\u00fablica","Planeamento Estrat\u00e9gico","professores"],"articleSection":["Not\u00edcias","Sociedade"],"inLanguage":"pt-PT"},{"@type":"WebPage","@id":"https:\/\/portaltela.pt\/noticias\/2026\/03\/25\/governo-propoe-concurso-continuo-para-agilizar-contratacao-de-professores\/","url":"https:\/\/portaltela.pt\/noticias\/2026\/03\/25\/governo-propoe-concurso-continuo-para-agilizar-contratacao-de-professores\/","name":"Governo prop\u00f5e concurso cont\u00ednuo para agilizar contrata\u00e7\u00e3o de professores - Portal Tela Portugal","isPartOf":{"@id":"https:\/\/portaltela.pt\/#website"},"primaryImageOfPage":{"@id":"https:\/\/portaltela.pt\/noticias\/2026\/03\/25\/governo-propoe-concurso-continuo-para-agilizar-contratacao-de-professores\/#primaryimage"},"image":{"@id":"https:\/\/portaltela.pt\/noticias\/2026\/03\/25\/governo-propoe-concurso-continuo-para-agilizar-contratacao-de-professores\/#primaryimage"},"thumbnailUrl":"https:\/\/portaltela.pt\/s.01k8rhncp4jt1\/2026\/03\/image-1513.jpg","datePublished":"2026-03-25T22:04:00+00:00","author":{"@id":"https:\/\/portaltela.pt\/#\/schema\/person\/c4278d4a6028830caff9ee44b42d32ed"},"breadcrumb":{"@id":"https:\/\/portaltela.pt\/noticias\/2026\/03\/25\/governo-propoe-concurso-continuo-para-agilizar-contratacao-de-professores\/#breadcrumb"},"inLanguage":"pt-PT","potentialAction":[{"@type":"ReadAction","target":["https:\/\/portaltela.pt\/noticias\/2026\/03\/25\/governo-propoe-concurso-continuo-para-agilizar-contratacao-de-professores\/"]}]},{"@type":"ImageObject","inLanguage":"pt-PT","@id":"https:\/\/portaltela.pt\/noticias\/2026\/03\/25\/governo-propoe-concurso-continuo-para-agilizar-contratacao-de-professores\/#primaryimage","url":"https:\/\/portaltela.pt\/s.01k8rhncp4jt1\/2026\/03\/image-1513.jpg","contentUrl":"https:\/\/portaltela.pt\/s.01k8rhncp4jt1\/2026\/03\/image-1513.jpg","width":796,"height":448,"caption":"Minist\u00e9rio da Educa\u00e7\u00e3o defende um processo de contrata\u00e7\u00e3o de professores que seja mais \u00e1gil face \u00e0s necessidades das escolas"},{"@type":"BreadcrumbList","@id":"https:\/\/portaltela.pt\/noticias\/2026\/03\/25\/governo-propoe-concurso-continuo-para-agilizar-contratacao-de-professores\/#breadcrumb","itemListElement":[{"@type":"ListItem","position":1,"name":"In\u00edcio","item":"https:\/\/portaltela.pt\/"},{"@type":"ListItem","position":2,"name":"Governo prop\u00f5e concurso cont\u00ednuo para agilizar contrata\u00e7\u00e3o de professores"}]},{"@type":"WebSite","@id":"https:\/\/portaltela.pt\/#website","url":"https:\/\/portaltela.pt\/","name":"Portal Tela Portugal","description":"","potentialAction":[{"@type":"SearchAction","target":{"@type":"EntryPoint","urlTemplate":"https:\/\/portaltela.pt\/?s={search_term_string}"},"query-input":{"@type":"PropertyValueSpecification","valueRequired":true,"valueName":"search_term_string"}}],"inLanguage":"pt-PT"},{"@type":"Person","@id":"https:\/\/portaltela.pt\/#\/schema\/person\/c4278d4a6028830caff9ee44b42d32ed","name":"Telinha","image":{"@type":"ImageObject","inLanguage":"pt-PT","@id":"https:\/\/portaltela.pt\/s.01k8rhncp4jt1\/2025\/11\/talking-bot-125x125.png","url":"https:\/\/portaltela.pt\/s.01k8rhncp4jt1\/2025\/11\/talking-bot-125x125.png","contentUrl":"https:\/\/portaltela.pt\/s.01k8rhncp4jt1\/2025\/11\/talking-bot-125x125.png","caption":"Telinha"},"sameAs":["https:\/\/portaltela.pt\/"],"url":"https:\/\/portaltela.pt\/por\/367410592786\/"}]}},"_links":{"self":[{"href":"https:\/\/portaltela.pt\/api\/wp\/v2\/posts\/421599","targetHints":{"allow":["GET"]}}],"collection":[{"href":"https:\/\/portaltela.pt\/api\/wp\/v2\/posts"}],"about":[{"href":"https:\/\/portaltela.pt\/api\/wp\/v2\/types\/post"}],"author":[{"embeddable":true,"href":"https:\/\/portaltela.pt\/api\/wp\/v2\/users\/2"}],"replies":[{"embeddable":true,"href":"https:\/\/portaltela.pt\/api\/wp\/v2\/comments?post=421599"}],"version-history":[{"count":0,"href":"https:\/\/portaltela.pt\/api\/wp\/v2\/posts\/421599\/revisions"}],"wp:featuredmedia":[{"embeddable":true,"href":"https:\/\/portaltela.pt\/api\/wp\/v2\/media\/421601"}],"wp:attachment":[{"href":"https:\/\/portaltela.pt\/api\/wp\/v2\/media?parent=421599"}],"wp:term":[{"taxonomy":"category","embeddable":true,"href":"https:\/\/portaltela.pt\/api\/wp\/v2\/categories?post=421599"},{"taxonomy":"post_tag","embeddable":true,"href":"https:\/\/portaltela.pt\/api\/wp\/v2\/tags?post=421599"}],"curies":[{"name":"wp","href":"https:\/\/api.w.org\/{rel}","templated":true}]}}