{"id":421595,"date":"2026-03-25T19:04:52","date_gmt":"2026-03-25T22:04:52","guid":{"rendered":"https:\/\/portaltela.pt\/noticias\/2026\/03\/25\/camara-de-lisboa-aprova-880-mil-euros-para-apoio-as-marchas-populares\/"},"modified":"2026-03-25T19:04:52","modified_gmt":"2026-03-25T22:04:52","slug":"camara-de-lisboa-aprova-880-mil-euros-para-apoio-as-marchas-populares","status":"publish","type":"post","link":"https:\/\/portaltela.pt\/musica\/2026\/03\/25\/camara-de-lisboa-aprova-880-mil-euros-para-apoio-as-marchas-populares\/","title":{"rendered":"C\u00e2mara de Lisboa aprova 880 mil euros para apoio \u00e0s Marchas Populares"},"content":{"rendered":"<p>A C\u00e2mara de Lisboa aprovou, nesta quarta-feira, por unanimidade, a atribui\u00e7\u00e3o de 880 mil euros para apoiar as 22 coletividades participantes nas Marchas Populares de 2026, com 40 mil euros para cada uma. A proposta foi subscrita pelo vereador da Cultura, Diogo Moura (CDS-PP).<\/p>\n<p>O objetivo \u00e9 garantir os meios financeiros adequados \u00e0 prepara\u00e7\u00e3o e concretiza\u00e7\u00e3o das Marchas Populares de Lisboa de 2026, integrada no programa das festas da cidade, que se celebram anualmente em junho.<\/p>\n<p>As Marchas Populares, com ra\u00edzes nas festas de bairro e fortemente influenciadas pelo fado e pela cultura local, s\u00e3o apresentadas pela autarquia como um s\u00edmbolo identit\u00e1rio da cidade.<\/p>\n<p>De forma id\u00eantica ao ano anterior, o montante total de 880 mil euros ser\u00e1 transferido por igual, ou seja, 40 mil euros, para as 22 coletividades organizadoras, sendo 20 delas a concurso.<\/p>\n<p>Segundo a C\u00e2mara, as Marchas Populares contribuem para a dinamiza\u00e7\u00e3o econ\u00f3mica de in\u00fameras entidades ligadas \u00e0 vida associativa e cultural dos bairros hist\u00f3ricos do concelho.<\/p>\n<p>As Marchas Populares de Lisboa remontam ao in\u00edcio do s\u00e9culo XX, ganhando notoriedade em 1932, quando foram institucionalizadas como competi\u00e7\u00e3o entre bairros, com o desfile na Avenida da Liberdade entre as 12 e 13 de junho.<\/p>\n<p>No \u00e2mbito do concurso, cada bairro concorrente apresenta a sua marcha, com trajes originais e coreografias desenvolvidas ao longo de v\u00e1rios meses.<\/p>\n<p>O executivo da C\u00e2mara de Lisboa \u00e9 composto por 17 membros, com maioria absoluta, integrando elementos do PSD\/CDS-PP\/IL, PS, Livre, BE, PCP e Chega.<\/p>\n","protected":false},"excerpt":{"rendered":"<ul>\n<li>A C\u00e2mara de Lisboa aprovou, por unanimidade, a atribui\u00e7\u00e3o de 880 mil euros para apoiar as 22 coletividades participantes nas Marchas Populares de 2026, equivalentes a 40 mil euros por organiza\u00e7\u00e3o.<\/li>\n<li>O objetivo \u00e9 garantir meios financeiros para a prepara\u00e7\u00e3o e realiza\u00e7\u00e3o das Marchas Populares de Lisboa de 2026, integradas no programa das festas da cidade, que decorrem em junho.<\/li>\n<li>As marchas s\u00e3o descritas como s\u00edmbolo identit\u00e1rio da cidade, com ra\u00edzes em festas de bairro e forte liga\u00e7\u00e3o ao fado e \u00e0 cultura local, e 20 das 22 marchas est\u00e3o inseridas no concurso.<\/li>\n<li>As Marchas Populares contribuem para a dinamiza\u00e7\u00e3o econ\u00f3mica de entidades ligadas \u00e0 vida associativa e cultural dos bairros hist\u00f3ricos do concelho.<\/li>\n<li>As marchas remontam ao in\u00edcio do s\u00e9culo XX e ganharam notoriedade em 1932, quando institucionalizadas como competi\u00e7\u00e3o entre bairros, com desfile na Avenida da Liberdade entre a noite de 12 para 13 de junho.<\/li>\n<\/ul>\n","protected":false},"author":2,"featured_media":421597,"comment_status":"closed","ping_status":"closed","sticky":false,"template":"","format":"standard","meta":{"footnotes":""},"categories":[7375,6676],"tags":[6115,144,145,3731,4919,981],"class_list":["post-421595","post","type-post","status-publish","format-standard","has-post-thumbnail","hentry","category-cultura","category-musica","tag-_economia","tag-concelho","tag-cultura","tag-eventos","tag-festas","tag-lisboa"],"yoast_head":"<!-- This site is optimized with the Yoast SEO plugin v27.2 - https:\/\/yoast.com\/product\/yoast-seo-wordpress\/ -->\n<title>C\u00e2mara de Lisboa aprova 880 mil euros para apoio \u00e0s Marchas Populares - Portal Tela Portugal<\/title>\n<meta name=\"robots\" content=\"index, follow, max-snippet:-1, max-image-preview:large, max-video-preview:-1\" \/>\n<meta property=\"og:locale\" content=\"pt_PT\" \/>\n<meta property=\"og:type\" content=\"article\" \/>\n<meta property=\"og:title\" content=\"C\u00e2mara de Lisboa aprova 880 mil euros para apoio \u00e0s Marchas Populares - Portal Tela Portugal\" \/>\n<meta property=\"og:description\" content=\"A C\u00e2mara de Lisboa aprovou, por unanimidade, a atribui\u00e7\u00e3o de 880 mil euros para apoiar as 22 coletividades participantes nas Marchas Populares de 2026, equivalentes a 40 mil euros por organiza\u00e7\u00e3o. O objetivo \u00e9 garantir meios financeiros para a prepara\u00e7\u00e3o e realiza\u00e7\u00e3o das Marchas Populares de Lisboa de 2026, integradas no programa das festas da cidade, que decorrem em junho. As marchas s\u00e3o descritas como s\u00edmbolo identit\u00e1rio da cidade, com ra\u00edzes em festas de bairro e forte liga\u00e7\u00e3o ao fado e \u00e0 cultura local, e 20 das 22 marchas est\u00e3o inseridas no concurso. As Marchas Populares contribuem para a dinamiza\u00e7\u00e3o econ\u00f3mica de entidades ligadas \u00e0 vida associativa e cultural dos bairros hist\u00f3ricos do concelho. As marchas remontam ao in\u00edcio do s\u00e9culo XX e ganharam notoriedade em 1932, quando institucionalizadas como competi\u00e7\u00e3o entre bairros, com desfile na Avenida da Liberdade entre a noite de 12 para 13 de junho.\" \/>\n<meta property=\"og:url\" content=\"https:\/\/portaltela.pt\/noticias\/2026\/03\/25\/camara-de-lisboa-aprova-880-mil-euros-para-apoio-as-marchas-populares\/\" \/>\n<meta property=\"og:site_name\" content=\"Portal Tela Portugal\" \/>\n<meta property=\"article:published_time\" content=\"2026-03-25T22:04:52+00:00\" \/>\n<meta name=\"author\" content=\"Telinha\" \/>\n<meta name=\"twitter:card\" content=\"summary_large_image\" \/>\n<meta name=\"twitter:label1\" content=\"Escrito por\" \/>\n\t<meta name=\"twitter:data1\" content=\"Telinha\" \/>\n\t<meta name=\"twitter:label2\" content=\"Tempo estimado de leitura\" \/>\n\t<meta name=\"twitter:data2\" content=\"1 minuto\" \/>\n<script type=\"application\/ld+json\" class=\"yoast-schema-graph\">{\"@context\":\"https:\/\/schema.org\",\"@graph\":[{\"@type\":\"Article\",\"@id\":\"https:\/\/portaltela.pt\/noticias\/2026\/03\/25\/camara-de-lisboa-aprova-880-mil-euros-para-apoio-as-marchas-populares\/#article\",\"isPartOf\":{\"@id\":\"https:\/\/portaltela.pt\/noticias\/2026\/03\/25\/camara-de-lisboa-aprova-880-mil-euros-para-apoio-as-marchas-populares\/\"},\"author\":{\"name\":\"Telinha\",\"@id\":\"https:\/\/portaltela.pt\/#\/schema\/person\/c4278d4a6028830caff9ee44b42d32ed\"},\"headline\":\"C\u00e2mara de Lisboa aprova 880 mil euros para apoio \u00e0s Marchas Populares\",\"datePublished\":\"2026-03-25T22:04:52+00:00\",\"mainEntityOfPage\":{\"@id\":\"https:\/\/portaltela.pt\/noticias\/2026\/03\/25\/camara-de-lisboa-aprova-880-mil-euros-para-apoio-as-marchas-populares\/\"},\"wordCount\":259,\"image\":{\"@id\":\"https:\/\/portaltela.pt\/noticias\/2026\/03\/25\/camara-de-lisboa-aprova-880-mil-euros-para-apoio-as-marchas-populares\/#primaryimage\"},\"thumbnailUrl\":\"https:\/\/portaltela.pt\/s.01k8rhncp4jt1\/2026\/03\/img_1280x721uu2025-06-13-07-29-55-2215976.jpg\",\"keywords\":[\"_economia\",\"concelho\",\"cultura\",\"eventos\",\"festas\",\"Lisboa\"],\"articleSection\":[\"Cultura\",\"M\u00fasica\"],\"inLanguage\":\"pt-PT\"},{\"@type\":\"WebPage\",\"@id\":\"https:\/\/portaltela.pt\/noticias\/2026\/03\/25\/camara-de-lisboa-aprova-880-mil-euros-para-apoio-as-marchas-populares\/\",\"url\":\"https:\/\/portaltela.pt\/noticias\/2026\/03\/25\/camara-de-lisboa-aprova-880-mil-euros-para-apoio-as-marchas-populares\/\",\"name\":\"C\u00e2mara de Lisboa aprova 880 mil euros para apoio \u00e0s Marchas Populares - Portal Tela Portugal\",\"isPartOf\":{\"@id\":\"https:\/\/portaltela.pt\/#website\"},\"primaryImageOfPage\":{\"@id\":\"https:\/\/portaltela.pt\/noticias\/2026\/03\/25\/camara-de-lisboa-aprova-880-mil-euros-para-apoio-as-marchas-populares\/#primaryimage\"},\"image\":{\"@id\":\"https:\/\/portaltela.pt\/noticias\/2026\/03\/25\/camara-de-lisboa-aprova-880-mil-euros-para-apoio-as-marchas-populares\/#primaryimage\"},\"thumbnailUrl\":\"https:\/\/portaltela.pt\/s.01k8rhncp4jt1\/2026\/03\/img_1280x721uu2025-06-13-07-29-55-2215976.jpg\",\"datePublished\":\"2026-03-25T22:04:52+00:00\",\"author\":{\"@id\":\"https:\/\/portaltela.pt\/#\/schema\/person\/c4278d4a6028830caff9ee44b42d32ed\"},\"breadcrumb\":{\"@id\":\"https:\/\/portaltela.pt\/noticias\/2026\/03\/25\/camara-de-lisboa-aprova-880-mil-euros-para-apoio-as-marchas-populares\/#breadcrumb\"},\"inLanguage\":\"pt-PT\",\"potentialAction\":[{\"@type\":\"ReadAction\",\"target\":[\"https:\/\/portaltela.pt\/noticias\/2026\/03\/25\/camara-de-lisboa-aprova-880-mil-euros-para-apoio-as-marchas-populares\/\"]}]},{\"@type\":\"ImageObject\",\"inLanguage\":\"pt-PT\",\"@id\":\"https:\/\/portaltela.pt\/noticias\/2026\/03\/25\/camara-de-lisboa-aprova-880-mil-euros-para-apoio-as-marchas-populares\/#primaryimage\",\"url\":\"https:\/\/portaltela.pt\/s.01k8rhncp4jt1\/2026\/03\/img_1280x721uu2025-06-13-07-29-55-2215976.jpg\",\"contentUrl\":\"https:\/\/portaltela.pt\/s.01k8rhncp4jt1\/2026\/03\/img_1280x721uu2025-06-13-07-29-55-2215976.jpg\",\"width\":796,\"height\":448,\"caption\":\"Alc\u00e2ntara e Bairro Alto vencem Marchas Populares de Lisboa, com desfile na Avenida da Liberdade\"},{\"@type\":\"BreadcrumbList\",\"@id\":\"https:\/\/portaltela.pt\/noticias\/2026\/03\/25\/camara-de-lisboa-aprova-880-mil-euros-para-apoio-as-marchas-populares\/#breadcrumb\",\"itemListElement\":[{\"@type\":\"ListItem\",\"position\":1,\"name\":\"In\u00edcio\",\"item\":\"https:\/\/portaltela.pt\/\"},{\"@type\":\"ListItem\",\"position\":2,\"name\":\"C\u00e2mara de Lisboa aprova 880 mil euros para apoio \u00e0s Marchas Populares\"}]},{\"@type\":\"WebSite\",\"@id\":\"https:\/\/portaltela.pt\/#website\",\"url\":\"https:\/\/portaltela.pt\/\",\"name\":\"Portal Tela Portugal\",\"description\":\"\",\"potentialAction\":[{\"@type\":\"SearchAction\",\"target\":{\"@type\":\"EntryPoint\",\"urlTemplate\":\"https:\/\/portaltela.pt\/?s={search_term_string}\"},\"query-input\":{\"@type\":\"PropertyValueSpecification\",\"valueRequired\":true,\"valueName\":\"search_term_string\"}}],\"inLanguage\":\"pt-PT\"},{\"@type\":\"Person\",\"@id\":\"https:\/\/portaltela.pt\/#\/schema\/person\/c4278d4a6028830caff9ee44b42d32ed\",\"name\":\"Telinha\",\"image\":{\"@type\":\"ImageObject\",\"inLanguage\":\"pt-PT\",\"@id\":\"https:\/\/portaltela.pt\/s.01k8rhncp4jt1\/2025\/11\/talking-bot-125x125.png\",\"url\":\"https:\/\/portaltela.pt\/s.01k8rhncp4jt1\/2025\/11\/talking-bot-125x125.png\",\"contentUrl\":\"https:\/\/portaltela.pt\/s.01k8rhncp4jt1\/2025\/11\/talking-bot-125x125.png\",\"caption\":\"Telinha\"},\"sameAs\":[\"https:\/\/portaltela.pt\/\"],\"url\":\"https:\/\/portaltela.pt\/por\/367410592786\/\"}]}<\/script>\n<!-- \/ Yoast SEO plugin. -->","yoast_head_json":{"title":"C\u00e2mara de Lisboa aprova 880 mil euros para apoio \u00e0s Marchas Populares - Portal Tela Portugal","robots":{"index":"index","follow":"follow","max-snippet":"max-snippet:-1","max-image-preview":"max-image-preview:large","max-video-preview":"max-video-preview:-1"},"og_locale":"pt_PT","og_type":"article","og_title":"C\u00e2mara de Lisboa aprova 880 mil euros para apoio \u00e0s Marchas Populares - Portal Tela Portugal","og_description":"A C\u00e2mara de Lisboa aprovou, por unanimidade, a atribui\u00e7\u00e3o de 880 mil euros para apoiar as 22 coletividades participantes nas Marchas Populares de 2026, equivalentes a 40 mil euros por organiza\u00e7\u00e3o. O objetivo \u00e9 garantir meios financeiros para a prepara\u00e7\u00e3o e realiza\u00e7\u00e3o das Marchas Populares de Lisboa de 2026, integradas no programa das festas da cidade, que decorrem em junho. As marchas s\u00e3o descritas como s\u00edmbolo identit\u00e1rio da cidade, com ra\u00edzes em festas de bairro e forte liga\u00e7\u00e3o ao fado e \u00e0 cultura local, e 20 das 22 marchas est\u00e3o inseridas no concurso. As Marchas Populares contribuem para a dinamiza\u00e7\u00e3o econ\u00f3mica de entidades ligadas \u00e0 vida associativa e cultural dos bairros hist\u00f3ricos do concelho. As marchas remontam ao in\u00edcio do s\u00e9culo XX e ganharam notoriedade em 1932, quando institucionalizadas como competi\u00e7\u00e3o entre bairros, com desfile na Avenida da Liberdade entre a noite de 12 para 13 de junho.","og_url":"https:\/\/portaltela.pt\/noticias\/2026\/03\/25\/camara-de-lisboa-aprova-880-mil-euros-para-apoio-as-marchas-populares\/","og_site_name":"Portal Tela Portugal","article_published_time":"2026-03-25T22:04:52+00:00","author":"Telinha","twitter_card":"summary_large_image","twitter_misc":{"Escrito por":"Telinha","Tempo estimado de leitura":"1 minuto"},"schema":{"@context":"https:\/\/schema.org","@graph":[{"@type":"Article","@id":"https:\/\/portaltela.pt\/noticias\/2026\/03\/25\/camara-de-lisboa-aprova-880-mil-euros-para-apoio-as-marchas-populares\/#article","isPartOf":{"@id":"https:\/\/portaltela.pt\/noticias\/2026\/03\/25\/camara-de-lisboa-aprova-880-mil-euros-para-apoio-as-marchas-populares\/"},"author":{"name":"Telinha","@id":"https:\/\/portaltela.pt\/#\/schema\/person\/c4278d4a6028830caff9ee44b42d32ed"},"headline":"C\u00e2mara de Lisboa aprova 880 mil euros para apoio \u00e0s Marchas Populares","datePublished":"2026-03-25T22:04:52+00:00","mainEntityOfPage":{"@id":"https:\/\/portaltela.pt\/noticias\/2026\/03\/25\/camara-de-lisboa-aprova-880-mil-euros-para-apoio-as-marchas-populares\/"},"wordCount":259,"image":{"@id":"https:\/\/portaltela.pt\/noticias\/2026\/03\/25\/camara-de-lisboa-aprova-880-mil-euros-para-apoio-as-marchas-populares\/#primaryimage"},"thumbnailUrl":"https:\/\/portaltela.pt\/s.01k8rhncp4jt1\/2026\/03\/img_1280x721uu2025-06-13-07-29-55-2215976.jpg","keywords":["_economia","concelho","cultura","eventos","festas","Lisboa"],"articleSection":["Cultura","M\u00fasica"],"inLanguage":"pt-PT"},{"@type":"WebPage","@id":"https:\/\/portaltela.pt\/noticias\/2026\/03\/25\/camara-de-lisboa-aprova-880-mil-euros-para-apoio-as-marchas-populares\/","url":"https:\/\/portaltela.pt\/noticias\/2026\/03\/25\/camara-de-lisboa-aprova-880-mil-euros-para-apoio-as-marchas-populares\/","name":"C\u00e2mara de Lisboa aprova 880 mil euros para apoio \u00e0s Marchas Populares - Portal Tela Portugal","isPartOf":{"@id":"https:\/\/portaltela.pt\/#website"},"primaryImageOfPage":{"@id":"https:\/\/portaltela.pt\/noticias\/2026\/03\/25\/camara-de-lisboa-aprova-880-mil-euros-para-apoio-as-marchas-populares\/#primaryimage"},"image":{"@id":"https:\/\/portaltela.pt\/noticias\/2026\/03\/25\/camara-de-lisboa-aprova-880-mil-euros-para-apoio-as-marchas-populares\/#primaryimage"},"thumbnailUrl":"https:\/\/portaltela.pt\/s.01k8rhncp4jt1\/2026\/03\/img_1280x721uu2025-06-13-07-29-55-2215976.jpg","datePublished":"2026-03-25T22:04:52+00:00","author":{"@id":"https:\/\/portaltela.pt\/#\/schema\/person\/c4278d4a6028830caff9ee44b42d32ed"},"breadcrumb":{"@id":"https:\/\/portaltela.pt\/noticias\/2026\/03\/25\/camara-de-lisboa-aprova-880-mil-euros-para-apoio-as-marchas-populares\/#breadcrumb"},"inLanguage":"pt-PT","potentialAction":[{"@type":"ReadAction","target":["https:\/\/portaltela.pt\/noticias\/2026\/03\/25\/camara-de-lisboa-aprova-880-mil-euros-para-apoio-as-marchas-populares\/"]}]},{"@type":"ImageObject","inLanguage":"pt-PT","@id":"https:\/\/portaltela.pt\/noticias\/2026\/03\/25\/camara-de-lisboa-aprova-880-mil-euros-para-apoio-as-marchas-populares\/#primaryimage","url":"https:\/\/portaltela.pt\/s.01k8rhncp4jt1\/2026\/03\/img_1280x721uu2025-06-13-07-29-55-2215976.jpg","contentUrl":"https:\/\/portaltela.pt\/s.01k8rhncp4jt1\/2026\/03\/img_1280x721uu2025-06-13-07-29-55-2215976.jpg","width":796,"height":448,"caption":"Alc\u00e2ntara e Bairro Alto vencem Marchas Populares de Lisboa, com desfile na Avenida da Liberdade"},{"@type":"BreadcrumbList","@id":"https:\/\/portaltela.pt\/noticias\/2026\/03\/25\/camara-de-lisboa-aprova-880-mil-euros-para-apoio-as-marchas-populares\/#breadcrumb","itemListElement":[{"@type":"ListItem","position":1,"name":"In\u00edcio","item":"https:\/\/portaltela.pt\/"},{"@type":"ListItem","position":2,"name":"C\u00e2mara de Lisboa aprova 880 mil euros para apoio \u00e0s Marchas Populares"}]},{"@type":"WebSite","@id":"https:\/\/portaltela.pt\/#website","url":"https:\/\/portaltela.pt\/","name":"Portal Tela Portugal","description":"","potentialAction":[{"@type":"SearchAction","target":{"@type":"EntryPoint","urlTemplate":"https:\/\/portaltela.pt\/?s={search_term_string}"},"query-input":{"@type":"PropertyValueSpecification","valueRequired":true,"valueName":"search_term_string"}}],"inLanguage":"pt-PT"},{"@type":"Person","@id":"https:\/\/portaltela.pt\/#\/schema\/person\/c4278d4a6028830caff9ee44b42d32ed","name":"Telinha","image":{"@type":"ImageObject","inLanguage":"pt-PT","@id":"https:\/\/portaltela.pt\/s.01k8rhncp4jt1\/2025\/11\/talking-bot-125x125.png","url":"https:\/\/portaltela.pt\/s.01k8rhncp4jt1\/2025\/11\/talking-bot-125x125.png","contentUrl":"https:\/\/portaltela.pt\/s.01k8rhncp4jt1\/2025\/11\/talking-bot-125x125.png","caption":"Telinha"},"sameAs":["https:\/\/portaltela.pt\/"],"url":"https:\/\/portaltela.pt\/por\/367410592786\/"}]}},"_links":{"self":[{"href":"https:\/\/portaltela.pt\/api\/wp\/v2\/posts\/421595","targetHints":{"allow":["GET"]}}],"collection":[{"href":"https:\/\/portaltela.pt\/api\/wp\/v2\/posts"}],"about":[{"href":"https:\/\/portaltela.pt\/api\/wp\/v2\/types\/post"}],"author":[{"embeddable":true,"href":"https:\/\/portaltela.pt\/api\/wp\/v2\/users\/2"}],"replies":[{"embeddable":true,"href":"https:\/\/portaltela.pt\/api\/wp\/v2\/comments?post=421595"}],"version-history":[{"count":0,"href":"https:\/\/portaltela.pt\/api\/wp\/v2\/posts\/421595\/revisions"}],"wp:featuredmedia":[{"embeddable":true,"href":"https:\/\/portaltela.pt\/api\/wp\/v2\/media\/421597"}],"wp:attachment":[{"href":"https:\/\/portaltela.pt\/api\/wp\/v2\/media?parent=421595"}],"wp:term":[{"taxonomy":"category","embeddable":true,"href":"https:\/\/portaltela.pt\/api\/wp\/v2\/categories?post=421595"},{"taxonomy":"post_tag","embeddable":true,"href":"https:\/\/portaltela.pt\/api\/wp\/v2\/tags?post=421595"}],"curies":[{"name":"wp","href":"https:\/\/api.w.org\/{rel}","templated":true}]}}