{"id":421586,"date":"2026-03-25T18:52:05","date_gmt":"2026-03-25T21:52:05","guid":{"rendered":"https:\/\/portaltela.pt\/noticias\/2026\/03\/25\/primeiro-relatorio-do-cop-na-gestao-de-fernando-gomes-aprovado-por-unanimidade\/"},"modified":"2026-03-25T18:52:05","modified_gmt":"2026-03-25T21:52:05","slug":"primeiro-relatorio-do-cop-na-gestao-de-fernando-gomes-aprovado-por-unanimidade","status":"publish","type":"post","link":"https:\/\/portaltela.pt\/desporto\/futebol\/2026\/03\/25\/primeiro-relatorio-do-cop-na-gestao-de-fernando-gomes-aprovado-por-unanimidade\/","title":{"rendered":"Primeiro relat\u00f3rio do COP na gest\u00e3o de Fernando Gomes aprovado por unanimidade"},"content":{"rendered":"<p>O Comit\u00e9 Ol\u00edmpico de Portugal (COP) aprovou por unanimidade o seu relat\u00f3rio de atividades e contas para 2025. O documento aponta um resultado l\u00edquido positivo de 38,7 mil euros no primeiro exerc\u00edcio dos atuais \u00f3rg\u00e3os sociais, sob a lideran\u00e7a de Fernando Gomes.<\/p>\n<p>A assembleia plen\u00e1ria ratificou o relat\u00f3rio, apesar de o lucro ter ficado abaixo do precedente de 621 mil euros, relacionado \u00e0 Miss\u00e3o portuguesa aos Jogos Paris 2024. O mandato anterior enquadra-se na presid\u00eancia de Artur Lopes, ap\u00f3s a morte de Jos\u00e9 Manuel Constantino.<\/p>\n<p>Fernando Gomes agradeceu a todos os elementos dos \u00f3rg\u00e3os sociais que acompanham a Comiss\u00e3o Executiva desde mar\u00e7o de 2025, data em que foi eleito para o per\u00edodo 2025-2029, vencendo Laurentino Dias. A secret\u00e1ria-geral sublinhou o car\u00e1ter transit\u00f3rio do ano.<\/p>\n<h3>Aprova\u00e7\u00e3o de medidas e investimentos<\/h3>\n<p>O COP aprovou novos regulamentos no contrato-programa 893, que realoca cerca de 8,4 milh\u00f5es de euros para federa\u00e7\u00f5es e clubes. As verbas destinam-se \u00e0 requalifica\u00e7\u00e3o de instala\u00e7\u00f5es, promo\u00e7\u00e3o da pr\u00e1tica desportiva feminina e contrata\u00e7\u00e3o de recursos humanos.<\/p>\n<p>Ficou ainda definido o arranque de candidaturas \u00e0 procura de apoios adicionais, atrav\u00e9s da plataforma Mais Desporto, em meados de abril. O objetivo \u00e9 beneficiar o sistema desportivo com estas verbas reatribu\u00eddas.<\/p>\n<p>O regulamento de Pr\u00e9mios Ci\u00eancias do Desporto foi revisado e aprovado por unanimidade, com melhorias nos processos de destinat\u00e1rios, j\u00fari, imparcialidade e transpar\u00eancia. Os textos passam a refletir crit\u00e9rios mais rigorosos.<\/p>\n<h3>Contratos-programa e parceria com federa\u00e7\u00f5es<\/h3>\n<p>Na mesma sess\u00e3o, foram assinados contratos-programa de prepara\u00e7\u00e3o para Los Angeles 2028 com 22 federa\u00e7\u00f5es, num valor global de 30 milh\u00f5es de euros. Este montante representa um aumento de 30% face ao per\u00edodo anterior, at\u00e9 Paris 2024.<\/p>\n<p>Paralelamente, est\u00e3o previstos concursos para apoiar o apetrechamento de instala\u00e7\u00f5es em territ\u00f3rio nacional e a contrata\u00e7\u00e3o de Diretores T\u00e9cnicos Nacionais e gestores desportivos, a realizarem no pr\u00f3ximo m\u00eas.<\/p>\n<p>A sess\u00e3o coincidiu com a assinatura dos acordos de prepara\u00e7\u00e3o para os Jogos de 2028, refor\u00e7ando o compromisso do COP com o desenvolvimento e a competitividade do desporto nacional a m\u00e9dio prazo.<\/p>\n","protected":false},"excerpt":{"rendered":"<ul>\n<li>O relat\u00f3rio de atividades e contas do Comit\u00e9 Ol\u00edmpico de Portugal foi aprovado por unanimidade, com lucro l\u00edquido de acima de 38,7 mil euros em 2025.<\/li>\n<li>O resultado ficou aqu\u00e9m do anterior, quando o lucro atingiu 621 mil euros, num contexto ligado \u00e0 Miss\u00e3o portuguesa aos Jogos Paris2024 e \u00e0 gest\u00e3o anterior de Artur Lopes ap\u00f3s a morte de Jos\u00e9 Manuel Constantino.<\/li>\n<li>Fernando Gomes foi eleito presidente para o per\u00edodo 2025-2029, recebendo agradecimentos de membros de todos os \u00f3rg\u00e3os sociais.<\/li>\n<li>A Assembleia aprovou o reajuste de cerca de 8,4 milh\u00f5es de euros no contrato-programa 893, para requalifica\u00e7\u00e3o de instala\u00e7\u00f5es, promo\u00e7\u00e3o da pr\u00e1tica desportiva feminina e contrata\u00e7\u00e3o de recursos humanos pelas federa\u00e7\u00f5es.<\/li>\n<li>Foram assinados contratos-programa de prepara\u00e7\u00e3o para Los Angeles 2028 entre o COP e 22 federa\u00e7\u00f5es, no total de 30 milh\u00f5es de euros, aumento de 30% face ao per\u00edodo anterior.<\/li>\n<\/ul>\n","protected":false},"author":2,"featured_media":421588,"comment_status":"closed","ping_status":"closed","sticky":false,"template":"","format":"standard","meta":{"footnotes":""},"categories":[21,24],"tags":[1125,152,2266,7517,3163,1014],"class_list":["post-421586","post","type-post","status-publish","format-standard","has-post-thumbnail","hentry","category-desporto","category-futebol","tag-contratos","tag-desporto","tag-federacoes","tag-los-angeles-2028","tag-paris","tag-portugal"],"yoast_head":"<!-- This site is optimized with the Yoast SEO plugin v27.2 - https:\/\/yoast.com\/product\/yoast-seo-wordpress\/ -->\n<title>Primeiro relat\u00f3rio do COP na gest\u00e3o de Fernando Gomes aprovado por unanimidade - Portal Tela Portugal<\/title>\n<meta name=\"robots\" content=\"index, follow, max-snippet:-1, max-image-preview:large, max-video-preview:-1\" \/>\n<meta property=\"og:locale\" content=\"pt_PT\" \/>\n<meta property=\"og:type\" content=\"article\" \/>\n<meta property=\"og:title\" content=\"Primeiro relat\u00f3rio do COP na gest\u00e3o de Fernando Gomes aprovado por unanimidade - Portal Tela Portugal\" \/>\n<meta property=\"og:description\" content=\"O relat\u00f3rio de atividades e contas do Comit\u00e9 Ol\u00edmpico de Portugal foi aprovado por unanimidade, com lucro l\u00edquido de acima de 38,7 mil euros em 2025. O resultado ficou aqu\u00e9m do anterior, quando o lucro atingiu 621 mil euros, num contexto ligado \u00e0 Miss\u00e3o portuguesa aos Jogos Paris2024 e \u00e0 gest\u00e3o anterior de Artur Lopes ap\u00f3s a morte de Jos\u00e9 Manuel Constantino. Fernando Gomes foi eleito presidente para o per\u00edodo 2025-2029, recebendo agradecimentos de membros de todos os \u00f3rg\u00e3os sociais. A Assembleia aprovou o reajuste de cerca de 8,4 milh\u00f5es de euros no contrato-programa 893, para requalifica\u00e7\u00e3o de instala\u00e7\u00f5es, promo\u00e7\u00e3o da pr\u00e1tica desportiva feminina e contrata\u00e7\u00e3o de recursos humanos pelas federa\u00e7\u00f5es. Foram assinados contratos-programa de prepara\u00e7\u00e3o para Los Angeles 2028 entre o COP e 22 federa\u00e7\u00f5es, no total de 30 milh\u00f5es de euros, aumento de 30% face ao per\u00edodo anterior.\" \/>\n<meta property=\"og:url\" content=\"https:\/\/portaltela.pt\/noticias\/2026\/03\/25\/primeiro-relatorio-do-cop-na-gestao-de-fernando-gomes-aprovado-por-unanimidade\/\" \/>\n<meta property=\"og:site_name\" content=\"Portal Tela Portugal\" \/>\n<meta property=\"article:published_time\" content=\"2026-03-25T21:52:05+00:00\" \/>\n<meta name=\"author\" content=\"Telinha\" \/>\n<meta name=\"twitter:card\" content=\"summary_large_image\" \/>\n<meta name=\"twitter:label1\" content=\"Escrito por\" \/>\n\t<meta name=\"twitter:data1\" content=\"Telinha\" \/>\n\t<meta name=\"twitter:label2\" content=\"Tempo estimado de leitura\" \/>\n\t<meta name=\"twitter:data2\" content=\"2 minutos\" \/>\n<script type=\"application\/ld+json\" class=\"yoast-schema-graph\">{\"@context\":\"https:\/\/schema.org\",\"@graph\":[{\"@type\":\"Article\",\"@id\":\"https:\/\/portaltela.pt\/noticias\/2026\/03\/25\/primeiro-relatorio-do-cop-na-gestao-de-fernando-gomes-aprovado-por-unanimidade\/#article\",\"isPartOf\":{\"@id\":\"https:\/\/portaltela.pt\/noticias\/2026\/03\/25\/primeiro-relatorio-do-cop-na-gestao-de-fernando-gomes-aprovado-por-unanimidade\/\"},\"author\":{\"name\":\"Telinha\",\"@id\":\"https:\/\/portaltela.pt\/#\/schema\/person\/c4278d4a6028830caff9ee44b42d32ed\"},\"headline\":\"Primeiro relat\u00f3rio do COP na gest\u00e3o de Fernando Gomes aprovado por unanimidade\",\"datePublished\":\"2026-03-25T21:52:05+00:00\",\"mainEntityOfPage\":{\"@id\":\"https:\/\/portaltela.pt\/noticias\/2026\/03\/25\/primeiro-relatorio-do-cop-na-gestao-de-fernando-gomes-aprovado-por-unanimidade\/\"},\"wordCount\":379,\"image\":{\"@id\":\"https:\/\/portaltela.pt\/noticias\/2026\/03\/25\/primeiro-relatorio-do-cop-na-gestao-de-fernando-gomes-aprovado-por-unanimidade\/#primaryimage\"},\"thumbnailUrl\":\"https:\/\/portaltela.pt\/s.01k8rhncp4jt1\/2026\/03\/img_1500x1000uu2026-02-09-17-35-20-2265933.jpg\",\"keywords\":[\"contratos\",\"desporto\",\"federa\u00e7\u00f5es\",\"Los Angeles 2028\",\"Paris\",\"Portugal\"],\"articleSection\":[\"Desporto\",\"Futebol\"],\"inLanguage\":\"pt-PT\"},{\"@type\":\"WebPage\",\"@id\":\"https:\/\/portaltela.pt\/noticias\/2026\/03\/25\/primeiro-relatorio-do-cop-na-gestao-de-fernando-gomes-aprovado-por-unanimidade\/\",\"url\":\"https:\/\/portaltela.pt\/noticias\/2026\/03\/25\/primeiro-relatorio-do-cop-na-gestao-de-fernando-gomes-aprovado-por-unanimidade\/\",\"name\":\"Primeiro relat\u00f3rio do COP na gest\u00e3o de Fernando Gomes aprovado por unanimidade - Portal Tela Portugal\",\"isPartOf\":{\"@id\":\"https:\/\/portaltela.pt\/#website\"},\"primaryImageOfPage\":{\"@id\":\"https:\/\/portaltela.pt\/noticias\/2026\/03\/25\/primeiro-relatorio-do-cop-na-gestao-de-fernando-gomes-aprovado-por-unanimidade\/#primaryimage\"},\"image\":{\"@id\":\"https:\/\/portaltela.pt\/noticias\/2026\/03\/25\/primeiro-relatorio-do-cop-na-gestao-de-fernando-gomes-aprovado-por-unanimidade\/#primaryimage\"},\"thumbnailUrl\":\"https:\/\/portaltela.pt\/s.01k8rhncp4jt1\/2026\/03\/img_1500x1000uu2026-02-09-17-35-20-2265933.jpg\",\"datePublished\":\"2026-03-25T21:52:05+00:00\",\"author\":{\"@id\":\"https:\/\/portaltela.pt\/#\/schema\/person\/c4278d4a6028830caff9ee44b42d32ed\"},\"breadcrumb\":{\"@id\":\"https:\/\/portaltela.pt\/noticias\/2026\/03\/25\/primeiro-relatorio-do-cop-na-gestao-de-fernando-gomes-aprovado-por-unanimidade\/#breadcrumb\"},\"inLanguage\":\"pt-PT\",\"potentialAction\":[{\"@type\":\"ReadAction\",\"target\":[\"https:\/\/portaltela.pt\/noticias\/2026\/03\/25\/primeiro-relatorio-do-cop-na-gestao-de-fernando-gomes-aprovado-por-unanimidade\/\"]}]},{\"@type\":\"ImageObject\",\"inLanguage\":\"pt-PT\",\"@id\":\"https:\/\/portaltela.pt\/noticias\/2026\/03\/25\/primeiro-relatorio-do-cop-na-gestao-de-fernando-gomes-aprovado-por-unanimidade\/#primaryimage\",\"url\":\"https:\/\/portaltela.pt\/s.01k8rhncp4jt1\/2026\/03\/img_1500x1000uu2026-02-09-17-35-20-2265933.jpg\",\"contentUrl\":\"https:\/\/portaltela.pt\/s.01k8rhncp4jt1\/2026\/03\/img_1500x1000uu2026-02-09-17-35-20-2265933.jpg\",\"width\":796,\"height\":448,\"caption\":\"Fernando Gomes\"},{\"@type\":\"BreadcrumbList\",\"@id\":\"https:\/\/portaltela.pt\/noticias\/2026\/03\/25\/primeiro-relatorio-do-cop-na-gestao-de-fernando-gomes-aprovado-por-unanimidade\/#breadcrumb\",\"itemListElement\":[{\"@type\":\"ListItem\",\"position\":1,\"name\":\"In\u00edcio\",\"item\":\"https:\/\/portaltela.pt\/\"},{\"@type\":\"ListItem\",\"position\":2,\"name\":\"Primeiro relat\u00f3rio do COP na gest\u00e3o de Fernando Gomes aprovado por unanimidade\"}]},{\"@type\":\"WebSite\",\"@id\":\"https:\/\/portaltela.pt\/#website\",\"url\":\"https:\/\/portaltela.pt\/\",\"name\":\"Portal Tela Portugal\",\"description\":\"\",\"potentialAction\":[{\"@type\":\"SearchAction\",\"target\":{\"@type\":\"EntryPoint\",\"urlTemplate\":\"https:\/\/portaltela.pt\/?s={search_term_string}\"},\"query-input\":{\"@type\":\"PropertyValueSpecification\",\"valueRequired\":true,\"valueName\":\"search_term_string\"}}],\"inLanguage\":\"pt-PT\"},{\"@type\":\"Person\",\"@id\":\"https:\/\/portaltela.pt\/#\/schema\/person\/c4278d4a6028830caff9ee44b42d32ed\",\"name\":\"Telinha\",\"image\":{\"@type\":\"ImageObject\",\"inLanguage\":\"pt-PT\",\"@id\":\"https:\/\/portaltela.pt\/s.01k8rhncp4jt1\/2025\/11\/talking-bot-125x125.png\",\"url\":\"https:\/\/portaltela.pt\/s.01k8rhncp4jt1\/2025\/11\/talking-bot-125x125.png\",\"contentUrl\":\"https:\/\/portaltela.pt\/s.01k8rhncp4jt1\/2025\/11\/talking-bot-125x125.png\",\"caption\":\"Telinha\"},\"sameAs\":[\"https:\/\/portaltela.pt\/\"],\"url\":\"https:\/\/portaltela.pt\/por\/367410592786\/\"}]}<\/script>\n<!-- \/ Yoast SEO plugin. -->","yoast_head_json":{"title":"Primeiro relat\u00f3rio do COP na gest\u00e3o de Fernando Gomes aprovado por unanimidade - Portal Tela Portugal","robots":{"index":"index","follow":"follow","max-snippet":"max-snippet:-1","max-image-preview":"max-image-preview:large","max-video-preview":"max-video-preview:-1"},"og_locale":"pt_PT","og_type":"article","og_title":"Primeiro relat\u00f3rio do COP na gest\u00e3o de Fernando Gomes aprovado por unanimidade - Portal Tela Portugal","og_description":"O relat\u00f3rio de atividades e contas do Comit\u00e9 Ol\u00edmpico de Portugal foi aprovado por unanimidade, com lucro l\u00edquido de acima de 38,7 mil euros em 2025. O resultado ficou aqu\u00e9m do anterior, quando o lucro atingiu 621 mil euros, num contexto ligado \u00e0 Miss\u00e3o portuguesa aos Jogos Paris2024 e \u00e0 gest\u00e3o anterior de Artur Lopes ap\u00f3s a morte de Jos\u00e9 Manuel Constantino. Fernando Gomes foi eleito presidente para o per\u00edodo 2025-2029, recebendo agradecimentos de membros de todos os \u00f3rg\u00e3os sociais. A Assembleia aprovou o reajuste de cerca de 8,4 milh\u00f5es de euros no contrato-programa 893, para requalifica\u00e7\u00e3o de instala\u00e7\u00f5es, promo\u00e7\u00e3o da pr\u00e1tica desportiva feminina e contrata\u00e7\u00e3o de recursos humanos pelas federa\u00e7\u00f5es. Foram assinados contratos-programa de prepara\u00e7\u00e3o para Los Angeles 2028 entre o COP e 22 federa\u00e7\u00f5es, no total de 30 milh\u00f5es de euros, aumento de 30% face ao per\u00edodo anterior.","og_url":"https:\/\/portaltela.pt\/noticias\/2026\/03\/25\/primeiro-relatorio-do-cop-na-gestao-de-fernando-gomes-aprovado-por-unanimidade\/","og_site_name":"Portal Tela Portugal","article_published_time":"2026-03-25T21:52:05+00:00","author":"Telinha","twitter_card":"summary_large_image","twitter_misc":{"Escrito por":"Telinha","Tempo estimado de leitura":"2 minutos"},"schema":{"@context":"https:\/\/schema.org","@graph":[{"@type":"Article","@id":"https:\/\/portaltela.pt\/noticias\/2026\/03\/25\/primeiro-relatorio-do-cop-na-gestao-de-fernando-gomes-aprovado-por-unanimidade\/#article","isPartOf":{"@id":"https:\/\/portaltela.pt\/noticias\/2026\/03\/25\/primeiro-relatorio-do-cop-na-gestao-de-fernando-gomes-aprovado-por-unanimidade\/"},"author":{"name":"Telinha","@id":"https:\/\/portaltela.pt\/#\/schema\/person\/c4278d4a6028830caff9ee44b42d32ed"},"headline":"Primeiro relat\u00f3rio do COP na gest\u00e3o de Fernando Gomes aprovado por unanimidade","datePublished":"2026-03-25T21:52:05+00:00","mainEntityOfPage":{"@id":"https:\/\/portaltela.pt\/noticias\/2026\/03\/25\/primeiro-relatorio-do-cop-na-gestao-de-fernando-gomes-aprovado-por-unanimidade\/"},"wordCount":379,"image":{"@id":"https:\/\/portaltela.pt\/noticias\/2026\/03\/25\/primeiro-relatorio-do-cop-na-gestao-de-fernando-gomes-aprovado-por-unanimidade\/#primaryimage"},"thumbnailUrl":"https:\/\/portaltela.pt\/s.01k8rhncp4jt1\/2026\/03\/img_1500x1000uu2026-02-09-17-35-20-2265933.jpg","keywords":["contratos","desporto","federa\u00e7\u00f5es","Los Angeles 2028","Paris","Portugal"],"articleSection":["Desporto","Futebol"],"inLanguage":"pt-PT"},{"@type":"WebPage","@id":"https:\/\/portaltela.pt\/noticias\/2026\/03\/25\/primeiro-relatorio-do-cop-na-gestao-de-fernando-gomes-aprovado-por-unanimidade\/","url":"https:\/\/portaltela.pt\/noticias\/2026\/03\/25\/primeiro-relatorio-do-cop-na-gestao-de-fernando-gomes-aprovado-por-unanimidade\/","name":"Primeiro relat\u00f3rio do COP na gest\u00e3o de Fernando Gomes aprovado por unanimidade - Portal Tela Portugal","isPartOf":{"@id":"https:\/\/portaltela.pt\/#website"},"primaryImageOfPage":{"@id":"https:\/\/portaltela.pt\/noticias\/2026\/03\/25\/primeiro-relatorio-do-cop-na-gestao-de-fernando-gomes-aprovado-por-unanimidade\/#primaryimage"},"image":{"@id":"https:\/\/portaltela.pt\/noticias\/2026\/03\/25\/primeiro-relatorio-do-cop-na-gestao-de-fernando-gomes-aprovado-por-unanimidade\/#primaryimage"},"thumbnailUrl":"https:\/\/portaltela.pt\/s.01k8rhncp4jt1\/2026\/03\/img_1500x1000uu2026-02-09-17-35-20-2265933.jpg","datePublished":"2026-03-25T21:52:05+00:00","author":{"@id":"https:\/\/portaltela.pt\/#\/schema\/person\/c4278d4a6028830caff9ee44b42d32ed"},"breadcrumb":{"@id":"https:\/\/portaltela.pt\/noticias\/2026\/03\/25\/primeiro-relatorio-do-cop-na-gestao-de-fernando-gomes-aprovado-por-unanimidade\/#breadcrumb"},"inLanguage":"pt-PT","potentialAction":[{"@type":"ReadAction","target":["https:\/\/portaltela.pt\/noticias\/2026\/03\/25\/primeiro-relatorio-do-cop-na-gestao-de-fernando-gomes-aprovado-por-unanimidade\/"]}]},{"@type":"ImageObject","inLanguage":"pt-PT","@id":"https:\/\/portaltela.pt\/noticias\/2026\/03\/25\/primeiro-relatorio-do-cop-na-gestao-de-fernando-gomes-aprovado-por-unanimidade\/#primaryimage","url":"https:\/\/portaltela.pt\/s.01k8rhncp4jt1\/2026\/03\/img_1500x1000uu2026-02-09-17-35-20-2265933.jpg","contentUrl":"https:\/\/portaltela.pt\/s.01k8rhncp4jt1\/2026\/03\/img_1500x1000uu2026-02-09-17-35-20-2265933.jpg","width":796,"height":448,"caption":"Fernando Gomes"},{"@type":"BreadcrumbList","@id":"https:\/\/portaltela.pt\/noticias\/2026\/03\/25\/primeiro-relatorio-do-cop-na-gestao-de-fernando-gomes-aprovado-por-unanimidade\/#breadcrumb","itemListElement":[{"@type":"ListItem","position":1,"name":"In\u00edcio","item":"https:\/\/portaltela.pt\/"},{"@type":"ListItem","position":2,"name":"Primeiro relat\u00f3rio do COP na gest\u00e3o de Fernando Gomes aprovado por unanimidade"}]},{"@type":"WebSite","@id":"https:\/\/portaltela.pt\/#website","url":"https:\/\/portaltela.pt\/","name":"Portal Tela Portugal","description":"","potentialAction":[{"@type":"SearchAction","target":{"@type":"EntryPoint","urlTemplate":"https:\/\/portaltela.pt\/?s={search_term_string}"},"query-input":{"@type":"PropertyValueSpecification","valueRequired":true,"valueName":"search_term_string"}}],"inLanguage":"pt-PT"},{"@type":"Person","@id":"https:\/\/portaltela.pt\/#\/schema\/person\/c4278d4a6028830caff9ee44b42d32ed","name":"Telinha","image":{"@type":"ImageObject","inLanguage":"pt-PT","@id":"https:\/\/portaltela.pt\/s.01k8rhncp4jt1\/2025\/11\/talking-bot-125x125.png","url":"https:\/\/portaltela.pt\/s.01k8rhncp4jt1\/2025\/11\/talking-bot-125x125.png","contentUrl":"https:\/\/portaltela.pt\/s.01k8rhncp4jt1\/2025\/11\/talking-bot-125x125.png","caption":"Telinha"},"sameAs":["https:\/\/portaltela.pt\/"],"url":"https:\/\/portaltela.pt\/por\/367410592786\/"}]}},"_links":{"self":[{"href":"https:\/\/portaltela.pt\/api\/wp\/v2\/posts\/421586","targetHints":{"allow":["GET"]}}],"collection":[{"href":"https:\/\/portaltela.pt\/api\/wp\/v2\/posts"}],"about":[{"href":"https:\/\/portaltela.pt\/api\/wp\/v2\/types\/post"}],"author":[{"embeddable":true,"href":"https:\/\/portaltela.pt\/api\/wp\/v2\/users\/2"}],"replies":[{"embeddable":true,"href":"https:\/\/portaltela.pt\/api\/wp\/v2\/comments?post=421586"}],"version-history":[{"count":0,"href":"https:\/\/portaltela.pt\/api\/wp\/v2\/posts\/421586\/revisions"}],"wp:featuredmedia":[{"embeddable":true,"href":"https:\/\/portaltela.pt\/api\/wp\/v2\/media\/421588"}],"wp:attachment":[{"href":"https:\/\/portaltela.pt\/api\/wp\/v2\/media?parent=421586"}],"wp:term":[{"taxonomy":"category","embeddable":true,"href":"https:\/\/portaltela.pt\/api\/wp\/v2\/categories?post=421586"},{"taxonomy":"post_tag","embeddable":true,"href":"https:\/\/portaltela.pt\/api\/wp\/v2\/tags?post=421586"}],"curies":[{"name":"wp","href":"https:\/\/api.w.org\/{rel}","templated":true}]}}