{"id":421584,"date":"2026-03-25T18:54:13","date_gmt":"2026-03-25T21:54:13","guid":{"rendered":"https:\/\/portaltela.pt\/noticias\/2026\/03\/25\/sad-do-tondela-avalia-varias-opcoes-para-novo-comando-tecnico\/"},"modified":"2026-03-25T18:54:13","modified_gmt":"2026-03-25T21:54:13","slug":"sad-do-tondela-avalia-varias-opcoes-para-novo-comando-tecnico","status":"publish","type":"post","link":"https:\/\/portaltela.pt\/desporto\/futebol\/2026\/03\/25\/sad-do-tondela-avalia-varias-opcoes-para-novo-comando-tecnico\/","title":{"rendered":"SAD do Tondela avalia v\u00e1rias op\u00e7\u00f5es para novo comando t\u00e9cnico"},"content":{"rendered":"<p>A SAD do Tondela, presidida por Gilberto Coimbra, continua em busca de um novo treinador ap\u00f3s a rescis\u00e3o com Cristiano Bacci,&#8221;)){<\/p>\n<p>}<\/p>\n","protected":false},"excerpt":{"rendered":"<ul>\n<li>A SAD do Tondela, liderada por Gilberto Coimbra, procura novo treinador ap\u00f3s a rescis\u00e3o com Cristiano Bacci,Explica\u00e7\u00e3o para empate 0-0 com AVS SAD.<\/li>\n<li>O encontro diante do AVS SAD terminou empatado sem gols, levando \u00e0 sa\u00edda de Bacci.<\/li>\n<li>J\u00e1 surgiram v\u00e1rios nomes na calha para assumir o comando t\u00e9cnico, mas a escolha dever\u00e1 demorar alguns dias.<\/li>\n<li>A busca por um substituto competente mant\u00e9m-se em curso, com foco na estabilidade da equipa auriverde.<\/li>\n<\/ul>\n","protected":false},"author":2,"featured_media":421585,"comment_status":"closed","ping_status":"closed","sticky":false,"template":"","format":"standard","meta":{"footnotes":""},"categories":[21,24],"tags":[152,32,30,4014,1005,2477],"class_list":["post-421584","post","type-post","status-publish","format-standard","has-post-thumbnail","hentry","category-desporto","category-futebol","tag-desporto","tag-futebol","tag-presidente","tag-sad","tag-tondela","tag-treinadores"],"yoast_head":"<!-- This site is optimized with the Yoast SEO plugin v27.2 - https:\/\/yoast.com\/product\/yoast-seo-wordpress\/ -->\n<title>SAD do Tondela avalia v\u00e1rias op\u00e7\u00f5es para novo comando t\u00e9cnico - Portal Tela Portugal<\/title>\n<meta name=\"robots\" content=\"index, follow, max-snippet:-1, max-image-preview:large, max-video-preview:-1\" \/>\n<meta property=\"og:locale\" content=\"pt_PT\" \/>\n<meta property=\"og:type\" content=\"article\" \/>\n<meta property=\"og:title\" content=\"SAD do Tondela avalia v\u00e1rias op\u00e7\u00f5es para novo comando t\u00e9cnico - Portal Tela Portugal\" \/>\n<meta property=\"og:description\" content=\"A SAD do Tondela, liderada por Gilberto Coimbra, procura novo treinador ap\u00f3s a rescis\u00e3o com Cristiano Bacci,Explica\u00e7\u00e3o para empate 0-0 com AVS SAD. O encontro diante do AVS SAD terminou empatado sem gols, levando \u00e0 sa\u00edda de Bacci. J\u00e1 surgiram v\u00e1rios nomes na calha para assumir o comando t\u00e9cnico, mas a escolha dever\u00e1 demorar alguns dias. A busca por um substituto competente mant\u00e9m-se em curso, com foco na estabilidade da equipa auriverde.\" \/>\n<meta property=\"og:url\" content=\"https:\/\/portaltela.pt\/noticias\/2026\/03\/25\/sad-do-tondela-avalia-varias-opcoes-para-novo-comando-tecnico\/\" \/>\n<meta property=\"og:site_name\" content=\"Portal Tela Portugal\" \/>\n<meta property=\"article:published_time\" content=\"2026-03-25T21:54:13+00:00\" \/>\n<meta name=\"author\" content=\"Telinha\" \/>\n<meta name=\"twitter:card\" content=\"summary_large_image\" \/>\n<meta name=\"twitter:label1\" content=\"Escrito por\" \/>\n\t<meta name=\"twitter:data1\" content=\"Telinha\" \/>\n<script type=\"application\/ld+json\" class=\"yoast-schema-graph\">{\"@context\":\"https:\/\/schema.org\",\"@graph\":[{\"@type\":\"Article\",\"@id\":\"https:\/\/portaltela.pt\/noticias\/2026\/03\/25\/sad-do-tondela-avalia-varias-opcoes-para-novo-comando-tecnico\/#article\",\"isPartOf\":{\"@id\":\"https:\/\/portaltela.pt\/noticias\/2026\/03\/25\/sad-do-tondela-avalia-varias-opcoes-para-novo-comando-tecnico\/\"},\"author\":{\"name\":\"Telinha\",\"@id\":\"https:\/\/portaltela.pt\/#\/schema\/person\/c4278d4a6028830caff9ee44b42d32ed\"},\"headline\":\"SAD do Tondela avalia v\u00e1rias op\u00e7\u00f5es para novo comando t\u00e9cnico\",\"datePublished\":\"2026-03-25T21:54:13+00:00\",\"mainEntityOfPage\":{\"@id\":\"https:\/\/portaltela.pt\/noticias\/2026\/03\/25\/sad-do-tondela-avalia-varias-opcoes-para-novo-comando-tecnico\/\"},\"wordCount\":36,\"image\":{\"@id\":\"https:\/\/portaltela.pt\/noticias\/2026\/03\/25\/sad-do-tondela-avalia-varias-opcoes-para-novo-comando-tecnico\/#primaryimage\"},\"thumbnailUrl\":\"https:\/\/portaltela.pt\/s.01k8rhncp4jt1\/2026\/03\/img_920x518uu2026-01-31-22-54-32-2418765-im-639100724399209187.jpg\",\"keywords\":[\"desporto\",\"futebol\",\"presidente\",\"SAD\",\"Tondela\",\"treinadores\"],\"articleSection\":[\"Desporto\",\"Futebol\"],\"inLanguage\":\"pt-PT\"},{\"@type\":\"WebPage\",\"@id\":\"https:\/\/portaltela.pt\/noticias\/2026\/03\/25\/sad-do-tondela-avalia-varias-opcoes-para-novo-comando-tecnico\/\",\"url\":\"https:\/\/portaltela.pt\/noticias\/2026\/03\/25\/sad-do-tondela-avalia-varias-opcoes-para-novo-comando-tecnico\/\",\"name\":\"SAD do Tondela avalia v\u00e1rias op\u00e7\u00f5es para novo comando t\u00e9cnico - Portal Tela Portugal\",\"isPartOf\":{\"@id\":\"https:\/\/portaltela.pt\/#website\"},\"primaryImageOfPage\":{\"@id\":\"https:\/\/portaltela.pt\/noticias\/2026\/03\/25\/sad-do-tondela-avalia-varias-opcoes-para-novo-comando-tecnico\/#primaryimage\"},\"image\":{\"@id\":\"https:\/\/portaltela.pt\/noticias\/2026\/03\/25\/sad-do-tondela-avalia-varias-opcoes-para-novo-comando-tecnico\/#primaryimage\"},\"thumbnailUrl\":\"https:\/\/portaltela.pt\/s.01k8rhncp4jt1\/2026\/03\/img_920x518uu2026-01-31-22-54-32-2418765-im-639100724399209187.jpg\",\"datePublished\":\"2026-03-25T21:54:13+00:00\",\"author\":{\"@id\":\"https:\/\/portaltela.pt\/#\/schema\/person\/c4278d4a6028830caff9ee44b42d32ed\"},\"breadcrumb\":{\"@id\":\"https:\/\/portaltela.pt\/noticias\/2026\/03\/25\/sad-do-tondela-avalia-varias-opcoes-para-novo-comando-tecnico\/#breadcrumb\"},\"inLanguage\":\"pt-PT\",\"potentialAction\":[{\"@type\":\"ReadAction\",\"target\":[\"https:\/\/portaltela.pt\/noticias\/2026\/03\/25\/sad-do-tondela-avalia-varias-opcoes-para-novo-comando-tecnico\/\"]}]},{\"@type\":\"ImageObject\",\"inLanguage\":\"pt-PT\",\"@id\":\"https:\/\/portaltela.pt\/noticias\/2026\/03\/25\/sad-do-tondela-avalia-varias-opcoes-para-novo-comando-tecnico\/#primaryimage\",\"url\":\"https:\/\/portaltela.pt\/s.01k8rhncp4jt1\/2026\/03\/img_920x518uu2026-01-31-22-54-32-2418765-im-639100724399209187.jpg\",\"contentUrl\":\"https:\/\/portaltela.pt\/s.01k8rhncp4jt1\/2026\/03\/img_920x518uu2026-01-31-22-54-32-2418765-im-639100724399209187.jpg\",\"width\":796,\"height\":448,\"caption\":\"Est\u00e1dio Jo\u00e3o Cardoso\"},{\"@type\":\"BreadcrumbList\",\"@id\":\"https:\/\/portaltela.pt\/noticias\/2026\/03\/25\/sad-do-tondela-avalia-varias-opcoes-para-novo-comando-tecnico\/#breadcrumb\",\"itemListElement\":[{\"@type\":\"ListItem\",\"position\":1,\"name\":\"In\u00edcio\",\"item\":\"https:\/\/portaltela.pt\/\"},{\"@type\":\"ListItem\",\"position\":2,\"name\":\"SAD do Tondela avalia v\u00e1rias op\u00e7\u00f5es para novo comando t\u00e9cnico\"}]},{\"@type\":\"WebSite\",\"@id\":\"https:\/\/portaltela.pt\/#website\",\"url\":\"https:\/\/portaltela.pt\/\",\"name\":\"Portal Tela Portugal\",\"description\":\"\",\"potentialAction\":[{\"@type\":\"SearchAction\",\"target\":{\"@type\":\"EntryPoint\",\"urlTemplate\":\"https:\/\/portaltela.pt\/?s={search_term_string}\"},\"query-input\":{\"@type\":\"PropertyValueSpecification\",\"valueRequired\":true,\"valueName\":\"search_term_string\"}}],\"inLanguage\":\"pt-PT\"},{\"@type\":\"Person\",\"@id\":\"https:\/\/portaltela.pt\/#\/schema\/person\/c4278d4a6028830caff9ee44b42d32ed\",\"name\":\"Telinha\",\"image\":{\"@type\":\"ImageObject\",\"inLanguage\":\"pt-PT\",\"@id\":\"https:\/\/portaltela.pt\/s.01k8rhncp4jt1\/2025\/11\/talking-bot-125x125.png\",\"url\":\"https:\/\/portaltela.pt\/s.01k8rhncp4jt1\/2025\/11\/talking-bot-125x125.png\",\"contentUrl\":\"https:\/\/portaltela.pt\/s.01k8rhncp4jt1\/2025\/11\/talking-bot-125x125.png\",\"caption\":\"Telinha\"},\"sameAs\":[\"https:\/\/portaltela.pt\/\"],\"url\":\"https:\/\/portaltela.pt\/por\/367410592786\/\"}]}<\/script>\n<!-- \/ Yoast SEO plugin. -->","yoast_head_json":{"title":"SAD do Tondela avalia v\u00e1rias op\u00e7\u00f5es para novo comando t\u00e9cnico - Portal Tela Portugal","robots":{"index":"index","follow":"follow","max-snippet":"max-snippet:-1","max-image-preview":"max-image-preview:large","max-video-preview":"max-video-preview:-1"},"og_locale":"pt_PT","og_type":"article","og_title":"SAD do Tondela avalia v\u00e1rias op\u00e7\u00f5es para novo comando t\u00e9cnico - Portal Tela Portugal","og_description":"A SAD do Tondela, liderada por Gilberto Coimbra, procura novo treinador ap\u00f3s a rescis\u00e3o com Cristiano Bacci,Explica\u00e7\u00e3o para empate 0-0 com AVS SAD. O encontro diante do AVS SAD terminou empatado sem gols, levando \u00e0 sa\u00edda de Bacci. J\u00e1 surgiram v\u00e1rios nomes na calha para assumir o comando t\u00e9cnico, mas a escolha dever\u00e1 demorar alguns dias. A busca por um substituto competente mant\u00e9m-se em curso, com foco na estabilidade da equipa auriverde.","og_url":"https:\/\/portaltela.pt\/noticias\/2026\/03\/25\/sad-do-tondela-avalia-varias-opcoes-para-novo-comando-tecnico\/","og_site_name":"Portal Tela Portugal","article_published_time":"2026-03-25T21:54:13+00:00","author":"Telinha","twitter_card":"summary_large_image","twitter_misc":{"Escrito por":"Telinha"},"schema":{"@context":"https:\/\/schema.org","@graph":[{"@type":"Article","@id":"https:\/\/portaltela.pt\/noticias\/2026\/03\/25\/sad-do-tondela-avalia-varias-opcoes-para-novo-comando-tecnico\/#article","isPartOf":{"@id":"https:\/\/portaltela.pt\/noticias\/2026\/03\/25\/sad-do-tondela-avalia-varias-opcoes-para-novo-comando-tecnico\/"},"author":{"name":"Telinha","@id":"https:\/\/portaltela.pt\/#\/schema\/person\/c4278d4a6028830caff9ee44b42d32ed"},"headline":"SAD do Tondela avalia v\u00e1rias op\u00e7\u00f5es para novo comando t\u00e9cnico","datePublished":"2026-03-25T21:54:13+00:00","mainEntityOfPage":{"@id":"https:\/\/portaltela.pt\/noticias\/2026\/03\/25\/sad-do-tondela-avalia-varias-opcoes-para-novo-comando-tecnico\/"},"wordCount":36,"image":{"@id":"https:\/\/portaltela.pt\/noticias\/2026\/03\/25\/sad-do-tondela-avalia-varias-opcoes-para-novo-comando-tecnico\/#primaryimage"},"thumbnailUrl":"https:\/\/portaltela.pt\/s.01k8rhncp4jt1\/2026\/03\/img_920x518uu2026-01-31-22-54-32-2418765-im-639100724399209187.jpg","keywords":["desporto","futebol","presidente","SAD","Tondela","treinadores"],"articleSection":["Desporto","Futebol"],"inLanguage":"pt-PT"},{"@type":"WebPage","@id":"https:\/\/portaltela.pt\/noticias\/2026\/03\/25\/sad-do-tondela-avalia-varias-opcoes-para-novo-comando-tecnico\/","url":"https:\/\/portaltela.pt\/noticias\/2026\/03\/25\/sad-do-tondela-avalia-varias-opcoes-para-novo-comando-tecnico\/","name":"SAD do Tondela avalia v\u00e1rias op\u00e7\u00f5es para novo comando t\u00e9cnico - Portal Tela Portugal","isPartOf":{"@id":"https:\/\/portaltela.pt\/#website"},"primaryImageOfPage":{"@id":"https:\/\/portaltela.pt\/noticias\/2026\/03\/25\/sad-do-tondela-avalia-varias-opcoes-para-novo-comando-tecnico\/#primaryimage"},"image":{"@id":"https:\/\/portaltela.pt\/noticias\/2026\/03\/25\/sad-do-tondela-avalia-varias-opcoes-para-novo-comando-tecnico\/#primaryimage"},"thumbnailUrl":"https:\/\/portaltela.pt\/s.01k8rhncp4jt1\/2026\/03\/img_920x518uu2026-01-31-22-54-32-2418765-im-639100724399209187.jpg","datePublished":"2026-03-25T21:54:13+00:00","author":{"@id":"https:\/\/portaltela.pt\/#\/schema\/person\/c4278d4a6028830caff9ee44b42d32ed"},"breadcrumb":{"@id":"https:\/\/portaltela.pt\/noticias\/2026\/03\/25\/sad-do-tondela-avalia-varias-opcoes-para-novo-comando-tecnico\/#breadcrumb"},"inLanguage":"pt-PT","potentialAction":[{"@type":"ReadAction","target":["https:\/\/portaltela.pt\/noticias\/2026\/03\/25\/sad-do-tondela-avalia-varias-opcoes-para-novo-comando-tecnico\/"]}]},{"@type":"ImageObject","inLanguage":"pt-PT","@id":"https:\/\/portaltela.pt\/noticias\/2026\/03\/25\/sad-do-tondela-avalia-varias-opcoes-para-novo-comando-tecnico\/#primaryimage","url":"https:\/\/portaltela.pt\/s.01k8rhncp4jt1\/2026\/03\/img_920x518uu2026-01-31-22-54-32-2418765-im-639100724399209187.jpg","contentUrl":"https:\/\/portaltela.pt\/s.01k8rhncp4jt1\/2026\/03\/img_920x518uu2026-01-31-22-54-32-2418765-im-639100724399209187.jpg","width":796,"height":448,"caption":"Est\u00e1dio Jo\u00e3o Cardoso"},{"@type":"BreadcrumbList","@id":"https:\/\/portaltela.pt\/noticias\/2026\/03\/25\/sad-do-tondela-avalia-varias-opcoes-para-novo-comando-tecnico\/#breadcrumb","itemListElement":[{"@type":"ListItem","position":1,"name":"In\u00edcio","item":"https:\/\/portaltela.pt\/"},{"@type":"ListItem","position":2,"name":"SAD do Tondela avalia v\u00e1rias op\u00e7\u00f5es para novo comando t\u00e9cnico"}]},{"@type":"WebSite","@id":"https:\/\/portaltela.pt\/#website","url":"https:\/\/portaltela.pt\/","name":"Portal Tela Portugal","description":"","potentialAction":[{"@type":"SearchAction","target":{"@type":"EntryPoint","urlTemplate":"https:\/\/portaltela.pt\/?s={search_term_string}"},"query-input":{"@type":"PropertyValueSpecification","valueRequired":true,"valueName":"search_term_string"}}],"inLanguage":"pt-PT"},{"@type":"Person","@id":"https:\/\/portaltela.pt\/#\/schema\/person\/c4278d4a6028830caff9ee44b42d32ed","name":"Telinha","image":{"@type":"ImageObject","inLanguage":"pt-PT","@id":"https:\/\/portaltela.pt\/s.01k8rhncp4jt1\/2025\/11\/talking-bot-125x125.png","url":"https:\/\/portaltela.pt\/s.01k8rhncp4jt1\/2025\/11\/talking-bot-125x125.png","contentUrl":"https:\/\/portaltela.pt\/s.01k8rhncp4jt1\/2025\/11\/talking-bot-125x125.png","caption":"Telinha"},"sameAs":["https:\/\/portaltela.pt\/"],"url":"https:\/\/portaltela.pt\/por\/367410592786\/"}]}},"_links":{"self":[{"href":"https:\/\/portaltela.pt\/api\/wp\/v2\/posts\/421584","targetHints":{"allow":["GET"]}}],"collection":[{"href":"https:\/\/portaltela.pt\/api\/wp\/v2\/posts"}],"about":[{"href":"https:\/\/portaltela.pt\/api\/wp\/v2\/types\/post"}],"author":[{"embeddable":true,"href":"https:\/\/portaltela.pt\/api\/wp\/v2\/users\/2"}],"replies":[{"embeddable":true,"href":"https:\/\/portaltela.pt\/api\/wp\/v2\/comments?post=421584"}],"version-history":[{"count":0,"href":"https:\/\/portaltela.pt\/api\/wp\/v2\/posts\/421584\/revisions"}],"wp:featuredmedia":[{"embeddable":true,"href":"https:\/\/portaltela.pt\/api\/wp\/v2\/media\/421585"}],"wp:attachment":[{"href":"https:\/\/portaltela.pt\/api\/wp\/v2\/media?parent=421584"}],"wp:term":[{"taxonomy":"category","embeddable":true,"href":"https:\/\/portaltela.pt\/api\/wp\/v2\/categories?post=421584"},{"taxonomy":"post_tag","embeddable":true,"href":"https:\/\/portaltela.pt\/api\/wp\/v2\/tags?post=421584"}],"curies":[{"name":"wp","href":"https:\/\/api.w.org\/{rel}","templated":true}]}}