{"id":421569,"date":"2026-03-25T18:27:00","date_gmt":"2026-03-25T21:27:00","guid":{"rendered":"https:\/\/portaltela.pt\/noticias\/2026\/03\/25\/villas-boas-nega-divida-pela-intermediacao-da-transferencia-de-otavio\/"},"modified":"2026-03-25T18:27:00","modified_gmt":"2026-03-25T21:27:00","slug":"villas-boas-nega-divida-pela-intermediacao-da-transferencia-de-otavio","status":"publish","type":"post","link":"https:\/\/portaltela.pt\/desporto\/futebol\/2026\/03\/25\/villas-boas-nega-divida-pela-intermediacao-da-transferencia-de-otavio\/","title":{"rendered":"Villas-Boas nega d\u00edvida pela intermedia\u00e7\u00e3o da transfer\u00eancia de Ot\u00e1vio"},"content":{"rendered":"<p>O presidente do F C Porto, Andr\u00e9 Villas-Boas, negou nesta quarta-feira qualquer d\u00edvida do clube relacionada com a transfer\u00eancia de Ot\u00e1vio para o Al Nassr, em 2023. O encontro ocorreu no Pal\u00e1cio da Justi\u00e7a do Porto, no \u00e2mbito de um processo movido pela ag\u00eancia intermedi\u00e1ria LiveSoccer.<\/p>\n<p>A interven\u00e7\u00e3o reclama 3 milh\u00f5es de euros pela negocia\u00e7\u00e3o, que ficou conclu\u00edda por 60 milh\u00f5es de euros. Villas-Boas afirmou que, na \u00f3tica do clube, os valores est\u00e3o pagos e que n\u00e3o h\u00e1 mat\u00e9ria a debater.<\/p>\n<p>O tribunal dever\u00e1 ainda ouvir Ot\u00e1vio, que aceitou reduzir em 50% o montante devido pelo F C Porto. O caso envolve diverg\u00eancias sobre comiss\u00f5es da intermedia\u00e7\u00e3o e o pagamento de quantias \u00e0 ag\u00eancia desde o neg\u00f3cio.<\/p>\n<h3>Origens do conflito<\/h3>\n<p>O Porto sustenta que os valores acordados foram liquidados e que comunicou \u00e0s entidades competentes as quantias pagas \u00e0 LiveSoccer. A defesa do jogador \u00e9 citada como parte do processo, com a possibilidade de novas declara\u00e7\u00f5es.<\/p>\n<h3>Perspetivas do processo<\/h3>\n<p>A audi\u00eancia continua em curso, com a emiss\u00e3o de decis\u00f5es previstas pelas autoridades judici\u00e1rias. O foco permanece na veracidade dos pagamentos e na eventual exist\u00eancia de comiss\u00f5es adicionais entre as partes envolvidas.<\/p>\n","protected":false},"excerpt":{"rendered":"<ul>\n<li>O presidente do F. C. Porto, Andr\u00e9 Villas-Boas, negou qualquer d\u00edvida relacionada com a transfer\u00eancia de Ot\u00e1vio para o Al Nassr, ocorrida em 2023.<\/li>\n<li>A ag\u00eancia intermedi\u00e1ria LiveSoccer reclama ao clube 3 milh\u00f5es de euros pela negocia\u00e7\u00e3o, que teve o neg\u00f3cio fechado por 60 milh\u00f5es.<\/li>\n<li>O F. C. Porto afirma que os valores foram pagos e que n\u00e3o h\u00e1 mais d\u00edvidas por discutir.<\/li>\n<li>Villas-Boas explicou que as comiss\u00f5es podem variar e citou exemplos, incluindo uma comiss\u00e3o de zero por Evanilson, com a transfer\u00eancia do jogador para o Bournemouth em 2024, valorizando o neg\u00f3cio entre 40 e 45 milh\u00f5es.<\/li>\n<li>O julgamento ir\u00e1 incluir a audi\u00e7\u00e3o do pr\u00f3prio Ot\u00e1vio, que aceitou reduzir em 50% o valor devido pelos drag\u00f5es.<\/li>\n<\/ul>\n","protected":false},"author":2,"featured_media":421573,"comment_status":"closed","ping_status":"closed","sticky":false,"template":"","format":"standard","meta":{"footnotes":""},"categories":[21,24],"tags":[1041,32,4959,982,6919,2050],"class_list":["post-421569","post","type-post","status-publish","format-standard","has-post-thumbnail","hentry","category-desporto","category-futebol","tag-comissoes","tag-futebol","tag-otavio","tag-porto","tag-porto-sad","tag-transferencias"],"yoast_head":"<!-- This site is optimized with the Yoast SEO plugin v27.2 - https:\/\/yoast.com\/product\/yoast-seo-wordpress\/ -->\n<title>Villas-Boas nega d\u00edvida pela intermedia\u00e7\u00e3o da transfer\u00eancia de Ot\u00e1vio - Portal Tela Portugal<\/title>\n<meta name=\"robots\" content=\"index, follow, max-snippet:-1, max-image-preview:large, max-video-preview:-1\" \/>\n<meta property=\"og:locale\" content=\"pt_PT\" \/>\n<meta property=\"og:type\" content=\"article\" \/>\n<meta property=\"og:title\" content=\"Villas-Boas nega d\u00edvida pela intermedia\u00e7\u00e3o da transfer\u00eancia de Ot\u00e1vio - Portal Tela Portugal\" \/>\n<meta property=\"og:description\" content=\"O presidente do F. C. Porto, Andr\u00e9 Villas-Boas, negou qualquer d\u00edvida relacionada com a transfer\u00eancia de Ot\u00e1vio para o Al Nassr, ocorrida em 2023. A ag\u00eancia intermedi\u00e1ria LiveSoccer reclama ao clube 3 milh\u00f5es de euros pela negocia\u00e7\u00e3o, que teve o neg\u00f3cio fechado por 60 milh\u00f5es. O F. C. Porto afirma que os valores foram pagos e que n\u00e3o h\u00e1 mais d\u00edvidas por discutir. Villas-Boas explicou que as comiss\u00f5es podem variar e citou exemplos, incluindo uma comiss\u00e3o de zero por Evanilson, com a transfer\u00eancia do jogador para o Bournemouth em 2024, valorizando o neg\u00f3cio entre 40 e 45 milh\u00f5es. O julgamento ir\u00e1 incluir a audi\u00e7\u00e3o do pr\u00f3prio Ot\u00e1vio, que aceitou reduzir em 50% o valor devido pelos drag\u00f5es.\" \/>\n<meta property=\"og:url\" content=\"https:\/\/portaltela.pt\/noticias\/2026\/03\/25\/villas-boas-nega-divida-pela-intermediacao-da-transferencia-de-otavio\/\" \/>\n<meta property=\"og:site_name\" content=\"Portal Tela Portugal\" \/>\n<meta property=\"article:published_time\" content=\"2026-03-25T21:27:00+00:00\" \/>\n<meta name=\"author\" content=\"Telinha\" \/>\n<meta name=\"twitter:card\" content=\"summary_large_image\" \/>\n<meta name=\"twitter:label1\" content=\"Escrito por\" \/>\n\t<meta name=\"twitter:data1\" content=\"Telinha\" \/>\n\t<meta name=\"twitter:label2\" content=\"Tempo estimado de leitura\" \/>\n\t<meta name=\"twitter:data2\" content=\"1 minuto\" \/>\n<script type=\"application\/ld+json\" class=\"yoast-schema-graph\">{\"@context\":\"https:\/\/schema.org\",\"@graph\":[{\"@type\":\"Article\",\"@id\":\"https:\/\/portaltela.pt\/noticias\/2026\/03\/25\/villas-boas-nega-divida-pela-intermediacao-da-transferencia-de-otavio\/#article\",\"isPartOf\":{\"@id\":\"https:\/\/portaltela.pt\/noticias\/2026\/03\/25\/villas-boas-nega-divida-pela-intermediacao-da-transferencia-de-otavio\/\"},\"author\":{\"name\":\"Telinha\",\"@id\":\"https:\/\/portaltela.pt\/#\/schema\/person\/c4278d4a6028830caff9ee44b42d32ed\"},\"headline\":\"Villas-Boas nega d\u00edvida pela intermedia\u00e7\u00e3o da transfer\u00eancia de Ot\u00e1vio\",\"datePublished\":\"2026-03-25T21:27:00+00:00\",\"mainEntityOfPage\":{\"@id\":\"https:\/\/portaltela.pt\/noticias\/2026\/03\/25\/villas-boas-nega-divida-pela-intermediacao-da-transferencia-de-otavio\/\"},\"wordCount\":225,\"image\":{\"@id\":\"https:\/\/portaltela.pt\/noticias\/2026\/03\/25\/villas-boas-nega-divida-pela-intermediacao-da-transferencia-de-otavio\/#primaryimage\"},\"thumbnailUrl\":\"https:\/\/portaltela.pt\/s.01k8rhncp4jt1\/2026\/03\/image-145.webp\",\"keywords\":[\"comiss\u00f5es\",\"futebol\",\"Ot\u00e1vio\",\"Porto\",\"Porto SAD\",\"transfer\u00eancias\"],\"articleSection\":[\"Desporto\",\"Futebol\"],\"inLanguage\":\"pt-PT\"},{\"@type\":\"WebPage\",\"@id\":\"https:\/\/portaltela.pt\/noticias\/2026\/03\/25\/villas-boas-nega-divida-pela-intermediacao-da-transferencia-de-otavio\/\",\"url\":\"https:\/\/portaltela.pt\/noticias\/2026\/03\/25\/villas-boas-nega-divida-pela-intermediacao-da-transferencia-de-otavio\/\",\"name\":\"Villas-Boas nega d\u00edvida pela intermedia\u00e7\u00e3o da transfer\u00eancia de Ot\u00e1vio - Portal Tela Portugal\",\"isPartOf\":{\"@id\":\"https:\/\/portaltela.pt\/#website\"},\"primaryImageOfPage\":{\"@id\":\"https:\/\/portaltela.pt\/noticias\/2026\/03\/25\/villas-boas-nega-divida-pela-intermediacao-da-transferencia-de-otavio\/#primaryimage\"},\"image\":{\"@id\":\"https:\/\/portaltela.pt\/noticias\/2026\/03\/25\/villas-boas-nega-divida-pela-intermediacao-da-transferencia-de-otavio\/#primaryimage\"},\"thumbnailUrl\":\"https:\/\/portaltela.pt\/s.01k8rhncp4jt1\/2026\/03\/image-145.webp\",\"datePublished\":\"2026-03-25T21:27:00+00:00\",\"author\":{\"@id\":\"https:\/\/portaltela.pt\/#\/schema\/person\/c4278d4a6028830caff9ee44b42d32ed\"},\"breadcrumb\":{\"@id\":\"https:\/\/portaltela.pt\/noticias\/2026\/03\/25\/villas-boas-nega-divida-pela-intermediacao-da-transferencia-de-otavio\/#breadcrumb\"},\"inLanguage\":\"pt-PT\",\"potentialAction\":[{\"@type\":\"ReadAction\",\"target\":[\"https:\/\/portaltela.pt\/noticias\/2026\/03\/25\/villas-boas-nega-divida-pela-intermediacao-da-transferencia-de-otavio\/\"]}]},{\"@type\":\"ImageObject\",\"inLanguage\":\"pt-PT\",\"@id\":\"https:\/\/portaltela.pt\/noticias\/2026\/03\/25\/villas-boas-nega-divida-pela-intermediacao-da-transferencia-de-otavio\/#primaryimage\",\"url\":\"https:\/\/portaltela.pt\/s.01k8rhncp4jt1\/2026\/03\/image-145.webp\",\"contentUrl\":\"https:\/\/portaltela.pt\/s.01k8rhncp4jt1\/2026\/03\/image-145.webp\",\"width\":1200,\"height\":959,\"caption\":\"Ot\u00e1vio transferiu-se do F. C. Porto para o Al Nassr em 2023\"},{\"@type\":\"BreadcrumbList\",\"@id\":\"https:\/\/portaltela.pt\/noticias\/2026\/03\/25\/villas-boas-nega-divida-pela-intermediacao-da-transferencia-de-otavio\/#breadcrumb\",\"itemListElement\":[{\"@type\":\"ListItem\",\"position\":1,\"name\":\"In\u00edcio\",\"item\":\"https:\/\/portaltela.pt\/\"},{\"@type\":\"ListItem\",\"position\":2,\"name\":\"Villas-Boas nega d\u00edvida pela intermedia\u00e7\u00e3o da transfer\u00eancia de Ot\u00e1vio\"}]},{\"@type\":\"WebSite\",\"@id\":\"https:\/\/portaltela.pt\/#website\",\"url\":\"https:\/\/portaltela.pt\/\",\"name\":\"Portal Tela Portugal\",\"description\":\"\",\"potentialAction\":[{\"@type\":\"SearchAction\",\"target\":{\"@type\":\"EntryPoint\",\"urlTemplate\":\"https:\/\/portaltela.pt\/?s={search_term_string}\"},\"query-input\":{\"@type\":\"PropertyValueSpecification\",\"valueRequired\":true,\"valueName\":\"search_term_string\"}}],\"inLanguage\":\"pt-PT\"},{\"@type\":\"Person\",\"@id\":\"https:\/\/portaltela.pt\/#\/schema\/person\/c4278d4a6028830caff9ee44b42d32ed\",\"name\":\"Telinha\",\"image\":{\"@type\":\"ImageObject\",\"inLanguage\":\"pt-PT\",\"@id\":\"https:\/\/portaltela.pt\/s.01k8rhncp4jt1\/2025\/11\/talking-bot-125x125.png\",\"url\":\"https:\/\/portaltela.pt\/s.01k8rhncp4jt1\/2025\/11\/talking-bot-125x125.png\",\"contentUrl\":\"https:\/\/portaltela.pt\/s.01k8rhncp4jt1\/2025\/11\/talking-bot-125x125.png\",\"caption\":\"Telinha\"},\"sameAs\":[\"https:\/\/portaltela.pt\/\"],\"url\":\"https:\/\/portaltela.pt\/por\/367410592786\/\"}]}<\/script>\n<!-- \/ Yoast SEO plugin. -->","yoast_head_json":{"title":"Villas-Boas nega d\u00edvida pela intermedia\u00e7\u00e3o da transfer\u00eancia de Ot\u00e1vio - Portal Tela Portugal","robots":{"index":"index","follow":"follow","max-snippet":"max-snippet:-1","max-image-preview":"max-image-preview:large","max-video-preview":"max-video-preview:-1"},"og_locale":"pt_PT","og_type":"article","og_title":"Villas-Boas nega d\u00edvida pela intermedia\u00e7\u00e3o da transfer\u00eancia de Ot\u00e1vio - Portal Tela Portugal","og_description":"O presidente do F. C. Porto, Andr\u00e9 Villas-Boas, negou qualquer d\u00edvida relacionada com a transfer\u00eancia de Ot\u00e1vio para o Al Nassr, ocorrida em 2023. A ag\u00eancia intermedi\u00e1ria LiveSoccer reclama ao clube 3 milh\u00f5es de euros pela negocia\u00e7\u00e3o, que teve o neg\u00f3cio fechado por 60 milh\u00f5es. O F. C. Porto afirma que os valores foram pagos e que n\u00e3o h\u00e1 mais d\u00edvidas por discutir. Villas-Boas explicou que as comiss\u00f5es podem variar e citou exemplos, incluindo uma comiss\u00e3o de zero por Evanilson, com a transfer\u00eancia do jogador para o Bournemouth em 2024, valorizando o neg\u00f3cio entre 40 e 45 milh\u00f5es. O julgamento ir\u00e1 incluir a audi\u00e7\u00e3o do pr\u00f3prio Ot\u00e1vio, que aceitou reduzir em 50% o valor devido pelos drag\u00f5es.","og_url":"https:\/\/portaltela.pt\/noticias\/2026\/03\/25\/villas-boas-nega-divida-pela-intermediacao-da-transferencia-de-otavio\/","og_site_name":"Portal Tela Portugal","article_published_time":"2026-03-25T21:27:00+00:00","author":"Telinha","twitter_card":"summary_large_image","twitter_misc":{"Escrito por":"Telinha","Tempo estimado de leitura":"1 minuto"},"schema":{"@context":"https:\/\/schema.org","@graph":[{"@type":"Article","@id":"https:\/\/portaltela.pt\/noticias\/2026\/03\/25\/villas-boas-nega-divida-pela-intermediacao-da-transferencia-de-otavio\/#article","isPartOf":{"@id":"https:\/\/portaltela.pt\/noticias\/2026\/03\/25\/villas-boas-nega-divida-pela-intermediacao-da-transferencia-de-otavio\/"},"author":{"name":"Telinha","@id":"https:\/\/portaltela.pt\/#\/schema\/person\/c4278d4a6028830caff9ee44b42d32ed"},"headline":"Villas-Boas nega d\u00edvida pela intermedia\u00e7\u00e3o da transfer\u00eancia de Ot\u00e1vio","datePublished":"2026-03-25T21:27:00+00:00","mainEntityOfPage":{"@id":"https:\/\/portaltela.pt\/noticias\/2026\/03\/25\/villas-boas-nega-divida-pela-intermediacao-da-transferencia-de-otavio\/"},"wordCount":225,"image":{"@id":"https:\/\/portaltela.pt\/noticias\/2026\/03\/25\/villas-boas-nega-divida-pela-intermediacao-da-transferencia-de-otavio\/#primaryimage"},"thumbnailUrl":"https:\/\/portaltela.pt\/s.01k8rhncp4jt1\/2026\/03\/image-145.webp","keywords":["comiss\u00f5es","futebol","Ot\u00e1vio","Porto","Porto SAD","transfer\u00eancias"],"articleSection":["Desporto","Futebol"],"inLanguage":"pt-PT"},{"@type":"WebPage","@id":"https:\/\/portaltela.pt\/noticias\/2026\/03\/25\/villas-boas-nega-divida-pela-intermediacao-da-transferencia-de-otavio\/","url":"https:\/\/portaltela.pt\/noticias\/2026\/03\/25\/villas-boas-nega-divida-pela-intermediacao-da-transferencia-de-otavio\/","name":"Villas-Boas nega d\u00edvida pela intermedia\u00e7\u00e3o da transfer\u00eancia de Ot\u00e1vio - Portal Tela Portugal","isPartOf":{"@id":"https:\/\/portaltela.pt\/#website"},"primaryImageOfPage":{"@id":"https:\/\/portaltela.pt\/noticias\/2026\/03\/25\/villas-boas-nega-divida-pela-intermediacao-da-transferencia-de-otavio\/#primaryimage"},"image":{"@id":"https:\/\/portaltela.pt\/noticias\/2026\/03\/25\/villas-boas-nega-divida-pela-intermediacao-da-transferencia-de-otavio\/#primaryimage"},"thumbnailUrl":"https:\/\/portaltela.pt\/s.01k8rhncp4jt1\/2026\/03\/image-145.webp","datePublished":"2026-03-25T21:27:00+00:00","author":{"@id":"https:\/\/portaltela.pt\/#\/schema\/person\/c4278d4a6028830caff9ee44b42d32ed"},"breadcrumb":{"@id":"https:\/\/portaltela.pt\/noticias\/2026\/03\/25\/villas-boas-nega-divida-pela-intermediacao-da-transferencia-de-otavio\/#breadcrumb"},"inLanguage":"pt-PT","potentialAction":[{"@type":"ReadAction","target":["https:\/\/portaltela.pt\/noticias\/2026\/03\/25\/villas-boas-nega-divida-pela-intermediacao-da-transferencia-de-otavio\/"]}]},{"@type":"ImageObject","inLanguage":"pt-PT","@id":"https:\/\/portaltela.pt\/noticias\/2026\/03\/25\/villas-boas-nega-divida-pela-intermediacao-da-transferencia-de-otavio\/#primaryimage","url":"https:\/\/portaltela.pt\/s.01k8rhncp4jt1\/2026\/03\/image-145.webp","contentUrl":"https:\/\/portaltela.pt\/s.01k8rhncp4jt1\/2026\/03\/image-145.webp","width":1200,"height":959,"caption":"Ot\u00e1vio transferiu-se do F. C. Porto para o Al Nassr em 2023"},{"@type":"BreadcrumbList","@id":"https:\/\/portaltela.pt\/noticias\/2026\/03\/25\/villas-boas-nega-divida-pela-intermediacao-da-transferencia-de-otavio\/#breadcrumb","itemListElement":[{"@type":"ListItem","position":1,"name":"In\u00edcio","item":"https:\/\/portaltela.pt\/"},{"@type":"ListItem","position":2,"name":"Villas-Boas nega d\u00edvida pela intermedia\u00e7\u00e3o da transfer\u00eancia de Ot\u00e1vio"}]},{"@type":"WebSite","@id":"https:\/\/portaltela.pt\/#website","url":"https:\/\/portaltela.pt\/","name":"Portal Tela Portugal","description":"","potentialAction":[{"@type":"SearchAction","target":{"@type":"EntryPoint","urlTemplate":"https:\/\/portaltela.pt\/?s={search_term_string}"},"query-input":{"@type":"PropertyValueSpecification","valueRequired":true,"valueName":"search_term_string"}}],"inLanguage":"pt-PT"},{"@type":"Person","@id":"https:\/\/portaltela.pt\/#\/schema\/person\/c4278d4a6028830caff9ee44b42d32ed","name":"Telinha","image":{"@type":"ImageObject","inLanguage":"pt-PT","@id":"https:\/\/portaltela.pt\/s.01k8rhncp4jt1\/2025\/11\/talking-bot-125x125.png","url":"https:\/\/portaltela.pt\/s.01k8rhncp4jt1\/2025\/11\/talking-bot-125x125.png","contentUrl":"https:\/\/portaltela.pt\/s.01k8rhncp4jt1\/2025\/11\/talking-bot-125x125.png","caption":"Telinha"},"sameAs":["https:\/\/portaltela.pt\/"],"url":"https:\/\/portaltela.pt\/por\/367410592786\/"}]}},"_links":{"self":[{"href":"https:\/\/portaltela.pt\/api\/wp\/v2\/posts\/421569","targetHints":{"allow":["GET"]}}],"collection":[{"href":"https:\/\/portaltela.pt\/api\/wp\/v2\/posts"}],"about":[{"href":"https:\/\/portaltela.pt\/api\/wp\/v2\/types\/post"}],"author":[{"embeddable":true,"href":"https:\/\/portaltela.pt\/api\/wp\/v2\/users\/2"}],"replies":[{"embeddable":true,"href":"https:\/\/portaltela.pt\/api\/wp\/v2\/comments?post=421569"}],"version-history":[{"count":0,"href":"https:\/\/portaltela.pt\/api\/wp\/v2\/posts\/421569\/revisions"}],"wp:featuredmedia":[{"embeddable":true,"href":"https:\/\/portaltela.pt\/api\/wp\/v2\/media\/421573"}],"wp:attachment":[{"href":"https:\/\/portaltela.pt\/api\/wp\/v2\/media?parent=421569"}],"wp:term":[{"taxonomy":"category","embeddable":true,"href":"https:\/\/portaltela.pt\/api\/wp\/v2\/categories?post=421569"},{"taxonomy":"post_tag","embeddable":true,"href":"https:\/\/portaltela.pt\/api\/wp\/v2\/tags?post=421569"}],"curies":[{"name":"wp","href":"https:\/\/api.w.org\/{rel}","templated":true}]}}