{"id":421567,"date":"2026-03-25T18:23:58","date_gmt":"2026-03-25T21:23:58","guid":{"rendered":"https:\/\/portaltela.pt\/noticias\/2026\/03\/25\/villas-boas-fc-porto-nao-deve-mais-3-milhoes-pela-venda-de-otavio\/"},"modified":"2026-03-25T18:23:58","modified_gmt":"2026-03-25T21:23:58","slug":"villas-boas-fc-porto-nao-deve-mais-3-milhoes-pela-venda-de-otavio","status":"publish","type":"post","link":"https:\/\/portaltela.pt\/desporto\/futebol\/2026\/03\/25\/villas-boas-fc-porto-nao-deve-mais-3-milhoes-pela-venda-de-otavio\/","title":{"rendered":"Villas-Boas: FC Porto n\u00e3o deve mais 3 milh\u00f5es pela venda de Ot\u00e1vio"},"content":{"rendered":"<p>Andr\u00e9 Villas-Boas assegurou em tribunal que o FC Porto n\u00e3o deve mais dinheiro pela venda de Ot\u00e1vio ao Al Nassr. A sess\u00e3o ocorreu esta quarta-feira no Pal\u00e1cio da Justi\u00e7a do Porto, em representa\u00e7\u00e3o do clube azul e branco frente \u00e0 LiveSoccer.<\/p>\n<p>O processo envolve a empresa LiveSoccer, que reclama 3 milh\u00f5es de euros ao FC Porto pelo neg\u00f3cio com o clube saudita. Villas-Boas afirmou que, na \u00f3tica do clube, os valores est\u00e3o pagos.<\/p>\n<p>A defesa do FC Porto indicou que a mudan\u00e7a de Ot\u00e1vio para o Al Nassr, em agosto de 2023, ficou acordada por 60 milh\u00f5es de euros, e que todas as obriga\u00e7\u00f5es com o intermedi\u00e1rio foram liquidadas. A interven\u00e7\u00e3o ocorreu ainda sob a gest\u00e3o de Pinto da Costa.<\/p>\n<p>O presidente portista mencionou que, quando assumiu a lideran\u00e7a em maio de 2024, o clube enfrentava v\u00e1rias a\u00e7\u00f5es e problemas de tesouraria. Disse que houve maior controlo de comiss\u00f5es desde ent\u00e3o, incluindo neste caso espec\u00edfico.<\/p>\n<p>Foi mencionada tamb\u00e9m a auditoria forense aos neg\u00f3cios da anterior administra\u00e7\u00e3o, que apontou dificuldades financeiras. Segundo Villas-Boas, as comiss\u00f5es reduziram-se em opera\u00e7\u00f5es de maior envergadura, e n\u00e3o h\u00e1 obriga\u00e7\u00e3o pendente para o FC Porto.<\/p>\n<p>Paralelamente, Villas-Boas adiantou detalhes sobre a transfer\u00eancia de Evanilson, agora avaliada em 45 milh\u00f5es de euros devido a objetivos. O neg\u00f3cio envolveu 37 milh\u00f5es fixos mais 10 milh\u00f5es condicionais, restando cumprir 2 milh\u00f5es, al\u00e9m de uma poss\u00edvel mais-valia de 10% numa futura transfer\u00eancia.<\/p>\n","protected":false},"excerpt":{"rendered":"<ul>\n<li>Andr\u00e9 Villas-Boas apresentou defesa no Pal\u00e1cio da Justi\u00e7a do Porto, em nome do FC Porto, no processo em que a LiveSoccer pede tr\u00eas milh\u00f5es de euros pela venda de Ot\u00e1vio ao Al Nassr.<\/li>\n<li>O l\u00edder azul e branco afirmou que, na \u00f3tica do clube, os valores da transfer\u00eancia j\u00e1 estavam pagos, num neg\u00f3cio fechado por sessenta milh\u00f5es de euros em agosto de dois mil e vinte e tr\u00eas.<\/li>\n<li>Acrescentou que, quando assumiu a presid\u00eancia, havia muitas a\u00e7\u00f5es e problemas de tesouraria, com maior controlo das comiss\u00f5es a partir de ent\u00e3o.<\/li>\n<li>O FC Porto sustenta que n\u00e3o tem de pagar mais qualquer montante, apesar de auditoria forense ter apontado quest\u00f5es na gest\u00e3o anterior.<\/li>\n<li>Sobre Evanilson, o clube diz que o valor total da transfer\u00eancia j\u00e1 chegou a quarenta e cinco milh\u00f5es de euros por objetivos, restando cumprir dois milh\u00f5es de euros, al\u00e9m de uma mais-valia de dez por cento numa futura transfer\u00eancia.<\/li>\n<\/ul>\n","protected":false},"author":2,"featured_media":421570,"comment_status":"closed","ping_status":"closed","sticky":false,"template":"","format":"standard","meta":{"footnotes":""},"categories":[21,24],"tags":[6115,4683,1041,32,982,1633],"class_list":["post-421567","post","type-post","status-publish","format-standard","has-post-thumbnail","hentry","category-desporto","category-futebol","tag-_economia","tag-auditoria-interna","tag-comissoes","tag-futebol","tag-porto","tag-transferencias-internacionais"],"yoast_head":"<!-- This site is optimized with the Yoast SEO plugin v27.2 - https:\/\/yoast.com\/product\/yoast-seo-wordpress\/ -->\n<title>Villas-Boas: FC Porto n\u00e3o deve mais 3 milh\u00f5es pela venda de Ot\u00e1vio - Portal Tela Portugal<\/title>\n<meta name=\"robots\" content=\"index, follow, max-snippet:-1, max-image-preview:large, max-video-preview:-1\" \/>\n<meta property=\"og:locale\" content=\"pt_PT\" \/>\n<meta property=\"og:type\" content=\"article\" \/>\n<meta property=\"og:title\" content=\"Villas-Boas: FC Porto n\u00e3o deve mais 3 milh\u00f5es pela venda de Ot\u00e1vio - Portal Tela Portugal\" \/>\n<meta property=\"og:description\" content=\"Andr\u00e9 Villas-Boas apresentou defesa no Pal\u00e1cio da Justi\u00e7a do Porto, em nome do FC Porto, no processo em que a LiveSoccer pede tr\u00eas milh\u00f5es de euros pela venda de Ot\u00e1vio ao Al Nassr. O l\u00edder azul e branco afirmou que, na \u00f3tica do clube, os valores da transfer\u00eancia j\u00e1 estavam pagos, num neg\u00f3cio fechado por sessenta milh\u00f5es de euros em agosto de dois mil e vinte e tr\u00eas. Acrescentou que, quando assumiu a presid\u00eancia, havia muitas a\u00e7\u00f5es e problemas de tesouraria, com maior controlo das comiss\u00f5es a partir de ent\u00e3o. O FC Porto sustenta que n\u00e3o tem de pagar mais qualquer montante, apesar de auditoria forense ter apontado quest\u00f5es na gest\u00e3o anterior. Sobre Evanilson, o clube diz que o valor total da transfer\u00eancia j\u00e1 chegou a quarenta e cinco milh\u00f5es de euros por objetivos, restando cumprir dois milh\u00f5es de euros, al\u00e9m de uma mais-valia de dez por cento numa futura transfer\u00eancia.\" \/>\n<meta property=\"og:url\" content=\"https:\/\/portaltela.pt\/noticias\/2026\/03\/25\/villas-boas-fc-porto-nao-deve-mais-3-milhoes-pela-venda-de-otavio\/\" \/>\n<meta property=\"og:site_name\" content=\"Portal Tela Portugal\" \/>\n<meta property=\"article:published_time\" content=\"2026-03-25T21:23:58+00:00\" \/>\n<meta name=\"author\" content=\"Telinha\" \/>\n<meta name=\"twitter:card\" content=\"summary_large_image\" \/>\n<meta name=\"twitter:label1\" content=\"Escrito por\" \/>\n\t<meta name=\"twitter:data1\" content=\"Telinha\" \/>\n\t<meta name=\"twitter:label2\" content=\"Tempo estimado de leitura\" \/>\n\t<meta name=\"twitter:data2\" content=\"1 minuto\" \/>\n<script type=\"application\/ld+json\" class=\"yoast-schema-graph\">{\"@context\":\"https:\/\/schema.org\",\"@graph\":[{\"@type\":\"Article\",\"@id\":\"https:\/\/portaltela.pt\/noticias\/2026\/03\/25\/villas-boas-fc-porto-nao-deve-mais-3-milhoes-pela-venda-de-otavio\/#article\",\"isPartOf\":{\"@id\":\"https:\/\/portaltela.pt\/noticias\/2026\/03\/25\/villas-boas-fc-porto-nao-deve-mais-3-milhoes-pela-venda-de-otavio\/\"},\"author\":{\"name\":\"Telinha\",\"@id\":\"https:\/\/portaltela.pt\/#\/schema\/person\/c4278d4a6028830caff9ee44b42d32ed\"},\"headline\":\"Villas-Boas: FC Porto n\u00e3o deve mais 3 milh\u00f5es pela venda de Ot\u00e1vio\",\"datePublished\":\"2026-03-25T21:23:58+00:00\",\"mainEntityOfPage\":{\"@id\":\"https:\/\/portaltela.pt\/noticias\/2026\/03\/25\/villas-boas-fc-porto-nao-deve-mais-3-milhoes-pela-venda-de-otavio\/\"},\"wordCount\":274,\"image\":{\"@id\":\"https:\/\/portaltela.pt\/noticias\/2026\/03\/25\/villas-boas-fc-porto-nao-deve-mais-3-milhoes-pela-venda-de-otavio\/#primaryimage\"},\"thumbnailUrl\":\"https:\/\/portaltela.pt\/s.01k8rhncp4jt1\/2026\/03\/img_920x518uu2025-03-20-12-12-55-2350523-im-639100700240074330.jpg\",\"keywords\":[\"_economia\",\"auditoria interna\",\"comiss\u00f5es\",\"futebol\",\"Porto\",\"transfer\u00eancias internacionais\"],\"articleSection\":[\"Desporto\",\"Futebol\"],\"inLanguage\":\"pt-PT\"},{\"@type\":\"WebPage\",\"@id\":\"https:\/\/portaltela.pt\/noticias\/2026\/03\/25\/villas-boas-fc-porto-nao-deve-mais-3-milhoes-pela-venda-de-otavio\/\",\"url\":\"https:\/\/portaltela.pt\/noticias\/2026\/03\/25\/villas-boas-fc-porto-nao-deve-mais-3-milhoes-pela-venda-de-otavio\/\",\"name\":\"Villas-Boas: FC Porto n\u00e3o deve mais 3 milh\u00f5es pela venda de Ot\u00e1vio - Portal Tela Portugal\",\"isPartOf\":{\"@id\":\"https:\/\/portaltela.pt\/#website\"},\"primaryImageOfPage\":{\"@id\":\"https:\/\/portaltela.pt\/noticias\/2026\/03\/25\/villas-boas-fc-porto-nao-deve-mais-3-milhoes-pela-venda-de-otavio\/#primaryimage\"},\"image\":{\"@id\":\"https:\/\/portaltela.pt\/noticias\/2026\/03\/25\/villas-boas-fc-porto-nao-deve-mais-3-milhoes-pela-venda-de-otavio\/#primaryimage\"},\"thumbnailUrl\":\"https:\/\/portaltela.pt\/s.01k8rhncp4jt1\/2026\/03\/img_920x518uu2025-03-20-12-12-55-2350523-im-639100700240074330.jpg\",\"datePublished\":\"2026-03-25T21:23:58+00:00\",\"author\":{\"@id\":\"https:\/\/portaltela.pt\/#\/schema\/person\/c4278d4a6028830caff9ee44b42d32ed\"},\"breadcrumb\":{\"@id\":\"https:\/\/portaltela.pt\/noticias\/2026\/03\/25\/villas-boas-fc-porto-nao-deve-mais-3-milhoes-pela-venda-de-otavio\/#breadcrumb\"},\"inLanguage\":\"pt-PT\",\"potentialAction\":[{\"@type\":\"ReadAction\",\"target\":[\"https:\/\/portaltela.pt\/noticias\/2026\/03\/25\/villas-boas-fc-porto-nao-deve-mais-3-milhoes-pela-venda-de-otavio\/\"]}]},{\"@type\":\"ImageObject\",\"inLanguage\":\"pt-PT\",\"@id\":\"https:\/\/portaltela.pt\/noticias\/2026\/03\/25\/villas-boas-fc-porto-nao-deve-mais-3-milhoes-pela-venda-de-otavio\/#primaryimage\",\"url\":\"https:\/\/portaltela.pt\/s.01k8rhncp4jt1\/2026\/03\/img_920x518uu2025-03-20-12-12-55-2350523-im-639100700240074330.jpg\",\"contentUrl\":\"https:\/\/portaltela.pt\/s.01k8rhncp4jt1\/2026\/03\/img_920x518uu2025-03-20-12-12-55-2350523-im-639100700240074330.jpg\",\"width\":796,\"height\":448,\"caption\":\"Villas-Boas em tribunal\"},{\"@type\":\"BreadcrumbList\",\"@id\":\"https:\/\/portaltela.pt\/noticias\/2026\/03\/25\/villas-boas-fc-porto-nao-deve-mais-3-milhoes-pela-venda-de-otavio\/#breadcrumb\",\"itemListElement\":[{\"@type\":\"ListItem\",\"position\":1,\"name\":\"In\u00edcio\",\"item\":\"https:\/\/portaltela.pt\/\"},{\"@type\":\"ListItem\",\"position\":2,\"name\":\"Villas-Boas: FC Porto n\u00e3o deve mais 3 milh\u00f5es pela venda de Ot\u00e1vio\"}]},{\"@type\":\"WebSite\",\"@id\":\"https:\/\/portaltela.pt\/#website\",\"url\":\"https:\/\/portaltela.pt\/\",\"name\":\"Portal Tela Portugal\",\"description\":\"\",\"potentialAction\":[{\"@type\":\"SearchAction\",\"target\":{\"@type\":\"EntryPoint\",\"urlTemplate\":\"https:\/\/portaltela.pt\/?s={search_term_string}\"},\"query-input\":{\"@type\":\"PropertyValueSpecification\",\"valueRequired\":true,\"valueName\":\"search_term_string\"}}],\"inLanguage\":\"pt-PT\"},{\"@type\":\"Person\",\"@id\":\"https:\/\/portaltela.pt\/#\/schema\/person\/c4278d4a6028830caff9ee44b42d32ed\",\"name\":\"Telinha\",\"image\":{\"@type\":\"ImageObject\",\"inLanguage\":\"pt-PT\",\"@id\":\"https:\/\/portaltela.pt\/s.01k8rhncp4jt1\/2025\/11\/talking-bot-125x125.png\",\"url\":\"https:\/\/portaltela.pt\/s.01k8rhncp4jt1\/2025\/11\/talking-bot-125x125.png\",\"contentUrl\":\"https:\/\/portaltela.pt\/s.01k8rhncp4jt1\/2025\/11\/talking-bot-125x125.png\",\"caption\":\"Telinha\"},\"sameAs\":[\"https:\/\/portaltela.pt\/\"],\"url\":\"https:\/\/portaltela.pt\/por\/367410592786\/\"}]}<\/script>\n<!-- \/ Yoast SEO plugin. -->","yoast_head_json":{"title":"Villas-Boas: FC Porto n\u00e3o deve mais 3 milh\u00f5es pela venda de Ot\u00e1vio - Portal Tela Portugal","robots":{"index":"index","follow":"follow","max-snippet":"max-snippet:-1","max-image-preview":"max-image-preview:large","max-video-preview":"max-video-preview:-1"},"og_locale":"pt_PT","og_type":"article","og_title":"Villas-Boas: FC Porto n\u00e3o deve mais 3 milh\u00f5es pela venda de Ot\u00e1vio - Portal Tela Portugal","og_description":"Andr\u00e9 Villas-Boas apresentou defesa no Pal\u00e1cio da Justi\u00e7a do Porto, em nome do FC Porto, no processo em que a LiveSoccer pede tr\u00eas milh\u00f5es de euros pela venda de Ot\u00e1vio ao Al Nassr. O l\u00edder azul e branco afirmou que, na \u00f3tica do clube, os valores da transfer\u00eancia j\u00e1 estavam pagos, num neg\u00f3cio fechado por sessenta milh\u00f5es de euros em agosto de dois mil e vinte e tr\u00eas. Acrescentou que, quando assumiu a presid\u00eancia, havia muitas a\u00e7\u00f5es e problemas de tesouraria, com maior controlo das comiss\u00f5es a partir de ent\u00e3o. O FC Porto sustenta que n\u00e3o tem de pagar mais qualquer montante, apesar de auditoria forense ter apontado quest\u00f5es na gest\u00e3o anterior. Sobre Evanilson, o clube diz que o valor total da transfer\u00eancia j\u00e1 chegou a quarenta e cinco milh\u00f5es de euros por objetivos, restando cumprir dois milh\u00f5es de euros, al\u00e9m de uma mais-valia de dez por cento numa futura transfer\u00eancia.","og_url":"https:\/\/portaltela.pt\/noticias\/2026\/03\/25\/villas-boas-fc-porto-nao-deve-mais-3-milhoes-pela-venda-de-otavio\/","og_site_name":"Portal Tela Portugal","article_published_time":"2026-03-25T21:23:58+00:00","author":"Telinha","twitter_card":"summary_large_image","twitter_misc":{"Escrito por":"Telinha","Tempo estimado de leitura":"1 minuto"},"schema":{"@context":"https:\/\/schema.org","@graph":[{"@type":"Article","@id":"https:\/\/portaltela.pt\/noticias\/2026\/03\/25\/villas-boas-fc-porto-nao-deve-mais-3-milhoes-pela-venda-de-otavio\/#article","isPartOf":{"@id":"https:\/\/portaltela.pt\/noticias\/2026\/03\/25\/villas-boas-fc-porto-nao-deve-mais-3-milhoes-pela-venda-de-otavio\/"},"author":{"name":"Telinha","@id":"https:\/\/portaltela.pt\/#\/schema\/person\/c4278d4a6028830caff9ee44b42d32ed"},"headline":"Villas-Boas: FC Porto n\u00e3o deve mais 3 milh\u00f5es pela venda de Ot\u00e1vio","datePublished":"2026-03-25T21:23:58+00:00","mainEntityOfPage":{"@id":"https:\/\/portaltela.pt\/noticias\/2026\/03\/25\/villas-boas-fc-porto-nao-deve-mais-3-milhoes-pela-venda-de-otavio\/"},"wordCount":274,"image":{"@id":"https:\/\/portaltela.pt\/noticias\/2026\/03\/25\/villas-boas-fc-porto-nao-deve-mais-3-milhoes-pela-venda-de-otavio\/#primaryimage"},"thumbnailUrl":"https:\/\/portaltela.pt\/s.01k8rhncp4jt1\/2026\/03\/img_920x518uu2025-03-20-12-12-55-2350523-im-639100700240074330.jpg","keywords":["_economia","auditoria interna","comiss\u00f5es","futebol","Porto","transfer\u00eancias internacionais"],"articleSection":["Desporto","Futebol"],"inLanguage":"pt-PT"},{"@type":"WebPage","@id":"https:\/\/portaltela.pt\/noticias\/2026\/03\/25\/villas-boas-fc-porto-nao-deve-mais-3-milhoes-pela-venda-de-otavio\/","url":"https:\/\/portaltela.pt\/noticias\/2026\/03\/25\/villas-boas-fc-porto-nao-deve-mais-3-milhoes-pela-venda-de-otavio\/","name":"Villas-Boas: FC Porto n\u00e3o deve mais 3 milh\u00f5es pela venda de Ot\u00e1vio - Portal Tela Portugal","isPartOf":{"@id":"https:\/\/portaltela.pt\/#website"},"primaryImageOfPage":{"@id":"https:\/\/portaltela.pt\/noticias\/2026\/03\/25\/villas-boas-fc-porto-nao-deve-mais-3-milhoes-pela-venda-de-otavio\/#primaryimage"},"image":{"@id":"https:\/\/portaltela.pt\/noticias\/2026\/03\/25\/villas-boas-fc-porto-nao-deve-mais-3-milhoes-pela-venda-de-otavio\/#primaryimage"},"thumbnailUrl":"https:\/\/portaltela.pt\/s.01k8rhncp4jt1\/2026\/03\/img_920x518uu2025-03-20-12-12-55-2350523-im-639100700240074330.jpg","datePublished":"2026-03-25T21:23:58+00:00","author":{"@id":"https:\/\/portaltela.pt\/#\/schema\/person\/c4278d4a6028830caff9ee44b42d32ed"},"breadcrumb":{"@id":"https:\/\/portaltela.pt\/noticias\/2026\/03\/25\/villas-boas-fc-porto-nao-deve-mais-3-milhoes-pela-venda-de-otavio\/#breadcrumb"},"inLanguage":"pt-PT","potentialAction":[{"@type":"ReadAction","target":["https:\/\/portaltela.pt\/noticias\/2026\/03\/25\/villas-boas-fc-porto-nao-deve-mais-3-milhoes-pela-venda-de-otavio\/"]}]},{"@type":"ImageObject","inLanguage":"pt-PT","@id":"https:\/\/portaltela.pt\/noticias\/2026\/03\/25\/villas-boas-fc-porto-nao-deve-mais-3-milhoes-pela-venda-de-otavio\/#primaryimage","url":"https:\/\/portaltela.pt\/s.01k8rhncp4jt1\/2026\/03\/img_920x518uu2025-03-20-12-12-55-2350523-im-639100700240074330.jpg","contentUrl":"https:\/\/portaltela.pt\/s.01k8rhncp4jt1\/2026\/03\/img_920x518uu2025-03-20-12-12-55-2350523-im-639100700240074330.jpg","width":796,"height":448,"caption":"Villas-Boas em tribunal"},{"@type":"BreadcrumbList","@id":"https:\/\/portaltela.pt\/noticias\/2026\/03\/25\/villas-boas-fc-porto-nao-deve-mais-3-milhoes-pela-venda-de-otavio\/#breadcrumb","itemListElement":[{"@type":"ListItem","position":1,"name":"In\u00edcio","item":"https:\/\/portaltela.pt\/"},{"@type":"ListItem","position":2,"name":"Villas-Boas: FC Porto n\u00e3o deve mais 3 milh\u00f5es pela venda de Ot\u00e1vio"}]},{"@type":"WebSite","@id":"https:\/\/portaltela.pt\/#website","url":"https:\/\/portaltela.pt\/","name":"Portal Tela Portugal","description":"","potentialAction":[{"@type":"SearchAction","target":{"@type":"EntryPoint","urlTemplate":"https:\/\/portaltela.pt\/?s={search_term_string}"},"query-input":{"@type":"PropertyValueSpecification","valueRequired":true,"valueName":"search_term_string"}}],"inLanguage":"pt-PT"},{"@type":"Person","@id":"https:\/\/portaltela.pt\/#\/schema\/person\/c4278d4a6028830caff9ee44b42d32ed","name":"Telinha","image":{"@type":"ImageObject","inLanguage":"pt-PT","@id":"https:\/\/portaltela.pt\/s.01k8rhncp4jt1\/2025\/11\/talking-bot-125x125.png","url":"https:\/\/portaltela.pt\/s.01k8rhncp4jt1\/2025\/11\/talking-bot-125x125.png","contentUrl":"https:\/\/portaltela.pt\/s.01k8rhncp4jt1\/2025\/11\/talking-bot-125x125.png","caption":"Telinha"},"sameAs":["https:\/\/portaltela.pt\/"],"url":"https:\/\/portaltela.pt\/por\/367410592786\/"}]}},"_links":{"self":[{"href":"https:\/\/portaltela.pt\/api\/wp\/v2\/posts\/421567","targetHints":{"allow":["GET"]}}],"collection":[{"href":"https:\/\/portaltela.pt\/api\/wp\/v2\/posts"}],"about":[{"href":"https:\/\/portaltela.pt\/api\/wp\/v2\/types\/post"}],"author":[{"embeddable":true,"href":"https:\/\/portaltela.pt\/api\/wp\/v2\/users\/2"}],"replies":[{"embeddable":true,"href":"https:\/\/portaltela.pt\/api\/wp\/v2\/comments?post=421567"}],"version-history":[{"count":0,"href":"https:\/\/portaltela.pt\/api\/wp\/v2\/posts\/421567\/revisions"}],"wp:featuredmedia":[{"embeddable":true,"href":"https:\/\/portaltela.pt\/api\/wp\/v2\/media\/421570"}],"wp:attachment":[{"href":"https:\/\/portaltela.pt\/api\/wp\/v2\/media?parent=421567"}],"wp:term":[{"taxonomy":"category","embeddable":true,"href":"https:\/\/portaltela.pt\/api\/wp\/v2\/categories?post=421567"},{"taxonomy":"post_tag","embeddable":true,"href":"https:\/\/portaltela.pt\/api\/wp\/v2\/tags?post=421567"}],"curies":[{"name":"wp","href":"https:\/\/api.w.org\/{rel}","templated":true}]}}