{"id":421565,"date":"2026-03-25T18:17:00","date_gmt":"2026-03-25T21:17:00","guid":{"rendered":"https:\/\/portaltela.pt\/noticias\/2026\/03\/25\/ministro-propoe-acabar-com-contratacoes-de-escola\/"},"modified":"2026-03-25T18:17:00","modified_gmt":"2026-03-25T21:17:00","slug":"ministro-propoe-acabar-com-contratacoes-de-escola","status":"publish","type":"post","link":"https:\/\/portaltela.pt\/noticias\/politica\/2026\/03\/25\/ministro-propoe-acabar-com-contratacoes-de-escola\/","title":{"rendered":"Ministro prop\u00f5e acabar com contrata\u00e7\u00f5es de escola"},"content":{"rendered":"<p>O ministro da Educa\u00e7\u00e3o, Fernando Alexandre, apresentou aos sindicatos de professores um novo modelo de concurso para substituir docentes, com coloca\u00e7\u00e3o di\u00e1ria. A ideia \u00e9 substituir a contrata\u00e7\u00e3o de escola por uma reserva de recrutamento centralizada, com coloca\u00e7\u00f5es feitas no dia seguinte ao registo da necessidade, segundo Pedro Barreiros, da Fenprof, ao CM.<\/p>\n<p>Barreiros explicou que o MECI garante que todos os professores ficam colocados at\u00e9 ao final de maio. A altera\u00e7\u00e3o \u00e9 apresentada como resposta r\u00e1pida \u00e0s substitui\u00e7\u00f5es, mantendo a garantia de atendimento docente.<\/p>\n<p>O modelo proposto inclui o fim do concurso de Mobilidade Interna (MI), segundo a FNE, o que gerou controv\u00e9rsia entre os sindicatos. Fenprof sustenta que n\u00e3o houve confirma\u00e7\u00e3o sobre a vincula\u00e7\u00e3o ou sobre mudan\u00e7as no concurso nacional ligado \u00e0 gradua\u00e7\u00e3o profissional. O ministro negou altera\u00e7\u00f5es nesta mat\u00e9ria, afirmando que a gradua\u00e7\u00e3o profissional se mant\u00e9m, com mudan\u00e7as a vigorar a partir de 2027\/2028.<\/p>\n<p>O ministro afirmou ainda que pretende incluir toda a legisla\u00e7\u00e3o de concursos no Estatuto da Carreira Docente, para evitar diplomas dispersos, e que os concursos ser\u00e3o criados em moldes novos. A ideia \u00e9 um sistema de identifica\u00e7\u00e3o de necessidades mais r\u00e1pido e concursos que recebam candidaturas di\u00e1rias, desde que cumpram os requisitos. O concurso interno manter-se-\u00e1 para docentes do quadro que queiram aproximar-se de casa. Uma nova reuni\u00e3o est\u00e1 marcada para 20 de abril, quando os sindicatos apresentar\u00e3o as suas propostas.<\/p>\n","protected":false},"excerpt":{"rendered":"<ul>\n<li>O ministro da Educa\u00e7\u00e3o, Fernando Alexandre, apresentou aos sindicatos um modelo centralizado de coloca\u00e7\u00f5es di\u00e1rias de docentes, substituindo a contrata\u00e7\u00e3o de escola.<\/li>\n<li>A escola identifica a necessidade e o Minist\u00e9rio da Educa\u00e7\u00e3o, Ci\u00eancia e Inova\u00e7\u00e3o coloca o professor no dia seguinte, numa Reserva de Recrutamento cont\u00ednuo, com promessa de coloca\u00e7\u00e3o de todos os docentes at\u00e9 final de maio.<\/li>\n<li>A Federa\u00e7\u00e3o Nacional de Educa\u00e7\u00e3o (FNE) critica o fim do concurso de Mobilidade Interna, que permitia a mudan\u00e7a anual entre escolas, enquanto o ministro diz que a MI era fonte de instabilidade.<\/li>\n<li>A Fenprof afirma preocupa\u00e7\u00e3o com a suposta elimina\u00e7\u00e3o da gradua\u00e7\u00e3o profissional e com altera\u00e7\u00f5es aos mapas de pessoal; o ministro garante que o princ\u00edpio da gradua\u00e7\u00e3o profissional se mant\u00e9m, com mudan\u00e7as a entrar em vigor em 2027\/2028.<\/li>\n<li>O ministro pretende incluir toda a legisla\u00e7\u00e3o de concursos no Estatuto da Carreira Docente e manter o concurso interno; uma nova reuni\u00e3o est\u00e1 marcada para 20 de abril para as propostas sindicais.<\/li>\n<\/ul>\n","protected":false},"author":2,"featured_media":421568,"comment_status":"closed","ping_status":"closed","sticky":false,"template":"","format":"standard","meta":{"footnotes":""},"categories":[1,5],"tags":[164,4121,163,2110,4246,97],"class_list":["post-421565","post","type-post","status-publish","format-standard","has-post-thumbnail","hentry","category-noticias","category-politica","tag-concurso","tag-concursos","tag-educacao","tag-mobilidade","tag-mobilidade-escolar","tag-professores"],"yoast_head":"<!-- This site is optimized with the Yoast SEO plugin v27.2 - https:\/\/yoast.com\/product\/yoast-seo-wordpress\/ -->\n<title>Ministro prop\u00f5e acabar com contrata\u00e7\u00f5es de escola - Portal Tela Portugal<\/title>\n<meta name=\"robots\" content=\"index, follow, max-snippet:-1, max-image-preview:large, max-video-preview:-1\" \/>\n<meta property=\"og:locale\" content=\"pt_PT\" \/>\n<meta property=\"og:type\" content=\"article\" \/>\n<meta property=\"og:title\" content=\"Ministro prop\u00f5e acabar com contrata\u00e7\u00f5es de escola - Portal Tela Portugal\" \/>\n<meta property=\"og:description\" content=\"O ministro da Educa\u00e7\u00e3o, Fernando Alexandre, apresentou aos sindicatos um modelo centralizado de coloca\u00e7\u00f5es di\u00e1rias de docentes, substituindo a contrata\u00e7\u00e3o de escola. A escola identifica a necessidade e o Minist\u00e9rio da Educa\u00e7\u00e3o, Ci\u00eancia e Inova\u00e7\u00e3o coloca o professor no dia seguinte, numa Reserva de Recrutamento cont\u00ednuo, com promessa de coloca\u00e7\u00e3o de todos os docentes at\u00e9 final de maio. A Federa\u00e7\u00e3o Nacional de Educa\u00e7\u00e3o (FNE) critica o fim do concurso de Mobilidade Interna, que permitia a mudan\u00e7a anual entre escolas, enquanto o ministro diz que a MI era fonte de instabilidade. A Fenprof afirma preocupa\u00e7\u00e3o com a suposta elimina\u00e7\u00e3o da gradua\u00e7\u00e3o profissional e com altera\u00e7\u00f5es aos mapas de pessoal; o ministro garante que o princ\u00edpio da gradua\u00e7\u00e3o profissional se mant\u00e9m, com mudan\u00e7as a entrar em vigor em 2027\/2028. O ministro pretende incluir toda a legisla\u00e7\u00e3o de concursos no Estatuto da Carreira Docente e manter o concurso interno; uma nova reuni\u00e3o est\u00e1 marcada para 20 de abril para as propostas sindicais.\" \/>\n<meta property=\"og:url\" content=\"https:\/\/portaltela.pt\/noticias\/2026\/03\/25\/ministro-propoe-acabar-com-contratacoes-de-escola\/\" \/>\n<meta property=\"og:site_name\" content=\"Portal Tela Portugal\" \/>\n<meta property=\"article:published_time\" content=\"2026-03-25T21:17:00+00:00\" \/>\n<meta name=\"author\" content=\"Telinha\" \/>\n<meta name=\"twitter:card\" content=\"summary_large_image\" \/>\n<meta name=\"twitter:label1\" content=\"Escrito por\" \/>\n\t<meta name=\"twitter:data1\" content=\"Telinha\" \/>\n\t<meta name=\"twitter:label2\" content=\"Tempo estimado de leitura\" \/>\n\t<meta name=\"twitter:data2\" content=\"1 minuto\" \/>\n<script type=\"application\/ld+json\" class=\"yoast-schema-graph\">{\"@context\":\"https:\/\/schema.org\",\"@graph\":[{\"@type\":\"Article\",\"@id\":\"https:\/\/portaltela.pt\/noticias\/2026\/03\/25\/ministro-propoe-acabar-com-contratacoes-de-escola\/#article\",\"isPartOf\":{\"@id\":\"https:\/\/portaltela.pt\/noticias\/2026\/03\/25\/ministro-propoe-acabar-com-contratacoes-de-escola\/\"},\"author\":{\"name\":\"Telinha\",\"@id\":\"https:\/\/portaltela.pt\/#\/schema\/person\/c4278d4a6028830caff9ee44b42d32ed\"},\"headline\":\"Ministro prop\u00f5e acabar com contrata\u00e7\u00f5es de escola\",\"datePublished\":\"2026-03-25T21:17:00+00:00\",\"mainEntityOfPage\":{\"@id\":\"https:\/\/portaltela.pt\/noticias\/2026\/03\/25\/ministro-propoe-acabar-com-contratacoes-de-escola\/\"},\"wordCount\":257,\"image\":{\"@id\":\"https:\/\/portaltela.pt\/noticias\/2026\/03\/25\/ministro-propoe-acabar-com-contratacoes-de-escola\/#primaryimage\"},\"thumbnailUrl\":\"https:\/\/portaltela.pt\/s.01k8rhncp4jt1\/2026\/03\/img_1500x1000uu2024-04-18-19-48-32-1632207.jpg\",\"keywords\":[\"concurso\",\"concursos\",\"educa\u00e7\u00e3o\",\"mobilidade\",\"mobilidade escolar\",\"professores\"],\"articleSection\":[\"Not\u00edcias\",\"Pol\u00edtica\"],\"inLanguage\":\"pt-PT\"},{\"@type\":\"WebPage\",\"@id\":\"https:\/\/portaltela.pt\/noticias\/2026\/03\/25\/ministro-propoe-acabar-com-contratacoes-de-escola\/\",\"url\":\"https:\/\/portaltela.pt\/noticias\/2026\/03\/25\/ministro-propoe-acabar-com-contratacoes-de-escola\/\",\"name\":\"Ministro prop\u00f5e acabar com contrata\u00e7\u00f5es de escola - Portal Tela Portugal\",\"isPartOf\":{\"@id\":\"https:\/\/portaltela.pt\/#website\"},\"primaryImageOfPage\":{\"@id\":\"https:\/\/portaltela.pt\/noticias\/2026\/03\/25\/ministro-propoe-acabar-com-contratacoes-de-escola\/#primaryimage\"},\"image\":{\"@id\":\"https:\/\/portaltela.pt\/noticias\/2026\/03\/25\/ministro-propoe-acabar-com-contratacoes-de-escola\/#primaryimage\"},\"thumbnailUrl\":\"https:\/\/portaltela.pt\/s.01k8rhncp4jt1\/2026\/03\/img_1500x1000uu2024-04-18-19-48-32-1632207.jpg\",\"datePublished\":\"2026-03-25T21:17:00+00:00\",\"author\":{\"@id\":\"https:\/\/portaltela.pt\/#\/schema\/person\/c4278d4a6028830caff9ee44b42d32ed\"},\"breadcrumb\":{\"@id\":\"https:\/\/portaltela.pt\/noticias\/2026\/03\/25\/ministro-propoe-acabar-com-contratacoes-de-escola\/#breadcrumb\"},\"inLanguage\":\"pt-PT\",\"potentialAction\":[{\"@type\":\"ReadAction\",\"target\":[\"https:\/\/portaltela.pt\/noticias\/2026\/03\/25\/ministro-propoe-acabar-com-contratacoes-de-escola\/\"]}]},{\"@type\":\"ImageObject\",\"inLanguage\":\"pt-PT\",\"@id\":\"https:\/\/portaltela.pt\/noticias\/2026\/03\/25\/ministro-propoe-acabar-com-contratacoes-de-escola\/#primaryimage\",\"url\":\"https:\/\/portaltela.pt\/s.01k8rhncp4jt1\/2026\/03\/img_1500x1000uu2024-04-18-19-48-32-1632207.jpg\",\"contentUrl\":\"https:\/\/portaltela.pt\/s.01k8rhncp4jt1\/2026\/03\/img_1500x1000uu2024-04-18-19-48-32-1632207.jpg\",\"width\":796,\"height\":448,\"caption\":\"Fernando Alexandre, ministro da Educa\u00e7\u00e3o, promete modelo com coloca\u00e7\u00f5es mais r\u00e1pidas\"},{\"@type\":\"BreadcrumbList\",\"@id\":\"https:\/\/portaltela.pt\/noticias\/2026\/03\/25\/ministro-propoe-acabar-com-contratacoes-de-escola\/#breadcrumb\",\"itemListElement\":[{\"@type\":\"ListItem\",\"position\":1,\"name\":\"In\u00edcio\",\"item\":\"https:\/\/portaltela.pt\/\"},{\"@type\":\"ListItem\",\"position\":2,\"name\":\"Ministro prop\u00f5e acabar com contrata\u00e7\u00f5es de escola\"}]},{\"@type\":\"WebSite\",\"@id\":\"https:\/\/portaltela.pt\/#website\",\"url\":\"https:\/\/portaltela.pt\/\",\"name\":\"Portal Tela Portugal\",\"description\":\"\",\"potentialAction\":[{\"@type\":\"SearchAction\",\"target\":{\"@type\":\"EntryPoint\",\"urlTemplate\":\"https:\/\/portaltela.pt\/?s={search_term_string}\"},\"query-input\":{\"@type\":\"PropertyValueSpecification\",\"valueRequired\":true,\"valueName\":\"search_term_string\"}}],\"inLanguage\":\"pt-PT\"},{\"@type\":\"Person\",\"@id\":\"https:\/\/portaltela.pt\/#\/schema\/person\/c4278d4a6028830caff9ee44b42d32ed\",\"name\":\"Telinha\",\"image\":{\"@type\":\"ImageObject\",\"inLanguage\":\"pt-PT\",\"@id\":\"https:\/\/portaltela.pt\/s.01k8rhncp4jt1\/2025\/11\/talking-bot-125x125.png\",\"url\":\"https:\/\/portaltela.pt\/s.01k8rhncp4jt1\/2025\/11\/talking-bot-125x125.png\",\"contentUrl\":\"https:\/\/portaltela.pt\/s.01k8rhncp4jt1\/2025\/11\/talking-bot-125x125.png\",\"caption\":\"Telinha\"},\"sameAs\":[\"https:\/\/portaltela.pt\/\"],\"url\":\"https:\/\/portaltela.pt\/por\/367410592786\/\"}]}<\/script>\n<!-- \/ Yoast SEO plugin. -->","yoast_head_json":{"title":"Ministro prop\u00f5e acabar com contrata\u00e7\u00f5es de escola - Portal Tela Portugal","robots":{"index":"index","follow":"follow","max-snippet":"max-snippet:-1","max-image-preview":"max-image-preview:large","max-video-preview":"max-video-preview:-1"},"og_locale":"pt_PT","og_type":"article","og_title":"Ministro prop\u00f5e acabar com contrata\u00e7\u00f5es de escola - Portal Tela Portugal","og_description":"O ministro da Educa\u00e7\u00e3o, Fernando Alexandre, apresentou aos sindicatos um modelo centralizado de coloca\u00e7\u00f5es di\u00e1rias de docentes, substituindo a contrata\u00e7\u00e3o de escola. A escola identifica a necessidade e o Minist\u00e9rio da Educa\u00e7\u00e3o, Ci\u00eancia e Inova\u00e7\u00e3o coloca o professor no dia seguinte, numa Reserva de Recrutamento cont\u00ednuo, com promessa de coloca\u00e7\u00e3o de todos os docentes at\u00e9 final de maio. A Federa\u00e7\u00e3o Nacional de Educa\u00e7\u00e3o (FNE) critica o fim do concurso de Mobilidade Interna, que permitia a mudan\u00e7a anual entre escolas, enquanto o ministro diz que a MI era fonte de instabilidade. A Fenprof afirma preocupa\u00e7\u00e3o com a suposta elimina\u00e7\u00e3o da gradua\u00e7\u00e3o profissional e com altera\u00e7\u00f5es aos mapas de pessoal; o ministro garante que o princ\u00edpio da gradua\u00e7\u00e3o profissional se mant\u00e9m, com mudan\u00e7as a entrar em vigor em 2027\/2028. O ministro pretende incluir toda a legisla\u00e7\u00e3o de concursos no Estatuto da Carreira Docente e manter o concurso interno; uma nova reuni\u00e3o est\u00e1 marcada para 20 de abril para as propostas sindicais.","og_url":"https:\/\/portaltela.pt\/noticias\/2026\/03\/25\/ministro-propoe-acabar-com-contratacoes-de-escola\/","og_site_name":"Portal Tela Portugal","article_published_time":"2026-03-25T21:17:00+00:00","author":"Telinha","twitter_card":"summary_large_image","twitter_misc":{"Escrito por":"Telinha","Tempo estimado de leitura":"1 minuto"},"schema":{"@context":"https:\/\/schema.org","@graph":[{"@type":"Article","@id":"https:\/\/portaltela.pt\/noticias\/2026\/03\/25\/ministro-propoe-acabar-com-contratacoes-de-escola\/#article","isPartOf":{"@id":"https:\/\/portaltela.pt\/noticias\/2026\/03\/25\/ministro-propoe-acabar-com-contratacoes-de-escola\/"},"author":{"name":"Telinha","@id":"https:\/\/portaltela.pt\/#\/schema\/person\/c4278d4a6028830caff9ee44b42d32ed"},"headline":"Ministro prop\u00f5e acabar com contrata\u00e7\u00f5es de escola","datePublished":"2026-03-25T21:17:00+00:00","mainEntityOfPage":{"@id":"https:\/\/portaltela.pt\/noticias\/2026\/03\/25\/ministro-propoe-acabar-com-contratacoes-de-escola\/"},"wordCount":257,"image":{"@id":"https:\/\/portaltela.pt\/noticias\/2026\/03\/25\/ministro-propoe-acabar-com-contratacoes-de-escola\/#primaryimage"},"thumbnailUrl":"https:\/\/portaltela.pt\/s.01k8rhncp4jt1\/2026\/03\/img_1500x1000uu2024-04-18-19-48-32-1632207.jpg","keywords":["concurso","concursos","educa\u00e7\u00e3o","mobilidade","mobilidade escolar","professores"],"articleSection":["Not\u00edcias","Pol\u00edtica"],"inLanguage":"pt-PT"},{"@type":"WebPage","@id":"https:\/\/portaltela.pt\/noticias\/2026\/03\/25\/ministro-propoe-acabar-com-contratacoes-de-escola\/","url":"https:\/\/portaltela.pt\/noticias\/2026\/03\/25\/ministro-propoe-acabar-com-contratacoes-de-escola\/","name":"Ministro prop\u00f5e acabar com contrata\u00e7\u00f5es de escola - Portal Tela Portugal","isPartOf":{"@id":"https:\/\/portaltela.pt\/#website"},"primaryImageOfPage":{"@id":"https:\/\/portaltela.pt\/noticias\/2026\/03\/25\/ministro-propoe-acabar-com-contratacoes-de-escola\/#primaryimage"},"image":{"@id":"https:\/\/portaltela.pt\/noticias\/2026\/03\/25\/ministro-propoe-acabar-com-contratacoes-de-escola\/#primaryimage"},"thumbnailUrl":"https:\/\/portaltela.pt\/s.01k8rhncp4jt1\/2026\/03\/img_1500x1000uu2024-04-18-19-48-32-1632207.jpg","datePublished":"2026-03-25T21:17:00+00:00","author":{"@id":"https:\/\/portaltela.pt\/#\/schema\/person\/c4278d4a6028830caff9ee44b42d32ed"},"breadcrumb":{"@id":"https:\/\/portaltela.pt\/noticias\/2026\/03\/25\/ministro-propoe-acabar-com-contratacoes-de-escola\/#breadcrumb"},"inLanguage":"pt-PT","potentialAction":[{"@type":"ReadAction","target":["https:\/\/portaltela.pt\/noticias\/2026\/03\/25\/ministro-propoe-acabar-com-contratacoes-de-escola\/"]}]},{"@type":"ImageObject","inLanguage":"pt-PT","@id":"https:\/\/portaltela.pt\/noticias\/2026\/03\/25\/ministro-propoe-acabar-com-contratacoes-de-escola\/#primaryimage","url":"https:\/\/portaltela.pt\/s.01k8rhncp4jt1\/2026\/03\/img_1500x1000uu2024-04-18-19-48-32-1632207.jpg","contentUrl":"https:\/\/portaltela.pt\/s.01k8rhncp4jt1\/2026\/03\/img_1500x1000uu2024-04-18-19-48-32-1632207.jpg","width":796,"height":448,"caption":"Fernando Alexandre, ministro da Educa\u00e7\u00e3o, promete modelo com coloca\u00e7\u00f5es mais r\u00e1pidas"},{"@type":"BreadcrumbList","@id":"https:\/\/portaltela.pt\/noticias\/2026\/03\/25\/ministro-propoe-acabar-com-contratacoes-de-escola\/#breadcrumb","itemListElement":[{"@type":"ListItem","position":1,"name":"In\u00edcio","item":"https:\/\/portaltela.pt\/"},{"@type":"ListItem","position":2,"name":"Ministro prop\u00f5e acabar com contrata\u00e7\u00f5es de escola"}]},{"@type":"WebSite","@id":"https:\/\/portaltela.pt\/#website","url":"https:\/\/portaltela.pt\/","name":"Portal Tela Portugal","description":"","potentialAction":[{"@type":"SearchAction","target":{"@type":"EntryPoint","urlTemplate":"https:\/\/portaltela.pt\/?s={search_term_string}"},"query-input":{"@type":"PropertyValueSpecification","valueRequired":true,"valueName":"search_term_string"}}],"inLanguage":"pt-PT"},{"@type":"Person","@id":"https:\/\/portaltela.pt\/#\/schema\/person\/c4278d4a6028830caff9ee44b42d32ed","name":"Telinha","image":{"@type":"ImageObject","inLanguage":"pt-PT","@id":"https:\/\/portaltela.pt\/s.01k8rhncp4jt1\/2025\/11\/talking-bot-125x125.png","url":"https:\/\/portaltela.pt\/s.01k8rhncp4jt1\/2025\/11\/talking-bot-125x125.png","contentUrl":"https:\/\/portaltela.pt\/s.01k8rhncp4jt1\/2025\/11\/talking-bot-125x125.png","caption":"Telinha"},"sameAs":["https:\/\/portaltela.pt\/"],"url":"https:\/\/portaltela.pt\/por\/367410592786\/"}]}},"_links":{"self":[{"href":"https:\/\/portaltela.pt\/api\/wp\/v2\/posts\/421565","targetHints":{"allow":["GET"]}}],"collection":[{"href":"https:\/\/portaltela.pt\/api\/wp\/v2\/posts"}],"about":[{"href":"https:\/\/portaltela.pt\/api\/wp\/v2\/types\/post"}],"author":[{"embeddable":true,"href":"https:\/\/portaltela.pt\/api\/wp\/v2\/users\/2"}],"replies":[{"embeddable":true,"href":"https:\/\/portaltela.pt\/api\/wp\/v2\/comments?post=421565"}],"version-history":[{"count":0,"href":"https:\/\/portaltela.pt\/api\/wp\/v2\/posts\/421565\/revisions"}],"wp:featuredmedia":[{"embeddable":true,"href":"https:\/\/portaltela.pt\/api\/wp\/v2\/media\/421568"}],"wp:attachment":[{"href":"https:\/\/portaltela.pt\/api\/wp\/v2\/media?parent=421565"}],"wp:term":[{"taxonomy":"category","embeddable":true,"href":"https:\/\/portaltela.pt\/api\/wp\/v2\/categories?post=421565"},{"taxonomy":"post_tag","embeddable":true,"href":"https:\/\/portaltela.pt\/api\/wp\/v2\/tags?post=421565"}],"curies":[{"name":"wp","href":"https:\/\/api.w.org\/{rel}","templated":true}]}}