{"id":421562,"date":"2026-03-25T18:27:00","date_gmt":"2026-03-25T21:27:00","guid":{"rendered":"https:\/\/portaltela.pt\/noticias\/2026\/03\/25\/moradora-de-pombal-recorda-as-dificuldades-durante-a-tempestade\/"},"modified":"2026-03-25T18:27:00","modified_gmt":"2026-03-25T21:27:00","slug":"moradora-de-pombal-recorda-as-dificuldades-durante-a-tempestade","status":"publish","type":"post","link":"https:\/\/portaltela.pt\/tempo\/2026\/03\/25\/moradora-de-pombal-recorda-as-dificuldades-durante-a-tempestade\/","title":{"rendered":"Moradora de Pombal recorda as dificuldades durante a tempestade"},"content":{"rendered":"<p>A tempestade que atingiu Pombal deixou impactos significativos na regi\u00e3o. V\u00e1rias habita\u00e7\u00f5es sofreram danos e fam\u00edlias ficaram desabrigadas, obrigando moradores a procurar acolhimento tempor\u00e1rio e apoio b\u00e1sico.<\/p>\n<p>Entre os testemunhos, uma moradora de Pombal recorda o momento de maior ansiedade durante o fen\u00f3meno, descrevendo o medo de n\u00e3o voltar a ver a fam\u00edlia com a normalidade de antes. O relato evidencia a dureza vivida pelas pessoas em zonas afetadas.<\/p>\n<p>A popula\u00e7\u00e3o segue sem uma resposta definida quanto \u00e0 r\u00e1pida chegada de apoios do Estado, o que aumenta a press\u00e3o sobre estruturas locais j\u00e1 sobrecarregadas. A indefini\u00e7\u00e3o alimenta preocupa\u00e7\u00e3o entre quem ainda aguarda por assist\u00eancia.<\/p>\n<h3>Atrasos nos apoios do Estado<\/h3>\n<p>O presidente da C\u00e2mara de Pombal explica que a complexidade do processo de atribui\u00e7\u00e3o de apoios dificulta a operacionaliza\u00e7\u00e3o r\u00e1pida. Segundo ele, diferentes entidades envolvidas exigem valida\u00e7\u00e3o de im\u00f3veis, danos e crit\u00e9rios t\u00e9cnicos.<\/p>\n<p>Ainda de acordo com a autarquia, os servi\u00e7os municipais est\u00e3o a acompanhar os casos individualmente, com pedidos a serem reavaliados \u00e0 medida que surgem novas informa\u00e7\u00f5es. A prioridade continua a apoiar os residentes mais vulner\u00e1veis.<\/p>\n","protected":false},"excerpt":{"rendered":"<ul>\n<li>Moradora de Pombal recorda as dificuldades vividas nos dias da tempestade, conforme a Investiga\u00e7\u00e3o CM de 25 de mar\u00e7o de 2026.<\/li>\n<li>A popula\u00e7\u00e3o afetada permanece sem respostas sobre a chegada de apoios do Estado, gerando inquieta\u00e7\u00e3o.<\/li>\n<li>O presidente da C\u00e2mara de Pombal aponta a complexidade do processo como principal fator que atrasa a atribui\u00e7\u00e3o dos apoios.<\/li>\n<li>A reportagem destaca ainda as perspetivas e mem\u00f3rias dos residentes sobre o epis\u00f3dio meteorol\u00f3gico.<\/li>\n<\/ul>\n","protected":false},"author":2,"featured_media":421566,"comment_status":"closed","ping_status":"closed","sticky":false,"template":"","format":"standard","meta":{"footnotes":""},"categories":[7365],"tags":[4818,5215,5956,4590,150,2075],"class_list":["post-421562","post","type-post","status-publish","format-standard","has-post-thumbnail","hentry","category-tempo","tag-apoio-as-catastrofes-naturais","tag-catastrofes-naturais","tag-desabamento","tag-desabrigos","tag-habitacao","tag-pombal"],"yoast_head":"<!-- This site is optimized with the Yoast SEO plugin v27.2 - https:\/\/yoast.com\/product\/yoast-seo-wordpress\/ -->\n<title>Moradora de Pombal recorda as dificuldades durante a tempestade - Portal Tela Portugal<\/title>\n<meta name=\"robots\" content=\"index, follow, max-snippet:-1, max-image-preview:large, max-video-preview:-1\" \/>\n<meta property=\"og:locale\" content=\"pt_PT\" \/>\n<meta property=\"og:type\" content=\"article\" \/>\n<meta property=\"og:title\" content=\"Moradora de Pombal recorda as dificuldades durante a tempestade - Portal Tela Portugal\" \/>\n<meta property=\"og:description\" content=\"Moradora de Pombal recorda as dificuldades vividas nos dias da tempestade, conforme a Investiga\u00e7\u00e3o CM de 25 de mar\u00e7o de 2026. A popula\u00e7\u00e3o afetada permanece sem respostas sobre a chegada de apoios do Estado, gerando inquieta\u00e7\u00e3o. O presidente da C\u00e2mara de Pombal aponta a complexidade do processo como principal fator que atrasa a atribui\u00e7\u00e3o dos apoios. A reportagem destaca ainda as perspetivas e mem\u00f3rias dos residentes sobre o epis\u00f3dio meteorol\u00f3gico.\" \/>\n<meta property=\"og:url\" content=\"https:\/\/portaltela.pt\/noticias\/2026\/03\/25\/moradora-de-pombal-recorda-as-dificuldades-durante-a-tempestade\/\" \/>\n<meta property=\"og:site_name\" content=\"Portal Tela Portugal\" \/>\n<meta property=\"article:published_time\" content=\"2026-03-25T21:27:00+00:00\" \/>\n<meta name=\"author\" content=\"Telinha\" \/>\n<meta name=\"twitter:card\" content=\"summary_large_image\" \/>\n<meta name=\"twitter:label1\" content=\"Escrito por\" \/>\n\t<meta name=\"twitter:data1\" content=\"Telinha\" \/>\n\t<meta name=\"twitter:label2\" content=\"Tempo estimado de leitura\" \/>\n\t<meta name=\"twitter:data2\" content=\"1 minuto\" \/>\n<script type=\"application\/ld+json\" class=\"yoast-schema-graph\">{\"@context\":\"https:\/\/schema.org\",\"@graph\":[{\"@type\":\"Article\",\"@id\":\"https:\/\/portaltela.pt\/noticias\/2026\/03\/25\/moradora-de-pombal-recorda-as-dificuldades-durante-a-tempestade\/#article\",\"isPartOf\":{\"@id\":\"https:\/\/portaltela.pt\/noticias\/2026\/03\/25\/moradora-de-pombal-recorda-as-dificuldades-durante-a-tempestade\/\"},\"author\":{\"name\":\"Telinha\",\"@id\":\"https:\/\/portaltela.pt\/#\/schema\/person\/c4278d4a6028830caff9ee44b42d32ed\"},\"headline\":\"Moradora de Pombal recorda as dificuldades durante a tempestade\",\"datePublished\":\"2026-03-25T21:27:00+00:00\",\"mainEntityOfPage\":{\"@id\":\"https:\/\/portaltela.pt\/noticias\/2026\/03\/25\/moradora-de-pombal-recorda-as-dificuldades-durante-a-tempestade\/\"},\"wordCount\":211,\"image\":{\"@id\":\"https:\/\/portaltela.pt\/noticias\/2026\/03\/25\/moradora-de-pombal-recorda-as-dificuldades-durante-a-tempestade\/#primaryimage\"},\"thumbnailUrl\":\"https:\/\/portaltela.pt\/s.01k8rhncp4jt1\/2026\/03\/img_1280x722uu2026-03-25-19-00-29-2274807.jpg\",\"keywords\":[\"Apoio \u00e0s Cat\u00e1strofes Naturais\",\"cat\u00e1strofes naturais\",\"desabamento\",\"desabrigos\",\"habita\u00e7\u00e3o\",\"Pombal\"],\"articleSection\":[\"Tempo\"],\"inLanguage\":\"pt-PT\"},{\"@type\":\"WebPage\",\"@id\":\"https:\/\/portaltela.pt\/noticias\/2026\/03\/25\/moradora-de-pombal-recorda-as-dificuldades-durante-a-tempestade\/\",\"url\":\"https:\/\/portaltela.pt\/noticias\/2026\/03\/25\/moradora-de-pombal-recorda-as-dificuldades-durante-a-tempestade\/\",\"name\":\"Moradora de Pombal recorda as dificuldades durante a tempestade - Portal Tela Portugal\",\"isPartOf\":{\"@id\":\"https:\/\/portaltela.pt\/#website\"},\"primaryImageOfPage\":{\"@id\":\"https:\/\/portaltela.pt\/noticias\/2026\/03\/25\/moradora-de-pombal-recorda-as-dificuldades-durante-a-tempestade\/#primaryimage\"},\"image\":{\"@id\":\"https:\/\/portaltela.pt\/noticias\/2026\/03\/25\/moradora-de-pombal-recorda-as-dificuldades-durante-a-tempestade\/#primaryimage\"},\"thumbnailUrl\":\"https:\/\/portaltela.pt\/s.01k8rhncp4jt1\/2026\/03\/img_1280x722uu2026-03-25-19-00-29-2274807.jpg\",\"datePublished\":\"2026-03-25T21:27:00+00:00\",\"author\":{\"@id\":\"https:\/\/portaltela.pt\/#\/schema\/person\/c4278d4a6028830caff9ee44b42d32ed\"},\"breadcrumb\":{\"@id\":\"https:\/\/portaltela.pt\/noticias\/2026\/03\/25\/moradora-de-pombal-recorda-as-dificuldades-durante-a-tempestade\/#breadcrumb\"},\"inLanguage\":\"pt-PT\",\"potentialAction\":[{\"@type\":\"ReadAction\",\"target\":[\"https:\/\/portaltela.pt\/noticias\/2026\/03\/25\/moradora-de-pombal-recorda-as-dificuldades-durante-a-tempestade\/\"]}]},{\"@type\":\"ImageObject\",\"inLanguage\":\"pt-PT\",\"@id\":\"https:\/\/portaltela.pt\/noticias\/2026\/03\/25\/moradora-de-pombal-recorda-as-dificuldades-durante-a-tempestade\/#primaryimage\",\"url\":\"https:\/\/portaltela.pt\/s.01k8rhncp4jt1\/2026\/03\/img_1280x722uu2026-03-25-19-00-29-2274807.jpg\",\"contentUrl\":\"https:\/\/portaltela.pt\/s.01k8rhncp4jt1\/2026\/03\/img_1280x722uu2026-03-25-19-00-29-2274807.jpg\",\"width\":796,\"height\":448,\"caption\":\"Photo\"},{\"@type\":\"BreadcrumbList\",\"@id\":\"https:\/\/portaltela.pt\/noticias\/2026\/03\/25\/moradora-de-pombal-recorda-as-dificuldades-durante-a-tempestade\/#breadcrumb\",\"itemListElement\":[{\"@type\":\"ListItem\",\"position\":1,\"name\":\"In\u00edcio\",\"item\":\"https:\/\/portaltela.pt\/\"},{\"@type\":\"ListItem\",\"position\":2,\"name\":\"Moradora de Pombal recorda as dificuldades durante a tempestade\"}]},{\"@type\":\"WebSite\",\"@id\":\"https:\/\/portaltela.pt\/#website\",\"url\":\"https:\/\/portaltela.pt\/\",\"name\":\"Portal Tela Portugal\",\"description\":\"\",\"potentialAction\":[{\"@type\":\"SearchAction\",\"target\":{\"@type\":\"EntryPoint\",\"urlTemplate\":\"https:\/\/portaltela.pt\/?s={search_term_string}\"},\"query-input\":{\"@type\":\"PropertyValueSpecification\",\"valueRequired\":true,\"valueName\":\"search_term_string\"}}],\"inLanguage\":\"pt-PT\"},{\"@type\":\"Person\",\"@id\":\"https:\/\/portaltela.pt\/#\/schema\/person\/c4278d4a6028830caff9ee44b42d32ed\",\"name\":\"Telinha\",\"image\":{\"@type\":\"ImageObject\",\"inLanguage\":\"pt-PT\",\"@id\":\"https:\/\/portaltela.pt\/s.01k8rhncp4jt1\/2025\/11\/talking-bot-125x125.png\",\"url\":\"https:\/\/portaltela.pt\/s.01k8rhncp4jt1\/2025\/11\/talking-bot-125x125.png\",\"contentUrl\":\"https:\/\/portaltela.pt\/s.01k8rhncp4jt1\/2025\/11\/talking-bot-125x125.png\",\"caption\":\"Telinha\"},\"sameAs\":[\"https:\/\/portaltela.pt\/\"],\"url\":\"https:\/\/portaltela.pt\/por\/367410592786\/\"}]}<\/script>\n<!-- \/ Yoast SEO plugin. -->","yoast_head_json":{"title":"Moradora de Pombal recorda as dificuldades durante a tempestade - Portal Tela Portugal","robots":{"index":"index","follow":"follow","max-snippet":"max-snippet:-1","max-image-preview":"max-image-preview:large","max-video-preview":"max-video-preview:-1"},"og_locale":"pt_PT","og_type":"article","og_title":"Moradora de Pombal recorda as dificuldades durante a tempestade - Portal Tela Portugal","og_description":"Moradora de Pombal recorda as dificuldades vividas nos dias da tempestade, conforme a Investiga\u00e7\u00e3o CM de 25 de mar\u00e7o de 2026. A popula\u00e7\u00e3o afetada permanece sem respostas sobre a chegada de apoios do Estado, gerando inquieta\u00e7\u00e3o. O presidente da C\u00e2mara de Pombal aponta a complexidade do processo como principal fator que atrasa a atribui\u00e7\u00e3o dos apoios. A reportagem destaca ainda as perspetivas e mem\u00f3rias dos residentes sobre o epis\u00f3dio meteorol\u00f3gico.","og_url":"https:\/\/portaltela.pt\/noticias\/2026\/03\/25\/moradora-de-pombal-recorda-as-dificuldades-durante-a-tempestade\/","og_site_name":"Portal Tela Portugal","article_published_time":"2026-03-25T21:27:00+00:00","author":"Telinha","twitter_card":"summary_large_image","twitter_misc":{"Escrito por":"Telinha","Tempo estimado de leitura":"1 minuto"},"schema":{"@context":"https:\/\/schema.org","@graph":[{"@type":"Article","@id":"https:\/\/portaltela.pt\/noticias\/2026\/03\/25\/moradora-de-pombal-recorda-as-dificuldades-durante-a-tempestade\/#article","isPartOf":{"@id":"https:\/\/portaltela.pt\/noticias\/2026\/03\/25\/moradora-de-pombal-recorda-as-dificuldades-durante-a-tempestade\/"},"author":{"name":"Telinha","@id":"https:\/\/portaltela.pt\/#\/schema\/person\/c4278d4a6028830caff9ee44b42d32ed"},"headline":"Moradora de Pombal recorda as dificuldades durante a tempestade","datePublished":"2026-03-25T21:27:00+00:00","mainEntityOfPage":{"@id":"https:\/\/portaltela.pt\/noticias\/2026\/03\/25\/moradora-de-pombal-recorda-as-dificuldades-durante-a-tempestade\/"},"wordCount":211,"image":{"@id":"https:\/\/portaltela.pt\/noticias\/2026\/03\/25\/moradora-de-pombal-recorda-as-dificuldades-durante-a-tempestade\/#primaryimage"},"thumbnailUrl":"https:\/\/portaltela.pt\/s.01k8rhncp4jt1\/2026\/03\/img_1280x722uu2026-03-25-19-00-29-2274807.jpg","keywords":["Apoio \u00e0s Cat\u00e1strofes Naturais","cat\u00e1strofes naturais","desabamento","desabrigos","habita\u00e7\u00e3o","Pombal"],"articleSection":["Tempo"],"inLanguage":"pt-PT"},{"@type":"WebPage","@id":"https:\/\/portaltela.pt\/noticias\/2026\/03\/25\/moradora-de-pombal-recorda-as-dificuldades-durante-a-tempestade\/","url":"https:\/\/portaltela.pt\/noticias\/2026\/03\/25\/moradora-de-pombal-recorda-as-dificuldades-durante-a-tempestade\/","name":"Moradora de Pombal recorda as dificuldades durante a tempestade - Portal Tela Portugal","isPartOf":{"@id":"https:\/\/portaltela.pt\/#website"},"primaryImageOfPage":{"@id":"https:\/\/portaltela.pt\/noticias\/2026\/03\/25\/moradora-de-pombal-recorda-as-dificuldades-durante-a-tempestade\/#primaryimage"},"image":{"@id":"https:\/\/portaltela.pt\/noticias\/2026\/03\/25\/moradora-de-pombal-recorda-as-dificuldades-durante-a-tempestade\/#primaryimage"},"thumbnailUrl":"https:\/\/portaltela.pt\/s.01k8rhncp4jt1\/2026\/03\/img_1280x722uu2026-03-25-19-00-29-2274807.jpg","datePublished":"2026-03-25T21:27:00+00:00","author":{"@id":"https:\/\/portaltela.pt\/#\/schema\/person\/c4278d4a6028830caff9ee44b42d32ed"},"breadcrumb":{"@id":"https:\/\/portaltela.pt\/noticias\/2026\/03\/25\/moradora-de-pombal-recorda-as-dificuldades-durante-a-tempestade\/#breadcrumb"},"inLanguage":"pt-PT","potentialAction":[{"@type":"ReadAction","target":["https:\/\/portaltela.pt\/noticias\/2026\/03\/25\/moradora-de-pombal-recorda-as-dificuldades-durante-a-tempestade\/"]}]},{"@type":"ImageObject","inLanguage":"pt-PT","@id":"https:\/\/portaltela.pt\/noticias\/2026\/03\/25\/moradora-de-pombal-recorda-as-dificuldades-durante-a-tempestade\/#primaryimage","url":"https:\/\/portaltela.pt\/s.01k8rhncp4jt1\/2026\/03\/img_1280x722uu2026-03-25-19-00-29-2274807.jpg","contentUrl":"https:\/\/portaltela.pt\/s.01k8rhncp4jt1\/2026\/03\/img_1280x722uu2026-03-25-19-00-29-2274807.jpg","width":796,"height":448,"caption":"Photo"},{"@type":"BreadcrumbList","@id":"https:\/\/portaltela.pt\/noticias\/2026\/03\/25\/moradora-de-pombal-recorda-as-dificuldades-durante-a-tempestade\/#breadcrumb","itemListElement":[{"@type":"ListItem","position":1,"name":"In\u00edcio","item":"https:\/\/portaltela.pt\/"},{"@type":"ListItem","position":2,"name":"Moradora de Pombal recorda as dificuldades durante a tempestade"}]},{"@type":"WebSite","@id":"https:\/\/portaltela.pt\/#website","url":"https:\/\/portaltela.pt\/","name":"Portal Tela Portugal","description":"","potentialAction":[{"@type":"SearchAction","target":{"@type":"EntryPoint","urlTemplate":"https:\/\/portaltela.pt\/?s={search_term_string}"},"query-input":{"@type":"PropertyValueSpecification","valueRequired":true,"valueName":"search_term_string"}}],"inLanguage":"pt-PT"},{"@type":"Person","@id":"https:\/\/portaltela.pt\/#\/schema\/person\/c4278d4a6028830caff9ee44b42d32ed","name":"Telinha","image":{"@type":"ImageObject","inLanguage":"pt-PT","@id":"https:\/\/portaltela.pt\/s.01k8rhncp4jt1\/2025\/11\/talking-bot-125x125.png","url":"https:\/\/portaltela.pt\/s.01k8rhncp4jt1\/2025\/11\/talking-bot-125x125.png","contentUrl":"https:\/\/portaltela.pt\/s.01k8rhncp4jt1\/2025\/11\/talking-bot-125x125.png","caption":"Telinha"},"sameAs":["https:\/\/portaltela.pt\/"],"url":"https:\/\/portaltela.pt\/por\/367410592786\/"}]}},"_links":{"self":[{"href":"https:\/\/portaltela.pt\/api\/wp\/v2\/posts\/421562","targetHints":{"allow":["GET"]}}],"collection":[{"href":"https:\/\/portaltela.pt\/api\/wp\/v2\/posts"}],"about":[{"href":"https:\/\/portaltela.pt\/api\/wp\/v2\/types\/post"}],"author":[{"embeddable":true,"href":"https:\/\/portaltela.pt\/api\/wp\/v2\/users\/2"}],"replies":[{"embeddable":true,"href":"https:\/\/portaltela.pt\/api\/wp\/v2\/comments?post=421562"}],"version-history":[{"count":0,"href":"https:\/\/portaltela.pt\/api\/wp\/v2\/posts\/421562\/revisions"}],"wp:featuredmedia":[{"embeddable":true,"href":"https:\/\/portaltela.pt\/api\/wp\/v2\/media\/421566"}],"wp:attachment":[{"href":"https:\/\/portaltela.pt\/api\/wp\/v2\/media?parent=421562"}],"wp:term":[{"taxonomy":"category","embeddable":true,"href":"https:\/\/portaltela.pt\/api\/wp\/v2\/categories?post=421562"},{"taxonomy":"post_tag","embeddable":true,"href":"https:\/\/portaltela.pt\/api\/wp\/v2\/tags?post=421562"}],"curies":[{"name":"wp","href":"https:\/\/api.w.org\/{rel}","templated":true}]}}