{"id":421550,"date":"2026-03-25T18:15:00","date_gmt":"2026-03-25T21:15:00","guid":{"rendered":"https:\/\/portaltela.pt\/noticias\/2026\/03\/25\/opiniao-publica-pressiona-uefa-a-punir-prestianni\/"},"modified":"2026-03-25T18:15:00","modified_gmt":"2026-03-25T21:15:00","slug":"opiniao-publica-pressiona-uefa-a-punir-prestianni","status":"publish","type":"post","link":"https:\/\/portaltela.pt\/desporto\/futebol\/2026\/03\/25\/opiniao-publica-pressiona-uefa-a-punir-prestianni\/","title":{"rendered":"Opini\u00e3o p\u00fablica pressiona UEFA a punir Prestianni"},"content":{"rendered":"<p>O Benfica foi punido pela UEFA com pena suspensa de um ano, por incidentes de racismo e discrimina\u00e7\u00e3o de alguns adeptos durante o jogo frente ao Real Madrid (0-1), a 17 de fevereiro, na 1.\u00aa m\u00e3o do playoff. O encontro decorreu no Est\u00e1dio da Luz e motivou o processo disciplinar.<\/p>\n<p>A sanctions inclui o encerramento parcial de 500 lugares nos sectores 10 e 11, at\u00e9 ao fim do per\u00edodo de suspens\u00e3o. A decis\u00e3o visa refor\u00e7ar o controlo em jogos de elevada visibilidade internacional.<\/p>\n<p>O caso envolve ainda a alegada ofensa racista a Vin\u00edcius J\u00fanior por Prestianni, assunto que ser\u00e1 analisado no programa Record na Hora, emitido no Now. A UEFA exige cumprimento das medidas e pode abrir espa\u00e7o a novas san\u00e7\u00f5es conforme evoluam as informa\u00e7\u00f5es.<\/p>\n<h3>Medidas e pr\u00f3ximos passos<\/h3>\n<p>A UEFA comunicou a sua decis\u00e3o, deixando claro o funcionamento do protocolo anti-discrimina\u00e7\u00e3o. O Benfica pode apresentar contesta\u00e7\u00f5es, dentro do prazo, sem previs\u00e3o de novas san\u00e7\u00f5es autom\u00e1ticas no imediato.<\/p>\n","protected":false},"excerpt":{"rendered":"<ul>\n<li>A UEFA puniu o Benfica com pena suspensa de um ano por comportamento racista de alguns adeptos no jogo frente ao Real Madrid, a 17 de fevereiro, na primeira m\u00e3o do playoff.<\/li>\n<li>A medida incluiu o encerramento parcial de 500 lugares nos sectores 10 e 11 do Est\u00e1dio da Luz.<\/li>\n<li>O encontro terminou com a vit\u00f3ria do Real Madrid por 1 a 0.<\/li>\n<li>O caso envolve alegado insulto racista de Prestianni a Vin\u00edcius J\u00fanior.<\/li>\n<li>O tema ser\u00e1 analisado no programa Record na Hora, no Now.<\/li>\n<\/ul>\n","protected":false},"author":2,"featured_media":421553,"comment_status":"closed","ping_status":"closed","sticky":false,"template":"","format":"standard","meta":{"footnotes":""},"categories":[21,24],"tags":[1946,3972,1695,32,6032,2679],"class_list":["post-421550","post","type-post","status-publish","format-standard","has-post-thumbnail","hentry","category-desporto","category-futebol","tag-benfica","tag-benfica-sad","tag-discriminacao","tag-futebol","tag-racismo","tag-record-na-hora"],"yoast_head":"<!-- This site is optimized with the Yoast SEO plugin v27.2 - https:\/\/yoast.com\/product\/yoast-seo-wordpress\/ -->\n<title>Opini\u00e3o p\u00fablica pressiona UEFA a punir Prestianni - Portal Tela Portugal<\/title>\n<meta name=\"robots\" content=\"index, follow, max-snippet:-1, max-image-preview:large, max-video-preview:-1\" \/>\n<meta property=\"og:locale\" content=\"pt_PT\" \/>\n<meta property=\"og:type\" content=\"article\" \/>\n<meta property=\"og:title\" content=\"Opini\u00e3o p\u00fablica pressiona UEFA a punir Prestianni - Portal Tela Portugal\" \/>\n<meta property=\"og:description\" content=\"A UEFA puniu o Benfica com pena suspensa de um ano por comportamento racista de alguns adeptos no jogo frente ao Real Madrid, a 17 de fevereiro, na primeira m\u00e3o do playoff. A medida incluiu o encerramento parcial de 500 lugares nos sectores 10 e 11 do Est\u00e1dio da Luz. O encontro terminou com a vit\u00f3ria do Real Madrid por 1 a 0. O caso envolve alegado insulto racista de Prestianni a Vin\u00edcius J\u00fanior. O tema ser\u00e1 analisado no programa Record na Hora, no Now.\" \/>\n<meta property=\"og:url\" content=\"https:\/\/portaltela.pt\/noticias\/2026\/03\/25\/opiniao-publica-pressiona-uefa-a-punir-prestianni\/\" \/>\n<meta property=\"og:site_name\" content=\"Portal Tela Portugal\" \/>\n<meta property=\"article:published_time\" content=\"2026-03-25T21:15:00+00:00\" \/>\n<meta name=\"author\" content=\"Telinha\" \/>\n<meta name=\"twitter:card\" content=\"summary_large_image\" \/>\n<meta name=\"twitter:label1\" content=\"Escrito por\" \/>\n\t<meta name=\"twitter:data1\" content=\"Telinha\" \/>\n\t<meta name=\"twitter:label2\" content=\"Tempo estimado de leitura\" \/>\n\t<meta name=\"twitter:data2\" content=\"1 minuto\" \/>\n<script type=\"application\/ld+json\" class=\"yoast-schema-graph\">{\"@context\":\"https:\/\/schema.org\",\"@graph\":[{\"@type\":\"Article\",\"@id\":\"https:\/\/portaltela.pt\/noticias\/2026\/03\/25\/opiniao-publica-pressiona-uefa-a-punir-prestianni\/#article\",\"isPartOf\":{\"@id\":\"https:\/\/portaltela.pt\/noticias\/2026\/03\/25\/opiniao-publica-pressiona-uefa-a-punir-prestianni\/\"},\"author\":{\"name\":\"Telinha\",\"@id\":\"https:\/\/portaltela.pt\/#\/schema\/person\/c4278d4a6028830caff9ee44b42d32ed\"},\"headline\":\"Opini\u00e3o p\u00fablica pressiona UEFA a punir Prestianni\",\"datePublished\":\"2026-03-25T21:15:00+00:00\",\"mainEntityOfPage\":{\"@id\":\"https:\/\/portaltela.pt\/noticias\/2026\/03\/25\/opiniao-publica-pressiona-uefa-a-punir-prestianni\/\"},\"wordCount\":181,\"image\":{\"@id\":\"https:\/\/portaltela.pt\/noticias\/2026\/03\/25\/opiniao-publica-pressiona-uefa-a-punir-prestianni\/#primaryimage\"},\"thumbnailUrl\":\"https:\/\/portaltela.pt\/s.01k8rhncp4jt1\/2026\/03\/img_1200x721uu2026-03-25-21-07-51-2429384.jpg\",\"keywords\":[\"Benfica\",\"Benfica SAD\",\"discrimina\u00e7\u00e3o\",\"futebol\",\"racismo\",\"Record na Hora\"],\"articleSection\":[\"Desporto\",\"Futebol\"],\"inLanguage\":\"pt-PT\"},{\"@type\":\"WebPage\",\"@id\":\"https:\/\/portaltela.pt\/noticias\/2026\/03\/25\/opiniao-publica-pressiona-uefa-a-punir-prestianni\/\",\"url\":\"https:\/\/portaltela.pt\/noticias\/2026\/03\/25\/opiniao-publica-pressiona-uefa-a-punir-prestianni\/\",\"name\":\"Opini\u00e3o p\u00fablica pressiona UEFA a punir Prestianni - Portal Tela Portugal\",\"isPartOf\":{\"@id\":\"https:\/\/portaltela.pt\/#website\"},\"primaryImageOfPage\":{\"@id\":\"https:\/\/portaltela.pt\/noticias\/2026\/03\/25\/opiniao-publica-pressiona-uefa-a-punir-prestianni\/#primaryimage\"},\"image\":{\"@id\":\"https:\/\/portaltela.pt\/noticias\/2026\/03\/25\/opiniao-publica-pressiona-uefa-a-punir-prestianni\/#primaryimage\"},\"thumbnailUrl\":\"https:\/\/portaltela.pt\/s.01k8rhncp4jt1\/2026\/03\/img_1200x721uu2026-03-25-21-07-51-2429384.jpg\",\"datePublished\":\"2026-03-25T21:15:00+00:00\",\"author\":{\"@id\":\"https:\/\/portaltela.pt\/#\/schema\/person\/c4278d4a6028830caff9ee44b42d32ed\"},\"breadcrumb\":{\"@id\":\"https:\/\/portaltela.pt\/noticias\/2026\/03\/25\/opiniao-publica-pressiona-uefa-a-punir-prestianni\/#breadcrumb\"},\"inLanguage\":\"pt-PT\",\"potentialAction\":[{\"@type\":\"ReadAction\",\"target\":[\"https:\/\/portaltela.pt\/noticias\/2026\/03\/25\/opiniao-publica-pressiona-uefa-a-punir-prestianni\/\"]}]},{\"@type\":\"ImageObject\",\"inLanguage\":\"pt-PT\",\"@id\":\"https:\/\/portaltela.pt\/noticias\/2026\/03\/25\/opiniao-publica-pressiona-uefa-a-punir-prestianni\/#primaryimage\",\"url\":\"https:\/\/portaltela.pt\/s.01k8rhncp4jt1\/2026\/03\/img_1200x721uu2026-03-25-21-07-51-2429384.jpg\",\"contentUrl\":\"https:\/\/portaltela.pt\/s.01k8rhncp4jt1\/2026\/03\/img_1200x721uu2026-03-25-21-07-51-2429384.jpg\",\"width\":796,\"height\":448,\"caption\":\"S\u00e9rgio Krithinas: \u00abAos olhos da opini\u00e3o p\u00fablica, a UEFA vai ter de castigar Prestianni\u00bb\"},{\"@type\":\"BreadcrumbList\",\"@id\":\"https:\/\/portaltela.pt\/noticias\/2026\/03\/25\/opiniao-publica-pressiona-uefa-a-punir-prestianni\/#breadcrumb\",\"itemListElement\":[{\"@type\":\"ListItem\",\"position\":1,\"name\":\"In\u00edcio\",\"item\":\"https:\/\/portaltela.pt\/\"},{\"@type\":\"ListItem\",\"position\":2,\"name\":\"Opini\u00e3o p\u00fablica pressiona UEFA a punir Prestianni\"}]},{\"@type\":\"WebSite\",\"@id\":\"https:\/\/portaltela.pt\/#website\",\"url\":\"https:\/\/portaltela.pt\/\",\"name\":\"Portal Tela Portugal\",\"description\":\"\",\"potentialAction\":[{\"@type\":\"SearchAction\",\"target\":{\"@type\":\"EntryPoint\",\"urlTemplate\":\"https:\/\/portaltela.pt\/?s={search_term_string}\"},\"query-input\":{\"@type\":\"PropertyValueSpecification\",\"valueRequired\":true,\"valueName\":\"search_term_string\"}}],\"inLanguage\":\"pt-PT\"},{\"@type\":\"Person\",\"@id\":\"https:\/\/portaltela.pt\/#\/schema\/person\/c4278d4a6028830caff9ee44b42d32ed\",\"name\":\"Telinha\",\"image\":{\"@type\":\"ImageObject\",\"inLanguage\":\"pt-PT\",\"@id\":\"https:\/\/portaltela.pt\/s.01k8rhncp4jt1\/2025\/11\/talking-bot-125x125.png\",\"url\":\"https:\/\/portaltela.pt\/s.01k8rhncp4jt1\/2025\/11\/talking-bot-125x125.png\",\"contentUrl\":\"https:\/\/portaltela.pt\/s.01k8rhncp4jt1\/2025\/11\/talking-bot-125x125.png\",\"caption\":\"Telinha\"},\"sameAs\":[\"https:\/\/portaltela.pt\/\"],\"url\":\"https:\/\/portaltela.pt\/por\/367410592786\/\"}]}<\/script>\n<!-- \/ Yoast SEO plugin. -->","yoast_head_json":{"title":"Opini\u00e3o p\u00fablica pressiona UEFA a punir Prestianni - Portal Tela Portugal","robots":{"index":"index","follow":"follow","max-snippet":"max-snippet:-1","max-image-preview":"max-image-preview:large","max-video-preview":"max-video-preview:-1"},"og_locale":"pt_PT","og_type":"article","og_title":"Opini\u00e3o p\u00fablica pressiona UEFA a punir Prestianni - Portal Tela Portugal","og_description":"A UEFA puniu o Benfica com pena suspensa de um ano por comportamento racista de alguns adeptos no jogo frente ao Real Madrid, a 17 de fevereiro, na primeira m\u00e3o do playoff. A medida incluiu o encerramento parcial de 500 lugares nos sectores 10 e 11 do Est\u00e1dio da Luz. O encontro terminou com a vit\u00f3ria do Real Madrid por 1 a 0. O caso envolve alegado insulto racista de Prestianni a Vin\u00edcius J\u00fanior. O tema ser\u00e1 analisado no programa Record na Hora, no Now.","og_url":"https:\/\/portaltela.pt\/noticias\/2026\/03\/25\/opiniao-publica-pressiona-uefa-a-punir-prestianni\/","og_site_name":"Portal Tela Portugal","article_published_time":"2026-03-25T21:15:00+00:00","author":"Telinha","twitter_card":"summary_large_image","twitter_misc":{"Escrito por":"Telinha","Tempo estimado de leitura":"1 minuto"},"schema":{"@context":"https:\/\/schema.org","@graph":[{"@type":"Article","@id":"https:\/\/portaltela.pt\/noticias\/2026\/03\/25\/opiniao-publica-pressiona-uefa-a-punir-prestianni\/#article","isPartOf":{"@id":"https:\/\/portaltela.pt\/noticias\/2026\/03\/25\/opiniao-publica-pressiona-uefa-a-punir-prestianni\/"},"author":{"name":"Telinha","@id":"https:\/\/portaltela.pt\/#\/schema\/person\/c4278d4a6028830caff9ee44b42d32ed"},"headline":"Opini\u00e3o p\u00fablica pressiona UEFA a punir Prestianni","datePublished":"2026-03-25T21:15:00+00:00","mainEntityOfPage":{"@id":"https:\/\/portaltela.pt\/noticias\/2026\/03\/25\/opiniao-publica-pressiona-uefa-a-punir-prestianni\/"},"wordCount":181,"image":{"@id":"https:\/\/portaltela.pt\/noticias\/2026\/03\/25\/opiniao-publica-pressiona-uefa-a-punir-prestianni\/#primaryimage"},"thumbnailUrl":"https:\/\/portaltela.pt\/s.01k8rhncp4jt1\/2026\/03\/img_1200x721uu2026-03-25-21-07-51-2429384.jpg","keywords":["Benfica","Benfica SAD","discrimina\u00e7\u00e3o","futebol","racismo","Record na Hora"],"articleSection":["Desporto","Futebol"],"inLanguage":"pt-PT"},{"@type":"WebPage","@id":"https:\/\/portaltela.pt\/noticias\/2026\/03\/25\/opiniao-publica-pressiona-uefa-a-punir-prestianni\/","url":"https:\/\/portaltela.pt\/noticias\/2026\/03\/25\/opiniao-publica-pressiona-uefa-a-punir-prestianni\/","name":"Opini\u00e3o p\u00fablica pressiona UEFA a punir Prestianni - Portal Tela Portugal","isPartOf":{"@id":"https:\/\/portaltela.pt\/#website"},"primaryImageOfPage":{"@id":"https:\/\/portaltela.pt\/noticias\/2026\/03\/25\/opiniao-publica-pressiona-uefa-a-punir-prestianni\/#primaryimage"},"image":{"@id":"https:\/\/portaltela.pt\/noticias\/2026\/03\/25\/opiniao-publica-pressiona-uefa-a-punir-prestianni\/#primaryimage"},"thumbnailUrl":"https:\/\/portaltela.pt\/s.01k8rhncp4jt1\/2026\/03\/img_1200x721uu2026-03-25-21-07-51-2429384.jpg","datePublished":"2026-03-25T21:15:00+00:00","author":{"@id":"https:\/\/portaltela.pt\/#\/schema\/person\/c4278d4a6028830caff9ee44b42d32ed"},"breadcrumb":{"@id":"https:\/\/portaltela.pt\/noticias\/2026\/03\/25\/opiniao-publica-pressiona-uefa-a-punir-prestianni\/#breadcrumb"},"inLanguage":"pt-PT","potentialAction":[{"@type":"ReadAction","target":["https:\/\/portaltela.pt\/noticias\/2026\/03\/25\/opiniao-publica-pressiona-uefa-a-punir-prestianni\/"]}]},{"@type":"ImageObject","inLanguage":"pt-PT","@id":"https:\/\/portaltela.pt\/noticias\/2026\/03\/25\/opiniao-publica-pressiona-uefa-a-punir-prestianni\/#primaryimage","url":"https:\/\/portaltela.pt\/s.01k8rhncp4jt1\/2026\/03\/img_1200x721uu2026-03-25-21-07-51-2429384.jpg","contentUrl":"https:\/\/portaltela.pt\/s.01k8rhncp4jt1\/2026\/03\/img_1200x721uu2026-03-25-21-07-51-2429384.jpg","width":796,"height":448,"caption":"S\u00e9rgio Krithinas: \u00abAos olhos da opini\u00e3o p\u00fablica, a UEFA vai ter de castigar Prestianni\u00bb"},{"@type":"BreadcrumbList","@id":"https:\/\/portaltela.pt\/noticias\/2026\/03\/25\/opiniao-publica-pressiona-uefa-a-punir-prestianni\/#breadcrumb","itemListElement":[{"@type":"ListItem","position":1,"name":"In\u00edcio","item":"https:\/\/portaltela.pt\/"},{"@type":"ListItem","position":2,"name":"Opini\u00e3o p\u00fablica pressiona UEFA a punir Prestianni"}]},{"@type":"WebSite","@id":"https:\/\/portaltela.pt\/#website","url":"https:\/\/portaltela.pt\/","name":"Portal Tela Portugal","description":"","potentialAction":[{"@type":"SearchAction","target":{"@type":"EntryPoint","urlTemplate":"https:\/\/portaltela.pt\/?s={search_term_string}"},"query-input":{"@type":"PropertyValueSpecification","valueRequired":true,"valueName":"search_term_string"}}],"inLanguage":"pt-PT"},{"@type":"Person","@id":"https:\/\/portaltela.pt\/#\/schema\/person\/c4278d4a6028830caff9ee44b42d32ed","name":"Telinha","image":{"@type":"ImageObject","inLanguage":"pt-PT","@id":"https:\/\/portaltela.pt\/s.01k8rhncp4jt1\/2025\/11\/talking-bot-125x125.png","url":"https:\/\/portaltela.pt\/s.01k8rhncp4jt1\/2025\/11\/talking-bot-125x125.png","contentUrl":"https:\/\/portaltela.pt\/s.01k8rhncp4jt1\/2025\/11\/talking-bot-125x125.png","caption":"Telinha"},"sameAs":["https:\/\/portaltela.pt\/"],"url":"https:\/\/portaltela.pt\/por\/367410592786\/"}]}},"_links":{"self":[{"href":"https:\/\/portaltela.pt\/api\/wp\/v2\/posts\/421550","targetHints":{"allow":["GET"]}}],"collection":[{"href":"https:\/\/portaltela.pt\/api\/wp\/v2\/posts"}],"about":[{"href":"https:\/\/portaltela.pt\/api\/wp\/v2\/types\/post"}],"author":[{"embeddable":true,"href":"https:\/\/portaltela.pt\/api\/wp\/v2\/users\/2"}],"replies":[{"embeddable":true,"href":"https:\/\/portaltela.pt\/api\/wp\/v2\/comments?post=421550"}],"version-history":[{"count":0,"href":"https:\/\/portaltela.pt\/api\/wp\/v2\/posts\/421550\/revisions"}],"wp:featuredmedia":[{"embeddable":true,"href":"https:\/\/portaltela.pt\/api\/wp\/v2\/media\/421553"}],"wp:attachment":[{"href":"https:\/\/portaltela.pt\/api\/wp\/v2\/media?parent=421550"}],"wp:term":[{"taxonomy":"category","embeddable":true,"href":"https:\/\/portaltela.pt\/api\/wp\/v2\/categories?post=421550"},{"taxonomy":"post_tag","embeddable":true,"href":"https:\/\/portaltela.pt\/api\/wp\/v2\/tags?post=421550"}],"curies":[{"name":"wp","href":"https:\/\/api.w.org\/{rel}","templated":true}]}}