{"id":421532,"date":"2026-03-25T17:54:00","date_gmt":"2026-03-25T20:54:00","guid":{"rendered":"https:\/\/portaltela.pt\/noticias\/2026\/03\/25\/camoes-morreu-pedro-penim-mantem-o-autor-vivo\/"},"modified":"2026-03-25T17:54:00","modified_gmt":"2026-03-25T20:54:00","slug":"camoes-morreu-pedro-penim-mantem-o-autor-vivo","status":"publish","type":"post","link":"https:\/\/portaltela.pt\/lazer\/2026\/03\/25\/camoes-morreu-pedro-penim-mantem-o-autor-vivo\/","title":{"rendered":"Cam\u00f5es morreu, Pedro Penim mant\u00e9m o autor vivo"},"content":{"rendered":"<p>Em Lisboa, at\u00e9 18 de abril, o espet\u00e1culo Filodemo prop\u00f5e uma audi\u00e7\u00e3o do portugu\u00eas quinhentista, convidando o p\u00fablico a habituar o ouvido \u00e0 l\u00edngua da \u00e9poca. O projeto acompanha o retrato de Cam\u00f5es como figura central, num reenquadramento moderno.<\/p>\n<p>Pedro Penim orienta a encena\u00e7\u00e3o, apresentando Cam\u00f5es como autor ainda vivo, atrav\u00e9s de corpos contempor\u00e2neos que encurtam dist\u00e2ncias hist\u00f3ricas e desmontam mitos antiquados. A proposta aposta numa leitura atual do poema e da poesia da \u00e9poca.<\/p>\n<p>Embora o texto de Cam\u00f5es seja do s\u00e9culo XVI, a encena\u00e7\u00e3o de Penim projeta o poeta para o presente, questionando modos de express\u00e3o e de rece\u00e7\u00e3o da obra. A dupla leitura do cl\u00e1ssico e da contemporaneidade sustenta o eixo central.<\/p>\n<p>O objetivo \u00e9 revelar Cam\u00f5es como lente para compreender a l\u00edngua e a cultura de hoje, mantendo o foco na autenticidade hist\u00f3rica ao mesmo tempo em que se busca relev\u00e2ncia para o p\u00fablico atual.<\/p>\n","protected":false},"excerpt":{"rendered":"<ul>\n<li>Em Lisboa, o espet\u00e1culo Filodemo fica em cartaz at\u00e9 18 de abril e prop\u00f5e ouvir o portugu\u00eas quinhentista.<\/li>\n<li>A pe\u00e7a apresenta Cam\u00f5es como figura atual, expressa em corpos vibrantes, encurtando dist\u00e2ncias e desmistificando mitologias.<\/li>\n<li>A cr\u00edtica observa que Filodemo n\u00e3o parece ter sido escrito ontem, mantendo uma dist\u00e2ncia do original do s\u00e9culo XVI.<\/li>\n<li>O encenador Pedro Penim est\u00e1 ligado ao projeto, mas n\u00e3o revela de imediato qual \u00e9 o sentido de levar um texto t\u00e3o antigo \u00e0 encena\u00e7\u00e3o atual.<\/li>\n<li>A proposta \u00e9 oferecer uma leitura de Cam\u00f5es para o p\u00fablico de hoje, preservando a ess\u00eancia hist\u00f3rica sem ficar presa ao passado.<\/li>\n<\/ul>\n","protected":false},"author":2,"featured_media":421534,"comment_status":"closed","ping_status":"closed","sticky":false,"template":"","format":"standard","meta":{"footnotes":""},"categories":[7375,7381],"tags":[2606,145,981,106,5553,119],"class_list":["post-421532","post","type-post","status-publish","format-standard","has-post-thumbnail","hentry","category-cultura","category-lazer","tag-camoes","tag-cultura","tag-lisboa","tag-literatura","tag-poesia","tag-teatro"],"yoast_head":"<!-- This site is optimized with the Yoast SEO plugin v27.2 - https:\/\/yoast.com\/product\/yoast-seo-wordpress\/ -->\n<title>Cam\u00f5es morreu, Pedro Penim mant\u00e9m o autor vivo - Portal Tela Portugal<\/title>\n<meta name=\"robots\" content=\"index, follow, max-snippet:-1, max-image-preview:large, max-video-preview:-1\" \/>\n<meta property=\"og:locale\" content=\"pt_PT\" \/>\n<meta property=\"og:type\" content=\"article\" \/>\n<meta property=\"og:title\" content=\"Cam\u00f5es morreu, Pedro Penim mant\u00e9m o autor vivo - Portal Tela Portugal\" \/>\n<meta property=\"og:description\" content=\"Em Lisboa, o espet\u00e1culo Filodemo fica em cartaz at\u00e9 18 de abril e prop\u00f5e ouvir o portugu\u00eas quinhentista. A pe\u00e7a apresenta Cam\u00f5es como figura atual, expressa em corpos vibrantes, encurtando dist\u00e2ncias e desmistificando mitologias. A cr\u00edtica observa que Filodemo n\u00e3o parece ter sido escrito ontem, mantendo uma dist\u00e2ncia do original do s\u00e9culo XVI. O encenador Pedro Penim est\u00e1 ligado ao projeto, mas n\u00e3o revela de imediato qual \u00e9 o sentido de levar um texto t\u00e3o antigo \u00e0 encena\u00e7\u00e3o atual. A proposta \u00e9 oferecer uma leitura de Cam\u00f5es para o p\u00fablico de hoje, preservando a ess\u00eancia hist\u00f3rica sem ficar presa ao passado.\" \/>\n<meta property=\"og:url\" content=\"https:\/\/portaltela.pt\/noticias\/2026\/03\/25\/camoes-morreu-pedro-penim-mantem-o-autor-vivo\/\" \/>\n<meta property=\"og:site_name\" content=\"Portal Tela Portugal\" \/>\n<meta property=\"article:published_time\" content=\"2026-03-25T20:54:00+00:00\" \/>\n<meta name=\"author\" content=\"Telinha\" \/>\n<meta name=\"twitter:card\" content=\"summary_large_image\" \/>\n<meta name=\"twitter:label1\" content=\"Escrito por\" \/>\n\t<meta name=\"twitter:data1\" content=\"Telinha\" \/>\n\t<meta name=\"twitter:label2\" content=\"Tempo estimado de leitura\" \/>\n\t<meta name=\"twitter:data2\" content=\"1 minuto\" \/>\n<script type=\"application\/ld+json\" class=\"yoast-schema-graph\">{\"@context\":\"https:\/\/schema.org\",\"@graph\":[{\"@type\":\"Article\",\"@id\":\"https:\/\/portaltela.pt\/noticias\/2026\/03\/25\/camoes-morreu-pedro-penim-mantem-o-autor-vivo\/#article\",\"isPartOf\":{\"@id\":\"https:\/\/portaltela.pt\/noticias\/2026\/03\/25\/camoes-morreu-pedro-penim-mantem-o-autor-vivo\/\"},\"author\":{\"name\":\"Telinha\",\"@id\":\"https:\/\/portaltela.pt\/#\/schema\/person\/c4278d4a6028830caff9ee44b42d32ed\"},\"headline\":\"Cam\u00f5es morreu, Pedro Penim mant\u00e9m o autor vivo\",\"datePublished\":\"2026-03-25T20:54:00+00:00\",\"mainEntityOfPage\":{\"@id\":\"https:\/\/portaltela.pt\/noticias\/2026\/03\/25\/camoes-morreu-pedro-penim-mantem-o-autor-vivo\/\"},\"wordCount\":180,\"image\":{\"@id\":\"https:\/\/portaltela.pt\/noticias\/2026\/03\/25\/camoes-morreu-pedro-penim-mantem-o-autor-vivo\/#primaryimage\"},\"thumbnailUrl\":\"https:\/\/portaltela.pt\/s.01k8rhncp4jt1\/2026\/03\/2076754.jpg\",\"keywords\":[\"Cam\u00f5es\",\"cultura\",\"Lisboa\",\"literatura\",\"poesia\",\"teatro\"],\"articleSection\":[\"Cultura\",\"Lazer\"],\"inLanguage\":\"pt-PT\"},{\"@type\":\"WebPage\",\"@id\":\"https:\/\/portaltela.pt\/noticias\/2026\/03\/25\/camoes-morreu-pedro-penim-mantem-o-autor-vivo\/\",\"url\":\"https:\/\/portaltela.pt\/noticias\/2026\/03\/25\/camoes-morreu-pedro-penim-mantem-o-autor-vivo\/\",\"name\":\"Cam\u00f5es morreu, Pedro Penim mant\u00e9m o autor vivo - Portal Tela Portugal\",\"isPartOf\":{\"@id\":\"https:\/\/portaltela.pt\/#website\"},\"primaryImageOfPage\":{\"@id\":\"https:\/\/portaltela.pt\/noticias\/2026\/03\/25\/camoes-morreu-pedro-penim-mantem-o-autor-vivo\/#primaryimage\"},\"image\":{\"@id\":\"https:\/\/portaltela.pt\/noticias\/2026\/03\/25\/camoes-morreu-pedro-penim-mantem-o-autor-vivo\/#primaryimage\"},\"thumbnailUrl\":\"https:\/\/portaltela.pt\/s.01k8rhncp4jt1\/2026\/03\/2076754.jpg\",\"datePublished\":\"2026-03-25T20:54:00+00:00\",\"author\":{\"@id\":\"https:\/\/portaltela.pt\/#\/schema\/person\/c4278d4a6028830caff9ee44b42d32ed\"},\"breadcrumb\":{\"@id\":\"https:\/\/portaltela.pt\/noticias\/2026\/03\/25\/camoes-morreu-pedro-penim-mantem-o-autor-vivo\/#breadcrumb\"},\"inLanguage\":\"pt-PT\",\"potentialAction\":[{\"@type\":\"ReadAction\",\"target\":[\"https:\/\/portaltela.pt\/noticias\/2026\/03\/25\/camoes-morreu-pedro-penim-mantem-o-autor-vivo\/\"]}]},{\"@type\":\"ImageObject\",\"inLanguage\":\"pt-PT\",\"@id\":\"https:\/\/portaltela.pt\/noticias\/2026\/03\/25\/camoes-morreu-pedro-penim-mantem-o-autor-vivo\/#primaryimage\",\"url\":\"https:\/\/portaltela.pt\/s.01k8rhncp4jt1\/2026\/03\/2076754.jpg\",\"contentUrl\":\"https:\/\/portaltela.pt\/s.01k8rhncp4jt1\/2026\/03\/2076754.jpg\",\"width\":796,\"height\":448,\"caption\":\"Pedro Penim injecta vida numa rara incurs\u00e3o de Cam\u00f5es pelo teatro, Filodemo\"},{\"@type\":\"BreadcrumbList\",\"@id\":\"https:\/\/portaltela.pt\/noticias\/2026\/03\/25\/camoes-morreu-pedro-penim-mantem-o-autor-vivo\/#breadcrumb\",\"itemListElement\":[{\"@type\":\"ListItem\",\"position\":1,\"name\":\"In\u00edcio\",\"item\":\"https:\/\/portaltela.pt\/\"},{\"@type\":\"ListItem\",\"position\":2,\"name\":\"Cam\u00f5es morreu, Pedro Penim mant\u00e9m o autor vivo\"}]},{\"@type\":\"WebSite\",\"@id\":\"https:\/\/portaltela.pt\/#website\",\"url\":\"https:\/\/portaltela.pt\/\",\"name\":\"Portal Tela Portugal\",\"description\":\"\",\"potentialAction\":[{\"@type\":\"SearchAction\",\"target\":{\"@type\":\"EntryPoint\",\"urlTemplate\":\"https:\/\/portaltela.pt\/?s={search_term_string}\"},\"query-input\":{\"@type\":\"PropertyValueSpecification\",\"valueRequired\":true,\"valueName\":\"search_term_string\"}}],\"inLanguage\":\"pt-PT\"},{\"@type\":\"Person\",\"@id\":\"https:\/\/portaltela.pt\/#\/schema\/person\/c4278d4a6028830caff9ee44b42d32ed\",\"name\":\"Telinha\",\"image\":{\"@type\":\"ImageObject\",\"inLanguage\":\"pt-PT\",\"@id\":\"https:\/\/portaltela.pt\/s.01k8rhncp4jt1\/2025\/11\/talking-bot-125x125.png\",\"url\":\"https:\/\/portaltela.pt\/s.01k8rhncp4jt1\/2025\/11\/talking-bot-125x125.png\",\"contentUrl\":\"https:\/\/portaltela.pt\/s.01k8rhncp4jt1\/2025\/11\/talking-bot-125x125.png\",\"caption\":\"Telinha\"},\"sameAs\":[\"https:\/\/portaltela.pt\/\"],\"url\":\"https:\/\/portaltela.pt\/por\/367410592786\/\"}]}<\/script>\n<!-- \/ Yoast SEO plugin. -->","yoast_head_json":{"title":"Cam\u00f5es morreu, Pedro Penim mant\u00e9m o autor vivo - Portal Tela Portugal","robots":{"index":"index","follow":"follow","max-snippet":"max-snippet:-1","max-image-preview":"max-image-preview:large","max-video-preview":"max-video-preview:-1"},"og_locale":"pt_PT","og_type":"article","og_title":"Cam\u00f5es morreu, Pedro Penim mant\u00e9m o autor vivo - Portal Tela Portugal","og_description":"Em Lisboa, o espet\u00e1culo Filodemo fica em cartaz at\u00e9 18 de abril e prop\u00f5e ouvir o portugu\u00eas quinhentista. A pe\u00e7a apresenta Cam\u00f5es como figura atual, expressa em corpos vibrantes, encurtando dist\u00e2ncias e desmistificando mitologias. A cr\u00edtica observa que Filodemo n\u00e3o parece ter sido escrito ontem, mantendo uma dist\u00e2ncia do original do s\u00e9culo XVI. O encenador Pedro Penim est\u00e1 ligado ao projeto, mas n\u00e3o revela de imediato qual \u00e9 o sentido de levar um texto t\u00e3o antigo \u00e0 encena\u00e7\u00e3o atual. A proposta \u00e9 oferecer uma leitura de Cam\u00f5es para o p\u00fablico de hoje, preservando a ess\u00eancia hist\u00f3rica sem ficar presa ao passado.","og_url":"https:\/\/portaltela.pt\/noticias\/2026\/03\/25\/camoes-morreu-pedro-penim-mantem-o-autor-vivo\/","og_site_name":"Portal Tela Portugal","article_published_time":"2026-03-25T20:54:00+00:00","author":"Telinha","twitter_card":"summary_large_image","twitter_misc":{"Escrito por":"Telinha","Tempo estimado de leitura":"1 minuto"},"schema":{"@context":"https:\/\/schema.org","@graph":[{"@type":"Article","@id":"https:\/\/portaltela.pt\/noticias\/2026\/03\/25\/camoes-morreu-pedro-penim-mantem-o-autor-vivo\/#article","isPartOf":{"@id":"https:\/\/portaltela.pt\/noticias\/2026\/03\/25\/camoes-morreu-pedro-penim-mantem-o-autor-vivo\/"},"author":{"name":"Telinha","@id":"https:\/\/portaltela.pt\/#\/schema\/person\/c4278d4a6028830caff9ee44b42d32ed"},"headline":"Cam\u00f5es morreu, Pedro Penim mant\u00e9m o autor vivo","datePublished":"2026-03-25T20:54:00+00:00","mainEntityOfPage":{"@id":"https:\/\/portaltela.pt\/noticias\/2026\/03\/25\/camoes-morreu-pedro-penim-mantem-o-autor-vivo\/"},"wordCount":180,"image":{"@id":"https:\/\/portaltela.pt\/noticias\/2026\/03\/25\/camoes-morreu-pedro-penim-mantem-o-autor-vivo\/#primaryimage"},"thumbnailUrl":"https:\/\/portaltela.pt\/s.01k8rhncp4jt1\/2026\/03\/2076754.jpg","keywords":["Cam\u00f5es","cultura","Lisboa","literatura","poesia","teatro"],"articleSection":["Cultura","Lazer"],"inLanguage":"pt-PT"},{"@type":"WebPage","@id":"https:\/\/portaltela.pt\/noticias\/2026\/03\/25\/camoes-morreu-pedro-penim-mantem-o-autor-vivo\/","url":"https:\/\/portaltela.pt\/noticias\/2026\/03\/25\/camoes-morreu-pedro-penim-mantem-o-autor-vivo\/","name":"Cam\u00f5es morreu, Pedro Penim mant\u00e9m o autor vivo - Portal Tela Portugal","isPartOf":{"@id":"https:\/\/portaltela.pt\/#website"},"primaryImageOfPage":{"@id":"https:\/\/portaltela.pt\/noticias\/2026\/03\/25\/camoes-morreu-pedro-penim-mantem-o-autor-vivo\/#primaryimage"},"image":{"@id":"https:\/\/portaltela.pt\/noticias\/2026\/03\/25\/camoes-morreu-pedro-penim-mantem-o-autor-vivo\/#primaryimage"},"thumbnailUrl":"https:\/\/portaltela.pt\/s.01k8rhncp4jt1\/2026\/03\/2076754.jpg","datePublished":"2026-03-25T20:54:00+00:00","author":{"@id":"https:\/\/portaltela.pt\/#\/schema\/person\/c4278d4a6028830caff9ee44b42d32ed"},"breadcrumb":{"@id":"https:\/\/portaltela.pt\/noticias\/2026\/03\/25\/camoes-morreu-pedro-penim-mantem-o-autor-vivo\/#breadcrumb"},"inLanguage":"pt-PT","potentialAction":[{"@type":"ReadAction","target":["https:\/\/portaltela.pt\/noticias\/2026\/03\/25\/camoes-morreu-pedro-penim-mantem-o-autor-vivo\/"]}]},{"@type":"ImageObject","inLanguage":"pt-PT","@id":"https:\/\/portaltela.pt\/noticias\/2026\/03\/25\/camoes-morreu-pedro-penim-mantem-o-autor-vivo\/#primaryimage","url":"https:\/\/portaltela.pt\/s.01k8rhncp4jt1\/2026\/03\/2076754.jpg","contentUrl":"https:\/\/portaltela.pt\/s.01k8rhncp4jt1\/2026\/03\/2076754.jpg","width":796,"height":448,"caption":"Pedro Penim injecta vida numa rara incurs\u00e3o de Cam\u00f5es pelo teatro, Filodemo"},{"@type":"BreadcrumbList","@id":"https:\/\/portaltela.pt\/noticias\/2026\/03\/25\/camoes-morreu-pedro-penim-mantem-o-autor-vivo\/#breadcrumb","itemListElement":[{"@type":"ListItem","position":1,"name":"In\u00edcio","item":"https:\/\/portaltela.pt\/"},{"@type":"ListItem","position":2,"name":"Cam\u00f5es morreu, Pedro Penim mant\u00e9m o autor vivo"}]},{"@type":"WebSite","@id":"https:\/\/portaltela.pt\/#website","url":"https:\/\/portaltela.pt\/","name":"Portal Tela Portugal","description":"","potentialAction":[{"@type":"SearchAction","target":{"@type":"EntryPoint","urlTemplate":"https:\/\/portaltela.pt\/?s={search_term_string}"},"query-input":{"@type":"PropertyValueSpecification","valueRequired":true,"valueName":"search_term_string"}}],"inLanguage":"pt-PT"},{"@type":"Person","@id":"https:\/\/portaltela.pt\/#\/schema\/person\/c4278d4a6028830caff9ee44b42d32ed","name":"Telinha","image":{"@type":"ImageObject","inLanguage":"pt-PT","@id":"https:\/\/portaltela.pt\/s.01k8rhncp4jt1\/2025\/11\/talking-bot-125x125.png","url":"https:\/\/portaltela.pt\/s.01k8rhncp4jt1\/2025\/11\/talking-bot-125x125.png","contentUrl":"https:\/\/portaltela.pt\/s.01k8rhncp4jt1\/2025\/11\/talking-bot-125x125.png","caption":"Telinha"},"sameAs":["https:\/\/portaltela.pt\/"],"url":"https:\/\/portaltela.pt\/por\/367410592786\/"}]}},"_links":{"self":[{"href":"https:\/\/portaltela.pt\/api\/wp\/v2\/posts\/421532","targetHints":{"allow":["GET"]}}],"collection":[{"href":"https:\/\/portaltela.pt\/api\/wp\/v2\/posts"}],"about":[{"href":"https:\/\/portaltela.pt\/api\/wp\/v2\/types\/post"}],"author":[{"embeddable":true,"href":"https:\/\/portaltela.pt\/api\/wp\/v2\/users\/2"}],"replies":[{"embeddable":true,"href":"https:\/\/portaltela.pt\/api\/wp\/v2\/comments?post=421532"}],"version-history":[{"count":0,"href":"https:\/\/portaltela.pt\/api\/wp\/v2\/posts\/421532\/revisions"}],"wp:featuredmedia":[{"embeddable":true,"href":"https:\/\/portaltela.pt\/api\/wp\/v2\/media\/421534"}],"wp:attachment":[{"href":"https:\/\/portaltela.pt\/api\/wp\/v2\/media?parent=421532"}],"wp:term":[{"taxonomy":"category","embeddable":true,"href":"https:\/\/portaltela.pt\/api\/wp\/v2\/categories?post=421532"},{"taxonomy":"post_tag","embeddable":true,"href":"https:\/\/portaltela.pt\/api\/wp\/v2\/tags?post=421532"}],"curies":[{"name":"wp","href":"https:\/\/api.w.org\/{rel}","templated":true}]}}