{"id":421528,"date":"2026-03-25T17:40:00","date_gmt":"2026-03-25T20:40:00","guid":{"rendered":"https:\/\/portaltela.pt\/noticias\/2026\/03\/25\/jogador-de-rugby-diagnosticado-com-doenca-rara-afirma-manter-as-pernas-afastadas\/"},"modified":"2026-03-25T17:40:00","modified_gmt":"2026-03-25T20:40:00","slug":"jogador-de-rugby-diagnosticado-com-doenca-rara-afirma-manter-as-pernas-afastadas","status":"publish","type":"post","link":"https:\/\/portaltela.pt\/desporto\/futebol\/2026\/03\/25\/jogador-de-rugby-diagnosticado-com-doenca-rara-afirma-manter-as-pernas-afastadas\/","title":{"rendered":"Jogador de rugby diagnosticado com doen\u00e7a rara afirma manter as pernas afastadas"},"content":{"rendered":"<p>Baptiste H\u00e9guy, jogador de r\u00e2guebi do Aviron Bayonnais, est\u00e1 hospitalizado h\u00e1 cerca de dois meses devido a uma doen\u00e7a autoimune rara. A s\u00edndrome opsoclono-mioclono compromete movimentos r\u00e1pidos dos olhos, equil\u00edbrio e coordena\u00e7\u00e3o.<\/p>\n<p>Segundo a imprensa francesa, a hip\u00f3tese inicial aponta para uma rea\u00e7\u00e3o exagerada a uma infe\u00e7\u00e3o viral. O atleta de 27 anos iniciou o processo de reabilita\u00e7\u00e3o e passou duas semanas numa cadeira de rodas, sem poder dobrar os joelhos.<\/p>\n<p>H\u00e9guy descreve que chegou a andar com as pernas afastadas para manter a estabilidade e que, numa bicicleta, sentia como se estivesse a andar na cal\u00e7ada, com a cabe\u00e7a a tremer. A \u00faltima atua\u00e7\u00e3o ocorreu a 31 de janeiro. Le Parisien cita o testemunho do jogador.<\/p>\n<h3>Situa\u00e7\u00e3o atual e progn\u00f3stico<\/h3>\n<p>Apesar da gravidade, o atleta mant\u00e9m o sentido de humor frente \u00e0 condi\u00e7\u00e3o que afeta 1 em cada 5 milh\u00f5es de pessoas, sem indicar uma data prevista para o regresso aos treinos. A equipa m\u00e9dica n\u00e3o apresentou um prazo de recupera\u00e7\u00e3o neste momento.<\/p>\n","protected":false},"excerpt":{"rendered":"<ul>\n<li>Baptiste H\u00e9guy, jogador de r\u00e2guebi do Aviron Bayonnais, est\u00e1 hospitalizado h\u00e1 cerca de dois meses devido a uma doen\u00e7a autoimune rara chamada s\u00edndrome opsoclono-mioclono.<\/li>\n<li>A patologia provoca movimentos r\u00e1pidos e espasm\u00f3dicos dos olhos, afetando o equil\u00edbrio e a coordena\u00e7\u00e3o.<\/li>\n<li>Os m\u00e9dicos associam o problema a uma resposta an\u00f3mala a uma infe\u00e7\u00e3o viral, que ter\u00e1 atacado o sistema nervoso.<\/li>\n<li>No centro de reabilita\u00e7\u00e3o, passou duas semanas numa cadeira de rodas, n\u00e3o conseguindo dobrar os joelhos e a andar com as pernas afastadas para ter estabilidade; a \u00faltima participa\u00e7\u00e3o foi a 31 de janeiro.<\/li>\n<li>Aos 27 anos, o atleta n\u00e3o tem previs\u00e3o de regresso \u00e0 competi\u00e7\u00e3o, e encara o epis\u00f3dio com sentido de humor, considerando ter tido menos hip\u00f3teses de ganhar na lotaria.<\/li>\n<\/ul>\n","protected":false},"author":2,"featured_media":421529,"comment_status":"closed","ping_status":"closed","sticky":false,"template":"","format":"standard","meta":{"footnotes":""},"categories":[21,24],"tags":[252,152,5723,5129,7211,172],"class_list":["post-421528","post","type-post","status-publish","format-standard","has-post-thumbnail","hentry","category-desporto","category-futebol","tag-atletas","tag-desporto","tag-doenca","tag-imunologia","tag-medicina","tag-saude"],"yoast_head":"<!-- This site is optimized with the Yoast SEO plugin v27.2 - https:\/\/yoast.com\/product\/yoast-seo-wordpress\/ -->\n<title>Jogador de rugby diagnosticado com doen\u00e7a rara afirma manter as pernas afastadas - Portal Tela Portugal<\/title>\n<meta name=\"robots\" content=\"index, follow, max-snippet:-1, max-image-preview:large, max-video-preview:-1\" \/>\n<meta property=\"og:locale\" content=\"pt_PT\" \/>\n<meta property=\"og:type\" content=\"article\" \/>\n<meta property=\"og:title\" content=\"Jogador de rugby diagnosticado com doen\u00e7a rara afirma manter as pernas afastadas - Portal Tela Portugal\" \/>\n<meta property=\"og:description\" content=\"Baptiste H\u00e9guy, jogador de r\u00e2guebi do Aviron Bayonnais, est\u00e1 hospitalizado h\u00e1 cerca de dois meses devido a uma doen\u00e7a autoimune rara chamada s\u00edndrome opsoclono-mioclono. A patologia provoca movimentos r\u00e1pidos e espasm\u00f3dicos dos olhos, afetando o equil\u00edbrio e a coordena\u00e7\u00e3o. Os m\u00e9dicos associam o problema a uma resposta an\u00f3mala a uma infe\u00e7\u00e3o viral, que ter\u00e1 atacado o sistema nervoso. No centro de reabilita\u00e7\u00e3o, passou duas semanas numa cadeira de rodas, n\u00e3o conseguindo dobrar os joelhos e a andar com as pernas afastadas para ter estabilidade; a \u00faltima participa\u00e7\u00e3o foi a 31 de janeiro. Aos 27 anos, o atleta n\u00e3o tem previs\u00e3o de regresso \u00e0 competi\u00e7\u00e3o, e encara o epis\u00f3dio com sentido de humor, considerando ter tido menos hip\u00f3teses de ganhar na lotaria.\" \/>\n<meta property=\"og:url\" content=\"https:\/\/portaltela.pt\/noticias\/2026\/03\/25\/jogador-de-rugby-diagnosticado-com-doenca-rara-afirma-manter-as-pernas-afastadas\/\" \/>\n<meta property=\"og:site_name\" content=\"Portal Tela Portugal\" \/>\n<meta property=\"article:published_time\" content=\"2026-03-25T20:40:00+00:00\" \/>\n<meta name=\"author\" content=\"Telinha\" \/>\n<meta name=\"twitter:card\" content=\"summary_large_image\" \/>\n<meta name=\"twitter:label1\" content=\"Escrito por\" \/>\n\t<meta name=\"twitter:data1\" content=\"Telinha\" \/>\n\t<meta name=\"twitter:label2\" content=\"Tempo estimado de leitura\" \/>\n\t<meta name=\"twitter:data2\" content=\"1 minuto\" \/>\n<script type=\"application\/ld+json\" class=\"yoast-schema-graph\">{\"@context\":\"https:\/\/schema.org\",\"@graph\":[{\"@type\":\"Article\",\"@id\":\"https:\/\/portaltela.pt\/noticias\/2026\/03\/25\/jogador-de-rugby-diagnosticado-com-doenca-rara-afirma-manter-as-pernas-afastadas\/#article\",\"isPartOf\":{\"@id\":\"https:\/\/portaltela.pt\/noticias\/2026\/03\/25\/jogador-de-rugby-diagnosticado-com-doenca-rara-afirma-manter-as-pernas-afastadas\/\"},\"author\":{\"name\":\"Telinha\",\"@id\":\"https:\/\/portaltela.pt\/#\/schema\/person\/c4278d4a6028830caff9ee44b42d32ed\"},\"headline\":\"Jogador de rugby diagnosticado com doen\u00e7a rara afirma manter as pernas afastadas\",\"datePublished\":\"2026-03-25T20:40:00+00:00\",\"mainEntityOfPage\":{\"@id\":\"https:\/\/portaltela.pt\/noticias\/2026\/03\/25\/jogador-de-rugby-diagnosticado-com-doenca-rara-afirma-manter-as-pernas-afastadas\/\"},\"wordCount\":195,\"image\":{\"@id\":\"https:\/\/portaltela.pt\/noticias\/2026\/03\/25\/jogador-de-rugby-diagnosticado-com-doenca-rara-afirma-manter-as-pernas-afastadas\/#primaryimage\"},\"thumbnailUrl\":\"https:\/\/portaltela.pt\/s.01k8rhncp4jt1\/2026\/03\/img_920x518uu2026-03-25-20-40-16-2429376-im-639100680293905492.jpg\",\"keywords\":[\"atletas\",\"desporto\",\"doen\u00e7a\",\"imunologia\",\"medicina\",\"sa\u00fade\"],\"articleSection\":[\"Desporto\",\"Futebol\"],\"inLanguage\":\"pt-PT\"},{\"@type\":\"WebPage\",\"@id\":\"https:\/\/portaltela.pt\/noticias\/2026\/03\/25\/jogador-de-rugby-diagnosticado-com-doenca-rara-afirma-manter-as-pernas-afastadas\/\",\"url\":\"https:\/\/portaltela.pt\/noticias\/2026\/03\/25\/jogador-de-rugby-diagnosticado-com-doenca-rara-afirma-manter-as-pernas-afastadas\/\",\"name\":\"Jogador de rugby diagnosticado com doen\u00e7a rara afirma manter as pernas afastadas - Portal Tela Portugal\",\"isPartOf\":{\"@id\":\"https:\/\/portaltela.pt\/#website\"},\"primaryImageOfPage\":{\"@id\":\"https:\/\/portaltela.pt\/noticias\/2026\/03\/25\/jogador-de-rugby-diagnosticado-com-doenca-rara-afirma-manter-as-pernas-afastadas\/#primaryimage\"},\"image\":{\"@id\":\"https:\/\/portaltela.pt\/noticias\/2026\/03\/25\/jogador-de-rugby-diagnosticado-com-doenca-rara-afirma-manter-as-pernas-afastadas\/#primaryimage\"},\"thumbnailUrl\":\"https:\/\/portaltela.pt\/s.01k8rhncp4jt1\/2026\/03\/img_920x518uu2026-03-25-20-40-16-2429376-im-639100680293905492.jpg\",\"datePublished\":\"2026-03-25T20:40:00+00:00\",\"author\":{\"@id\":\"https:\/\/portaltela.pt\/#\/schema\/person\/c4278d4a6028830caff9ee44b42d32ed\"},\"breadcrumb\":{\"@id\":\"https:\/\/portaltela.pt\/noticias\/2026\/03\/25\/jogador-de-rugby-diagnosticado-com-doenca-rara-afirma-manter-as-pernas-afastadas\/#breadcrumb\"},\"inLanguage\":\"pt-PT\",\"potentialAction\":[{\"@type\":\"ReadAction\",\"target\":[\"https:\/\/portaltela.pt\/noticias\/2026\/03\/25\/jogador-de-rugby-diagnosticado-com-doenca-rara-afirma-manter-as-pernas-afastadas\/\"]}]},{\"@type\":\"ImageObject\",\"inLanguage\":\"pt-PT\",\"@id\":\"https:\/\/portaltela.pt\/noticias\/2026\/03\/25\/jogador-de-rugby-diagnosticado-com-doenca-rara-afirma-manter-as-pernas-afastadas\/#primaryimage\",\"url\":\"https:\/\/portaltela.pt\/s.01k8rhncp4jt1\/2026\/03\/img_920x518uu2026-03-25-20-40-16-2429376-im-639100680293905492.jpg\",\"contentUrl\":\"https:\/\/portaltela.pt\/s.01k8rhncp4jt1\/2026\/03\/img_920x518uu2026-03-25-20-40-16-2429376-im-639100680293905492.jpg\",\"width\":796,\"height\":448,\"caption\":\"Baptiste H\u00e9guy em a\u00e7\u00e3o\"},{\"@type\":\"BreadcrumbList\",\"@id\":\"https:\/\/portaltela.pt\/noticias\/2026\/03\/25\/jogador-de-rugby-diagnosticado-com-doenca-rara-afirma-manter-as-pernas-afastadas\/#breadcrumb\",\"itemListElement\":[{\"@type\":\"ListItem\",\"position\":1,\"name\":\"In\u00edcio\",\"item\":\"https:\/\/portaltela.pt\/\"},{\"@type\":\"ListItem\",\"position\":2,\"name\":\"Jogador de rugby diagnosticado com doen\u00e7a rara afirma manter as pernas afastadas\"}]},{\"@type\":\"WebSite\",\"@id\":\"https:\/\/portaltela.pt\/#website\",\"url\":\"https:\/\/portaltela.pt\/\",\"name\":\"Portal Tela Portugal\",\"description\":\"\",\"potentialAction\":[{\"@type\":\"SearchAction\",\"target\":{\"@type\":\"EntryPoint\",\"urlTemplate\":\"https:\/\/portaltela.pt\/?s={search_term_string}\"},\"query-input\":{\"@type\":\"PropertyValueSpecification\",\"valueRequired\":true,\"valueName\":\"search_term_string\"}}],\"inLanguage\":\"pt-PT\"},{\"@type\":\"Person\",\"@id\":\"https:\/\/portaltela.pt\/#\/schema\/person\/c4278d4a6028830caff9ee44b42d32ed\",\"name\":\"Telinha\",\"image\":{\"@type\":\"ImageObject\",\"inLanguage\":\"pt-PT\",\"@id\":\"https:\/\/portaltela.pt\/s.01k8rhncp4jt1\/2025\/11\/talking-bot-125x125.png\",\"url\":\"https:\/\/portaltela.pt\/s.01k8rhncp4jt1\/2025\/11\/talking-bot-125x125.png\",\"contentUrl\":\"https:\/\/portaltela.pt\/s.01k8rhncp4jt1\/2025\/11\/talking-bot-125x125.png\",\"caption\":\"Telinha\"},\"sameAs\":[\"https:\/\/portaltela.pt\/\"],\"url\":\"https:\/\/portaltela.pt\/por\/367410592786\/\"}]}<\/script>\n<!-- \/ Yoast SEO plugin. -->","yoast_head_json":{"title":"Jogador de rugby diagnosticado com doen\u00e7a rara afirma manter as pernas afastadas - Portal Tela Portugal","robots":{"index":"index","follow":"follow","max-snippet":"max-snippet:-1","max-image-preview":"max-image-preview:large","max-video-preview":"max-video-preview:-1"},"og_locale":"pt_PT","og_type":"article","og_title":"Jogador de rugby diagnosticado com doen\u00e7a rara afirma manter as pernas afastadas - Portal Tela Portugal","og_description":"Baptiste H\u00e9guy, jogador de r\u00e2guebi do Aviron Bayonnais, est\u00e1 hospitalizado h\u00e1 cerca de dois meses devido a uma doen\u00e7a autoimune rara chamada s\u00edndrome opsoclono-mioclono. A patologia provoca movimentos r\u00e1pidos e espasm\u00f3dicos dos olhos, afetando o equil\u00edbrio e a coordena\u00e7\u00e3o. Os m\u00e9dicos associam o problema a uma resposta an\u00f3mala a uma infe\u00e7\u00e3o viral, que ter\u00e1 atacado o sistema nervoso. No centro de reabilita\u00e7\u00e3o, passou duas semanas numa cadeira de rodas, n\u00e3o conseguindo dobrar os joelhos e a andar com as pernas afastadas para ter estabilidade; a \u00faltima participa\u00e7\u00e3o foi a 31 de janeiro. Aos 27 anos, o atleta n\u00e3o tem previs\u00e3o de regresso \u00e0 competi\u00e7\u00e3o, e encara o epis\u00f3dio com sentido de humor, considerando ter tido menos hip\u00f3teses de ganhar na lotaria.","og_url":"https:\/\/portaltela.pt\/noticias\/2026\/03\/25\/jogador-de-rugby-diagnosticado-com-doenca-rara-afirma-manter-as-pernas-afastadas\/","og_site_name":"Portal Tela Portugal","article_published_time":"2026-03-25T20:40:00+00:00","author":"Telinha","twitter_card":"summary_large_image","twitter_misc":{"Escrito por":"Telinha","Tempo estimado de leitura":"1 minuto"},"schema":{"@context":"https:\/\/schema.org","@graph":[{"@type":"Article","@id":"https:\/\/portaltela.pt\/noticias\/2026\/03\/25\/jogador-de-rugby-diagnosticado-com-doenca-rara-afirma-manter-as-pernas-afastadas\/#article","isPartOf":{"@id":"https:\/\/portaltela.pt\/noticias\/2026\/03\/25\/jogador-de-rugby-diagnosticado-com-doenca-rara-afirma-manter-as-pernas-afastadas\/"},"author":{"name":"Telinha","@id":"https:\/\/portaltela.pt\/#\/schema\/person\/c4278d4a6028830caff9ee44b42d32ed"},"headline":"Jogador de rugby diagnosticado com doen\u00e7a rara afirma manter as pernas afastadas","datePublished":"2026-03-25T20:40:00+00:00","mainEntityOfPage":{"@id":"https:\/\/portaltela.pt\/noticias\/2026\/03\/25\/jogador-de-rugby-diagnosticado-com-doenca-rara-afirma-manter-as-pernas-afastadas\/"},"wordCount":195,"image":{"@id":"https:\/\/portaltela.pt\/noticias\/2026\/03\/25\/jogador-de-rugby-diagnosticado-com-doenca-rara-afirma-manter-as-pernas-afastadas\/#primaryimage"},"thumbnailUrl":"https:\/\/portaltela.pt\/s.01k8rhncp4jt1\/2026\/03\/img_920x518uu2026-03-25-20-40-16-2429376-im-639100680293905492.jpg","keywords":["atletas","desporto","doen\u00e7a","imunologia","medicina","sa\u00fade"],"articleSection":["Desporto","Futebol"],"inLanguage":"pt-PT"},{"@type":"WebPage","@id":"https:\/\/portaltela.pt\/noticias\/2026\/03\/25\/jogador-de-rugby-diagnosticado-com-doenca-rara-afirma-manter-as-pernas-afastadas\/","url":"https:\/\/portaltela.pt\/noticias\/2026\/03\/25\/jogador-de-rugby-diagnosticado-com-doenca-rara-afirma-manter-as-pernas-afastadas\/","name":"Jogador de rugby diagnosticado com doen\u00e7a rara afirma manter as pernas afastadas - Portal Tela Portugal","isPartOf":{"@id":"https:\/\/portaltela.pt\/#website"},"primaryImageOfPage":{"@id":"https:\/\/portaltela.pt\/noticias\/2026\/03\/25\/jogador-de-rugby-diagnosticado-com-doenca-rara-afirma-manter-as-pernas-afastadas\/#primaryimage"},"image":{"@id":"https:\/\/portaltela.pt\/noticias\/2026\/03\/25\/jogador-de-rugby-diagnosticado-com-doenca-rara-afirma-manter-as-pernas-afastadas\/#primaryimage"},"thumbnailUrl":"https:\/\/portaltela.pt\/s.01k8rhncp4jt1\/2026\/03\/img_920x518uu2026-03-25-20-40-16-2429376-im-639100680293905492.jpg","datePublished":"2026-03-25T20:40:00+00:00","author":{"@id":"https:\/\/portaltela.pt\/#\/schema\/person\/c4278d4a6028830caff9ee44b42d32ed"},"breadcrumb":{"@id":"https:\/\/portaltela.pt\/noticias\/2026\/03\/25\/jogador-de-rugby-diagnosticado-com-doenca-rara-afirma-manter-as-pernas-afastadas\/#breadcrumb"},"inLanguage":"pt-PT","potentialAction":[{"@type":"ReadAction","target":["https:\/\/portaltela.pt\/noticias\/2026\/03\/25\/jogador-de-rugby-diagnosticado-com-doenca-rara-afirma-manter-as-pernas-afastadas\/"]}]},{"@type":"ImageObject","inLanguage":"pt-PT","@id":"https:\/\/portaltela.pt\/noticias\/2026\/03\/25\/jogador-de-rugby-diagnosticado-com-doenca-rara-afirma-manter-as-pernas-afastadas\/#primaryimage","url":"https:\/\/portaltela.pt\/s.01k8rhncp4jt1\/2026\/03\/img_920x518uu2026-03-25-20-40-16-2429376-im-639100680293905492.jpg","contentUrl":"https:\/\/portaltela.pt\/s.01k8rhncp4jt1\/2026\/03\/img_920x518uu2026-03-25-20-40-16-2429376-im-639100680293905492.jpg","width":796,"height":448,"caption":"Baptiste H\u00e9guy em a\u00e7\u00e3o"},{"@type":"BreadcrumbList","@id":"https:\/\/portaltela.pt\/noticias\/2026\/03\/25\/jogador-de-rugby-diagnosticado-com-doenca-rara-afirma-manter-as-pernas-afastadas\/#breadcrumb","itemListElement":[{"@type":"ListItem","position":1,"name":"In\u00edcio","item":"https:\/\/portaltela.pt\/"},{"@type":"ListItem","position":2,"name":"Jogador de rugby diagnosticado com doen\u00e7a rara afirma manter as pernas afastadas"}]},{"@type":"WebSite","@id":"https:\/\/portaltela.pt\/#website","url":"https:\/\/portaltela.pt\/","name":"Portal Tela Portugal","description":"","potentialAction":[{"@type":"SearchAction","target":{"@type":"EntryPoint","urlTemplate":"https:\/\/portaltela.pt\/?s={search_term_string}"},"query-input":{"@type":"PropertyValueSpecification","valueRequired":true,"valueName":"search_term_string"}}],"inLanguage":"pt-PT"},{"@type":"Person","@id":"https:\/\/portaltela.pt\/#\/schema\/person\/c4278d4a6028830caff9ee44b42d32ed","name":"Telinha","image":{"@type":"ImageObject","inLanguage":"pt-PT","@id":"https:\/\/portaltela.pt\/s.01k8rhncp4jt1\/2025\/11\/talking-bot-125x125.png","url":"https:\/\/portaltela.pt\/s.01k8rhncp4jt1\/2025\/11\/talking-bot-125x125.png","contentUrl":"https:\/\/portaltela.pt\/s.01k8rhncp4jt1\/2025\/11\/talking-bot-125x125.png","caption":"Telinha"},"sameAs":["https:\/\/portaltela.pt\/"],"url":"https:\/\/portaltela.pt\/por\/367410592786\/"}]}},"_links":{"self":[{"href":"https:\/\/portaltela.pt\/api\/wp\/v2\/posts\/421528","targetHints":{"allow":["GET"]}}],"collection":[{"href":"https:\/\/portaltela.pt\/api\/wp\/v2\/posts"}],"about":[{"href":"https:\/\/portaltela.pt\/api\/wp\/v2\/types\/post"}],"author":[{"embeddable":true,"href":"https:\/\/portaltela.pt\/api\/wp\/v2\/users\/2"}],"replies":[{"embeddable":true,"href":"https:\/\/portaltela.pt\/api\/wp\/v2\/comments?post=421528"}],"version-history":[{"count":0,"href":"https:\/\/portaltela.pt\/api\/wp\/v2\/posts\/421528\/revisions"}],"wp:featuredmedia":[{"embeddable":true,"href":"https:\/\/portaltela.pt\/api\/wp\/v2\/media\/421529"}],"wp:attachment":[{"href":"https:\/\/portaltela.pt\/api\/wp\/v2\/media?parent=421528"}],"wp:term":[{"taxonomy":"category","embeddable":true,"href":"https:\/\/portaltela.pt\/api\/wp\/v2\/categories?post=421528"},{"taxonomy":"post_tag","embeddable":true,"href":"https:\/\/portaltela.pt\/api\/wp\/v2\/tags?post=421528"}],"curies":[{"name":"wp","href":"https:\/\/api.w.org\/{rel}","templated":true}]}}