{"id":421518,"date":"2026-03-25T17:34:00","date_gmt":"2026-03-25T20:34:00","guid":{"rendered":"https:\/\/portaltela.pt\/noticias\/2026\/03\/25\/grupo-espancou-dois-funcionarios-de-restaurante-em-santo-tirso\/"},"modified":"2026-03-25T17:34:00","modified_gmt":"2026-03-25T20:34:00","slug":"grupo-espancou-dois-funcionarios-de-restaurante-em-santo-tirso","status":"publish","type":"post","link":"https:\/\/portaltela.pt\/policia\/2026\/03\/25\/grupo-espancou-dois-funcionarios-de-restaurante-em-santo-tirso\/","title":{"rendered":"Grupo espancou dois funcion\u00e1rios de restaurante em Santo Tirso"},"content":{"rendered":"<p>O que as imagens de videovigil\u00e2ncia do restaurante Imran &amp; Famy, no centro de Santo Tirso, registaram foi uma agres\u00ads\u00e3o violenta. Quatro homens espancaram dois funcion\u00e1rios, com murros, cacetadas e pontap\u00e9s, ap\u00f3s recusarem atender os suspeitos. O estabelecimento est\u00e1 aberto desde 2012.<\/p>\n<p>Segundo o Jornal de Not\u00edcias, a agress\u00e3o ocorreu perto das 18 horas da quinta-feira passada. O grupo j\u00e1 era conhecido da PSP por epis\u00f3dios semelhantes em lojas da zona, vinculados a agress\u00f5es anteriores a trabalhadores.<\/p>\n<p>As autoridades identificaram a carrinha de caixas aberta usada pelos indiv\u00edduos, a mesma que mais tarde foi localizada pela PSP de Santo Tirso junto ao local do ataque, fora de flagrante.<\/p>\n<h3>Detidos por roubos<\/h3>\n<p>Os suspeitos, com idades entre 18 e 36 anos e residentes no bairro de Argemil, em Santo Tirso, j\u00e1 eram procurados pela GNR de Felgueiras por crimes em Pa\u00e7os de Ferreira. Foram detidos pela Guarda e presentes no Tribunal de Penafiel na sexta-feira seguinte, com obriga\u00e7\u00f5es de apresenta\u00e7\u00f5es peri\u00f3dicas.<\/p>\n<p>A PSP registou o caso e remeteu os factos ao Minist\u00e9rio P\u00fablico para aprecia\u00e7\u00e3o. N\u00e3o houve confirma\u00e7\u00e3o de ferimentos graves entre os funcion\u00e1rios. O v\u00eddeo foi crucial para a identifica\u00e7\u00e3o e julgamento inicial dos suspeitos.<\/p>\n","protected":false},"excerpt":{"rendered":"<ul>\n<li>V\u00eddeos do restaurante Imran &amp; Famy, no centro de Santo Tirso, mostram quatro homens a espancar dois funcion\u00e1rios com murros, cacetadas e pontap\u00e9s ap\u00f3s os trabalhadores se recusarem a atender.<\/li>\n<li>A agress\u00e3o ocorreu cerca das 18h da quinta-feira; o grupo era j\u00e1 conhecido da PSP por epis\u00f3dios semelhantes noutras lojas da regi\u00e3o.<\/li>\n<li>A carrinha de caixa aberta usada pelos suspeitos permitiu a identifica\u00e7\u00e3o do grupo, que foi intercetado pela PSP de Santo Tirso ap\u00f3s o ataque.<\/li>\n<li>Os suspeitos, com idades entre 18 e 36 anos e residentes no bairro de Argemil, em Santo Tirso, foram detidos pela GNR de Felgueiras por crimes em Pa\u00e7os de Ferreira e roubo de diverso material no valor de cerca de quatro mil euros.<\/li>\n<li>Na sexta-feira foram apresentados no Tribunal de Penafiel e ficaram obrigados a apresenta\u00e7\u00f5es peri\u00f3dicas \u00e0s autoridades; o epis\u00f3dio foi remetido ao Minist\u00e9rio P\u00fablico pela PSP.<\/li>\n<\/ul>\n","protected":false},"author":2,"featured_media":421520,"comment_status":"closed","ping_status":"closed","sticky":false,"template":"","format":"standard","meta":{"footnotes":""},"categories":[6907,6781],"tags":[2079,147,3418,203,1146,939],"class_list":["post-421518","post","type-post","status-publish","format-standard","has-post-thumbnail","hentry","category-crime","category-policia","tag-agressoes","tag-crime","tag-policia-de-seguranca-publica","tag-roubo","tag-santo-tirso","tag-violencia"],"yoast_head":"<!-- This site is optimized with the Yoast SEO plugin v27.2 - https:\/\/yoast.com\/product\/yoast-seo-wordpress\/ -->\n<title>Grupo espancou dois funcion\u00e1rios de restaurante em Santo Tirso - Portal Tela Portugal<\/title>\n<meta name=\"robots\" content=\"index, follow, max-snippet:-1, max-image-preview:large, max-video-preview:-1\" \/>\n<meta property=\"og:locale\" content=\"pt_PT\" \/>\n<meta property=\"og:type\" content=\"article\" \/>\n<meta property=\"og:title\" content=\"Grupo espancou dois funcion\u00e1rios de restaurante em Santo Tirso - Portal Tela Portugal\" \/>\n<meta property=\"og:description\" content=\"V\u00eddeos do restaurante Imran &amp; Famy, no centro de Santo Tirso, mostram quatro homens a espancar dois funcion\u00e1rios com murros, cacetadas e pontap\u00e9s ap\u00f3s os trabalhadores se recusarem a atender. A agress\u00e3o ocorreu cerca das 18h da quinta-feira; o grupo era j\u00e1 conhecido da PSP por epis\u00f3dios semelhantes noutras lojas da regi\u00e3o. A carrinha de caixa aberta usada pelos suspeitos permitiu a identifica\u00e7\u00e3o do grupo, que foi intercetado pela PSP de Santo Tirso ap\u00f3s o ataque. Os suspeitos, com idades entre 18 e 36 anos e residentes no bairro de Argemil, em Santo Tirso, foram detidos pela GNR de Felgueiras por crimes em Pa\u00e7os de Ferreira e roubo de diverso material no valor de cerca de quatro mil euros. Na sexta-feira foram apresentados no Tribunal de Penafiel e ficaram obrigados a apresenta\u00e7\u00f5es peri\u00f3dicas \u00e0s autoridades; o epis\u00f3dio foi remetido ao Minist\u00e9rio P\u00fablico pela PSP.\" \/>\n<meta property=\"og:url\" content=\"https:\/\/portaltela.pt\/noticias\/2026\/03\/25\/grupo-espancou-dois-funcionarios-de-restaurante-em-santo-tirso\/\" \/>\n<meta property=\"og:site_name\" content=\"Portal Tela Portugal\" \/>\n<meta property=\"article:published_time\" content=\"2026-03-25T20:34:00+00:00\" \/>\n<meta name=\"author\" content=\"Telinha\" \/>\n<meta name=\"twitter:card\" content=\"summary_large_image\" \/>\n<meta name=\"twitter:label1\" content=\"Escrito por\" \/>\n\t<meta name=\"twitter:data1\" content=\"Telinha\" \/>\n\t<meta name=\"twitter:label2\" content=\"Tempo estimado de leitura\" \/>\n\t<meta name=\"twitter:data2\" content=\"1 minuto\" \/>\n<script type=\"application\/ld+json\" class=\"yoast-schema-graph\">{\"@context\":\"https:\/\/schema.org\",\"@graph\":[{\"@type\":\"Article\",\"@id\":\"https:\/\/portaltela.pt\/noticias\/2026\/03\/25\/grupo-espancou-dois-funcionarios-de-restaurante-em-santo-tirso\/#article\",\"isPartOf\":{\"@id\":\"https:\/\/portaltela.pt\/noticias\/2026\/03\/25\/grupo-espancou-dois-funcionarios-de-restaurante-em-santo-tirso\/\"},\"author\":{\"name\":\"Telinha\",\"@id\":\"https:\/\/portaltela.pt\/#\/schema\/person\/c4278d4a6028830caff9ee44b42d32ed\"},\"headline\":\"Grupo espancou dois funcion\u00e1rios de restaurante em Santo Tirso\",\"datePublished\":\"2026-03-25T20:34:00+00:00\",\"mainEntityOfPage\":{\"@id\":\"https:\/\/portaltela.pt\/noticias\/2026\/03\/25\/grupo-espancou-dois-funcionarios-de-restaurante-em-santo-tirso\/\"},\"wordCount\":224,\"image\":{\"@id\":\"https:\/\/portaltela.pt\/noticias\/2026\/03\/25\/grupo-espancou-dois-funcionarios-de-restaurante-em-santo-tirso\/#primaryimage\"},\"thumbnailUrl\":\"https:\/\/portaltela.pt\/s.01k8rhncp4jt1\/2026\/03\/74047985-f68d-4088-9393-7b9e883187b9_1200x675.jpg\",\"keywords\":[\"agress\u00f5es\",\"crime\",\"Pol\u00edcia de Seguran\u00e7a P\u00fablica\",\"roubo\",\"Santo Tirso\",\"viol\u00eancia\"],\"articleSection\":[\"Crime\",\"Pol\u00edcia\"],\"inLanguage\":\"pt-PT\"},{\"@type\":\"WebPage\",\"@id\":\"https:\/\/portaltela.pt\/noticias\/2026\/03\/25\/grupo-espancou-dois-funcionarios-de-restaurante-em-santo-tirso\/\",\"url\":\"https:\/\/portaltela.pt\/noticias\/2026\/03\/25\/grupo-espancou-dois-funcionarios-de-restaurante-em-santo-tirso\/\",\"name\":\"Grupo espancou dois funcion\u00e1rios de restaurante em Santo Tirso - Portal Tela Portugal\",\"isPartOf\":{\"@id\":\"https:\/\/portaltela.pt\/#website\"},\"primaryImageOfPage\":{\"@id\":\"https:\/\/portaltela.pt\/noticias\/2026\/03\/25\/grupo-espancou-dois-funcionarios-de-restaurante-em-santo-tirso\/#primaryimage\"},\"image\":{\"@id\":\"https:\/\/portaltela.pt\/noticias\/2026\/03\/25\/grupo-espancou-dois-funcionarios-de-restaurante-em-santo-tirso\/#primaryimage\"},\"thumbnailUrl\":\"https:\/\/portaltela.pt\/s.01k8rhncp4jt1\/2026\/03\/74047985-f68d-4088-9393-7b9e883187b9_1200x675.jpg\",\"datePublished\":\"2026-03-25T20:34:00+00:00\",\"author\":{\"@id\":\"https:\/\/portaltela.pt\/#\/schema\/person\/c4278d4a6028830caff9ee44b42d32ed\"},\"breadcrumb\":{\"@id\":\"https:\/\/portaltela.pt\/noticias\/2026\/03\/25\/grupo-espancou-dois-funcionarios-de-restaurante-em-santo-tirso\/#breadcrumb\"},\"inLanguage\":\"pt-PT\",\"potentialAction\":[{\"@type\":\"ReadAction\",\"target\":[\"https:\/\/portaltela.pt\/noticias\/2026\/03\/25\/grupo-espancou-dois-funcionarios-de-restaurante-em-santo-tirso\/\"]}]},{\"@type\":\"ImageObject\",\"inLanguage\":\"pt-PT\",\"@id\":\"https:\/\/portaltela.pt\/noticias\/2026\/03\/25\/grupo-espancou-dois-funcionarios-de-restaurante-em-santo-tirso\/#primaryimage\",\"url\":\"https:\/\/portaltela.pt\/s.01k8rhncp4jt1\/2026\/03\/74047985-f68d-4088-9393-7b9e883187b9_1200x675.jpg\",\"contentUrl\":\"https:\/\/portaltela.pt\/s.01k8rhncp4jt1\/2026\/03\/74047985-f68d-4088-9393-7b9e883187b9_1200x675.jpg\",\"width\":796,\"height\":448,\"caption\":\"Photo\"},{\"@type\":\"BreadcrumbList\",\"@id\":\"https:\/\/portaltela.pt\/noticias\/2026\/03\/25\/grupo-espancou-dois-funcionarios-de-restaurante-em-santo-tirso\/#breadcrumb\",\"itemListElement\":[{\"@type\":\"ListItem\",\"position\":1,\"name\":\"In\u00edcio\",\"item\":\"https:\/\/portaltela.pt\/\"},{\"@type\":\"ListItem\",\"position\":2,\"name\":\"Grupo espancou dois funcion\u00e1rios de restaurante em Santo Tirso\"}]},{\"@type\":\"WebSite\",\"@id\":\"https:\/\/portaltela.pt\/#website\",\"url\":\"https:\/\/portaltela.pt\/\",\"name\":\"Portal Tela Portugal\",\"description\":\"\",\"potentialAction\":[{\"@type\":\"SearchAction\",\"target\":{\"@type\":\"EntryPoint\",\"urlTemplate\":\"https:\/\/portaltela.pt\/?s={search_term_string}\"},\"query-input\":{\"@type\":\"PropertyValueSpecification\",\"valueRequired\":true,\"valueName\":\"search_term_string\"}}],\"inLanguage\":\"pt-PT\"},{\"@type\":\"Person\",\"@id\":\"https:\/\/portaltela.pt\/#\/schema\/person\/c4278d4a6028830caff9ee44b42d32ed\",\"name\":\"Telinha\",\"image\":{\"@type\":\"ImageObject\",\"inLanguage\":\"pt-PT\",\"@id\":\"https:\/\/portaltela.pt\/s.01k8rhncp4jt1\/2025\/11\/talking-bot-125x125.png\",\"url\":\"https:\/\/portaltela.pt\/s.01k8rhncp4jt1\/2025\/11\/talking-bot-125x125.png\",\"contentUrl\":\"https:\/\/portaltela.pt\/s.01k8rhncp4jt1\/2025\/11\/talking-bot-125x125.png\",\"caption\":\"Telinha\"},\"sameAs\":[\"https:\/\/portaltela.pt\/\"],\"url\":\"https:\/\/portaltela.pt\/por\/367410592786\/\"}]}<\/script>\n<!-- \/ Yoast SEO plugin. -->","yoast_head_json":{"title":"Grupo espancou dois funcion\u00e1rios de restaurante em Santo Tirso - Portal Tela Portugal","robots":{"index":"index","follow":"follow","max-snippet":"max-snippet:-1","max-image-preview":"max-image-preview:large","max-video-preview":"max-video-preview:-1"},"og_locale":"pt_PT","og_type":"article","og_title":"Grupo espancou dois funcion\u00e1rios de restaurante em Santo Tirso - Portal Tela Portugal","og_description":"V\u00eddeos do restaurante Imran &amp; Famy, no centro de Santo Tirso, mostram quatro homens a espancar dois funcion\u00e1rios com murros, cacetadas e pontap\u00e9s ap\u00f3s os trabalhadores se recusarem a atender. A agress\u00e3o ocorreu cerca das 18h da quinta-feira; o grupo era j\u00e1 conhecido da PSP por epis\u00f3dios semelhantes noutras lojas da regi\u00e3o. A carrinha de caixa aberta usada pelos suspeitos permitiu a identifica\u00e7\u00e3o do grupo, que foi intercetado pela PSP de Santo Tirso ap\u00f3s o ataque. Os suspeitos, com idades entre 18 e 36 anos e residentes no bairro de Argemil, em Santo Tirso, foram detidos pela GNR de Felgueiras por crimes em Pa\u00e7os de Ferreira e roubo de diverso material no valor de cerca de quatro mil euros. Na sexta-feira foram apresentados no Tribunal de Penafiel e ficaram obrigados a apresenta\u00e7\u00f5es peri\u00f3dicas \u00e0s autoridades; o epis\u00f3dio foi remetido ao Minist\u00e9rio P\u00fablico pela PSP.","og_url":"https:\/\/portaltela.pt\/noticias\/2026\/03\/25\/grupo-espancou-dois-funcionarios-de-restaurante-em-santo-tirso\/","og_site_name":"Portal Tela Portugal","article_published_time":"2026-03-25T20:34:00+00:00","author":"Telinha","twitter_card":"summary_large_image","twitter_misc":{"Escrito por":"Telinha","Tempo estimado de leitura":"1 minuto"},"schema":{"@context":"https:\/\/schema.org","@graph":[{"@type":"Article","@id":"https:\/\/portaltela.pt\/noticias\/2026\/03\/25\/grupo-espancou-dois-funcionarios-de-restaurante-em-santo-tirso\/#article","isPartOf":{"@id":"https:\/\/portaltela.pt\/noticias\/2026\/03\/25\/grupo-espancou-dois-funcionarios-de-restaurante-em-santo-tirso\/"},"author":{"name":"Telinha","@id":"https:\/\/portaltela.pt\/#\/schema\/person\/c4278d4a6028830caff9ee44b42d32ed"},"headline":"Grupo espancou dois funcion\u00e1rios de restaurante em Santo Tirso","datePublished":"2026-03-25T20:34:00+00:00","mainEntityOfPage":{"@id":"https:\/\/portaltela.pt\/noticias\/2026\/03\/25\/grupo-espancou-dois-funcionarios-de-restaurante-em-santo-tirso\/"},"wordCount":224,"image":{"@id":"https:\/\/portaltela.pt\/noticias\/2026\/03\/25\/grupo-espancou-dois-funcionarios-de-restaurante-em-santo-tirso\/#primaryimage"},"thumbnailUrl":"https:\/\/portaltela.pt\/s.01k8rhncp4jt1\/2026\/03\/74047985-f68d-4088-9393-7b9e883187b9_1200x675.jpg","keywords":["agress\u00f5es","crime","Pol\u00edcia de Seguran\u00e7a P\u00fablica","roubo","Santo Tirso","viol\u00eancia"],"articleSection":["Crime","Pol\u00edcia"],"inLanguage":"pt-PT"},{"@type":"WebPage","@id":"https:\/\/portaltela.pt\/noticias\/2026\/03\/25\/grupo-espancou-dois-funcionarios-de-restaurante-em-santo-tirso\/","url":"https:\/\/portaltela.pt\/noticias\/2026\/03\/25\/grupo-espancou-dois-funcionarios-de-restaurante-em-santo-tirso\/","name":"Grupo espancou dois funcion\u00e1rios de restaurante em Santo Tirso - Portal Tela Portugal","isPartOf":{"@id":"https:\/\/portaltela.pt\/#website"},"primaryImageOfPage":{"@id":"https:\/\/portaltela.pt\/noticias\/2026\/03\/25\/grupo-espancou-dois-funcionarios-de-restaurante-em-santo-tirso\/#primaryimage"},"image":{"@id":"https:\/\/portaltela.pt\/noticias\/2026\/03\/25\/grupo-espancou-dois-funcionarios-de-restaurante-em-santo-tirso\/#primaryimage"},"thumbnailUrl":"https:\/\/portaltela.pt\/s.01k8rhncp4jt1\/2026\/03\/74047985-f68d-4088-9393-7b9e883187b9_1200x675.jpg","datePublished":"2026-03-25T20:34:00+00:00","author":{"@id":"https:\/\/portaltela.pt\/#\/schema\/person\/c4278d4a6028830caff9ee44b42d32ed"},"breadcrumb":{"@id":"https:\/\/portaltela.pt\/noticias\/2026\/03\/25\/grupo-espancou-dois-funcionarios-de-restaurante-em-santo-tirso\/#breadcrumb"},"inLanguage":"pt-PT","potentialAction":[{"@type":"ReadAction","target":["https:\/\/portaltela.pt\/noticias\/2026\/03\/25\/grupo-espancou-dois-funcionarios-de-restaurante-em-santo-tirso\/"]}]},{"@type":"ImageObject","inLanguage":"pt-PT","@id":"https:\/\/portaltela.pt\/noticias\/2026\/03\/25\/grupo-espancou-dois-funcionarios-de-restaurante-em-santo-tirso\/#primaryimage","url":"https:\/\/portaltela.pt\/s.01k8rhncp4jt1\/2026\/03\/74047985-f68d-4088-9393-7b9e883187b9_1200x675.jpg","contentUrl":"https:\/\/portaltela.pt\/s.01k8rhncp4jt1\/2026\/03\/74047985-f68d-4088-9393-7b9e883187b9_1200x675.jpg","width":796,"height":448,"caption":"Photo"},{"@type":"BreadcrumbList","@id":"https:\/\/portaltela.pt\/noticias\/2026\/03\/25\/grupo-espancou-dois-funcionarios-de-restaurante-em-santo-tirso\/#breadcrumb","itemListElement":[{"@type":"ListItem","position":1,"name":"In\u00edcio","item":"https:\/\/portaltela.pt\/"},{"@type":"ListItem","position":2,"name":"Grupo espancou dois funcion\u00e1rios de restaurante em Santo Tirso"}]},{"@type":"WebSite","@id":"https:\/\/portaltela.pt\/#website","url":"https:\/\/portaltela.pt\/","name":"Portal Tela Portugal","description":"","potentialAction":[{"@type":"SearchAction","target":{"@type":"EntryPoint","urlTemplate":"https:\/\/portaltela.pt\/?s={search_term_string}"},"query-input":{"@type":"PropertyValueSpecification","valueRequired":true,"valueName":"search_term_string"}}],"inLanguage":"pt-PT"},{"@type":"Person","@id":"https:\/\/portaltela.pt\/#\/schema\/person\/c4278d4a6028830caff9ee44b42d32ed","name":"Telinha","image":{"@type":"ImageObject","inLanguage":"pt-PT","@id":"https:\/\/portaltela.pt\/s.01k8rhncp4jt1\/2025\/11\/talking-bot-125x125.png","url":"https:\/\/portaltela.pt\/s.01k8rhncp4jt1\/2025\/11\/talking-bot-125x125.png","contentUrl":"https:\/\/portaltela.pt\/s.01k8rhncp4jt1\/2025\/11\/talking-bot-125x125.png","caption":"Telinha"},"sameAs":["https:\/\/portaltela.pt\/"],"url":"https:\/\/portaltela.pt\/por\/367410592786\/"}]}},"_links":{"self":[{"href":"https:\/\/portaltela.pt\/api\/wp\/v2\/posts\/421518","targetHints":{"allow":["GET"]}}],"collection":[{"href":"https:\/\/portaltela.pt\/api\/wp\/v2\/posts"}],"about":[{"href":"https:\/\/portaltela.pt\/api\/wp\/v2\/types\/post"}],"author":[{"embeddable":true,"href":"https:\/\/portaltela.pt\/api\/wp\/v2\/users\/2"}],"replies":[{"embeddable":true,"href":"https:\/\/portaltela.pt\/api\/wp\/v2\/comments?post=421518"}],"version-history":[{"count":0,"href":"https:\/\/portaltela.pt\/api\/wp\/v2\/posts\/421518\/revisions"}],"wp:featuredmedia":[{"embeddable":true,"href":"https:\/\/portaltela.pt\/api\/wp\/v2\/media\/421520"}],"wp:attachment":[{"href":"https:\/\/portaltela.pt\/api\/wp\/v2\/media?parent=421518"}],"wp:term":[{"taxonomy":"category","embeddable":true,"href":"https:\/\/portaltela.pt\/api\/wp\/v2\/categories?post=421518"},{"taxonomy":"post_tag","embeddable":true,"href":"https:\/\/portaltela.pt\/api\/wp\/v2\/tags?post=421518"}],"curies":[{"name":"wp","href":"https:\/\/api.w.org\/{rel}","templated":true}]}}