{"id":421440,"date":"2026-03-25T16:28:00","date_gmt":"2026-03-25T19:28:00","guid":{"rendered":"https:\/\/portaltela.pt\/noticias\/2026\/03\/25\/inspetor-admite-que-odair-moniz-pode-nao-ter-usado-a-faca-encontrada\/"},"modified":"2026-03-25T16:28:00","modified_gmt":"2026-03-25T19:28:00","slug":"inspetor-admite-que-odair-moniz-pode-nao-ter-usado-a-faca-encontrada","status":"publish","type":"post","link":"https:\/\/portaltela.pt\/noticias\/2026\/03\/25\/inspetor-admite-que-odair-moniz-pode-nao-ter-usado-a-faca-encontrada\/","title":{"rendered":"Inspetor admite que Odair Moniz pode n\u00e3o ter usado a faca encontrada"},"content":{"rendered":"<p>Um inspetor da Pol\u00edcia Judici\u00e1ria afirmou, durante o julgamento em curso, que \u00e9 poss\u00edvel Odair Moniz n\u00e3o ter utilizado a faca encontrada no local da sua morte. A observa\u00e7\u00e3o surge num caso em que o agente da PSP Bruno Pinto \u00e9 acusado de homic\u00eddio.<\/p>\n<p>O inspetor explicou que foram realizados tr\u00eas exames periciais \u00e0 faca e, em todos, n\u00e3o foram detetados vest\u00edgios de ADN, impress\u00f5es digitais ou droga. Questionado pelo Minist\u00e9rio P\u00fablico, admitiu que \u00e9 improv\u00e1vel n\u00e3o restarem vest\u00edgios biol\u00f3gicos em uma ferramenta de uso di\u00e1rio.<\/p>\n<p>Al\u00e9m disso, o perito indicou que, analisando imagens de videovigil\u00e2ncia, Odair Moniz n\u00e3o aparece com a faca na m\u00e3o. Tamb\u00e9m afirmou que a l\u00e2mina n\u00e3o ter\u00e1 sido manuseada sem luvas durante um per\u00edodo prolongado, o que reduziria a probabilidade de vest\u00edgios.<\/p>\n<p>O testemunho surge ap\u00f3s o agente Bruno Pinto ter declarado ter visto a l\u00e2mina na m\u00e3o de Odair Moniz, provocando a sua resposta de recuo e disparos. O j\u00fari j\u00e1 ouviu o condutor da PSP que acompanhava a ocorr\u00eancia, que confirmou o uso de for\u00e7a por parte dos agentes.<\/p>\n<p>O comandante da divis\u00e3o policial da Amadora, na altura, foi ouvido e considerou adequados os procedimentos, ap\u00f3s Odair Moniz ter feito um movimento do bra\u00e7o para baixo. Alega que o agente ter\u00e1 avaliado a amea\u00e7a como real, tendo em conta o contexto.<\/p>\n<p>O Minist\u00e9rio P\u00fablico questionou ainda como ocorreu a morte do cidad\u00e3o, ao que o intendente da PSP respondeu que Odair Moniz n\u00e3o cumpriu as ordens da pol\u00edcia e que o n\u00edvel de amea\u00e7a aumentou. O caso relembra outras ocorr\u00eancias de viol\u00eancia entre moradores e a Pol\u00edcia.<\/p>\n<p>Odair Moniz, de 43 anos, residente no Bairro do Zambujal (Amadora), foi baleado a 21 de outubro de 2024, ap\u00f3s tentativa de fuga e resist\u00eancia \u00e0 deten\u00e7\u00e3o, numa infra\u00e7\u00e3o rodovi\u00e1ria. O tiroteio envolveu dois disparos, com entradas no t\u00f3rax e na virilha.<\/p>\n<p>Segundo a acusa\u00e7\u00e3o, o primeiro disparo ocorreu entre 20 e 50 cent\u00edmetros de dist\u00e2ncia, e o segundo entre 75 cent\u00edmetros e um metro. O despacho do Minist\u00e9rio P\u00fablico n\u00e3o menciona qualquer amea\u00e7a com arma branca por parte de Odair Moniz.<\/p>\n<p>O julgamento, que envolve quest\u00f5es de admissibilidade de provas e conduta dos agentes, continua a decorrer. As decis\u00f5es sobre responsabilidades civis ou criminais cabem ao tribunal, com base nas per\u00edcias e depoimentos apresentados.<\/p>\n","protected":false},"excerpt":{"rendered":"<ul>\n<li>Um inspector da Pol\u00edcia Judici\u00e1ria afirmou que \u00e9 poss\u00edvel Odair Moniz n\u00e3o ter usado a faca encontrada no local da morte.<\/li>\n<li>Tr\u00eas per\u00edcias \u00e0 faca n\u00e3o apontaram vest\u00edgios de ADN, impress\u00f5es digitais ou droga.<\/li>\n<li>O inspetor disse que n\u00e3o \u00e9 comum uma faca de uso di\u00e1rio ficar sem vest\u00edgios biol\u00f3gicos, especialmente ap\u00f3s o tempo que decorreu.<\/li>\n<li>As imagens de videovigil\u00e2ncia n\u00e3o mostram Odair com a faca na m\u00e3o; disse que a faca n\u00e3o foi manuseada com as m\u00e3os desprotegidas durante muito tempo.<\/li>\n<li>O processo tamb\u00e9m descreve que o agente Bruno Pinto disparou dois tiros em Odair Moniz, e que o comandante da divis\u00e3o da Amadora considerou adequados os procedimentos perante a amea\u00e7a, em contexto de resist\u00eancia \u00e0 deten\u00e7\u00e3o.<\/li>\n<\/ul>\n","protected":false},"author":2,"featured_media":421443,"comment_status":"closed","ping_status":"closed","sticky":false,"template":"","format":"standard","meta":{"footnotes":""},"categories":[6815,1],"tags":[1533,147,1345,3418,1802,6208],"class_list":["post-421440","post","type-post","status-publish","format-standard","has-post-thumbnail","hentry","category-justica","category-noticias","tag-armas-de-fogo","tag-crime","tag-homicidio","tag-policia-de-seguranca-publica","tag-policia-judiciaria","tag-tribunais"],"yoast_head":"<!-- This site is optimized with the Yoast SEO plugin v27.2 - https:\/\/yoast.com\/product\/yoast-seo-wordpress\/ -->\n<title>Inspetor admite que Odair Moniz pode n\u00e3o ter usado a faca encontrada - Portal Tela Portugal<\/title>\n<meta name=\"robots\" content=\"index, follow, max-snippet:-1, max-image-preview:large, max-video-preview:-1\" \/>\n<meta property=\"og:locale\" content=\"pt_PT\" \/>\n<meta property=\"og:type\" content=\"article\" \/>\n<meta property=\"og:title\" content=\"Inspetor admite que Odair Moniz pode n\u00e3o ter usado a faca encontrada - Portal Tela Portugal\" \/>\n<meta property=\"og:description\" content=\"Um inspector da Pol\u00edcia Judici\u00e1ria afirmou que \u00e9 poss\u00edvel Odair Moniz n\u00e3o ter usado a faca encontrada no local da morte. Tr\u00eas per\u00edcias \u00e0 faca n\u00e3o apontaram vest\u00edgios de ADN, impress\u00f5es digitais ou droga. O inspetor disse que n\u00e3o \u00e9 comum uma faca de uso di\u00e1rio ficar sem vest\u00edgios biol\u00f3gicos, especialmente ap\u00f3s o tempo que decorreu. As imagens de videovigil\u00e2ncia n\u00e3o mostram Odair com a faca na m\u00e3o; disse que a faca n\u00e3o foi manuseada com as m\u00e3os desprotegidas durante muito tempo. O processo tamb\u00e9m descreve que o agente Bruno Pinto disparou dois tiros em Odair Moniz, e que o comandante da divis\u00e3o da Amadora considerou adequados os procedimentos perante a amea\u00e7a, em contexto de resist\u00eancia \u00e0 deten\u00e7\u00e3o.\" \/>\n<meta property=\"og:url\" content=\"https:\/\/portaltela.pt\/noticias\/2026\/03\/25\/inspetor-admite-que-odair-moniz-pode-nao-ter-usado-a-faca-encontrada\/\" \/>\n<meta property=\"og:site_name\" content=\"Portal Tela Portugal\" \/>\n<meta property=\"article:published_time\" content=\"2026-03-25T19:28:00+00:00\" \/>\n<meta name=\"author\" content=\"Telinha\" \/>\n<meta name=\"twitter:card\" content=\"summary_large_image\" \/>\n<meta name=\"twitter:label1\" content=\"Escrito por\" \/>\n\t<meta name=\"twitter:data1\" content=\"Telinha\" \/>\n\t<meta name=\"twitter:label2\" content=\"Tempo estimado de leitura\" \/>\n\t<meta name=\"twitter:data2\" content=\"2 minutos\" \/>\n<script type=\"application\/ld+json\" class=\"yoast-schema-graph\">{\"@context\":\"https:\/\/schema.org\",\"@graph\":[{\"@type\":\"Article\",\"@id\":\"https:\/\/portaltela.pt\/noticias\/2026\/03\/25\/inspetor-admite-que-odair-moniz-pode-nao-ter-usado-a-faca-encontrada\/#article\",\"isPartOf\":{\"@id\":\"https:\/\/portaltela.pt\/noticias\/2026\/03\/25\/inspetor-admite-que-odair-moniz-pode-nao-ter-usado-a-faca-encontrada\/\"},\"author\":{\"name\":\"Telinha\",\"@id\":\"https:\/\/portaltela.pt\/#\/schema\/person\/c4278d4a6028830caff9ee44b42d32ed\"},\"headline\":\"Inspetor admite que Odair Moniz pode n\u00e3o ter usado a faca encontrada\",\"datePublished\":\"2026-03-25T19:28:00+00:00\",\"mainEntityOfPage\":{\"@id\":\"https:\/\/portaltela.pt\/noticias\/2026\/03\/25\/inspetor-admite-que-odair-moniz-pode-nao-ter-usado-a-faca-encontrada\/\"},\"wordCount\":444,\"image\":{\"@id\":\"https:\/\/portaltela.pt\/noticias\/2026\/03\/25\/inspetor-admite-que-odair-moniz-pode-nao-ter-usado-a-faca-encontrada\/#primaryimage\"},\"thumbnailUrl\":\"https:\/\/portaltela.pt\/s.01k8rhncp4jt1\/2026\/03\/image-1509.jpg\",\"keywords\":[\"armas de fogo\",\"crime\",\"homic\u00eddio\",\"Pol\u00edcia de Seguran\u00e7a P\u00fablica\",\"Pol\u00edcia Judici\u00e1ria\",\"Tribunais\"],\"articleSection\":[\"Justi\u00e7a\",\"Not\u00edcias\"],\"inLanguage\":\"pt-PT\"},{\"@type\":\"WebPage\",\"@id\":\"https:\/\/portaltela.pt\/noticias\/2026\/03\/25\/inspetor-admite-que-odair-moniz-pode-nao-ter-usado-a-faca-encontrada\/\",\"url\":\"https:\/\/portaltela.pt\/noticias\/2026\/03\/25\/inspetor-admite-que-odair-moniz-pode-nao-ter-usado-a-faca-encontrada\/\",\"name\":\"Inspetor admite que Odair Moniz pode n\u00e3o ter usado a faca encontrada - Portal Tela Portugal\",\"isPartOf\":{\"@id\":\"https:\/\/portaltela.pt\/#website\"},\"primaryImageOfPage\":{\"@id\":\"https:\/\/portaltela.pt\/noticias\/2026\/03\/25\/inspetor-admite-que-odair-moniz-pode-nao-ter-usado-a-faca-encontrada\/#primaryimage\"},\"image\":{\"@id\":\"https:\/\/portaltela.pt\/noticias\/2026\/03\/25\/inspetor-admite-que-odair-moniz-pode-nao-ter-usado-a-faca-encontrada\/#primaryimage\"},\"thumbnailUrl\":\"https:\/\/portaltela.pt\/s.01k8rhncp4jt1\/2026\/03\/image-1509.jpg\",\"datePublished\":\"2026-03-25T19:28:00+00:00\",\"author\":{\"@id\":\"https:\/\/portaltela.pt\/#\/schema\/person\/c4278d4a6028830caff9ee44b42d32ed\"},\"breadcrumb\":{\"@id\":\"https:\/\/portaltela.pt\/noticias\/2026\/03\/25\/inspetor-admite-que-odair-moniz-pode-nao-ter-usado-a-faca-encontrada\/#breadcrumb\"},\"inLanguage\":\"pt-PT\",\"potentialAction\":[{\"@type\":\"ReadAction\",\"target\":[\"https:\/\/portaltela.pt\/noticias\/2026\/03\/25\/inspetor-admite-que-odair-moniz-pode-nao-ter-usado-a-faca-encontrada\/\"]}]},{\"@type\":\"ImageObject\",\"inLanguage\":\"pt-PT\",\"@id\":\"https:\/\/portaltela.pt\/noticias\/2026\/03\/25\/inspetor-admite-que-odair-moniz-pode-nao-ter-usado-a-faca-encontrada\/#primaryimage\",\"url\":\"https:\/\/portaltela.pt\/s.01k8rhncp4jt1\/2026\/03\/image-1509.jpg\",\"contentUrl\":\"https:\/\/portaltela.pt\/s.01k8rhncp4jt1\/2026\/03\/image-1509.jpg\",\"width\":796,\"height\":448,\"caption\":\"Foto: Rita Chantre\"},{\"@type\":\"BreadcrumbList\",\"@id\":\"https:\/\/portaltela.pt\/noticias\/2026\/03\/25\/inspetor-admite-que-odair-moniz-pode-nao-ter-usado-a-faca-encontrada\/#breadcrumb\",\"itemListElement\":[{\"@type\":\"ListItem\",\"position\":1,\"name\":\"In\u00edcio\",\"item\":\"https:\/\/portaltela.pt\/\"},{\"@type\":\"ListItem\",\"position\":2,\"name\":\"Inspetor admite que Odair Moniz pode n\u00e3o ter usado a faca encontrada\"}]},{\"@type\":\"WebSite\",\"@id\":\"https:\/\/portaltela.pt\/#website\",\"url\":\"https:\/\/portaltela.pt\/\",\"name\":\"Portal Tela Portugal\",\"description\":\"\",\"potentialAction\":[{\"@type\":\"SearchAction\",\"target\":{\"@type\":\"EntryPoint\",\"urlTemplate\":\"https:\/\/portaltela.pt\/?s={search_term_string}\"},\"query-input\":{\"@type\":\"PropertyValueSpecification\",\"valueRequired\":true,\"valueName\":\"search_term_string\"}}],\"inLanguage\":\"pt-PT\"},{\"@type\":\"Person\",\"@id\":\"https:\/\/portaltela.pt\/#\/schema\/person\/c4278d4a6028830caff9ee44b42d32ed\",\"name\":\"Telinha\",\"image\":{\"@type\":\"ImageObject\",\"inLanguage\":\"pt-PT\",\"@id\":\"https:\/\/portaltela.pt\/s.01k8rhncp4jt1\/2025\/11\/talking-bot-125x125.png\",\"url\":\"https:\/\/portaltela.pt\/s.01k8rhncp4jt1\/2025\/11\/talking-bot-125x125.png\",\"contentUrl\":\"https:\/\/portaltela.pt\/s.01k8rhncp4jt1\/2025\/11\/talking-bot-125x125.png\",\"caption\":\"Telinha\"},\"sameAs\":[\"https:\/\/portaltela.pt\/\"],\"url\":\"https:\/\/portaltela.pt\/por\/367410592786\/\"}]}<\/script>\n<!-- \/ Yoast SEO plugin. -->","yoast_head_json":{"title":"Inspetor admite que Odair Moniz pode n\u00e3o ter usado a faca encontrada - Portal Tela Portugal","robots":{"index":"index","follow":"follow","max-snippet":"max-snippet:-1","max-image-preview":"max-image-preview:large","max-video-preview":"max-video-preview:-1"},"og_locale":"pt_PT","og_type":"article","og_title":"Inspetor admite que Odair Moniz pode n\u00e3o ter usado a faca encontrada - Portal Tela Portugal","og_description":"Um inspector da Pol\u00edcia Judici\u00e1ria afirmou que \u00e9 poss\u00edvel Odair Moniz n\u00e3o ter usado a faca encontrada no local da morte. Tr\u00eas per\u00edcias \u00e0 faca n\u00e3o apontaram vest\u00edgios de ADN, impress\u00f5es digitais ou droga. O inspetor disse que n\u00e3o \u00e9 comum uma faca de uso di\u00e1rio ficar sem vest\u00edgios biol\u00f3gicos, especialmente ap\u00f3s o tempo que decorreu. As imagens de videovigil\u00e2ncia n\u00e3o mostram Odair com a faca na m\u00e3o; disse que a faca n\u00e3o foi manuseada com as m\u00e3os desprotegidas durante muito tempo. O processo tamb\u00e9m descreve que o agente Bruno Pinto disparou dois tiros em Odair Moniz, e que o comandante da divis\u00e3o da Amadora considerou adequados os procedimentos perante a amea\u00e7a, em contexto de resist\u00eancia \u00e0 deten\u00e7\u00e3o.","og_url":"https:\/\/portaltela.pt\/noticias\/2026\/03\/25\/inspetor-admite-que-odair-moniz-pode-nao-ter-usado-a-faca-encontrada\/","og_site_name":"Portal Tela Portugal","article_published_time":"2026-03-25T19:28:00+00:00","author":"Telinha","twitter_card":"summary_large_image","twitter_misc":{"Escrito por":"Telinha","Tempo estimado de leitura":"2 minutos"},"schema":{"@context":"https:\/\/schema.org","@graph":[{"@type":"Article","@id":"https:\/\/portaltela.pt\/noticias\/2026\/03\/25\/inspetor-admite-que-odair-moniz-pode-nao-ter-usado-a-faca-encontrada\/#article","isPartOf":{"@id":"https:\/\/portaltela.pt\/noticias\/2026\/03\/25\/inspetor-admite-que-odair-moniz-pode-nao-ter-usado-a-faca-encontrada\/"},"author":{"name":"Telinha","@id":"https:\/\/portaltela.pt\/#\/schema\/person\/c4278d4a6028830caff9ee44b42d32ed"},"headline":"Inspetor admite que Odair Moniz pode n\u00e3o ter usado a faca encontrada","datePublished":"2026-03-25T19:28:00+00:00","mainEntityOfPage":{"@id":"https:\/\/portaltela.pt\/noticias\/2026\/03\/25\/inspetor-admite-que-odair-moniz-pode-nao-ter-usado-a-faca-encontrada\/"},"wordCount":444,"image":{"@id":"https:\/\/portaltela.pt\/noticias\/2026\/03\/25\/inspetor-admite-que-odair-moniz-pode-nao-ter-usado-a-faca-encontrada\/#primaryimage"},"thumbnailUrl":"https:\/\/portaltela.pt\/s.01k8rhncp4jt1\/2026\/03\/image-1509.jpg","keywords":["armas de fogo","crime","homic\u00eddio","Pol\u00edcia de Seguran\u00e7a P\u00fablica","Pol\u00edcia Judici\u00e1ria","Tribunais"],"articleSection":["Justi\u00e7a","Not\u00edcias"],"inLanguage":"pt-PT"},{"@type":"WebPage","@id":"https:\/\/portaltela.pt\/noticias\/2026\/03\/25\/inspetor-admite-que-odair-moniz-pode-nao-ter-usado-a-faca-encontrada\/","url":"https:\/\/portaltela.pt\/noticias\/2026\/03\/25\/inspetor-admite-que-odair-moniz-pode-nao-ter-usado-a-faca-encontrada\/","name":"Inspetor admite que Odair Moniz pode n\u00e3o ter usado a faca encontrada - Portal Tela Portugal","isPartOf":{"@id":"https:\/\/portaltela.pt\/#website"},"primaryImageOfPage":{"@id":"https:\/\/portaltela.pt\/noticias\/2026\/03\/25\/inspetor-admite-que-odair-moniz-pode-nao-ter-usado-a-faca-encontrada\/#primaryimage"},"image":{"@id":"https:\/\/portaltela.pt\/noticias\/2026\/03\/25\/inspetor-admite-que-odair-moniz-pode-nao-ter-usado-a-faca-encontrada\/#primaryimage"},"thumbnailUrl":"https:\/\/portaltela.pt\/s.01k8rhncp4jt1\/2026\/03\/image-1509.jpg","datePublished":"2026-03-25T19:28:00+00:00","author":{"@id":"https:\/\/portaltela.pt\/#\/schema\/person\/c4278d4a6028830caff9ee44b42d32ed"},"breadcrumb":{"@id":"https:\/\/portaltela.pt\/noticias\/2026\/03\/25\/inspetor-admite-que-odair-moniz-pode-nao-ter-usado-a-faca-encontrada\/#breadcrumb"},"inLanguage":"pt-PT","potentialAction":[{"@type":"ReadAction","target":["https:\/\/portaltela.pt\/noticias\/2026\/03\/25\/inspetor-admite-que-odair-moniz-pode-nao-ter-usado-a-faca-encontrada\/"]}]},{"@type":"ImageObject","inLanguage":"pt-PT","@id":"https:\/\/portaltela.pt\/noticias\/2026\/03\/25\/inspetor-admite-que-odair-moniz-pode-nao-ter-usado-a-faca-encontrada\/#primaryimage","url":"https:\/\/portaltela.pt\/s.01k8rhncp4jt1\/2026\/03\/image-1509.jpg","contentUrl":"https:\/\/portaltela.pt\/s.01k8rhncp4jt1\/2026\/03\/image-1509.jpg","width":796,"height":448,"caption":"Foto: Rita Chantre"},{"@type":"BreadcrumbList","@id":"https:\/\/portaltela.pt\/noticias\/2026\/03\/25\/inspetor-admite-que-odair-moniz-pode-nao-ter-usado-a-faca-encontrada\/#breadcrumb","itemListElement":[{"@type":"ListItem","position":1,"name":"In\u00edcio","item":"https:\/\/portaltela.pt\/"},{"@type":"ListItem","position":2,"name":"Inspetor admite que Odair Moniz pode n\u00e3o ter usado a faca encontrada"}]},{"@type":"WebSite","@id":"https:\/\/portaltela.pt\/#website","url":"https:\/\/portaltela.pt\/","name":"Portal Tela Portugal","description":"","potentialAction":[{"@type":"SearchAction","target":{"@type":"EntryPoint","urlTemplate":"https:\/\/portaltela.pt\/?s={search_term_string}"},"query-input":{"@type":"PropertyValueSpecification","valueRequired":true,"valueName":"search_term_string"}}],"inLanguage":"pt-PT"},{"@type":"Person","@id":"https:\/\/portaltela.pt\/#\/schema\/person\/c4278d4a6028830caff9ee44b42d32ed","name":"Telinha","image":{"@type":"ImageObject","inLanguage":"pt-PT","@id":"https:\/\/portaltela.pt\/s.01k8rhncp4jt1\/2025\/11\/talking-bot-125x125.png","url":"https:\/\/portaltela.pt\/s.01k8rhncp4jt1\/2025\/11\/talking-bot-125x125.png","contentUrl":"https:\/\/portaltela.pt\/s.01k8rhncp4jt1\/2025\/11\/talking-bot-125x125.png","caption":"Telinha"},"sameAs":["https:\/\/portaltela.pt\/"],"url":"https:\/\/portaltela.pt\/por\/367410592786\/"}]}},"_links":{"self":[{"href":"https:\/\/portaltela.pt\/api\/wp\/v2\/posts\/421440","targetHints":{"allow":["GET"]}}],"collection":[{"href":"https:\/\/portaltela.pt\/api\/wp\/v2\/posts"}],"about":[{"href":"https:\/\/portaltela.pt\/api\/wp\/v2\/types\/post"}],"author":[{"embeddable":true,"href":"https:\/\/portaltela.pt\/api\/wp\/v2\/users\/2"}],"replies":[{"embeddable":true,"href":"https:\/\/portaltela.pt\/api\/wp\/v2\/comments?post=421440"}],"version-history":[{"count":0,"href":"https:\/\/portaltela.pt\/api\/wp\/v2\/posts\/421440\/revisions"}],"wp:featuredmedia":[{"embeddable":true,"href":"https:\/\/portaltela.pt\/api\/wp\/v2\/media\/421443"}],"wp:attachment":[{"href":"https:\/\/portaltela.pt\/api\/wp\/v2\/media?parent=421440"}],"wp:term":[{"taxonomy":"category","embeddable":true,"href":"https:\/\/portaltela.pt\/api\/wp\/v2\/categories?post=421440"},{"taxonomy":"post_tag","embeddable":true,"href":"https:\/\/portaltela.pt\/api\/wp\/v2\/tags?post=421440"}],"curies":[{"name":"wp","href":"https:\/\/api.w.org\/{rel}","templated":true}]}}