{"id":421438,"date":"2026-03-25T16:32:00","date_gmt":"2026-03-25T19:32:00","guid":{"rendered":"https:\/\/portaltela.pt\/noticias\/2026\/03\/25\/nova-serie-de-harry-potter-recebe-teaser-e-data-de-estreia\/"},"modified":"2026-03-25T16:32:00","modified_gmt":"2026-03-25T19:32:00","slug":"nova-serie-de-harry-potter-recebe-teaser-e-data-de-estreia","status":"publish","type":"post","link":"https:\/\/portaltela.pt\/series-e-filmes\/2026\/03\/25\/nova-serie-de-harry-potter-recebe-teaser-e-data-de-estreia\/","title":{"rendered":"Nova s\u00e9rie de Harry Potter recebe teaser e data de estreia"},"content":{"rendered":"<p>A HBO revelou detalhes sobre uma nova s\u00e9rie oficial de Harry Potter, baseada nos livros de J.K. Rowling. A divulga\u00e7\u00e3o come\u00e7ou na passada ter\u00e7a-feira, dia 24 de mar\u00e7o, com a publica\u00e7\u00e3o da primeira imagem promocional da produ\u00e7\u00e3o. A cena mostra Harry Potter de costas, com a capa da Grifin\u00f3ria e uma vassoura, preparando-se para uma partida de Quidditch.<\/p>\n<p>No dia seguinte, foi lan\u00e7ando um teaser-trailer que j\u00e1 gerou v\u00e1rias reac\u00e7\u00f5es entre os f\u00e3s. O v\u00eddeo inicial foca-se em Harry Potter ainda muito jovem, sugerindo que a s\u00e9rie pretende explorar de forma aprofundada as v\u00e1rias fases da vida do protagonista.<\/p>\n<p>A HBO confirmou que a estreia ocorre no pr\u00f3ximo Natal, contrariando previs\u00f5es anteriores que apontavam para 2027. O elenco inclui Dominic McLaughlin como Harry Potter, Arabella Stanton como Hermione Granger e Alastair Stout como Ron Weasley.<\/p>\n<p>Outros nomes anunciados s\u00e3o Nick Frost a interpretar Hagrid, John Lithgow no papel de Dumbledore e Paapa Essiedu como Snape. A produ\u00e7\u00e3o planeia adaptar cada um dos sete livros, por ordem, em temporadas distintas.<\/p>\n<h3>Elenco, produ\u00e7\u00e3o e data<\/h3>\n<p>A s\u00e9rie contar\u00e1 ainda com a participa\u00e7\u00e3o especial de J.K. Rowling, que atua como produtora executiva. O objetivo \u00e9 expandir o universo criado nos livros, mantendo a linha temporal de cada volume e preservando o esp\u00edrito da obra original.<\/p>\n","protected":false},"excerpt":{"rendered":"<ul>\n<li>Na ter\u00e7a-feira, 24 de mar\u00e7o, a HBO publicou a primeira foto oficial da nova s\u00e9rie de Harry Potter, com o protagonista de costas, capa de Griffindor e uma vassoura, preparado para Quidditch.<\/li>\n<li>Na mesma semana, foi divulgado um teaser-trailer que mostra Harry Potter ainda jovem e sugere um aprofundamento da sua trajet\u00f3ria ao longo das pr\u00f3ximas temporadas.<\/li>\n<li>A estreia est\u00e1 marcada para o Natal deste ano, contrariando previs\u00f5es anteriores que apontavam para o in\u00edcio de 2027.<\/li>\n<li>O elenco inclui Dominic McLaughlin (Harry Potter), Arabella Stanton (Hermione Granger), Alastair Stout (Ron Weasley), Nick Frost (Hagrid), John Lithgow (Dumbledore) e Paapa Essiedu (Snape).<\/li>\n<li>A s\u00e9rie pretende adaptar os sete livros originais em uma temporada por livro, com J. K. Rowling como produtora executiva.<\/li>\n<\/ul>\n","protected":false},"author":2,"featured_media":421442,"comment_status":"closed","ping_status":"closed","sticky":false,"template":"","format":"standard","meta":{"footnotes":""},"categories":[12,7368],"tags":[112,7040,145,2403,4680,2390],"class_list":["post-421438","post","type-post","status-publish","format-standard","has-post-thumbnail","hentry","category-entretenimento","category-series-e-filmes","tag-cinema","tag-cinema-internacional","tag-cultura","tag-elenco","tag-producao-internacional","tag-series"],"yoast_head":"<!-- This site is optimized with the Yoast SEO plugin v27.2 - https:\/\/yoast.com\/product\/yoast-seo-wordpress\/ -->\n<title>Nova s\u00e9rie de Harry Potter recebe teaser e data de estreia - Portal Tela Portugal<\/title>\n<meta name=\"robots\" content=\"index, follow, max-snippet:-1, max-image-preview:large, max-video-preview:-1\" \/>\n<meta property=\"og:locale\" content=\"pt_PT\" \/>\n<meta property=\"og:type\" content=\"article\" \/>\n<meta property=\"og:title\" content=\"Nova s\u00e9rie de Harry Potter recebe teaser e data de estreia - Portal Tela Portugal\" \/>\n<meta property=\"og:description\" content=\"Na ter\u00e7a-feira, 24 de mar\u00e7o, a HBO publicou a primeira foto oficial da nova s\u00e9rie de Harry Potter, com o protagonista de costas, capa de Griffindor e uma vassoura, preparado para Quidditch. Na mesma semana, foi divulgado um teaser-trailer que mostra Harry Potter ainda jovem e sugere um aprofundamento da sua trajet\u00f3ria ao longo das pr\u00f3ximas temporadas. A estreia est\u00e1 marcada para o Natal deste ano, contrariando previs\u00f5es anteriores que apontavam para o in\u00edcio de 2027. O elenco inclui Dominic McLaughlin (Harry Potter), Arabella Stanton (Hermione Granger), Alastair Stout (Ron Weasley), Nick Frost (Hagrid), John Lithgow (Dumbledore) e Paapa Essiedu (Snape). A s\u00e9rie pretende adaptar os sete livros originais em uma temporada por livro, com J. K. Rowling como produtora executiva.\" \/>\n<meta property=\"og:url\" content=\"https:\/\/portaltela.pt\/noticias\/2026\/03\/25\/nova-serie-de-harry-potter-recebe-teaser-e-data-de-estreia\/\" \/>\n<meta property=\"og:site_name\" content=\"Portal Tela Portugal\" \/>\n<meta property=\"article:published_time\" content=\"2026-03-25T19:32:00+00:00\" \/>\n<meta name=\"author\" content=\"Telinha\" \/>\n<meta name=\"twitter:card\" content=\"summary_large_image\" \/>\n<meta name=\"twitter:label1\" content=\"Escrito por\" \/>\n\t<meta name=\"twitter:data1\" content=\"Telinha\" \/>\n\t<meta name=\"twitter:label2\" content=\"Tempo estimado de leitura\" \/>\n\t<meta name=\"twitter:data2\" content=\"1 minuto\" \/>\n<script type=\"application\/ld+json\" class=\"yoast-schema-graph\">{\"@context\":\"https:\/\/schema.org\",\"@graph\":[{\"@type\":\"Article\",\"@id\":\"https:\/\/portaltela.pt\/noticias\/2026\/03\/25\/nova-serie-de-harry-potter-recebe-teaser-e-data-de-estreia\/#article\",\"isPartOf\":{\"@id\":\"https:\/\/portaltela.pt\/noticias\/2026\/03\/25\/nova-serie-de-harry-potter-recebe-teaser-e-data-de-estreia\/\"},\"author\":{\"name\":\"Telinha\",\"@id\":\"https:\/\/portaltela.pt\/#\/schema\/person\/c4278d4a6028830caff9ee44b42d32ed\"},\"headline\":\"Nova s\u00e9rie de Harry Potter recebe teaser e data de estreia\",\"datePublished\":\"2026-03-25T19:32:00+00:00\",\"mainEntityOfPage\":{\"@id\":\"https:\/\/portaltela.pt\/noticias\/2026\/03\/25\/nova-serie-de-harry-potter-recebe-teaser-e-data-de-estreia\/\"},\"wordCount\":246,\"image\":{\"@id\":\"https:\/\/portaltela.pt\/noticias\/2026\/03\/25\/nova-serie-de-harry-potter-recebe-teaser-e-data-de-estreia\/#primaryimage\"},\"thumbnailUrl\":\"https:\/\/portaltela.pt\/s.01k8rhncp4jt1\/2026\/03\/image-1509.jpg\",\"keywords\":[\"cinema\",\"cinema internacional\",\"cultura\",\"Elenco\",\"produ\u00e7\u00e3o internacional\",\"S\u00c9RIES\"],\"articleSection\":[\"Entretenimento\",\"S\u00e9ries e filmes\"],\"inLanguage\":\"pt-PT\"},{\"@type\":\"WebPage\",\"@id\":\"https:\/\/portaltela.pt\/noticias\/2026\/03\/25\/nova-serie-de-harry-potter-recebe-teaser-e-data-de-estreia\/\",\"url\":\"https:\/\/portaltela.pt\/noticias\/2026\/03\/25\/nova-serie-de-harry-potter-recebe-teaser-e-data-de-estreia\/\",\"name\":\"Nova s\u00e9rie de Harry Potter recebe teaser e data de estreia - Portal Tela Portugal\",\"isPartOf\":{\"@id\":\"https:\/\/portaltela.pt\/#website\"},\"primaryImageOfPage\":{\"@id\":\"https:\/\/portaltela.pt\/noticias\/2026\/03\/25\/nova-serie-de-harry-potter-recebe-teaser-e-data-de-estreia\/#primaryimage\"},\"image\":{\"@id\":\"https:\/\/portaltela.pt\/noticias\/2026\/03\/25\/nova-serie-de-harry-potter-recebe-teaser-e-data-de-estreia\/#primaryimage\"},\"thumbnailUrl\":\"https:\/\/portaltela.pt\/s.01k8rhncp4jt1\/2026\/03\/image-1509.jpg\",\"datePublished\":\"2026-03-25T19:32:00+00:00\",\"author\":{\"@id\":\"https:\/\/portaltela.pt\/#\/schema\/person\/c4278d4a6028830caff9ee44b42d32ed\"},\"breadcrumb\":{\"@id\":\"https:\/\/portaltela.pt\/noticias\/2026\/03\/25\/nova-serie-de-harry-potter-recebe-teaser-e-data-de-estreia\/#breadcrumb\"},\"inLanguage\":\"pt-PT\",\"potentialAction\":[{\"@type\":\"ReadAction\",\"target\":[\"https:\/\/portaltela.pt\/noticias\/2026\/03\/25\/nova-serie-de-harry-potter-recebe-teaser-e-data-de-estreia\/\"]}]},{\"@type\":\"ImageObject\",\"inLanguage\":\"pt-PT\",\"@id\":\"https:\/\/portaltela.pt\/noticias\/2026\/03\/25\/nova-serie-de-harry-potter-recebe-teaser-e-data-de-estreia\/#primaryimage\",\"url\":\"https:\/\/portaltela.pt\/s.01k8rhncp4jt1\/2026\/03\/image-1509.jpg\",\"contentUrl\":\"https:\/\/portaltela.pt\/s.01k8rhncp4jt1\/2026\/03\/image-1509.jpg\",\"width\":796,\"height\":448,\"caption\":\"A primeira foto oficial da nova s\u00e9rie de \\\"Harry Potter\\\"\"},{\"@type\":\"BreadcrumbList\",\"@id\":\"https:\/\/portaltela.pt\/noticias\/2026\/03\/25\/nova-serie-de-harry-potter-recebe-teaser-e-data-de-estreia\/#breadcrumb\",\"itemListElement\":[{\"@type\":\"ListItem\",\"position\":1,\"name\":\"In\u00edcio\",\"item\":\"https:\/\/portaltela.pt\/\"},{\"@type\":\"ListItem\",\"position\":2,\"name\":\"Nova s\u00e9rie de Harry Potter recebe teaser e data de estreia\"}]},{\"@type\":\"WebSite\",\"@id\":\"https:\/\/portaltela.pt\/#website\",\"url\":\"https:\/\/portaltela.pt\/\",\"name\":\"Portal Tela Portugal\",\"description\":\"\",\"potentialAction\":[{\"@type\":\"SearchAction\",\"target\":{\"@type\":\"EntryPoint\",\"urlTemplate\":\"https:\/\/portaltela.pt\/?s={search_term_string}\"},\"query-input\":{\"@type\":\"PropertyValueSpecification\",\"valueRequired\":true,\"valueName\":\"search_term_string\"}}],\"inLanguage\":\"pt-PT\"},{\"@type\":\"Person\",\"@id\":\"https:\/\/portaltela.pt\/#\/schema\/person\/c4278d4a6028830caff9ee44b42d32ed\",\"name\":\"Telinha\",\"image\":{\"@type\":\"ImageObject\",\"inLanguage\":\"pt-PT\",\"@id\":\"https:\/\/portaltela.pt\/s.01k8rhncp4jt1\/2025\/11\/talking-bot-125x125.png\",\"url\":\"https:\/\/portaltela.pt\/s.01k8rhncp4jt1\/2025\/11\/talking-bot-125x125.png\",\"contentUrl\":\"https:\/\/portaltela.pt\/s.01k8rhncp4jt1\/2025\/11\/talking-bot-125x125.png\",\"caption\":\"Telinha\"},\"sameAs\":[\"https:\/\/portaltela.pt\/\"],\"url\":\"https:\/\/portaltela.pt\/por\/367410592786\/\"}]}<\/script>\n<!-- \/ Yoast SEO plugin. -->","yoast_head_json":{"title":"Nova s\u00e9rie de Harry Potter recebe teaser e data de estreia - Portal Tela Portugal","robots":{"index":"index","follow":"follow","max-snippet":"max-snippet:-1","max-image-preview":"max-image-preview:large","max-video-preview":"max-video-preview:-1"},"og_locale":"pt_PT","og_type":"article","og_title":"Nova s\u00e9rie de Harry Potter recebe teaser e data de estreia - Portal Tela Portugal","og_description":"Na ter\u00e7a-feira, 24 de mar\u00e7o, a HBO publicou a primeira foto oficial da nova s\u00e9rie de Harry Potter, com o protagonista de costas, capa de Griffindor e uma vassoura, preparado para Quidditch. Na mesma semana, foi divulgado um teaser-trailer que mostra Harry Potter ainda jovem e sugere um aprofundamento da sua trajet\u00f3ria ao longo das pr\u00f3ximas temporadas. A estreia est\u00e1 marcada para o Natal deste ano, contrariando previs\u00f5es anteriores que apontavam para o in\u00edcio de 2027. O elenco inclui Dominic McLaughlin (Harry Potter), Arabella Stanton (Hermione Granger), Alastair Stout (Ron Weasley), Nick Frost (Hagrid), John Lithgow (Dumbledore) e Paapa Essiedu (Snape). A s\u00e9rie pretende adaptar os sete livros originais em uma temporada por livro, com J. K. Rowling como produtora executiva.","og_url":"https:\/\/portaltela.pt\/noticias\/2026\/03\/25\/nova-serie-de-harry-potter-recebe-teaser-e-data-de-estreia\/","og_site_name":"Portal Tela Portugal","article_published_time":"2026-03-25T19:32:00+00:00","author":"Telinha","twitter_card":"summary_large_image","twitter_misc":{"Escrito por":"Telinha","Tempo estimado de leitura":"1 minuto"},"schema":{"@context":"https:\/\/schema.org","@graph":[{"@type":"Article","@id":"https:\/\/portaltela.pt\/noticias\/2026\/03\/25\/nova-serie-de-harry-potter-recebe-teaser-e-data-de-estreia\/#article","isPartOf":{"@id":"https:\/\/portaltela.pt\/noticias\/2026\/03\/25\/nova-serie-de-harry-potter-recebe-teaser-e-data-de-estreia\/"},"author":{"name":"Telinha","@id":"https:\/\/portaltela.pt\/#\/schema\/person\/c4278d4a6028830caff9ee44b42d32ed"},"headline":"Nova s\u00e9rie de Harry Potter recebe teaser e data de estreia","datePublished":"2026-03-25T19:32:00+00:00","mainEntityOfPage":{"@id":"https:\/\/portaltela.pt\/noticias\/2026\/03\/25\/nova-serie-de-harry-potter-recebe-teaser-e-data-de-estreia\/"},"wordCount":246,"image":{"@id":"https:\/\/portaltela.pt\/noticias\/2026\/03\/25\/nova-serie-de-harry-potter-recebe-teaser-e-data-de-estreia\/#primaryimage"},"thumbnailUrl":"https:\/\/portaltela.pt\/s.01k8rhncp4jt1\/2026\/03\/image-1509.jpg","keywords":["cinema","cinema internacional","cultura","Elenco","produ\u00e7\u00e3o internacional","S\u00c9RIES"],"articleSection":["Entretenimento","S\u00e9ries e filmes"],"inLanguage":"pt-PT"},{"@type":"WebPage","@id":"https:\/\/portaltela.pt\/noticias\/2026\/03\/25\/nova-serie-de-harry-potter-recebe-teaser-e-data-de-estreia\/","url":"https:\/\/portaltela.pt\/noticias\/2026\/03\/25\/nova-serie-de-harry-potter-recebe-teaser-e-data-de-estreia\/","name":"Nova s\u00e9rie de Harry Potter recebe teaser e data de estreia - Portal Tela Portugal","isPartOf":{"@id":"https:\/\/portaltela.pt\/#website"},"primaryImageOfPage":{"@id":"https:\/\/portaltela.pt\/noticias\/2026\/03\/25\/nova-serie-de-harry-potter-recebe-teaser-e-data-de-estreia\/#primaryimage"},"image":{"@id":"https:\/\/portaltela.pt\/noticias\/2026\/03\/25\/nova-serie-de-harry-potter-recebe-teaser-e-data-de-estreia\/#primaryimage"},"thumbnailUrl":"https:\/\/portaltela.pt\/s.01k8rhncp4jt1\/2026\/03\/image-1509.jpg","datePublished":"2026-03-25T19:32:00+00:00","author":{"@id":"https:\/\/portaltela.pt\/#\/schema\/person\/c4278d4a6028830caff9ee44b42d32ed"},"breadcrumb":{"@id":"https:\/\/portaltela.pt\/noticias\/2026\/03\/25\/nova-serie-de-harry-potter-recebe-teaser-e-data-de-estreia\/#breadcrumb"},"inLanguage":"pt-PT","potentialAction":[{"@type":"ReadAction","target":["https:\/\/portaltela.pt\/noticias\/2026\/03\/25\/nova-serie-de-harry-potter-recebe-teaser-e-data-de-estreia\/"]}]},{"@type":"ImageObject","inLanguage":"pt-PT","@id":"https:\/\/portaltela.pt\/noticias\/2026\/03\/25\/nova-serie-de-harry-potter-recebe-teaser-e-data-de-estreia\/#primaryimage","url":"https:\/\/portaltela.pt\/s.01k8rhncp4jt1\/2026\/03\/image-1509.jpg","contentUrl":"https:\/\/portaltela.pt\/s.01k8rhncp4jt1\/2026\/03\/image-1509.jpg","width":796,"height":448,"caption":"A primeira foto oficial da nova s\u00e9rie de \"Harry Potter\""},{"@type":"BreadcrumbList","@id":"https:\/\/portaltela.pt\/noticias\/2026\/03\/25\/nova-serie-de-harry-potter-recebe-teaser-e-data-de-estreia\/#breadcrumb","itemListElement":[{"@type":"ListItem","position":1,"name":"In\u00edcio","item":"https:\/\/portaltela.pt\/"},{"@type":"ListItem","position":2,"name":"Nova s\u00e9rie de Harry Potter recebe teaser e data de estreia"}]},{"@type":"WebSite","@id":"https:\/\/portaltela.pt\/#website","url":"https:\/\/portaltela.pt\/","name":"Portal Tela Portugal","description":"","potentialAction":[{"@type":"SearchAction","target":{"@type":"EntryPoint","urlTemplate":"https:\/\/portaltela.pt\/?s={search_term_string}"},"query-input":{"@type":"PropertyValueSpecification","valueRequired":true,"valueName":"search_term_string"}}],"inLanguage":"pt-PT"},{"@type":"Person","@id":"https:\/\/portaltela.pt\/#\/schema\/person\/c4278d4a6028830caff9ee44b42d32ed","name":"Telinha","image":{"@type":"ImageObject","inLanguage":"pt-PT","@id":"https:\/\/portaltela.pt\/s.01k8rhncp4jt1\/2025\/11\/talking-bot-125x125.png","url":"https:\/\/portaltela.pt\/s.01k8rhncp4jt1\/2025\/11\/talking-bot-125x125.png","contentUrl":"https:\/\/portaltela.pt\/s.01k8rhncp4jt1\/2025\/11\/talking-bot-125x125.png","caption":"Telinha"},"sameAs":["https:\/\/portaltela.pt\/"],"url":"https:\/\/portaltela.pt\/por\/367410592786\/"}]}},"_links":{"self":[{"href":"https:\/\/portaltela.pt\/api\/wp\/v2\/posts\/421438","targetHints":{"allow":["GET"]}}],"collection":[{"href":"https:\/\/portaltela.pt\/api\/wp\/v2\/posts"}],"about":[{"href":"https:\/\/portaltela.pt\/api\/wp\/v2\/types\/post"}],"author":[{"embeddable":true,"href":"https:\/\/portaltela.pt\/api\/wp\/v2\/users\/2"}],"replies":[{"embeddable":true,"href":"https:\/\/portaltela.pt\/api\/wp\/v2\/comments?post=421438"}],"version-history":[{"count":0,"href":"https:\/\/portaltela.pt\/api\/wp\/v2\/posts\/421438\/revisions"}],"wp:featuredmedia":[{"embeddable":true,"href":"https:\/\/portaltela.pt\/api\/wp\/v2\/media\/421442"}],"wp:attachment":[{"href":"https:\/\/portaltela.pt\/api\/wp\/v2\/media?parent=421438"}],"wp:term":[{"taxonomy":"category","embeddable":true,"href":"https:\/\/portaltela.pt\/api\/wp\/v2\/categories?post=421438"},{"taxonomy":"post_tag","embeddable":true,"href":"https:\/\/portaltela.pt\/api\/wp\/v2\/tags?post=421438"}],"curies":[{"name":"wp","href":"https:\/\/api.w.org\/{rel}","templated":true}]}}