{"id":421436,"date":"2026-03-25T16:20:53","date_gmt":"2026-03-25T19:20:53","guid":{"rendered":"https:\/\/portaltela.pt\/noticias\/2026\/03\/25\/ministra-classifica-reforco-extraordinario-no-desporto-como-sinal-de-confianca\/"},"modified":"2026-03-25T16:20:53","modified_gmt":"2026-03-25T19:20:53","slug":"ministra-classifica-reforco-extraordinario-no-desporto-como-sinal-de-confianca","status":"publish","type":"post","link":"https:\/\/portaltela.pt\/desporto\/futebol\/2026\/03\/25\/ministra-classifica-reforco-extraordinario-no-desporto-como-sinal-de-confianca\/","title":{"rendered":"Ministra classifica refor\u00e7o extraordin\u00e1rio no desporto como sinal de confian\u00e7a"},"content":{"rendered":"<p>A ministra da Cultura, Juventude e Desporto, Margarida Balseiro Lopes, qualificou o refor\u00e7o extraordin\u00e1rio de cinco milh\u00f5es de euros para o desporto como um sinal de confian\u00e7a do Governo. O an\u00fancio ocorreu numa cerim\u00f3nia de assinatura de contratos-programa de prepara\u00e7\u00e3o ol\u00edmpica para Los Angeles 2028, envolvendo o COP e 22 federa\u00e7\u00f5es, num total de 30 milh\u00f5es de euros, mais 30% face a Paris 2024.<\/p>\n<p>A governante destacou que o refor\u00e7o n\u00e3o \u00e9 apenas financeiro, mas uma orienta\u00e7\u00e3o para um sistema mais ajustado \u00e0s necessidades do setor, com trabalho desenvolvido no terreno. Observou ainda que os fundos j\u00e1 foram transferidos, tornando\u2011se efetivos para a maioria das federa\u00e7\u00f5es.<\/p>\n<p>A ministra afirmou que, al\u00e9m do refor\u00e7o, o investimento total no Plano Nacional de Desenvolvimento Desportivo ultrapassa os 20 milh\u00f5es de euros, situando-se hoje nos 21,5 milh\u00f5es. Refiro-se aos montantes j\u00e1 distribu\u00eddos aos comit\u00e9s Ol\u00edmpico e Paral\u00edmpico, para o quadri\u00e9nio.<\/p>\n<h3>Investimento e impacto no ciclo ol\u00edmpico<\/h3>\n<p>Portugal mant\u00e9m o compromisso com a qualidade das modalidades. A gramagem de investimentos j\u00e1 refletiu-se em resultados dos atletas, segundo a chefe do minist\u00e9rio, que elogiou a capacidade da comunidade desportiva nacional.<\/p>\n<p>O Governo anunciou ainda, em dezembro, contratos-programa com o COP e o Comit\u00e9 Paral\u00edmpico de Portugal, totalizando 45 milh\u00f5es de euros. Pela primeira vez, incluem as tr\u00eas dimens\u00f5es: ol\u00edmpica, paral\u00edmpica e surdol\u00edmpica, com aumentos de 30% nesses dois pilares e 70% na vertente surdol\u00edmpica.<\/p>\n","protected":false},"excerpt":{"rendered":"<ul>\n<li>A ministra da Cultura, Juventude e Desporto, Margarida Balseiro Lopes, classificou o refor\u00e7o extraordin\u00e1rio de cinco milh\u00f5es de euros para o desporto como &#8220;um sinal de confian\u00e7a&#8221;.<\/li>\n<li>Este refor\u00e7o acompanha os contratos-programa de prepara\u00e7\u00e3o ol\u00edmpica para Los Angeles 2028, entre o Comit\u00e9 Ol\u00edmpico de Portugal e 22 federa\u00e7\u00f5es desportivas, num total de 30 milh\u00f5es de euros, um aumento de 30% face a Paris 2024.<\/li>\n<li>Al\u00e9m do refor\u00e7o, j\u00e1 tinham sido acrescentados 62 milh\u00f5es de euros, a distribuir at\u00e9 2028.<\/li>\n<li>A governante destacou que o investimento no Plano Nacional de Desenvolvimento Desportivo j\u00e1 soma cerca de 21,5 milh\u00f5es de euros nas federa\u00e7\u00f5es.<\/li>\n<li>Em dezembro, o Governo assinou contratos-programa com o COP e o Comit\u00e9 Paral\u00edmpico de Portugal no valor global de 45 milh\u00f5es de euros, abrangendo olimpismo, paralimpismo e surdolimpismo, com aumentos de 30% nas vertentes ol\u00edmpica e paral\u00edmpica e de 70% na vertente surdol\u00edmpica.<\/li>\n<\/ul>\n","protected":false},"author":2,"featured_media":421437,"comment_status":"closed","ping_status":"closed","sticky":false,"template":"","format":"standard","meta":{"footnotes":""},"categories":[21,24],"tags":[7455,7513,152,2266,316,1014],"class_list":["post-421436","post","type-post","status-publish","format-standard","has-post-thumbnail","hentry","category-desporto","category-futebol","tag-comite-olimpico-de-portugal","tag-comite-paralimpico-de-portugal","tag-desporto","tag-federacoes","tag-investimento","tag-portugal"],"yoast_head":"<!-- This site is optimized with the Yoast SEO plugin v27.2 - https:\/\/yoast.com\/product\/yoast-seo-wordpress\/ -->\n<title>Ministra classifica refor\u00e7o extraordin\u00e1rio no desporto como sinal de confian\u00e7a - Portal Tela Portugal<\/title>\n<meta name=\"robots\" content=\"index, follow, max-snippet:-1, max-image-preview:large, max-video-preview:-1\" \/>\n<meta property=\"og:locale\" content=\"pt_PT\" \/>\n<meta property=\"og:type\" content=\"article\" \/>\n<meta property=\"og:title\" content=\"Ministra classifica refor\u00e7o extraordin\u00e1rio no desporto como sinal de confian\u00e7a - Portal Tela Portugal\" \/>\n<meta property=\"og:description\" content=\"A ministra da Cultura, Juventude e Desporto, Margarida Balseiro Lopes, classificou o refor\u00e7o extraordin\u00e1rio de cinco milh\u00f5es de euros para o desporto como &quot;um sinal de confian\u00e7a&quot;. Este refor\u00e7o acompanha os contratos-programa de prepara\u00e7\u00e3o ol\u00edmpica para Los Angeles 2028, entre o Comit\u00e9 Ol\u00edmpico de Portugal e 22 federa\u00e7\u00f5es desportivas, num total de 30 milh\u00f5es de euros, um aumento de 30% face a Paris 2024. Al\u00e9m do refor\u00e7o, j\u00e1 tinham sido acrescentados 62 milh\u00f5es de euros, a distribuir at\u00e9 2028. A governante destacou que o investimento no Plano Nacional de Desenvolvimento Desportivo j\u00e1 soma cerca de 21,5 milh\u00f5es de euros nas federa\u00e7\u00f5es. Em dezembro, o Governo assinou contratos-programa com o COP e o Comit\u00e9 Paral\u00edmpico de Portugal no valor global de 45 milh\u00f5es de euros, abrangendo olimpismo, paralimpismo e surdolimpismo, com aumentos de 30% nas vertentes ol\u00edmpica e paral\u00edmpica e de 70% na vertente surdol\u00edmpica.\" \/>\n<meta property=\"og:url\" content=\"https:\/\/portaltela.pt\/noticias\/2026\/03\/25\/ministra-classifica-reforco-extraordinario-no-desporto-como-sinal-de-confianca\/\" \/>\n<meta property=\"og:site_name\" content=\"Portal Tela Portugal\" \/>\n<meta property=\"article:published_time\" content=\"2026-03-25T19:20:53+00:00\" \/>\n<meta name=\"author\" content=\"Telinha\" \/>\n<meta name=\"twitter:card\" content=\"summary_large_image\" \/>\n<meta name=\"twitter:label1\" content=\"Escrito por\" \/>\n\t<meta name=\"twitter:data1\" content=\"Telinha\" \/>\n\t<meta name=\"twitter:label2\" content=\"Tempo estimado de leitura\" \/>\n\t<meta name=\"twitter:data2\" content=\"1 minuto\" \/>\n<script type=\"application\/ld+json\" class=\"yoast-schema-graph\">{\"@context\":\"https:\/\/schema.org\",\"@graph\":[{\"@type\":\"Article\",\"@id\":\"https:\/\/portaltela.pt\/noticias\/2026\/03\/25\/ministra-classifica-reforco-extraordinario-no-desporto-como-sinal-de-confianca\/#article\",\"isPartOf\":{\"@id\":\"https:\/\/portaltela.pt\/noticias\/2026\/03\/25\/ministra-classifica-reforco-extraordinario-no-desporto-como-sinal-de-confianca\/\"},\"author\":{\"name\":\"Telinha\",\"@id\":\"https:\/\/portaltela.pt\/#\/schema\/person\/c4278d4a6028830caff9ee44b42d32ed\"},\"headline\":\"Ministra classifica refor\u00e7o extraordin\u00e1rio no desporto como sinal de confian\u00e7a\",\"datePublished\":\"2026-03-25T19:20:53+00:00\",\"mainEntityOfPage\":{\"@id\":\"https:\/\/portaltela.pt\/noticias\/2026\/03\/25\/ministra-classifica-reforco-extraordinario-no-desporto-como-sinal-de-confianca\/\"},\"wordCount\":265,\"image\":{\"@id\":\"https:\/\/portaltela.pt\/noticias\/2026\/03\/25\/ministra-classifica-reforco-extraordinario-no-desporto-como-sinal-de-confianca\/#primaryimage\"},\"thumbnailUrl\":\"https:\/\/portaltela.pt\/s.01k8rhncp4jt1\/2026\/03\/img_1500x1000uu2024-12-06-20-55-03-2181474.jpg\",\"keywords\":[\"Comit\u00e9 Ol\u00edmpico de Portugal\",\"Comit\u00e9 Paral\u00edmpico de Portugal\",\"desporto\",\"federa\u00e7\u00f5es\",\"investimento\",\"Portugal\"],\"articleSection\":[\"Desporto\",\"Futebol\"],\"inLanguage\":\"pt-PT\"},{\"@type\":\"WebPage\",\"@id\":\"https:\/\/portaltela.pt\/noticias\/2026\/03\/25\/ministra-classifica-reforco-extraordinario-no-desporto-como-sinal-de-confianca\/\",\"url\":\"https:\/\/portaltela.pt\/noticias\/2026\/03\/25\/ministra-classifica-reforco-extraordinario-no-desporto-como-sinal-de-confianca\/\",\"name\":\"Ministra classifica refor\u00e7o extraordin\u00e1rio no desporto como sinal de confian\u00e7a - Portal Tela Portugal\",\"isPartOf\":{\"@id\":\"https:\/\/portaltela.pt\/#website\"},\"primaryImageOfPage\":{\"@id\":\"https:\/\/portaltela.pt\/noticias\/2026\/03\/25\/ministra-classifica-reforco-extraordinario-no-desporto-como-sinal-de-confianca\/#primaryimage\"},\"image\":{\"@id\":\"https:\/\/portaltela.pt\/noticias\/2026\/03\/25\/ministra-classifica-reforco-extraordinario-no-desporto-como-sinal-de-confianca\/#primaryimage\"},\"thumbnailUrl\":\"https:\/\/portaltela.pt\/s.01k8rhncp4jt1\/2026\/03\/img_1500x1000uu2024-12-06-20-55-03-2181474.jpg\",\"datePublished\":\"2026-03-25T19:20:53+00:00\",\"author\":{\"@id\":\"https:\/\/portaltela.pt\/#\/schema\/person\/c4278d4a6028830caff9ee44b42d32ed\"},\"breadcrumb\":{\"@id\":\"https:\/\/portaltela.pt\/noticias\/2026\/03\/25\/ministra-classifica-reforco-extraordinario-no-desporto-como-sinal-de-confianca\/#breadcrumb\"},\"inLanguage\":\"pt-PT\",\"potentialAction\":[{\"@type\":\"ReadAction\",\"target\":[\"https:\/\/portaltela.pt\/noticias\/2026\/03\/25\/ministra-classifica-reforco-extraordinario-no-desporto-como-sinal-de-confianca\/\"]}]},{\"@type\":\"ImageObject\",\"inLanguage\":\"pt-PT\",\"@id\":\"https:\/\/portaltela.pt\/noticias\/2026\/03\/25\/ministra-classifica-reforco-extraordinario-no-desporto-como-sinal-de-confianca\/#primaryimage\",\"url\":\"https:\/\/portaltela.pt\/s.01k8rhncp4jt1\/2026\/03\/img_1500x1000uu2024-12-06-20-55-03-2181474.jpg\",\"contentUrl\":\"https:\/\/portaltela.pt\/s.01k8rhncp4jt1\/2026\/03\/img_1500x1000uu2024-12-06-20-55-03-2181474.jpg\",\"width\":796,\"height\":448,\"caption\":\"Margarida Balseiro Lopes\"},{\"@type\":\"BreadcrumbList\",\"@id\":\"https:\/\/portaltela.pt\/noticias\/2026\/03\/25\/ministra-classifica-reforco-extraordinario-no-desporto-como-sinal-de-confianca\/#breadcrumb\",\"itemListElement\":[{\"@type\":\"ListItem\",\"position\":1,\"name\":\"In\u00edcio\",\"item\":\"https:\/\/portaltela.pt\/\"},{\"@type\":\"ListItem\",\"position\":2,\"name\":\"Ministra classifica refor\u00e7o extraordin\u00e1rio no desporto como sinal de confian\u00e7a\"}]},{\"@type\":\"WebSite\",\"@id\":\"https:\/\/portaltela.pt\/#website\",\"url\":\"https:\/\/portaltela.pt\/\",\"name\":\"Portal Tela Portugal\",\"description\":\"\",\"potentialAction\":[{\"@type\":\"SearchAction\",\"target\":{\"@type\":\"EntryPoint\",\"urlTemplate\":\"https:\/\/portaltela.pt\/?s={search_term_string}\"},\"query-input\":{\"@type\":\"PropertyValueSpecification\",\"valueRequired\":true,\"valueName\":\"search_term_string\"}}],\"inLanguage\":\"pt-PT\"},{\"@type\":\"Person\",\"@id\":\"https:\/\/portaltela.pt\/#\/schema\/person\/c4278d4a6028830caff9ee44b42d32ed\",\"name\":\"Telinha\",\"image\":{\"@type\":\"ImageObject\",\"inLanguage\":\"pt-PT\",\"@id\":\"https:\/\/portaltela.pt\/s.01k8rhncp4jt1\/2025\/11\/talking-bot-125x125.png\",\"url\":\"https:\/\/portaltela.pt\/s.01k8rhncp4jt1\/2025\/11\/talking-bot-125x125.png\",\"contentUrl\":\"https:\/\/portaltela.pt\/s.01k8rhncp4jt1\/2025\/11\/talking-bot-125x125.png\",\"caption\":\"Telinha\"},\"sameAs\":[\"https:\/\/portaltela.pt\/\"],\"url\":\"https:\/\/portaltela.pt\/por\/367410592786\/\"}]}<\/script>\n<!-- \/ Yoast SEO plugin. -->","yoast_head_json":{"title":"Ministra classifica refor\u00e7o extraordin\u00e1rio no desporto como sinal de confian\u00e7a - Portal Tela Portugal","robots":{"index":"index","follow":"follow","max-snippet":"max-snippet:-1","max-image-preview":"max-image-preview:large","max-video-preview":"max-video-preview:-1"},"og_locale":"pt_PT","og_type":"article","og_title":"Ministra classifica refor\u00e7o extraordin\u00e1rio no desporto como sinal de confian\u00e7a - Portal Tela Portugal","og_description":"A ministra da Cultura, Juventude e Desporto, Margarida Balseiro Lopes, classificou o refor\u00e7o extraordin\u00e1rio de cinco milh\u00f5es de euros para o desporto como \"um sinal de confian\u00e7a\". Este refor\u00e7o acompanha os contratos-programa de prepara\u00e7\u00e3o ol\u00edmpica para Los Angeles 2028, entre o Comit\u00e9 Ol\u00edmpico de Portugal e 22 federa\u00e7\u00f5es desportivas, num total de 30 milh\u00f5es de euros, um aumento de 30% face a Paris 2024. Al\u00e9m do refor\u00e7o, j\u00e1 tinham sido acrescentados 62 milh\u00f5es de euros, a distribuir at\u00e9 2028. A governante destacou que o investimento no Plano Nacional de Desenvolvimento Desportivo j\u00e1 soma cerca de 21,5 milh\u00f5es de euros nas federa\u00e7\u00f5es. Em dezembro, o Governo assinou contratos-programa com o COP e o Comit\u00e9 Paral\u00edmpico de Portugal no valor global de 45 milh\u00f5es de euros, abrangendo olimpismo, paralimpismo e surdolimpismo, com aumentos de 30% nas vertentes ol\u00edmpica e paral\u00edmpica e de 70% na vertente surdol\u00edmpica.","og_url":"https:\/\/portaltela.pt\/noticias\/2026\/03\/25\/ministra-classifica-reforco-extraordinario-no-desporto-como-sinal-de-confianca\/","og_site_name":"Portal Tela Portugal","article_published_time":"2026-03-25T19:20:53+00:00","author":"Telinha","twitter_card":"summary_large_image","twitter_misc":{"Escrito por":"Telinha","Tempo estimado de leitura":"1 minuto"},"schema":{"@context":"https:\/\/schema.org","@graph":[{"@type":"Article","@id":"https:\/\/portaltela.pt\/noticias\/2026\/03\/25\/ministra-classifica-reforco-extraordinario-no-desporto-como-sinal-de-confianca\/#article","isPartOf":{"@id":"https:\/\/portaltela.pt\/noticias\/2026\/03\/25\/ministra-classifica-reforco-extraordinario-no-desporto-como-sinal-de-confianca\/"},"author":{"name":"Telinha","@id":"https:\/\/portaltela.pt\/#\/schema\/person\/c4278d4a6028830caff9ee44b42d32ed"},"headline":"Ministra classifica refor\u00e7o extraordin\u00e1rio no desporto como sinal de confian\u00e7a","datePublished":"2026-03-25T19:20:53+00:00","mainEntityOfPage":{"@id":"https:\/\/portaltela.pt\/noticias\/2026\/03\/25\/ministra-classifica-reforco-extraordinario-no-desporto-como-sinal-de-confianca\/"},"wordCount":265,"image":{"@id":"https:\/\/portaltela.pt\/noticias\/2026\/03\/25\/ministra-classifica-reforco-extraordinario-no-desporto-como-sinal-de-confianca\/#primaryimage"},"thumbnailUrl":"https:\/\/portaltela.pt\/s.01k8rhncp4jt1\/2026\/03\/img_1500x1000uu2024-12-06-20-55-03-2181474.jpg","keywords":["Comit\u00e9 Ol\u00edmpico de Portugal","Comit\u00e9 Paral\u00edmpico de Portugal","desporto","federa\u00e7\u00f5es","investimento","Portugal"],"articleSection":["Desporto","Futebol"],"inLanguage":"pt-PT"},{"@type":"WebPage","@id":"https:\/\/portaltela.pt\/noticias\/2026\/03\/25\/ministra-classifica-reforco-extraordinario-no-desporto-como-sinal-de-confianca\/","url":"https:\/\/portaltela.pt\/noticias\/2026\/03\/25\/ministra-classifica-reforco-extraordinario-no-desporto-como-sinal-de-confianca\/","name":"Ministra classifica refor\u00e7o extraordin\u00e1rio no desporto como sinal de confian\u00e7a - Portal Tela Portugal","isPartOf":{"@id":"https:\/\/portaltela.pt\/#website"},"primaryImageOfPage":{"@id":"https:\/\/portaltela.pt\/noticias\/2026\/03\/25\/ministra-classifica-reforco-extraordinario-no-desporto-como-sinal-de-confianca\/#primaryimage"},"image":{"@id":"https:\/\/portaltela.pt\/noticias\/2026\/03\/25\/ministra-classifica-reforco-extraordinario-no-desporto-como-sinal-de-confianca\/#primaryimage"},"thumbnailUrl":"https:\/\/portaltela.pt\/s.01k8rhncp4jt1\/2026\/03\/img_1500x1000uu2024-12-06-20-55-03-2181474.jpg","datePublished":"2026-03-25T19:20:53+00:00","author":{"@id":"https:\/\/portaltela.pt\/#\/schema\/person\/c4278d4a6028830caff9ee44b42d32ed"},"breadcrumb":{"@id":"https:\/\/portaltela.pt\/noticias\/2026\/03\/25\/ministra-classifica-reforco-extraordinario-no-desporto-como-sinal-de-confianca\/#breadcrumb"},"inLanguage":"pt-PT","potentialAction":[{"@type":"ReadAction","target":["https:\/\/portaltela.pt\/noticias\/2026\/03\/25\/ministra-classifica-reforco-extraordinario-no-desporto-como-sinal-de-confianca\/"]}]},{"@type":"ImageObject","inLanguage":"pt-PT","@id":"https:\/\/portaltela.pt\/noticias\/2026\/03\/25\/ministra-classifica-reforco-extraordinario-no-desporto-como-sinal-de-confianca\/#primaryimage","url":"https:\/\/portaltela.pt\/s.01k8rhncp4jt1\/2026\/03\/img_1500x1000uu2024-12-06-20-55-03-2181474.jpg","contentUrl":"https:\/\/portaltela.pt\/s.01k8rhncp4jt1\/2026\/03\/img_1500x1000uu2024-12-06-20-55-03-2181474.jpg","width":796,"height":448,"caption":"Margarida Balseiro Lopes"},{"@type":"BreadcrumbList","@id":"https:\/\/portaltela.pt\/noticias\/2026\/03\/25\/ministra-classifica-reforco-extraordinario-no-desporto-como-sinal-de-confianca\/#breadcrumb","itemListElement":[{"@type":"ListItem","position":1,"name":"In\u00edcio","item":"https:\/\/portaltela.pt\/"},{"@type":"ListItem","position":2,"name":"Ministra classifica refor\u00e7o extraordin\u00e1rio no desporto como sinal de confian\u00e7a"}]},{"@type":"WebSite","@id":"https:\/\/portaltela.pt\/#website","url":"https:\/\/portaltela.pt\/","name":"Portal Tela Portugal","description":"","potentialAction":[{"@type":"SearchAction","target":{"@type":"EntryPoint","urlTemplate":"https:\/\/portaltela.pt\/?s={search_term_string}"},"query-input":{"@type":"PropertyValueSpecification","valueRequired":true,"valueName":"search_term_string"}}],"inLanguage":"pt-PT"},{"@type":"Person","@id":"https:\/\/portaltela.pt\/#\/schema\/person\/c4278d4a6028830caff9ee44b42d32ed","name":"Telinha","image":{"@type":"ImageObject","inLanguage":"pt-PT","@id":"https:\/\/portaltela.pt\/s.01k8rhncp4jt1\/2025\/11\/talking-bot-125x125.png","url":"https:\/\/portaltela.pt\/s.01k8rhncp4jt1\/2025\/11\/talking-bot-125x125.png","contentUrl":"https:\/\/portaltela.pt\/s.01k8rhncp4jt1\/2025\/11\/talking-bot-125x125.png","caption":"Telinha"},"sameAs":["https:\/\/portaltela.pt\/"],"url":"https:\/\/portaltela.pt\/por\/367410592786\/"}]}},"_links":{"self":[{"href":"https:\/\/portaltela.pt\/api\/wp\/v2\/posts\/421436","targetHints":{"allow":["GET"]}}],"collection":[{"href":"https:\/\/portaltela.pt\/api\/wp\/v2\/posts"}],"about":[{"href":"https:\/\/portaltela.pt\/api\/wp\/v2\/types\/post"}],"author":[{"embeddable":true,"href":"https:\/\/portaltela.pt\/api\/wp\/v2\/users\/2"}],"replies":[{"embeddable":true,"href":"https:\/\/portaltela.pt\/api\/wp\/v2\/comments?post=421436"}],"version-history":[{"count":0,"href":"https:\/\/portaltela.pt\/api\/wp\/v2\/posts\/421436\/revisions"}],"wp:featuredmedia":[{"embeddable":true,"href":"https:\/\/portaltela.pt\/api\/wp\/v2\/media\/421437"}],"wp:attachment":[{"href":"https:\/\/portaltela.pt\/api\/wp\/v2\/media?parent=421436"}],"wp:term":[{"taxonomy":"category","embeddable":true,"href":"https:\/\/portaltela.pt\/api\/wp\/v2\/categories?post=421436"},{"taxonomy":"post_tag","embeddable":true,"href":"https:\/\/portaltela.pt\/api\/wp\/v2\/tags?post=421436"}],"curies":[{"name":"wp","href":"https:\/\/api.w.org\/{rel}","templated":true}]}}