{"id":42143,"date":"2025-11-30T17:33:00","date_gmt":"2025-11-30T20:33:00","guid":{"rendered":"https:\/\/portaltela.pt\/noticias\/2025\/11\/30\/anadia-recebe-cicloturismo-de-pais-natais-a-14-de-dezembro\/"},"modified":"2025-11-30T17:33:00","modified_gmt":"2025-11-30T20:33:00","slug":"anadia-recebe-cicloturismo-de-pais-natais-a-14-de-dezembro","status":"publish","type":"post","link":"https:\/\/portaltela.pt\/desporto\/2025\/11\/30\/anadia-recebe-cicloturismo-de-pais-natais-a-14-de-dezembro\/","title":{"rendered":"Anadia recebe cicloturismo de Pais Natais a 14 de dezembro"},"content":{"rendered":"<p>O tradicional passeio de Cicloturismo de Pais Natais regressa a Anadia no pr\u00f3ximo dia 14 de dezembro, integrado na anima\u00e7\u00e3o natal\u00edcia do munic\u00edpio. A concentra\u00e7\u00e3o acontece \u00e0s 10h00 na Pra\u00e7a da Juventude, com partida e chegada nesse mesmo espa\u00e7o. O objetivo \u00e9 promover atividade f\u00edsica e conv\u00edvio comunit\u00e1rio, no esp\u00edrito de fim de ano.<\/p>\n<p>Todos os inscritos recebem um gorro de Natal. O percurso tem cerca de 15 quil\u00f3metros, com passagem por v\u00e1rias localidades do concelho e retorno \u00e0 Pra\u00e7a da Juventude, onde est\u00e1 previsto um momento de conv\u00edvio.<\/p>\n<p>As inscri\u00e7\u00f5es s\u00e3o gratuitas e podem ser feitas at\u00e9 11 de dezembro. De forma presencial, basta dirigir-se \u00e0 secretaria das Piscinas Municipais; ou ligar para o 231 510 320 para informa\u00e7\u00f5es.<\/p>\n<h3>Detalhes do Passeio<\/h3>\n<p>A organiza\u00e7\u00e3o \u00e9 da C\u00e2mara Municipal de Anadia, com apoio da GNR e dos Bombeiros Volunt\u00e1rios de Anadia, bem como de associa\u00e7\u00f5es locais ligadas ao ciclismo, ao desporto e \u00e0s artes. O evento decorre no \u00e2mbito da programa\u00e7\u00e3o natal\u00edcia do munic\u00edpio.<\/p>\n","protected":false},"excerpt":{"rendered":"<ul>\n<li>O Passeio de Cicloturismo de Pais Natais regressa a Anadia no dia 14 de dezembro, integrado na anima\u00e7\u00e3o natal\u00edcia do munic\u00edpio.<\/li>\n<li>Concentra\u00e7\u00e3o marcada para as 10h00 na Pra\u00e7a da Juventude, com percurso de cerca de quinze quil\u00f3metros e passagem por v\u00e1rias localidades do concelho.<\/li>\n<li>Todos os inscritos recebem um gorro de Natal e o trajeto incentiva vestir-se a rigor para refor\u00e7ar o esp\u00edrito festivo.<\/li>\n<li>No final h\u00e1 conv\u00edvio com degusta\u00e7\u00e3o de Bolo Rei; inscri\u00e7\u00f5es gratuitas at\u00e9 11 de dezembro.<\/li>\n<li>Inscri\u00e7\u00f5es podem ser feitas presencialmente na secretaria das Piscinas Municipais ou pelo telefone 231 510 320; o evento conta com apoio da GNR, Bombeiros Volunt\u00e1rios de Anadia e associa\u00e7\u00f5es locais.<\/li>\n<\/ul>\n","protected":false},"author":2,"featured_media":42145,"comment_status":"closed","ping_status":"closed","sticky":false,"template":"","format":"standard","meta":{"footnotes":""},"categories":[21],"tags":[144,373,75,152,556,169],"class_list":["post-42143","post","type-post","status-publish","format-standard","has-post-thumbnail","hentry","category-desporto","tag-concelho","tag-concelhos","tag-convivencia","tag-desporto","tag-duas-rodas-motrizes","tag-turismo"],"yoast_head":"<!-- This site is optimized with the Yoast SEO plugin v27.2 - https:\/\/yoast.com\/product\/yoast-seo-wordpress\/ -->\n<title>Anadia recebe cicloturismo de Pais Natais a 14 de dezembro - Portal Tela Portugal<\/title>\n<meta name=\"robots\" content=\"index, follow, max-snippet:-1, max-image-preview:large, max-video-preview:-1\" \/>\n<meta property=\"og:locale\" content=\"pt_PT\" \/>\n<meta property=\"og:type\" content=\"article\" \/>\n<meta property=\"og:title\" content=\"Anadia recebe cicloturismo de Pais Natais a 14 de dezembro - Portal Tela Portugal\" \/>\n<meta property=\"og:description\" content=\"O Passeio de Cicloturismo de Pais Natais regressa a Anadia no dia 14 de dezembro, integrado na anima\u00e7\u00e3o natal\u00edcia do munic\u00edpio. Concentra\u00e7\u00e3o marcada para as 10h00 na Pra\u00e7a da Juventude, com percurso de cerca de quinze quil\u00f3metros e passagem por v\u00e1rias localidades do concelho. Todos os inscritos recebem um gorro de Natal e o trajeto incentiva vestir-se a rigor para refor\u00e7ar o esp\u00edrito festivo. No final h\u00e1 conv\u00edvio com degusta\u00e7\u00e3o de Bolo Rei; inscri\u00e7\u00f5es gratuitas at\u00e9 11 de dezembro. Inscri\u00e7\u00f5es podem ser feitas presencialmente na secretaria das Piscinas Municipais ou pelo telefone 231 510 320; o evento conta com apoio da GNR, Bombeiros Volunt\u00e1rios de Anadia e associa\u00e7\u00f5es locais.\" \/>\n<meta property=\"og:url\" content=\"https:\/\/portaltela.pt\/noticias\/2025\/11\/30\/anadia-recebe-cicloturismo-de-pais-natais-a-14-de-dezembro\/\" \/>\n<meta property=\"og:site_name\" content=\"Portal Tela Portugal\" \/>\n<meta property=\"article:published_time\" content=\"2025-11-30T20:33:00+00:00\" \/>\n<meta name=\"author\" content=\"Telinha\" \/>\n<meta name=\"twitter:card\" content=\"summary_large_image\" \/>\n<meta name=\"twitter:label1\" content=\"Escrito por\" \/>\n\t<meta name=\"twitter:data1\" content=\"Telinha\" \/>\n\t<meta name=\"twitter:label2\" content=\"Tempo estimado de leitura\" \/>\n\t<meta name=\"twitter:data2\" content=\"1 minuto\" \/>\n<script type=\"application\/ld+json\" class=\"yoast-schema-graph\">{\"@context\":\"https:\/\/schema.org\",\"@graph\":[{\"@type\":\"Article\",\"@id\":\"https:\/\/portaltela.pt\/noticias\/2025\/11\/30\/anadia-recebe-cicloturismo-de-pais-natais-a-14-de-dezembro\/#article\",\"isPartOf\":{\"@id\":\"https:\/\/portaltela.pt\/noticias\/2025\/11\/30\/anadia-recebe-cicloturismo-de-pais-natais-a-14-de-dezembro\/\"},\"author\":{\"name\":\"Telinha\",\"@id\":\"https:\/\/portaltela.pt\/#\/schema\/person\/c4278d4a6028830caff9ee44b42d32ed\"},\"headline\":\"Anadia recebe cicloturismo de Pais Natais a 14 de dezembro\",\"datePublished\":\"2025-11-30T20:33:00+00:00\",\"mainEntityOfPage\":{\"@id\":\"https:\/\/portaltela.pt\/noticias\/2025\/11\/30\/anadia-recebe-cicloturismo-de-pais-natais-a-14-de-dezembro\/\"},\"wordCount\":188,\"image\":{\"@id\":\"https:\/\/portaltela.pt\/noticias\/2025\/11\/30\/anadia-recebe-cicloturismo-de-pais-natais-a-14-de-dezembro\/#primaryimage\"},\"thumbnailUrl\":\"https:\/\/portaltela.pt\/s.01k8rhncp4jt1\/2025\/11\/passeio-pais-natais.jpg\",\"keywords\":[\"concelho\",\"concelhos\",\"conviv\u00eancia\",\"desporto\",\"Duas Rodas Motrizes\",\"turismo\"],\"articleSection\":[\"Desporto\"],\"inLanguage\":\"pt-PT\"},{\"@type\":\"WebPage\",\"@id\":\"https:\/\/portaltela.pt\/noticias\/2025\/11\/30\/anadia-recebe-cicloturismo-de-pais-natais-a-14-de-dezembro\/\",\"url\":\"https:\/\/portaltela.pt\/noticias\/2025\/11\/30\/anadia-recebe-cicloturismo-de-pais-natais-a-14-de-dezembro\/\",\"name\":\"Anadia recebe cicloturismo de Pais Natais a 14 de dezembro - Portal Tela Portugal\",\"isPartOf\":{\"@id\":\"https:\/\/portaltela.pt\/#website\"},\"primaryImageOfPage\":{\"@id\":\"https:\/\/portaltela.pt\/noticias\/2025\/11\/30\/anadia-recebe-cicloturismo-de-pais-natais-a-14-de-dezembro\/#primaryimage\"},\"image\":{\"@id\":\"https:\/\/portaltela.pt\/noticias\/2025\/11\/30\/anadia-recebe-cicloturismo-de-pais-natais-a-14-de-dezembro\/#primaryimage\"},\"thumbnailUrl\":\"https:\/\/portaltela.pt\/s.01k8rhncp4jt1\/2025\/11\/passeio-pais-natais.jpg\",\"datePublished\":\"2025-11-30T20:33:00+00:00\",\"author\":{\"@id\":\"https:\/\/portaltela.pt\/#\/schema\/person\/c4278d4a6028830caff9ee44b42d32ed\"},\"breadcrumb\":{\"@id\":\"https:\/\/portaltela.pt\/noticias\/2025\/11\/30\/anadia-recebe-cicloturismo-de-pais-natais-a-14-de-dezembro\/#breadcrumb\"},\"inLanguage\":\"pt-PT\",\"potentialAction\":[{\"@type\":\"ReadAction\",\"target\":[\"https:\/\/portaltela.pt\/noticias\/2025\/11\/30\/anadia-recebe-cicloturismo-de-pais-natais-a-14-de-dezembro\/\"]}]},{\"@type\":\"ImageObject\",\"inLanguage\":\"pt-PT\",\"@id\":\"https:\/\/portaltela.pt\/noticias\/2025\/11\/30\/anadia-recebe-cicloturismo-de-pais-natais-a-14-de-dezembro\/#primaryimage\",\"url\":\"https:\/\/portaltela.pt\/s.01k8rhncp4jt1\/2025\/11\/passeio-pais-natais.jpg\",\"contentUrl\":\"https:\/\/portaltela.pt\/s.01k8rhncp4jt1\/2025\/11\/passeio-pais-natais.jpg\",\"width\":796,\"height\":448,\"caption\":\"Not\u00edcias de Anadia\"},{\"@type\":\"BreadcrumbList\",\"@id\":\"https:\/\/portaltela.pt\/noticias\/2025\/11\/30\/anadia-recebe-cicloturismo-de-pais-natais-a-14-de-dezembro\/#breadcrumb\",\"itemListElement\":[{\"@type\":\"ListItem\",\"position\":1,\"name\":\"In\u00edcio\",\"item\":\"https:\/\/portaltela.pt\/\"},{\"@type\":\"ListItem\",\"position\":2,\"name\":\"Anadia recebe cicloturismo de Pais Natais a 14 de dezembro\"}]},{\"@type\":\"WebSite\",\"@id\":\"https:\/\/portaltela.pt\/#website\",\"url\":\"https:\/\/portaltela.pt\/\",\"name\":\"Portal Tela Portugal\",\"description\":\"\",\"potentialAction\":[{\"@type\":\"SearchAction\",\"target\":{\"@type\":\"EntryPoint\",\"urlTemplate\":\"https:\/\/portaltela.pt\/?s={search_term_string}\"},\"query-input\":{\"@type\":\"PropertyValueSpecification\",\"valueRequired\":true,\"valueName\":\"search_term_string\"}}],\"inLanguage\":\"pt-PT\"},{\"@type\":\"Person\",\"@id\":\"https:\/\/portaltela.pt\/#\/schema\/person\/c4278d4a6028830caff9ee44b42d32ed\",\"name\":\"Telinha\",\"image\":{\"@type\":\"ImageObject\",\"inLanguage\":\"pt-PT\",\"@id\":\"https:\/\/portaltela.pt\/s.01k8rhncp4jt1\/2025\/11\/talking-bot-125x125.png\",\"url\":\"https:\/\/portaltela.pt\/s.01k8rhncp4jt1\/2025\/11\/talking-bot-125x125.png\",\"contentUrl\":\"https:\/\/portaltela.pt\/s.01k8rhncp4jt1\/2025\/11\/talking-bot-125x125.png\",\"caption\":\"Telinha\"},\"sameAs\":[\"https:\/\/portaltela.pt\/\"],\"url\":\"https:\/\/portaltela.pt\/por\/367410592786\/\"}]}<\/script>\n<!-- \/ Yoast SEO plugin. -->","yoast_head_json":{"title":"Anadia recebe cicloturismo de Pais Natais a 14 de dezembro - Portal Tela Portugal","robots":{"index":"index","follow":"follow","max-snippet":"max-snippet:-1","max-image-preview":"max-image-preview:large","max-video-preview":"max-video-preview:-1"},"og_locale":"pt_PT","og_type":"article","og_title":"Anadia recebe cicloturismo de Pais Natais a 14 de dezembro - Portal Tela Portugal","og_description":"O Passeio de Cicloturismo de Pais Natais regressa a Anadia no dia 14 de dezembro, integrado na anima\u00e7\u00e3o natal\u00edcia do munic\u00edpio. Concentra\u00e7\u00e3o marcada para as 10h00 na Pra\u00e7a da Juventude, com percurso de cerca de quinze quil\u00f3metros e passagem por v\u00e1rias localidades do concelho. Todos os inscritos recebem um gorro de Natal e o trajeto incentiva vestir-se a rigor para refor\u00e7ar o esp\u00edrito festivo. No final h\u00e1 conv\u00edvio com degusta\u00e7\u00e3o de Bolo Rei; inscri\u00e7\u00f5es gratuitas at\u00e9 11 de dezembro. Inscri\u00e7\u00f5es podem ser feitas presencialmente na secretaria das Piscinas Municipais ou pelo telefone 231 510 320; o evento conta com apoio da GNR, Bombeiros Volunt\u00e1rios de Anadia e associa\u00e7\u00f5es locais.","og_url":"https:\/\/portaltela.pt\/noticias\/2025\/11\/30\/anadia-recebe-cicloturismo-de-pais-natais-a-14-de-dezembro\/","og_site_name":"Portal Tela Portugal","article_published_time":"2025-11-30T20:33:00+00:00","author":"Telinha","twitter_card":"summary_large_image","twitter_misc":{"Escrito por":"Telinha","Tempo estimado de leitura":"1 minuto"},"schema":{"@context":"https:\/\/schema.org","@graph":[{"@type":"Article","@id":"https:\/\/portaltela.pt\/noticias\/2025\/11\/30\/anadia-recebe-cicloturismo-de-pais-natais-a-14-de-dezembro\/#article","isPartOf":{"@id":"https:\/\/portaltela.pt\/noticias\/2025\/11\/30\/anadia-recebe-cicloturismo-de-pais-natais-a-14-de-dezembro\/"},"author":{"name":"Telinha","@id":"https:\/\/portaltela.pt\/#\/schema\/person\/c4278d4a6028830caff9ee44b42d32ed"},"headline":"Anadia recebe cicloturismo de Pais Natais a 14 de dezembro","datePublished":"2025-11-30T20:33:00+00:00","mainEntityOfPage":{"@id":"https:\/\/portaltela.pt\/noticias\/2025\/11\/30\/anadia-recebe-cicloturismo-de-pais-natais-a-14-de-dezembro\/"},"wordCount":188,"image":{"@id":"https:\/\/portaltela.pt\/noticias\/2025\/11\/30\/anadia-recebe-cicloturismo-de-pais-natais-a-14-de-dezembro\/#primaryimage"},"thumbnailUrl":"https:\/\/portaltela.pt\/s.01k8rhncp4jt1\/2025\/11\/passeio-pais-natais.jpg","keywords":["concelho","concelhos","conviv\u00eancia","desporto","Duas Rodas Motrizes","turismo"],"articleSection":["Desporto"],"inLanguage":"pt-PT"},{"@type":"WebPage","@id":"https:\/\/portaltela.pt\/noticias\/2025\/11\/30\/anadia-recebe-cicloturismo-de-pais-natais-a-14-de-dezembro\/","url":"https:\/\/portaltela.pt\/noticias\/2025\/11\/30\/anadia-recebe-cicloturismo-de-pais-natais-a-14-de-dezembro\/","name":"Anadia recebe cicloturismo de Pais Natais a 14 de dezembro - Portal Tela Portugal","isPartOf":{"@id":"https:\/\/portaltela.pt\/#website"},"primaryImageOfPage":{"@id":"https:\/\/portaltela.pt\/noticias\/2025\/11\/30\/anadia-recebe-cicloturismo-de-pais-natais-a-14-de-dezembro\/#primaryimage"},"image":{"@id":"https:\/\/portaltela.pt\/noticias\/2025\/11\/30\/anadia-recebe-cicloturismo-de-pais-natais-a-14-de-dezembro\/#primaryimage"},"thumbnailUrl":"https:\/\/portaltela.pt\/s.01k8rhncp4jt1\/2025\/11\/passeio-pais-natais.jpg","datePublished":"2025-11-30T20:33:00+00:00","author":{"@id":"https:\/\/portaltela.pt\/#\/schema\/person\/c4278d4a6028830caff9ee44b42d32ed"},"breadcrumb":{"@id":"https:\/\/portaltela.pt\/noticias\/2025\/11\/30\/anadia-recebe-cicloturismo-de-pais-natais-a-14-de-dezembro\/#breadcrumb"},"inLanguage":"pt-PT","potentialAction":[{"@type":"ReadAction","target":["https:\/\/portaltela.pt\/noticias\/2025\/11\/30\/anadia-recebe-cicloturismo-de-pais-natais-a-14-de-dezembro\/"]}]},{"@type":"ImageObject","inLanguage":"pt-PT","@id":"https:\/\/portaltela.pt\/noticias\/2025\/11\/30\/anadia-recebe-cicloturismo-de-pais-natais-a-14-de-dezembro\/#primaryimage","url":"https:\/\/portaltela.pt\/s.01k8rhncp4jt1\/2025\/11\/passeio-pais-natais.jpg","contentUrl":"https:\/\/portaltela.pt\/s.01k8rhncp4jt1\/2025\/11\/passeio-pais-natais.jpg","width":796,"height":448,"caption":"Not\u00edcias de Anadia"},{"@type":"BreadcrumbList","@id":"https:\/\/portaltela.pt\/noticias\/2025\/11\/30\/anadia-recebe-cicloturismo-de-pais-natais-a-14-de-dezembro\/#breadcrumb","itemListElement":[{"@type":"ListItem","position":1,"name":"In\u00edcio","item":"https:\/\/portaltela.pt\/"},{"@type":"ListItem","position":2,"name":"Anadia recebe cicloturismo de Pais Natais a 14 de dezembro"}]},{"@type":"WebSite","@id":"https:\/\/portaltela.pt\/#website","url":"https:\/\/portaltela.pt\/","name":"Portal Tela Portugal","description":"","potentialAction":[{"@type":"SearchAction","target":{"@type":"EntryPoint","urlTemplate":"https:\/\/portaltela.pt\/?s={search_term_string}"},"query-input":{"@type":"PropertyValueSpecification","valueRequired":true,"valueName":"search_term_string"}}],"inLanguage":"pt-PT"},{"@type":"Person","@id":"https:\/\/portaltela.pt\/#\/schema\/person\/c4278d4a6028830caff9ee44b42d32ed","name":"Telinha","image":{"@type":"ImageObject","inLanguage":"pt-PT","@id":"https:\/\/portaltela.pt\/s.01k8rhncp4jt1\/2025\/11\/talking-bot-125x125.png","url":"https:\/\/portaltela.pt\/s.01k8rhncp4jt1\/2025\/11\/talking-bot-125x125.png","contentUrl":"https:\/\/portaltela.pt\/s.01k8rhncp4jt1\/2025\/11\/talking-bot-125x125.png","caption":"Telinha"},"sameAs":["https:\/\/portaltela.pt\/"],"url":"https:\/\/portaltela.pt\/por\/367410592786\/"}]}},"_links":{"self":[{"href":"https:\/\/portaltela.pt\/api\/wp\/v2\/posts\/42143","targetHints":{"allow":["GET"]}}],"collection":[{"href":"https:\/\/portaltela.pt\/api\/wp\/v2\/posts"}],"about":[{"href":"https:\/\/portaltela.pt\/api\/wp\/v2\/types\/post"}],"author":[{"embeddable":true,"href":"https:\/\/portaltela.pt\/api\/wp\/v2\/users\/2"}],"replies":[{"embeddable":true,"href":"https:\/\/portaltela.pt\/api\/wp\/v2\/comments?post=42143"}],"version-history":[{"count":0,"href":"https:\/\/portaltela.pt\/api\/wp\/v2\/posts\/42143\/revisions"}],"wp:featuredmedia":[{"embeddable":true,"href":"https:\/\/portaltela.pt\/api\/wp\/v2\/media\/42145"}],"wp:attachment":[{"href":"https:\/\/portaltela.pt\/api\/wp\/v2\/media?parent=42143"}],"wp:term":[{"taxonomy":"category","embeddable":true,"href":"https:\/\/portaltela.pt\/api\/wp\/v2\/categories?post=42143"},{"taxonomy":"post_tag","embeddable":true,"href":"https:\/\/portaltela.pt\/api\/wp\/v2\/tags?post=42143"}],"curies":[{"name":"wp","href":"https:\/\/api.w.org\/{rel}","templated":true}]}}