{"id":421428,"date":"2026-03-25T16:20:33","date_gmt":"2026-03-25T19:20:33","guid":{"rendered":"https:\/\/portaltela.pt\/noticias\/2026\/03\/25\/governo-e-cop-destacam-aumento-de-verbas-para-los-angeles-2028\/"},"modified":"2026-03-25T16:20:33","modified_gmt":"2026-03-25T19:20:33","slug":"governo-e-cop-destacam-aumento-de-verbas-para-los-angeles-2028","status":"publish","type":"post","link":"https:\/\/portaltela.pt\/desporto\/futebol\/2026\/03\/25\/governo-e-cop-destacam-aumento-de-verbas-para-los-angeles-2028\/","title":{"rendered":"Governo e COP destacam aumento de verbas para Los Angeles 2028"},"content":{"rendered":"<p>O Governo e o Comit\u00e9 Ol\u00edmpico de Portugal anunciaram um refor\u00e7o hist\u00f3rico de financiamento para o programa ol\u00edmpico em prepara\u00e7\u00e3o para Los Angeles 2028. A assinatura dos contratos-programa ocorreu esta quarta-feira, em Lisboa, com o objetivo de ampliar o apoio ao desporto em Portugal.<\/p>\n<p>A ministra Margarida Balseiro Lopes destacou o aumento como um marco de investimento p\u00fablico, afirmando que as verbas para o ciclo Paris 2024 j\u00e1 cresceram. A governante sublinhou o papel das federa\u00e7\u00f5es, clubes e atletas no desenvolvimento desportivo nacional.<\/p>\n<p>O evento de assinatura contou com presen\u00e7a de secret\u00e1rios de Estado do Desporto, do presidente do COP e de dirigentes das federa\u00e7\u00f5es, numa cerim\u00f3nia no Comit\u00e9 Ol\u00edmpico de Portugal. Foi reiterada a prioridade do Governo ao desporto.<\/p>\n<h3>Acompanhamento financeiro e prioridades<\/h3>\n<p>O programa de prepara\u00e7\u00e3o ol\u00edmpica para Los Angeles 2028 prev\u00ea cerca de 30 milh\u00f5es de euros, com aumento de cerca de 30% em rela\u00e7\u00e3o a Paris 2024. O objetivo \u00e9 refor\u00e7ar o apoio aos atletas e \u00e0s estruturas t\u00e9cnicas envolvidas.<\/p>\n<p>Fernando Gomes, presidente do COP, vincou a responsabilidade partilhada entre governo e entidades desportivas. Enfatizou a import\u00e2ncia de uma equipa multidisciplinar para acompanhar o percurso ol\u00edmpico a m\u00e9dio e longo prazo.<\/p>\n<p>A iniciativa inclui refor\u00e7os para as federa\u00e7\u00f5es, j\u00e1 firemados numa base de 21,5 milh\u00f5es de euros prevista no plano nacional. O objetivo \u00e9 melhorar condi\u00e7\u00f5es de treino, acesso a conhecimento t\u00e9cnico e apoio m\u00e9dico aos atletas.<\/p>\n","protected":false},"excerpt":{"rendered":"<ul>\n<li>O governo e o Comit\u00e9 Ol\u00edmpico de Portugal assinaram os contratos-programa ol\u00edmpico para Los Angeles&#8217;2028, com um refor\u00e7o hist\u00f3rico de financiamento.<\/li>\n<li>A ministra Margarida Balseiro Lopes anunciou um aumento de cerca de 30 por cento no financiamento do pr\u00f3ximo ciclo ol\u00edmpico em rela\u00e7\u00e3o a Paris&#8217;2024, com 23 milh\u00f5es de euros para ol\u00edmpicos e 30 milh\u00f5es para Los Angeles&#8217;2028.<\/li>\n<li>O programa j\u00e1 prev\u00ea um investimento de 21,5 milh\u00f5es de euros nas federa\u00e7\u00f5es, com um refor\u00e7o adicional de 5 milh\u00f5es de euros em 2026 para melhorar as condi\u00e7\u00f5es das federa\u00e7\u00f5es.<\/li>\n<li>O presidente do Comit\u00e9 Ol\u00edmpico de Portugal, Fernando Gomes, destacou o apoio do governo e o aumento de cerca de 30 por cento face a Paris&#8217;2024, totalizando perto de 30 milh\u00f5es de euros de apoio.<\/li>\n<li>Gomes sublinhou a cria\u00e7\u00e3o da equipa multidisciplinar do COP para acompanhar atletas, treinadores e federa\u00e7\u00f5es, integrando \u00e1reas como medicina, psicologia e nutri\u00e7\u00e3o.<\/li>\n<\/ul>\n","protected":false},"author":2,"featured_media":421432,"comment_status":"closed","ping_status":"closed","sticky":false,"template":"","format":"standard","meta":{"footnotes":""},"categories":[21,24],"tags":[7455,152,2266,34,316,6906],"class_list":["post-421428","post","type-post","status-publish","format-standard","has-post-thumbnail","hentry","category-desporto","category-futebol","tag-comite-olimpico-de-portugal","tag-desporto","tag-federacoes","tag-governo","tag-investimento","tag-los-angeles"],"yoast_head":"<!-- This site is optimized with the Yoast SEO plugin v27.2 - https:\/\/yoast.com\/product\/yoast-seo-wordpress\/ -->\n<title>Governo e COP destacam aumento de verbas para Los Angeles 2028 - Portal Tela Portugal<\/title>\n<meta name=\"robots\" content=\"index, follow, max-snippet:-1, max-image-preview:large, max-video-preview:-1\" \/>\n<meta property=\"og:locale\" content=\"pt_PT\" \/>\n<meta property=\"og:type\" content=\"article\" \/>\n<meta property=\"og:title\" content=\"Governo e COP destacam aumento de verbas para Los Angeles 2028 - Portal Tela Portugal\" \/>\n<meta property=\"og:description\" content=\"O governo e o Comit\u00e9 Ol\u00edmpico de Portugal assinaram os contratos-programa ol\u00edmpico para Los Angeles&#039;2028, com um refor\u00e7o hist\u00f3rico de financiamento. A ministra Margarida Balseiro Lopes anunciou um aumento de cerca de 30 por cento no financiamento do pr\u00f3ximo ciclo ol\u00edmpico em rela\u00e7\u00e3o a Paris&#039;2024, com 23 milh\u00f5es de euros para ol\u00edmpicos e 30 milh\u00f5es para Los Angeles&#039;2028. O programa j\u00e1 prev\u00ea um investimento de 21,5 milh\u00f5es de euros nas federa\u00e7\u00f5es, com um refor\u00e7o adicional de 5 milh\u00f5es de euros em 2026 para melhorar as condi\u00e7\u00f5es das federa\u00e7\u00f5es. O presidente do Comit\u00e9 Ol\u00edmpico de Portugal, Fernando Gomes, destacou o apoio do governo e o aumento de cerca de 30 por cento face a Paris&#039;2024, totalizando perto de 30 milh\u00f5es de euros de apoio. Gomes sublinhou a cria\u00e7\u00e3o da equipa multidisciplinar do COP para acompanhar atletas, treinadores e federa\u00e7\u00f5es, integrando \u00e1reas como medicina, psicologia e nutri\u00e7\u00e3o.\" \/>\n<meta property=\"og:url\" content=\"https:\/\/portaltela.pt\/noticias\/2026\/03\/25\/governo-e-cop-destacam-aumento-de-verbas-para-los-angeles-2028\/\" \/>\n<meta property=\"og:site_name\" content=\"Portal Tela Portugal\" \/>\n<meta property=\"article:published_time\" content=\"2026-03-25T19:20:33+00:00\" \/>\n<meta name=\"author\" content=\"Telinha\" \/>\n<meta name=\"twitter:card\" content=\"summary_large_image\" \/>\n<meta name=\"twitter:label1\" content=\"Escrito por\" \/>\n\t<meta name=\"twitter:data1\" content=\"Telinha\" \/>\n\t<meta name=\"twitter:label2\" content=\"Tempo estimado de leitura\" \/>\n\t<meta name=\"twitter:data2\" content=\"1 minuto\" \/>\n<script type=\"application\/ld+json\" class=\"yoast-schema-graph\">{\"@context\":\"https:\/\/schema.org\",\"@graph\":[{\"@type\":\"Article\",\"@id\":\"https:\/\/portaltela.pt\/noticias\/2026\/03\/25\/governo-e-cop-destacam-aumento-de-verbas-para-los-angeles-2028\/#article\",\"isPartOf\":{\"@id\":\"https:\/\/portaltela.pt\/noticias\/2026\/03\/25\/governo-e-cop-destacam-aumento-de-verbas-para-los-angeles-2028\/\"},\"author\":{\"name\":\"Telinha\",\"@id\":\"https:\/\/portaltela.pt\/#\/schema\/person\/c4278d4a6028830caff9ee44b42d32ed\"},\"headline\":\"Governo e COP destacam aumento de verbas para Los Angeles 2028\",\"datePublished\":\"2026-03-25T19:20:33+00:00\",\"mainEntityOfPage\":{\"@id\":\"https:\/\/portaltela.pt\/noticias\/2026\/03\/25\/governo-e-cop-destacam-aumento-de-verbas-para-los-angeles-2028\/\"},\"wordCount\":259,\"image\":{\"@id\":\"https:\/\/portaltela.pt\/noticias\/2026\/03\/25\/governo-e-cop-destacam-aumento-de-verbas-para-los-angeles-2028\/#primaryimage\"},\"thumbnailUrl\":\"https:\/\/portaltela.pt\/s.01k8rhncp4jt1\/2026\/03\/img_920x518uu2026-03-25-19-12-15-2429360.jpg\",\"keywords\":[\"Comit\u00e9 Ol\u00edmpico de Portugal\",\"desporto\",\"federa\u00e7\u00f5es\",\"governo\",\"investimento\",\"Los Angeles\"],\"articleSection\":[\"Desporto\",\"Futebol\"],\"inLanguage\":\"pt-PT\"},{\"@type\":\"WebPage\",\"@id\":\"https:\/\/portaltela.pt\/noticias\/2026\/03\/25\/governo-e-cop-destacam-aumento-de-verbas-para-los-angeles-2028\/\",\"url\":\"https:\/\/portaltela.pt\/noticias\/2026\/03\/25\/governo-e-cop-destacam-aumento-de-verbas-para-los-angeles-2028\/\",\"name\":\"Governo e COP destacam aumento de verbas para Los Angeles 2028 - Portal Tela Portugal\",\"isPartOf\":{\"@id\":\"https:\/\/portaltela.pt\/#website\"},\"primaryImageOfPage\":{\"@id\":\"https:\/\/portaltela.pt\/noticias\/2026\/03\/25\/governo-e-cop-destacam-aumento-de-verbas-para-los-angeles-2028\/#primaryimage\"},\"image\":{\"@id\":\"https:\/\/portaltela.pt\/noticias\/2026\/03\/25\/governo-e-cop-destacam-aumento-de-verbas-para-los-angeles-2028\/#primaryimage\"},\"thumbnailUrl\":\"https:\/\/portaltela.pt\/s.01k8rhncp4jt1\/2026\/03\/img_920x518uu2026-03-25-19-12-15-2429360.jpg\",\"datePublished\":\"2026-03-25T19:20:33+00:00\",\"author\":{\"@id\":\"https:\/\/portaltela.pt\/#\/schema\/person\/c4278d4a6028830caff9ee44b42d32ed\"},\"breadcrumb\":{\"@id\":\"https:\/\/portaltela.pt\/noticias\/2026\/03\/25\/governo-e-cop-destacam-aumento-de-verbas-para-los-angeles-2028\/#breadcrumb\"},\"inLanguage\":\"pt-PT\",\"potentialAction\":[{\"@type\":\"ReadAction\",\"target\":[\"https:\/\/portaltela.pt\/noticias\/2026\/03\/25\/governo-e-cop-destacam-aumento-de-verbas-para-los-angeles-2028\/\"]}]},{\"@type\":\"ImageObject\",\"inLanguage\":\"pt-PT\",\"@id\":\"https:\/\/portaltela.pt\/noticias\/2026\/03\/25\/governo-e-cop-destacam-aumento-de-verbas-para-los-angeles-2028\/#primaryimage\",\"url\":\"https:\/\/portaltela.pt\/s.01k8rhncp4jt1\/2026\/03\/img_920x518uu2026-03-25-19-12-15-2429360.jpg\",\"contentUrl\":\"https:\/\/portaltela.pt\/s.01k8rhncp4jt1\/2026\/03\/img_920x518uu2026-03-25-19-12-15-2429360.jpg\",\"width\":796,\"height\":448,\"caption\":\"Ministra recebeu camisola alusiva a Los Angeles'2028\"},{\"@type\":\"BreadcrumbList\",\"@id\":\"https:\/\/portaltela.pt\/noticias\/2026\/03\/25\/governo-e-cop-destacam-aumento-de-verbas-para-los-angeles-2028\/#breadcrumb\",\"itemListElement\":[{\"@type\":\"ListItem\",\"position\":1,\"name\":\"In\u00edcio\",\"item\":\"https:\/\/portaltela.pt\/\"},{\"@type\":\"ListItem\",\"position\":2,\"name\":\"Governo e COP destacam aumento de verbas para Los Angeles 2028\"}]},{\"@type\":\"WebSite\",\"@id\":\"https:\/\/portaltela.pt\/#website\",\"url\":\"https:\/\/portaltela.pt\/\",\"name\":\"Portal Tela Portugal\",\"description\":\"\",\"potentialAction\":[{\"@type\":\"SearchAction\",\"target\":{\"@type\":\"EntryPoint\",\"urlTemplate\":\"https:\/\/portaltela.pt\/?s={search_term_string}\"},\"query-input\":{\"@type\":\"PropertyValueSpecification\",\"valueRequired\":true,\"valueName\":\"search_term_string\"}}],\"inLanguage\":\"pt-PT\"},{\"@type\":\"Person\",\"@id\":\"https:\/\/portaltela.pt\/#\/schema\/person\/c4278d4a6028830caff9ee44b42d32ed\",\"name\":\"Telinha\",\"image\":{\"@type\":\"ImageObject\",\"inLanguage\":\"pt-PT\",\"@id\":\"https:\/\/portaltela.pt\/s.01k8rhncp4jt1\/2025\/11\/talking-bot-125x125.png\",\"url\":\"https:\/\/portaltela.pt\/s.01k8rhncp4jt1\/2025\/11\/talking-bot-125x125.png\",\"contentUrl\":\"https:\/\/portaltela.pt\/s.01k8rhncp4jt1\/2025\/11\/talking-bot-125x125.png\",\"caption\":\"Telinha\"},\"sameAs\":[\"https:\/\/portaltela.pt\/\"],\"url\":\"https:\/\/portaltela.pt\/por\/367410592786\/\"}]}<\/script>\n<!-- \/ Yoast SEO plugin. -->","yoast_head_json":{"title":"Governo e COP destacam aumento de verbas para Los Angeles 2028 - Portal Tela Portugal","robots":{"index":"index","follow":"follow","max-snippet":"max-snippet:-1","max-image-preview":"max-image-preview:large","max-video-preview":"max-video-preview:-1"},"og_locale":"pt_PT","og_type":"article","og_title":"Governo e COP destacam aumento de verbas para Los Angeles 2028 - Portal Tela Portugal","og_description":"O governo e o Comit\u00e9 Ol\u00edmpico de Portugal assinaram os contratos-programa ol\u00edmpico para Los Angeles'2028, com um refor\u00e7o hist\u00f3rico de financiamento. A ministra Margarida Balseiro Lopes anunciou um aumento de cerca de 30 por cento no financiamento do pr\u00f3ximo ciclo ol\u00edmpico em rela\u00e7\u00e3o a Paris'2024, com 23 milh\u00f5es de euros para ol\u00edmpicos e 30 milh\u00f5es para Los Angeles'2028. O programa j\u00e1 prev\u00ea um investimento de 21,5 milh\u00f5es de euros nas federa\u00e7\u00f5es, com um refor\u00e7o adicional de 5 milh\u00f5es de euros em 2026 para melhorar as condi\u00e7\u00f5es das federa\u00e7\u00f5es. O presidente do Comit\u00e9 Ol\u00edmpico de Portugal, Fernando Gomes, destacou o apoio do governo e o aumento de cerca de 30 por cento face a Paris'2024, totalizando perto de 30 milh\u00f5es de euros de apoio. Gomes sublinhou a cria\u00e7\u00e3o da equipa multidisciplinar do COP para acompanhar atletas, treinadores e federa\u00e7\u00f5es, integrando \u00e1reas como medicina, psicologia e nutri\u00e7\u00e3o.","og_url":"https:\/\/portaltela.pt\/noticias\/2026\/03\/25\/governo-e-cop-destacam-aumento-de-verbas-para-los-angeles-2028\/","og_site_name":"Portal Tela Portugal","article_published_time":"2026-03-25T19:20:33+00:00","author":"Telinha","twitter_card":"summary_large_image","twitter_misc":{"Escrito por":"Telinha","Tempo estimado de leitura":"1 minuto"},"schema":{"@context":"https:\/\/schema.org","@graph":[{"@type":"Article","@id":"https:\/\/portaltela.pt\/noticias\/2026\/03\/25\/governo-e-cop-destacam-aumento-de-verbas-para-los-angeles-2028\/#article","isPartOf":{"@id":"https:\/\/portaltela.pt\/noticias\/2026\/03\/25\/governo-e-cop-destacam-aumento-de-verbas-para-los-angeles-2028\/"},"author":{"name":"Telinha","@id":"https:\/\/portaltela.pt\/#\/schema\/person\/c4278d4a6028830caff9ee44b42d32ed"},"headline":"Governo e COP destacam aumento de verbas para Los Angeles 2028","datePublished":"2026-03-25T19:20:33+00:00","mainEntityOfPage":{"@id":"https:\/\/portaltela.pt\/noticias\/2026\/03\/25\/governo-e-cop-destacam-aumento-de-verbas-para-los-angeles-2028\/"},"wordCount":259,"image":{"@id":"https:\/\/portaltela.pt\/noticias\/2026\/03\/25\/governo-e-cop-destacam-aumento-de-verbas-para-los-angeles-2028\/#primaryimage"},"thumbnailUrl":"https:\/\/portaltela.pt\/s.01k8rhncp4jt1\/2026\/03\/img_920x518uu2026-03-25-19-12-15-2429360.jpg","keywords":["Comit\u00e9 Ol\u00edmpico de Portugal","desporto","federa\u00e7\u00f5es","governo","investimento","Los Angeles"],"articleSection":["Desporto","Futebol"],"inLanguage":"pt-PT"},{"@type":"WebPage","@id":"https:\/\/portaltela.pt\/noticias\/2026\/03\/25\/governo-e-cop-destacam-aumento-de-verbas-para-los-angeles-2028\/","url":"https:\/\/portaltela.pt\/noticias\/2026\/03\/25\/governo-e-cop-destacam-aumento-de-verbas-para-los-angeles-2028\/","name":"Governo e COP destacam aumento de verbas para Los Angeles 2028 - Portal Tela Portugal","isPartOf":{"@id":"https:\/\/portaltela.pt\/#website"},"primaryImageOfPage":{"@id":"https:\/\/portaltela.pt\/noticias\/2026\/03\/25\/governo-e-cop-destacam-aumento-de-verbas-para-los-angeles-2028\/#primaryimage"},"image":{"@id":"https:\/\/portaltela.pt\/noticias\/2026\/03\/25\/governo-e-cop-destacam-aumento-de-verbas-para-los-angeles-2028\/#primaryimage"},"thumbnailUrl":"https:\/\/portaltela.pt\/s.01k8rhncp4jt1\/2026\/03\/img_920x518uu2026-03-25-19-12-15-2429360.jpg","datePublished":"2026-03-25T19:20:33+00:00","author":{"@id":"https:\/\/portaltela.pt\/#\/schema\/person\/c4278d4a6028830caff9ee44b42d32ed"},"breadcrumb":{"@id":"https:\/\/portaltela.pt\/noticias\/2026\/03\/25\/governo-e-cop-destacam-aumento-de-verbas-para-los-angeles-2028\/#breadcrumb"},"inLanguage":"pt-PT","potentialAction":[{"@type":"ReadAction","target":["https:\/\/portaltela.pt\/noticias\/2026\/03\/25\/governo-e-cop-destacam-aumento-de-verbas-para-los-angeles-2028\/"]}]},{"@type":"ImageObject","inLanguage":"pt-PT","@id":"https:\/\/portaltela.pt\/noticias\/2026\/03\/25\/governo-e-cop-destacam-aumento-de-verbas-para-los-angeles-2028\/#primaryimage","url":"https:\/\/portaltela.pt\/s.01k8rhncp4jt1\/2026\/03\/img_920x518uu2026-03-25-19-12-15-2429360.jpg","contentUrl":"https:\/\/portaltela.pt\/s.01k8rhncp4jt1\/2026\/03\/img_920x518uu2026-03-25-19-12-15-2429360.jpg","width":796,"height":448,"caption":"Ministra recebeu camisola alusiva a Los Angeles'2028"},{"@type":"BreadcrumbList","@id":"https:\/\/portaltela.pt\/noticias\/2026\/03\/25\/governo-e-cop-destacam-aumento-de-verbas-para-los-angeles-2028\/#breadcrumb","itemListElement":[{"@type":"ListItem","position":1,"name":"In\u00edcio","item":"https:\/\/portaltela.pt\/"},{"@type":"ListItem","position":2,"name":"Governo e COP destacam aumento de verbas para Los Angeles 2028"}]},{"@type":"WebSite","@id":"https:\/\/portaltela.pt\/#website","url":"https:\/\/portaltela.pt\/","name":"Portal Tela Portugal","description":"","potentialAction":[{"@type":"SearchAction","target":{"@type":"EntryPoint","urlTemplate":"https:\/\/portaltela.pt\/?s={search_term_string}"},"query-input":{"@type":"PropertyValueSpecification","valueRequired":true,"valueName":"search_term_string"}}],"inLanguage":"pt-PT"},{"@type":"Person","@id":"https:\/\/portaltela.pt\/#\/schema\/person\/c4278d4a6028830caff9ee44b42d32ed","name":"Telinha","image":{"@type":"ImageObject","inLanguage":"pt-PT","@id":"https:\/\/portaltela.pt\/s.01k8rhncp4jt1\/2025\/11\/talking-bot-125x125.png","url":"https:\/\/portaltela.pt\/s.01k8rhncp4jt1\/2025\/11\/talking-bot-125x125.png","contentUrl":"https:\/\/portaltela.pt\/s.01k8rhncp4jt1\/2025\/11\/talking-bot-125x125.png","caption":"Telinha"},"sameAs":["https:\/\/portaltela.pt\/"],"url":"https:\/\/portaltela.pt\/por\/367410592786\/"}]}},"_links":{"self":[{"href":"https:\/\/portaltela.pt\/api\/wp\/v2\/posts\/421428","targetHints":{"allow":["GET"]}}],"collection":[{"href":"https:\/\/portaltela.pt\/api\/wp\/v2\/posts"}],"about":[{"href":"https:\/\/portaltela.pt\/api\/wp\/v2\/types\/post"}],"author":[{"embeddable":true,"href":"https:\/\/portaltela.pt\/api\/wp\/v2\/users\/2"}],"replies":[{"embeddable":true,"href":"https:\/\/portaltela.pt\/api\/wp\/v2\/comments?post=421428"}],"version-history":[{"count":0,"href":"https:\/\/portaltela.pt\/api\/wp\/v2\/posts\/421428\/revisions"}],"wp:featuredmedia":[{"embeddable":true,"href":"https:\/\/portaltela.pt\/api\/wp\/v2\/media\/421432"}],"wp:attachment":[{"href":"https:\/\/portaltela.pt\/api\/wp\/v2\/media?parent=421428"}],"wp:term":[{"taxonomy":"category","embeddable":true,"href":"https:\/\/portaltela.pt\/api\/wp\/v2\/categories?post=421428"},{"taxonomy":"post_tag","embeddable":true,"href":"https:\/\/portaltela.pt\/api\/wp\/v2\/tags?post=421428"}],"curies":[{"name":"wp","href":"https:\/\/api.w.org\/{rel}","templated":true}]}}