{"id":421427,"date":"2026-03-25T16:30:00","date_gmt":"2026-03-25T19:30:00","guid":{"rendered":"https:\/\/portaltela.pt\/noticias\/2026\/03\/25\/meghan-markle-nao-quer-o-principe-andre-por-perto\/"},"modified":"2026-03-25T16:30:00","modified_gmt":"2026-03-25T19:30:00","slug":"meghan-markle-nao-quer-o-principe-andre-por-perto","status":"publish","type":"post","link":"https:\/\/portaltela.pt\/celebridades\/2026\/03\/25\/meghan-markle-nao-quer-o-principe-andre-por-perto\/","title":{"rendered":"Meghan Markle n\u00e3o quer o pr\u00edncipe Andr\u00e9 por perto"},"content":{"rendered":"<p>Meghan Markle n\u00e3o quer ter o tio de Harry por perto. A Duquesa de Sussex rejeita qualquer aproxima\u00e7\u00e3o de Prince Andrew, em meio aos seus constrangimentos recentes e ao impacto na imagem da fam\u00edlia.<\/p>\n<p>Fontes pr\u00f3ximas \u00e0 casa real afirmam que Andrew planeia uma poss\u00edvel aproxima\u00e7\u00e3o com Harry, que tamb\u00e9m se afastou da fam\u00edlia. O objetivo seria reatar rela\u00e7\u00f5es, segundo o jornal Express.<\/p>\n<p>A informante diz ainda que Meghan considera a proximidade de Andrew prejudicial para a marca associada a ela e a Harry, chamada de As Ever, lan\u00e7ada pela dupla.<\/p>\n<p>Contexto: Harry deixou de ser membro ativo da fam\u00edlia real em 2020, para viver na Calif\u00f3rnia. Andrew perdeu os t\u00edtulos reais no ano passado, devido aos la\u00e7os com Jeffrey Epstein.<\/p>\n<p>O relat\u00f3rio cita ainda que a situa\u00e7\u00e3o complexifica a imagem p\u00fablica da fam\u00edlia, especialmente em momentos de maior aten\u00e7\u00e3o aos royals brit\u00e2nicos.<\/p>\n","protected":false},"excerpt":{"rendered":"<ul>\n<li>Meghan Markle n\u00e3o quer Andr\u00e9 Mountbatten-Windsor por perto, recusando qualquer aproxima\u00e7\u00e3o entre ele e o marido, Harry.<\/li>\n<li>Fontes citadas pelo jornal Express dizem que Andr\u00e9 sonha reaproximar-se de Harry, que tamb\u00e9m est\u00e1 afastado da fam\u00edlia.<\/li>\n<li>Meghan afirma que a proximidade de Andr\u00e9 prejudicaria o prest\u00edgio da marca As Ever.<\/li>\n<li>Harry deixou de ser membro ativo da fam\u00edlia real em 2020 e mudou-se para a Calif\u00f3rnia; Andr\u00e9 perdeu os t\u00edtulos reais no ano passado.<\/li>\n<li>A not\u00edcia baseia-se em informa\u00e7\u00f5es de fontes do Express.<\/li>\n<\/ul>\n","protected":false},"author":2,"featured_media":421430,"comment_status":"closed","ping_status":"closed","sticky":false,"template":"","format":"standard","meta":{"footnotes":""},"categories":[6675],"tags":[1469,5514,64,5661,3562,2111],"class_list":["post-421427","post","type-post","status-publish","format-standard","has-post-thumbnail","hentry","category-celebridades","tag-desinformacao","tag-escandalos","tag-familia","tag-pessoas-publicas","tag-privacidade","tag-reino-unido"],"yoast_head":"<!-- This site is optimized with the Yoast SEO plugin v27.2 - https:\/\/yoast.com\/product\/yoast-seo-wordpress\/ -->\n<title>Meghan Markle n\u00e3o quer o pr\u00edncipe Andr\u00e9 por perto - Portal Tela Portugal<\/title>\n<meta name=\"robots\" content=\"index, follow, max-snippet:-1, max-image-preview:large, max-video-preview:-1\" \/>\n<meta property=\"og:locale\" content=\"pt_PT\" \/>\n<meta property=\"og:type\" content=\"article\" \/>\n<meta property=\"og:title\" content=\"Meghan Markle n\u00e3o quer o pr\u00edncipe Andr\u00e9 por perto - Portal Tela Portugal\" \/>\n<meta property=\"og:description\" content=\"Meghan Markle n\u00e3o quer Andr\u00e9 Mountbatten-Windsor por perto, recusando qualquer aproxima\u00e7\u00e3o entre ele e o marido, Harry. Fontes citadas pelo jornal Express dizem que Andr\u00e9 sonha reaproximar-se de Harry, que tamb\u00e9m est\u00e1 afastado da fam\u00edlia. Meghan afirma que a proximidade de Andr\u00e9 prejudicaria o prest\u00edgio da marca As Ever. Harry deixou de ser membro ativo da fam\u00edlia real em 2020 e mudou-se para a Calif\u00f3rnia; Andr\u00e9 perdeu os t\u00edtulos reais no ano passado. A not\u00edcia baseia-se em informa\u00e7\u00f5es de fontes do Express.\" \/>\n<meta property=\"og:url\" content=\"https:\/\/portaltela.pt\/noticias\/2026\/03\/25\/meghan-markle-nao-quer-o-principe-andre-por-perto\/\" \/>\n<meta property=\"og:site_name\" content=\"Portal Tela Portugal\" \/>\n<meta property=\"article:published_time\" content=\"2026-03-25T19:30:00+00:00\" \/>\n<meta name=\"author\" content=\"Telinha\" \/>\n<meta name=\"twitter:card\" content=\"summary_large_image\" \/>\n<meta name=\"twitter:label1\" content=\"Escrito por\" \/>\n\t<meta name=\"twitter:data1\" content=\"Telinha\" \/>\n\t<meta name=\"twitter:label2\" content=\"Tempo estimado de leitura\" \/>\n\t<meta name=\"twitter:data2\" content=\"1 minuto\" \/>\n<script type=\"application\/ld+json\" class=\"yoast-schema-graph\">{\"@context\":\"https:\/\/schema.org\",\"@graph\":[{\"@type\":\"Article\",\"@id\":\"https:\/\/portaltela.pt\/noticias\/2026\/03\/25\/meghan-markle-nao-quer-o-principe-andre-por-perto\/#article\",\"isPartOf\":{\"@id\":\"https:\/\/portaltela.pt\/noticias\/2026\/03\/25\/meghan-markle-nao-quer-o-principe-andre-por-perto\/\"},\"author\":{\"name\":\"Telinha\",\"@id\":\"https:\/\/portaltela.pt\/#\/schema\/person\/c4278d4a6028830caff9ee44b42d32ed\"},\"headline\":\"Meghan Markle n\u00e3o quer o pr\u00edncipe Andr\u00e9 por perto\",\"datePublished\":\"2026-03-25T19:30:00+00:00\",\"mainEntityOfPage\":{\"@id\":\"https:\/\/portaltela.pt\/noticias\/2026\/03\/25\/meghan-markle-nao-quer-o-principe-andre-por-perto\/\"},\"wordCount\":172,\"image\":{\"@id\":\"https:\/\/portaltela.pt\/noticias\/2026\/03\/25\/meghan-markle-nao-quer-o-principe-andre-por-perto\/#primaryimage\"},\"thumbnailUrl\":\"https:\/\/portaltela.pt\/s.01k8rhncp4jt1\/2026\/03\/img_1280x718uu2026-01-07-21-00-34-2258686-im-639034165189612839.jpg\",\"keywords\":[\"desinforma\u00e7\u00e3o\",\"esc\u00e2ndalos\",\"fam\u00edlia\",\"pessoas p\u00fablicas\",\"privacidade\",\"Reino Unido\"],\"articleSection\":[\"Celebridades\"],\"inLanguage\":\"pt-PT\"},{\"@type\":\"WebPage\",\"@id\":\"https:\/\/portaltela.pt\/noticias\/2026\/03\/25\/meghan-markle-nao-quer-o-principe-andre-por-perto\/\",\"url\":\"https:\/\/portaltela.pt\/noticias\/2026\/03\/25\/meghan-markle-nao-quer-o-principe-andre-por-perto\/\",\"name\":\"Meghan Markle n\u00e3o quer o pr\u00edncipe Andr\u00e9 por perto - Portal Tela Portugal\",\"isPartOf\":{\"@id\":\"https:\/\/portaltela.pt\/#website\"},\"primaryImageOfPage\":{\"@id\":\"https:\/\/portaltela.pt\/noticias\/2026\/03\/25\/meghan-markle-nao-quer-o-principe-andre-por-perto\/#primaryimage\"},\"image\":{\"@id\":\"https:\/\/portaltela.pt\/noticias\/2026\/03\/25\/meghan-markle-nao-quer-o-principe-andre-por-perto\/#primaryimage\"},\"thumbnailUrl\":\"https:\/\/portaltela.pt\/s.01k8rhncp4jt1\/2026\/03\/img_1280x718uu2026-01-07-21-00-34-2258686-im-639034165189612839.jpg\",\"datePublished\":\"2026-03-25T19:30:00+00:00\",\"author\":{\"@id\":\"https:\/\/portaltela.pt\/#\/schema\/person\/c4278d4a6028830caff9ee44b42d32ed\"},\"breadcrumb\":{\"@id\":\"https:\/\/portaltela.pt\/noticias\/2026\/03\/25\/meghan-markle-nao-quer-o-principe-andre-por-perto\/#breadcrumb\"},\"inLanguage\":\"pt-PT\",\"potentialAction\":[{\"@type\":\"ReadAction\",\"target\":[\"https:\/\/portaltela.pt\/noticias\/2026\/03\/25\/meghan-markle-nao-quer-o-principe-andre-por-perto\/\"]}]},{\"@type\":\"ImageObject\",\"inLanguage\":\"pt-PT\",\"@id\":\"https:\/\/portaltela.pt\/noticias\/2026\/03\/25\/meghan-markle-nao-quer-o-principe-andre-por-perto\/#primaryimage\",\"url\":\"https:\/\/portaltela.pt\/s.01k8rhncp4jt1\/2026\/03\/img_1280x718uu2026-01-07-21-00-34-2258686-im-639034165189612839.jpg\",\"contentUrl\":\"https:\/\/portaltela.pt\/s.01k8rhncp4jt1\/2026\/03\/img_1280x718uu2026-01-07-21-00-34-2258686-im-639034165189612839.jpg\",\"width\":796,\"height\":448,\"caption\":\"Meghan Markle e o pr\u00edncipe Harry enfrentam receios de seguran\u00e7a no Reino Unido\"},{\"@type\":\"BreadcrumbList\",\"@id\":\"https:\/\/portaltela.pt\/noticias\/2026\/03\/25\/meghan-markle-nao-quer-o-principe-andre-por-perto\/#breadcrumb\",\"itemListElement\":[{\"@type\":\"ListItem\",\"position\":1,\"name\":\"In\u00edcio\",\"item\":\"https:\/\/portaltela.pt\/\"},{\"@type\":\"ListItem\",\"position\":2,\"name\":\"Meghan Markle n\u00e3o quer o pr\u00edncipe Andr\u00e9 por perto\"}]},{\"@type\":\"WebSite\",\"@id\":\"https:\/\/portaltela.pt\/#website\",\"url\":\"https:\/\/portaltela.pt\/\",\"name\":\"Portal Tela Portugal\",\"description\":\"\",\"potentialAction\":[{\"@type\":\"SearchAction\",\"target\":{\"@type\":\"EntryPoint\",\"urlTemplate\":\"https:\/\/portaltela.pt\/?s={search_term_string}\"},\"query-input\":{\"@type\":\"PropertyValueSpecification\",\"valueRequired\":true,\"valueName\":\"search_term_string\"}}],\"inLanguage\":\"pt-PT\"},{\"@type\":\"Person\",\"@id\":\"https:\/\/portaltela.pt\/#\/schema\/person\/c4278d4a6028830caff9ee44b42d32ed\",\"name\":\"Telinha\",\"image\":{\"@type\":\"ImageObject\",\"inLanguage\":\"pt-PT\",\"@id\":\"https:\/\/portaltela.pt\/s.01k8rhncp4jt1\/2025\/11\/talking-bot-125x125.png\",\"url\":\"https:\/\/portaltela.pt\/s.01k8rhncp4jt1\/2025\/11\/talking-bot-125x125.png\",\"contentUrl\":\"https:\/\/portaltela.pt\/s.01k8rhncp4jt1\/2025\/11\/talking-bot-125x125.png\",\"caption\":\"Telinha\"},\"sameAs\":[\"https:\/\/portaltela.pt\/\"],\"url\":\"https:\/\/portaltela.pt\/por\/367410592786\/\"}]}<\/script>\n<!-- \/ Yoast SEO plugin. -->","yoast_head_json":{"title":"Meghan Markle n\u00e3o quer o pr\u00edncipe Andr\u00e9 por perto - Portal Tela Portugal","robots":{"index":"index","follow":"follow","max-snippet":"max-snippet:-1","max-image-preview":"max-image-preview:large","max-video-preview":"max-video-preview:-1"},"og_locale":"pt_PT","og_type":"article","og_title":"Meghan Markle n\u00e3o quer o pr\u00edncipe Andr\u00e9 por perto - Portal Tela Portugal","og_description":"Meghan Markle n\u00e3o quer Andr\u00e9 Mountbatten-Windsor por perto, recusando qualquer aproxima\u00e7\u00e3o entre ele e o marido, Harry. Fontes citadas pelo jornal Express dizem que Andr\u00e9 sonha reaproximar-se de Harry, que tamb\u00e9m est\u00e1 afastado da fam\u00edlia. Meghan afirma que a proximidade de Andr\u00e9 prejudicaria o prest\u00edgio da marca As Ever. Harry deixou de ser membro ativo da fam\u00edlia real em 2020 e mudou-se para a Calif\u00f3rnia; Andr\u00e9 perdeu os t\u00edtulos reais no ano passado. A not\u00edcia baseia-se em informa\u00e7\u00f5es de fontes do Express.","og_url":"https:\/\/portaltela.pt\/noticias\/2026\/03\/25\/meghan-markle-nao-quer-o-principe-andre-por-perto\/","og_site_name":"Portal Tela Portugal","article_published_time":"2026-03-25T19:30:00+00:00","author":"Telinha","twitter_card":"summary_large_image","twitter_misc":{"Escrito por":"Telinha","Tempo estimado de leitura":"1 minuto"},"schema":{"@context":"https:\/\/schema.org","@graph":[{"@type":"Article","@id":"https:\/\/portaltela.pt\/noticias\/2026\/03\/25\/meghan-markle-nao-quer-o-principe-andre-por-perto\/#article","isPartOf":{"@id":"https:\/\/portaltela.pt\/noticias\/2026\/03\/25\/meghan-markle-nao-quer-o-principe-andre-por-perto\/"},"author":{"name":"Telinha","@id":"https:\/\/portaltela.pt\/#\/schema\/person\/c4278d4a6028830caff9ee44b42d32ed"},"headline":"Meghan Markle n\u00e3o quer o pr\u00edncipe Andr\u00e9 por perto","datePublished":"2026-03-25T19:30:00+00:00","mainEntityOfPage":{"@id":"https:\/\/portaltela.pt\/noticias\/2026\/03\/25\/meghan-markle-nao-quer-o-principe-andre-por-perto\/"},"wordCount":172,"image":{"@id":"https:\/\/portaltela.pt\/noticias\/2026\/03\/25\/meghan-markle-nao-quer-o-principe-andre-por-perto\/#primaryimage"},"thumbnailUrl":"https:\/\/portaltela.pt\/s.01k8rhncp4jt1\/2026\/03\/img_1280x718uu2026-01-07-21-00-34-2258686-im-639034165189612839.jpg","keywords":["desinforma\u00e7\u00e3o","esc\u00e2ndalos","fam\u00edlia","pessoas p\u00fablicas","privacidade","Reino Unido"],"articleSection":["Celebridades"],"inLanguage":"pt-PT"},{"@type":"WebPage","@id":"https:\/\/portaltela.pt\/noticias\/2026\/03\/25\/meghan-markle-nao-quer-o-principe-andre-por-perto\/","url":"https:\/\/portaltela.pt\/noticias\/2026\/03\/25\/meghan-markle-nao-quer-o-principe-andre-por-perto\/","name":"Meghan Markle n\u00e3o quer o pr\u00edncipe Andr\u00e9 por perto - Portal Tela Portugal","isPartOf":{"@id":"https:\/\/portaltela.pt\/#website"},"primaryImageOfPage":{"@id":"https:\/\/portaltela.pt\/noticias\/2026\/03\/25\/meghan-markle-nao-quer-o-principe-andre-por-perto\/#primaryimage"},"image":{"@id":"https:\/\/portaltela.pt\/noticias\/2026\/03\/25\/meghan-markle-nao-quer-o-principe-andre-por-perto\/#primaryimage"},"thumbnailUrl":"https:\/\/portaltela.pt\/s.01k8rhncp4jt1\/2026\/03\/img_1280x718uu2026-01-07-21-00-34-2258686-im-639034165189612839.jpg","datePublished":"2026-03-25T19:30:00+00:00","author":{"@id":"https:\/\/portaltela.pt\/#\/schema\/person\/c4278d4a6028830caff9ee44b42d32ed"},"breadcrumb":{"@id":"https:\/\/portaltela.pt\/noticias\/2026\/03\/25\/meghan-markle-nao-quer-o-principe-andre-por-perto\/#breadcrumb"},"inLanguage":"pt-PT","potentialAction":[{"@type":"ReadAction","target":["https:\/\/portaltela.pt\/noticias\/2026\/03\/25\/meghan-markle-nao-quer-o-principe-andre-por-perto\/"]}]},{"@type":"ImageObject","inLanguage":"pt-PT","@id":"https:\/\/portaltela.pt\/noticias\/2026\/03\/25\/meghan-markle-nao-quer-o-principe-andre-por-perto\/#primaryimage","url":"https:\/\/portaltela.pt\/s.01k8rhncp4jt1\/2026\/03\/img_1280x718uu2026-01-07-21-00-34-2258686-im-639034165189612839.jpg","contentUrl":"https:\/\/portaltela.pt\/s.01k8rhncp4jt1\/2026\/03\/img_1280x718uu2026-01-07-21-00-34-2258686-im-639034165189612839.jpg","width":796,"height":448,"caption":"Meghan Markle e o pr\u00edncipe Harry enfrentam receios de seguran\u00e7a no Reino Unido"},{"@type":"BreadcrumbList","@id":"https:\/\/portaltela.pt\/noticias\/2026\/03\/25\/meghan-markle-nao-quer-o-principe-andre-por-perto\/#breadcrumb","itemListElement":[{"@type":"ListItem","position":1,"name":"In\u00edcio","item":"https:\/\/portaltela.pt\/"},{"@type":"ListItem","position":2,"name":"Meghan Markle n\u00e3o quer o pr\u00edncipe Andr\u00e9 por perto"}]},{"@type":"WebSite","@id":"https:\/\/portaltela.pt\/#website","url":"https:\/\/portaltela.pt\/","name":"Portal Tela Portugal","description":"","potentialAction":[{"@type":"SearchAction","target":{"@type":"EntryPoint","urlTemplate":"https:\/\/portaltela.pt\/?s={search_term_string}"},"query-input":{"@type":"PropertyValueSpecification","valueRequired":true,"valueName":"search_term_string"}}],"inLanguage":"pt-PT"},{"@type":"Person","@id":"https:\/\/portaltela.pt\/#\/schema\/person\/c4278d4a6028830caff9ee44b42d32ed","name":"Telinha","image":{"@type":"ImageObject","inLanguage":"pt-PT","@id":"https:\/\/portaltela.pt\/s.01k8rhncp4jt1\/2025\/11\/talking-bot-125x125.png","url":"https:\/\/portaltela.pt\/s.01k8rhncp4jt1\/2025\/11\/talking-bot-125x125.png","contentUrl":"https:\/\/portaltela.pt\/s.01k8rhncp4jt1\/2025\/11\/talking-bot-125x125.png","caption":"Telinha"},"sameAs":["https:\/\/portaltela.pt\/"],"url":"https:\/\/portaltela.pt\/por\/367410592786\/"}]}},"_links":{"self":[{"href":"https:\/\/portaltela.pt\/api\/wp\/v2\/posts\/421427","targetHints":{"allow":["GET"]}}],"collection":[{"href":"https:\/\/portaltela.pt\/api\/wp\/v2\/posts"}],"about":[{"href":"https:\/\/portaltela.pt\/api\/wp\/v2\/types\/post"}],"author":[{"embeddable":true,"href":"https:\/\/portaltela.pt\/api\/wp\/v2\/users\/2"}],"replies":[{"embeddable":true,"href":"https:\/\/portaltela.pt\/api\/wp\/v2\/comments?post=421427"}],"version-history":[{"count":0,"href":"https:\/\/portaltela.pt\/api\/wp\/v2\/posts\/421427\/revisions"}],"wp:featuredmedia":[{"embeddable":true,"href":"https:\/\/portaltela.pt\/api\/wp\/v2\/media\/421430"}],"wp:attachment":[{"href":"https:\/\/portaltela.pt\/api\/wp\/v2\/media?parent=421427"}],"wp:term":[{"taxonomy":"category","embeddable":true,"href":"https:\/\/portaltela.pt\/api\/wp\/v2\/categories?post=421427"},{"taxonomy":"post_tag","embeddable":true,"href":"https:\/\/portaltela.pt\/api\/wp\/v2\/tags?post=421427"}],"curies":[{"name":"wp","href":"https:\/\/api.w.org\/{rel}","templated":true}]}}