{"id":421426,"date":"2026-03-25T16:18:11","date_gmt":"2026-03-25T19:18:11","guid":{"rendered":"https:\/\/portaltela.pt\/noticias\/2026\/03\/25\/ministra-da-saude-aposta-em-previsibilidade-com-urgencia-regional-em-setubal\/"},"modified":"2026-03-25T16:18:11","modified_gmt":"2026-03-25T19:18:11","slug":"ministra-da-saude-aposta-em-previsibilidade-com-urgencia-regional-em-setubal","status":"publish","type":"post","link":"https:\/\/portaltela.pt\/saude\/2026\/03\/25\/ministra-da-saude-aposta-em-previsibilidade-com-urgencia-regional-em-setubal\/","title":{"rendered":"Ministra da Sa\u00fade aposta em previsibilidade com urg\u00eancia regional em Set\u00fabal"},"content":{"rendered":"<p>A ministra da Sa\u00fade, Ana Paula Martins, anunciou a abertura da urg\u00eancia regional de Ginecologia e Obstetr\u00edcia da Pen\u00ednsula de Set\u00fabal para o dia 15 de abril. O novo servi\u00e7o funcionar\u00e1 de forma centralizada em dois polos: no Hospital Garcia de Orta, em Almada, e no Hospital de S\u00e3o Bernardo, em Set\u00fabal. A medida visa aumentar a previsibilidade, a seguran\u00e7a e a capacidade de resposta.<\/p>\n<p>Segundo a governante, a mudan\u00e7a resulta de necessidades hist\u00f3ricas da regi\u00e3o, com refor\u00e7o de equipas e recursos para manter a urg\u00eancia aberta 24 horas por dia. O objetivo \u00e9 disponibilizar uma rede de apoio perinatal mais robusta, especialmente para situa\u00e7\u00f5es de gravidade e de prematuridade.<\/p>\n<p>A implementa\u00e7\u00e3o envolve reorganizar recursos cl\u00ednicos e organizacionais, concentrando servi\u00e7os para garantir maior seguran\u00e7a \u00e0s gr\u00e1vidas e previsibilidade de atendimento. O objetivo \u00e9 ter equipas com n\u00famero suficiente de profissionais, incluindo anestesia e neonatologia, para funcionamento cont\u00ednuo.<\/p>\n<h3>Estrutura e funcionamento<\/h3>\n<p>A partir de 15 de abril, a urg\u00eancia regional de Ginecologia e Obstetr\u00edcia funcionar\u00e1 de forma integrada, com duas unidades coordenadas entre Almada e Set\u00fabal. A ministra destacou que o trabalho cont\u00ednuo nas unidades locais n\u00e3o foi encerrado; apenas houve reorganiza\u00e7\u00e3o de recursos.<\/p>\n","protected":false},"excerpt":{"rendered":"<ul>\n<li>A urg\u00eancia regional de Ginecologia e Obstetr\u00edcia da Pen\u00ednsula de Set\u00fabal abre a 15 de abril.<\/li>\n<li>Vai funcionar em dois polos: no Hospital Garcia de Orta, em Almada, e no Hospital de S\u00e3o Bernardo, em Set\u00fabal.<\/li>\n<li>A ministra da Sa\u00fade, Ana Paula Martins, disse que a mudan\u00e7a visa maior previsibilidade e seguran\u00e7a para as gr\u00e1vidas.<\/li>\n<li>A governante destacou dificuldades na regi\u00e3o, incluindo o Barreiro, onde a unidade esteve fechada durante dois anos, sem encerrar maternidades.<\/li>\n<li>O objetivo \u00e9 partilhar recursos e refor\u00e7ar equipas, para manter a urg\u00eancia aberta 24 horas, com foco em situa\u00e7\u00f5es complexas e prematuridade.<\/li>\n<\/ul>\n","protected":false},"author":2,"featured_media":421434,"comment_status":"closed","ping_status":"closed","sticky":false,"template":"","format":"standard","meta":{"footnotes":""},"categories":[1,6745],"tags":[1373,6312,1402,172,994,1899],"class_list":["post-421426","post","type-post","status-publish","format-standard","has-post-thumbnail","hentry","category-noticias","category-saude","tag-almada","tag-ginecologia","tag-obstetricia","tag-saude","tag-setubal","tag-urgencias"],"yoast_head":"<!-- This site is optimized with the Yoast SEO plugin v27.2 - https:\/\/yoast.com\/product\/yoast-seo-wordpress\/ -->\n<title>Ministra da Sa\u00fade aposta em previsibilidade com urg\u00eancia regional em Set\u00fabal - Portal Tela Portugal<\/title>\n<meta name=\"robots\" content=\"index, follow, max-snippet:-1, max-image-preview:large, max-video-preview:-1\" \/>\n<meta property=\"og:locale\" content=\"pt_PT\" \/>\n<meta property=\"og:type\" content=\"article\" \/>\n<meta property=\"og:title\" content=\"Ministra da Sa\u00fade aposta em previsibilidade com urg\u00eancia regional em Set\u00fabal - Portal Tela Portugal\" \/>\n<meta property=\"og:description\" content=\"A urg\u00eancia regional de Ginecologia e Obstetr\u00edcia da Pen\u00ednsula de Set\u00fabal abre a 15 de abril. Vai funcionar em dois polos: no Hospital Garcia de Orta, em Almada, e no Hospital de S\u00e3o Bernardo, em Set\u00fabal. A ministra da Sa\u00fade, Ana Paula Martins, disse que a mudan\u00e7a visa maior previsibilidade e seguran\u00e7a para as gr\u00e1vidas. A governante destacou dificuldades na regi\u00e3o, incluindo o Barreiro, onde a unidade esteve fechada durante dois anos, sem encerrar maternidades. O objetivo \u00e9 partilhar recursos e refor\u00e7ar equipas, para manter a urg\u00eancia aberta 24 horas, com foco em situa\u00e7\u00f5es complexas e prematuridade.\" \/>\n<meta property=\"og:url\" content=\"https:\/\/portaltela.pt\/noticias\/2026\/03\/25\/ministra-da-saude-aposta-em-previsibilidade-com-urgencia-regional-em-setubal\/\" \/>\n<meta property=\"og:site_name\" content=\"Portal Tela Portugal\" \/>\n<meta property=\"article:published_time\" content=\"2026-03-25T19:18:11+00:00\" \/>\n<meta name=\"author\" content=\"Telinha\" \/>\n<meta name=\"twitter:card\" content=\"summary_large_image\" \/>\n<meta name=\"twitter:label1\" content=\"Escrito por\" \/>\n\t<meta name=\"twitter:data1\" content=\"Telinha\" \/>\n\t<meta name=\"twitter:label2\" content=\"Tempo estimado de leitura\" \/>\n\t<meta name=\"twitter:data2\" content=\"1 minuto\" \/>\n<script type=\"application\/ld+json\" class=\"yoast-schema-graph\">{\"@context\":\"https:\/\/schema.org\",\"@graph\":[{\"@type\":\"Article\",\"@id\":\"https:\/\/portaltela.pt\/noticias\/2026\/03\/25\/ministra-da-saude-aposta-em-previsibilidade-com-urgencia-regional-em-setubal\/#article\",\"isPartOf\":{\"@id\":\"https:\/\/portaltela.pt\/noticias\/2026\/03\/25\/ministra-da-saude-aposta-em-previsibilidade-com-urgencia-regional-em-setubal\/\"},\"author\":{\"name\":\"Telinha\",\"@id\":\"https:\/\/portaltela.pt\/#\/schema\/person\/c4278d4a6028830caff9ee44b42d32ed\"},\"headline\":\"Ministra da Sa\u00fade aposta em previsibilidade com urg\u00eancia regional em Set\u00fabal\",\"datePublished\":\"2026-03-25T19:18:11+00:00\",\"mainEntityOfPage\":{\"@id\":\"https:\/\/portaltela.pt\/noticias\/2026\/03\/25\/ministra-da-saude-aposta-em-previsibilidade-com-urgencia-regional-em-setubal\/\"},\"wordCount\":230,\"image\":{\"@id\":\"https:\/\/portaltela.pt\/noticias\/2026\/03\/25\/ministra-da-saude-aposta-em-previsibilidade-com-urgencia-regional-em-setubal\/#primaryimage\"},\"thumbnailUrl\":\"https:\/\/portaltela.pt\/s.01k8rhncp4jt1\/2026\/03\/img_1500x1000uu2024-11-12-18-28-34-2176944.jpg\",\"keywords\":[\"Almada\",\"ginecologia\",\"Obstetr\u00edcia\",\"sa\u00fade\",\"Set\u00fabal\",\"urg\u00eancias\"],\"articleSection\":[\"Not\u00edcias\",\"Sa\u00fade\"],\"inLanguage\":\"pt-PT\"},{\"@type\":\"WebPage\",\"@id\":\"https:\/\/portaltela.pt\/noticias\/2026\/03\/25\/ministra-da-saude-aposta-em-previsibilidade-com-urgencia-regional-em-setubal\/\",\"url\":\"https:\/\/portaltela.pt\/noticias\/2026\/03\/25\/ministra-da-saude-aposta-em-previsibilidade-com-urgencia-regional-em-setubal\/\",\"name\":\"Ministra da Sa\u00fade aposta em previsibilidade com urg\u00eancia regional em Set\u00fabal - Portal Tela Portugal\",\"isPartOf\":{\"@id\":\"https:\/\/portaltela.pt\/#website\"},\"primaryImageOfPage\":{\"@id\":\"https:\/\/portaltela.pt\/noticias\/2026\/03\/25\/ministra-da-saude-aposta-em-previsibilidade-com-urgencia-regional-em-setubal\/#primaryimage\"},\"image\":{\"@id\":\"https:\/\/portaltela.pt\/noticias\/2026\/03\/25\/ministra-da-saude-aposta-em-previsibilidade-com-urgencia-regional-em-setubal\/#primaryimage\"},\"thumbnailUrl\":\"https:\/\/portaltela.pt\/s.01k8rhncp4jt1\/2026\/03\/img_1500x1000uu2024-11-12-18-28-34-2176944.jpg\",\"datePublished\":\"2026-03-25T19:18:11+00:00\",\"author\":{\"@id\":\"https:\/\/portaltela.pt\/#\/schema\/person\/c4278d4a6028830caff9ee44b42d32ed\"},\"breadcrumb\":{\"@id\":\"https:\/\/portaltela.pt\/noticias\/2026\/03\/25\/ministra-da-saude-aposta-em-previsibilidade-com-urgencia-regional-em-setubal\/#breadcrumb\"},\"inLanguage\":\"pt-PT\",\"potentialAction\":[{\"@type\":\"ReadAction\",\"target\":[\"https:\/\/portaltela.pt\/noticias\/2026\/03\/25\/ministra-da-saude-aposta-em-previsibilidade-com-urgencia-regional-em-setubal\/\"]}]},{\"@type\":\"ImageObject\",\"inLanguage\":\"pt-PT\",\"@id\":\"https:\/\/portaltela.pt\/noticias\/2026\/03\/25\/ministra-da-saude-aposta-em-previsibilidade-com-urgencia-regional-em-setubal\/#primaryimage\",\"url\":\"https:\/\/portaltela.pt\/s.01k8rhncp4jt1\/2026\/03\/img_1500x1000uu2024-11-12-18-28-34-2176944.jpg\",\"contentUrl\":\"https:\/\/portaltela.pt\/s.01k8rhncp4jt1\/2026\/03\/img_1500x1000uu2024-11-12-18-28-34-2176944.jpg\",\"width\":796,\"height\":448,\"caption\":\"Ana Paula Martins\"},{\"@type\":\"BreadcrumbList\",\"@id\":\"https:\/\/portaltela.pt\/noticias\/2026\/03\/25\/ministra-da-saude-aposta-em-previsibilidade-com-urgencia-regional-em-setubal\/#breadcrumb\",\"itemListElement\":[{\"@type\":\"ListItem\",\"position\":1,\"name\":\"In\u00edcio\",\"item\":\"https:\/\/portaltela.pt\/\"},{\"@type\":\"ListItem\",\"position\":2,\"name\":\"Ministra da Sa\u00fade aposta em previsibilidade com urg\u00eancia regional em Set\u00fabal\"}]},{\"@type\":\"WebSite\",\"@id\":\"https:\/\/portaltela.pt\/#website\",\"url\":\"https:\/\/portaltela.pt\/\",\"name\":\"Portal Tela Portugal\",\"description\":\"\",\"potentialAction\":[{\"@type\":\"SearchAction\",\"target\":{\"@type\":\"EntryPoint\",\"urlTemplate\":\"https:\/\/portaltela.pt\/?s={search_term_string}\"},\"query-input\":{\"@type\":\"PropertyValueSpecification\",\"valueRequired\":true,\"valueName\":\"search_term_string\"}}],\"inLanguage\":\"pt-PT\"},{\"@type\":\"Person\",\"@id\":\"https:\/\/portaltela.pt\/#\/schema\/person\/c4278d4a6028830caff9ee44b42d32ed\",\"name\":\"Telinha\",\"image\":{\"@type\":\"ImageObject\",\"inLanguage\":\"pt-PT\",\"@id\":\"https:\/\/portaltela.pt\/s.01k8rhncp4jt1\/2025\/11\/talking-bot-125x125.png\",\"url\":\"https:\/\/portaltela.pt\/s.01k8rhncp4jt1\/2025\/11\/talking-bot-125x125.png\",\"contentUrl\":\"https:\/\/portaltela.pt\/s.01k8rhncp4jt1\/2025\/11\/talking-bot-125x125.png\",\"caption\":\"Telinha\"},\"sameAs\":[\"https:\/\/portaltela.pt\/\"],\"url\":\"https:\/\/portaltela.pt\/por\/367410592786\/\"}]}<\/script>\n<!-- \/ Yoast SEO plugin. -->","yoast_head_json":{"title":"Ministra da Sa\u00fade aposta em previsibilidade com urg\u00eancia regional em Set\u00fabal - Portal Tela Portugal","robots":{"index":"index","follow":"follow","max-snippet":"max-snippet:-1","max-image-preview":"max-image-preview:large","max-video-preview":"max-video-preview:-1"},"og_locale":"pt_PT","og_type":"article","og_title":"Ministra da Sa\u00fade aposta em previsibilidade com urg\u00eancia regional em Set\u00fabal - Portal Tela Portugal","og_description":"A urg\u00eancia regional de Ginecologia e Obstetr\u00edcia da Pen\u00ednsula de Set\u00fabal abre a 15 de abril. Vai funcionar em dois polos: no Hospital Garcia de Orta, em Almada, e no Hospital de S\u00e3o Bernardo, em Set\u00fabal. A ministra da Sa\u00fade, Ana Paula Martins, disse que a mudan\u00e7a visa maior previsibilidade e seguran\u00e7a para as gr\u00e1vidas. A governante destacou dificuldades na regi\u00e3o, incluindo o Barreiro, onde a unidade esteve fechada durante dois anos, sem encerrar maternidades. O objetivo \u00e9 partilhar recursos e refor\u00e7ar equipas, para manter a urg\u00eancia aberta 24 horas, com foco em situa\u00e7\u00f5es complexas e prematuridade.","og_url":"https:\/\/portaltela.pt\/noticias\/2026\/03\/25\/ministra-da-saude-aposta-em-previsibilidade-com-urgencia-regional-em-setubal\/","og_site_name":"Portal Tela Portugal","article_published_time":"2026-03-25T19:18:11+00:00","author":"Telinha","twitter_card":"summary_large_image","twitter_misc":{"Escrito por":"Telinha","Tempo estimado de leitura":"1 minuto"},"schema":{"@context":"https:\/\/schema.org","@graph":[{"@type":"Article","@id":"https:\/\/portaltela.pt\/noticias\/2026\/03\/25\/ministra-da-saude-aposta-em-previsibilidade-com-urgencia-regional-em-setubal\/#article","isPartOf":{"@id":"https:\/\/portaltela.pt\/noticias\/2026\/03\/25\/ministra-da-saude-aposta-em-previsibilidade-com-urgencia-regional-em-setubal\/"},"author":{"name":"Telinha","@id":"https:\/\/portaltela.pt\/#\/schema\/person\/c4278d4a6028830caff9ee44b42d32ed"},"headline":"Ministra da Sa\u00fade aposta em previsibilidade com urg\u00eancia regional em Set\u00fabal","datePublished":"2026-03-25T19:18:11+00:00","mainEntityOfPage":{"@id":"https:\/\/portaltela.pt\/noticias\/2026\/03\/25\/ministra-da-saude-aposta-em-previsibilidade-com-urgencia-regional-em-setubal\/"},"wordCount":230,"image":{"@id":"https:\/\/portaltela.pt\/noticias\/2026\/03\/25\/ministra-da-saude-aposta-em-previsibilidade-com-urgencia-regional-em-setubal\/#primaryimage"},"thumbnailUrl":"https:\/\/portaltela.pt\/s.01k8rhncp4jt1\/2026\/03\/img_1500x1000uu2024-11-12-18-28-34-2176944.jpg","keywords":["Almada","ginecologia","Obstetr\u00edcia","sa\u00fade","Set\u00fabal","urg\u00eancias"],"articleSection":["Not\u00edcias","Sa\u00fade"],"inLanguage":"pt-PT"},{"@type":"WebPage","@id":"https:\/\/portaltela.pt\/noticias\/2026\/03\/25\/ministra-da-saude-aposta-em-previsibilidade-com-urgencia-regional-em-setubal\/","url":"https:\/\/portaltela.pt\/noticias\/2026\/03\/25\/ministra-da-saude-aposta-em-previsibilidade-com-urgencia-regional-em-setubal\/","name":"Ministra da Sa\u00fade aposta em previsibilidade com urg\u00eancia regional em Set\u00fabal - Portal Tela Portugal","isPartOf":{"@id":"https:\/\/portaltela.pt\/#website"},"primaryImageOfPage":{"@id":"https:\/\/portaltela.pt\/noticias\/2026\/03\/25\/ministra-da-saude-aposta-em-previsibilidade-com-urgencia-regional-em-setubal\/#primaryimage"},"image":{"@id":"https:\/\/portaltela.pt\/noticias\/2026\/03\/25\/ministra-da-saude-aposta-em-previsibilidade-com-urgencia-regional-em-setubal\/#primaryimage"},"thumbnailUrl":"https:\/\/portaltela.pt\/s.01k8rhncp4jt1\/2026\/03\/img_1500x1000uu2024-11-12-18-28-34-2176944.jpg","datePublished":"2026-03-25T19:18:11+00:00","author":{"@id":"https:\/\/portaltela.pt\/#\/schema\/person\/c4278d4a6028830caff9ee44b42d32ed"},"breadcrumb":{"@id":"https:\/\/portaltela.pt\/noticias\/2026\/03\/25\/ministra-da-saude-aposta-em-previsibilidade-com-urgencia-regional-em-setubal\/#breadcrumb"},"inLanguage":"pt-PT","potentialAction":[{"@type":"ReadAction","target":["https:\/\/portaltela.pt\/noticias\/2026\/03\/25\/ministra-da-saude-aposta-em-previsibilidade-com-urgencia-regional-em-setubal\/"]}]},{"@type":"ImageObject","inLanguage":"pt-PT","@id":"https:\/\/portaltela.pt\/noticias\/2026\/03\/25\/ministra-da-saude-aposta-em-previsibilidade-com-urgencia-regional-em-setubal\/#primaryimage","url":"https:\/\/portaltela.pt\/s.01k8rhncp4jt1\/2026\/03\/img_1500x1000uu2024-11-12-18-28-34-2176944.jpg","contentUrl":"https:\/\/portaltela.pt\/s.01k8rhncp4jt1\/2026\/03\/img_1500x1000uu2024-11-12-18-28-34-2176944.jpg","width":796,"height":448,"caption":"Ana Paula Martins"},{"@type":"BreadcrumbList","@id":"https:\/\/portaltela.pt\/noticias\/2026\/03\/25\/ministra-da-saude-aposta-em-previsibilidade-com-urgencia-regional-em-setubal\/#breadcrumb","itemListElement":[{"@type":"ListItem","position":1,"name":"In\u00edcio","item":"https:\/\/portaltela.pt\/"},{"@type":"ListItem","position":2,"name":"Ministra da Sa\u00fade aposta em previsibilidade com urg\u00eancia regional em Set\u00fabal"}]},{"@type":"WebSite","@id":"https:\/\/portaltela.pt\/#website","url":"https:\/\/portaltela.pt\/","name":"Portal Tela Portugal","description":"","potentialAction":[{"@type":"SearchAction","target":{"@type":"EntryPoint","urlTemplate":"https:\/\/portaltela.pt\/?s={search_term_string}"},"query-input":{"@type":"PropertyValueSpecification","valueRequired":true,"valueName":"search_term_string"}}],"inLanguage":"pt-PT"},{"@type":"Person","@id":"https:\/\/portaltela.pt\/#\/schema\/person\/c4278d4a6028830caff9ee44b42d32ed","name":"Telinha","image":{"@type":"ImageObject","inLanguage":"pt-PT","@id":"https:\/\/portaltela.pt\/s.01k8rhncp4jt1\/2025\/11\/talking-bot-125x125.png","url":"https:\/\/portaltela.pt\/s.01k8rhncp4jt1\/2025\/11\/talking-bot-125x125.png","contentUrl":"https:\/\/portaltela.pt\/s.01k8rhncp4jt1\/2025\/11\/talking-bot-125x125.png","caption":"Telinha"},"sameAs":["https:\/\/portaltela.pt\/"],"url":"https:\/\/portaltela.pt\/por\/367410592786\/"}]}},"_links":{"self":[{"href":"https:\/\/portaltela.pt\/api\/wp\/v2\/posts\/421426","targetHints":{"allow":["GET"]}}],"collection":[{"href":"https:\/\/portaltela.pt\/api\/wp\/v2\/posts"}],"about":[{"href":"https:\/\/portaltela.pt\/api\/wp\/v2\/types\/post"}],"author":[{"embeddable":true,"href":"https:\/\/portaltela.pt\/api\/wp\/v2\/users\/2"}],"replies":[{"embeddable":true,"href":"https:\/\/portaltela.pt\/api\/wp\/v2\/comments?post=421426"}],"version-history":[{"count":0,"href":"https:\/\/portaltela.pt\/api\/wp\/v2\/posts\/421426\/revisions"}],"wp:featuredmedia":[{"embeddable":true,"href":"https:\/\/portaltela.pt\/api\/wp\/v2\/media\/421434"}],"wp:attachment":[{"href":"https:\/\/portaltela.pt\/api\/wp\/v2\/media?parent=421426"}],"wp:term":[{"taxonomy":"category","embeddable":true,"href":"https:\/\/portaltela.pt\/api\/wp\/v2\/categories?post=421426"},{"taxonomy":"post_tag","embeddable":true,"href":"https:\/\/portaltela.pt\/api\/wp\/v2\/tags?post=421426"}],"curies":[{"name":"wp","href":"https:\/\/api.w.org\/{rel}","templated":true}]}}