{"id":421425,"date":"2026-03-25T16:22:29","date_gmt":"2026-03-25T19:22:29","guid":{"rendered":"https:\/\/portaltela.pt\/noticias\/2026\/03\/25\/correio-da-manha-apresenta-as-principais-noticias-da-cmtv\/"},"modified":"2026-03-25T16:22:29","modified_gmt":"2026-03-25T19:22:29","slug":"correio-da-manha-apresenta-as-principais-noticias-da-cmtv","status":"publish","type":"post","link":"https:\/\/portaltela.pt\/noticias\/internacional\/2026\/03\/25\/correio-da-manha-apresenta-as-principais-noticias-da-cmtv\/","title":{"rendered":"Correio da Manh\u00e3 apresenta as principais not\u00edcias da CMTV"},"content":{"rendered":"<p>No sul do L\u00edbano, o terreno tem vindo a apresentar um quadro de viol\u00eancia crescente, com relatos de intensifica\u00e7\u00e3o dos combates. Um enviado do Correio da Manh\u00e3 descreve zonas da regi\u00e3o sob press\u00e3o e em confronto aberto, em meio a opera\u00e7\u00f5es militares de fundo estrat\u00e9gico.<\/p>\n<p>Segundo o relato, algumas \u00e1reas do sul do L\u00edbano j\u00e1 est\u00e3o a ficar sob controlo de for\u00e7as israelitas, num contexto de escalada de hostilidades na fronteira. A situa\u00e7\u00e3o tem gerado preocupa\u00e7\u00e3o internacional quanto \u00e0 estabilidade local.<\/p>\n<p>As informa\u00e7\u00f5es s\u00e3o provenientes de relatos em campo, sem confirma\u00e7\u00e3o oficial consolidada at\u00e9 ao momento. O objetivo \u00e9 avan\u00e7ar com uma leitura clara do que se passa no terreno, mantendo o foco nos fatos observ\u00e1veis e na evolu\u00e7\u00e3o dos acontecimentos.<\/p>\n<p>A cobertura do CM refor\u00e7a a necessidade de acompanhar desdobramentos posteriormente, incluindo posicionamentos de autoridades e entidades humanit\u00e1rias, para esclarecer o impacto sobre a popula\u00e7\u00e3o local e as vias de evacua\u00e7\u00e3o e assist\u00eancia.<\/p>\n","protected":false},"excerpt":{"rendered":"<ul>\n<li>Enviado do CM relata intensifica\u00e7\u00e3o de combates no terreno no sul do L\u00edbano.<\/li>\n<li>Alfredo Leite, diretor-adjunto do Correio da Manh\u00e3, afirma que algumas zonas no sul do L\u00edbano j\u00e1 est\u00e3o a ser controladas por Israel.<\/li>\n<li>A mat\u00e9ria descreve a regi\u00e3o como estando em guerra aberta.<\/li>\n<li>A informa\u00e7\u00e3o foi difundida atrav\u00e9s de um v\u00eddeo do CM.<\/li>\n<\/ul>\n","protected":false},"author":2,"featured_media":421433,"comment_status":"closed","ping_status":"closed","sticky":false,"template":"","format":"standard","meta":{"footnotes":""},"categories":[6814,4],"tags":[254,2198,2938,3708,6635,6558],"class_list":["post-421425","post","type-post","status-publish","format-standard","has-post-thumbnail","hentry","category-geopolitica","category-internacional","tag-conflito","tag-conflitos-internacionais","tag-evacuacao","tag-israel","tag-libano","tag-populacao-civil"],"yoast_head":"<!-- This site is optimized with the Yoast SEO plugin v27.2 - https:\/\/yoast.com\/product\/yoast-seo-wordpress\/ -->\n<title>Correio da Manh\u00e3 apresenta as principais not\u00edcias da CMTV - Portal Tela Portugal<\/title>\n<meta name=\"robots\" content=\"index, follow, max-snippet:-1, max-image-preview:large, max-video-preview:-1\" \/>\n<meta property=\"og:locale\" content=\"pt_PT\" \/>\n<meta property=\"og:type\" content=\"article\" \/>\n<meta property=\"og:title\" content=\"Correio da Manh\u00e3 apresenta as principais not\u00edcias da CMTV - Portal Tela Portugal\" \/>\n<meta property=\"og:description\" content=\"Enviado do CM relata intensifica\u00e7\u00e3o de combates no terreno no sul do L\u00edbano. Alfredo Leite, diretor-adjunto do Correio da Manh\u00e3, afirma que algumas zonas no sul do L\u00edbano j\u00e1 est\u00e3o a ser controladas por Israel. A mat\u00e9ria descreve a regi\u00e3o como estando em guerra aberta. A informa\u00e7\u00e3o foi difundida atrav\u00e9s de um v\u00eddeo do CM.\" \/>\n<meta property=\"og:url\" content=\"https:\/\/portaltela.pt\/noticias\/2026\/03\/25\/correio-da-manha-apresenta-as-principais-noticias-da-cmtv\/\" \/>\n<meta property=\"og:site_name\" content=\"Portal Tela Portugal\" \/>\n<meta property=\"article:published_time\" content=\"2026-03-25T19:22:29+00:00\" \/>\n<meta name=\"author\" content=\"Telinha\" \/>\n<meta name=\"twitter:card\" content=\"summary_large_image\" \/>\n<meta name=\"twitter:label1\" content=\"Escrito por\" \/>\n\t<meta name=\"twitter:data1\" content=\"Telinha\" \/>\n\t<meta name=\"twitter:label2\" content=\"Tempo estimado de leitura\" \/>\n\t<meta name=\"twitter:data2\" content=\"1 minuto\" \/>\n<script type=\"application\/ld+json\" class=\"yoast-schema-graph\">{\"@context\":\"https:\/\/schema.org\",\"@graph\":[{\"@type\":\"Article\",\"@id\":\"https:\/\/portaltela.pt\/noticias\/2026\/03\/25\/correio-da-manha-apresenta-as-principais-noticias-da-cmtv\/#article\",\"isPartOf\":{\"@id\":\"https:\/\/portaltela.pt\/noticias\/2026\/03\/25\/correio-da-manha-apresenta-as-principais-noticias-da-cmtv\/\"},\"author\":{\"name\":\"Telinha\",\"@id\":\"https:\/\/portaltela.pt\/#\/schema\/person\/c4278d4a6028830caff9ee44b42d32ed\"},\"headline\":\"Correio da Manh\u00e3 apresenta as principais not\u00edcias da CMTV\",\"datePublished\":\"2026-03-25T19:22:29+00:00\",\"mainEntityOfPage\":{\"@id\":\"https:\/\/portaltela.pt\/noticias\/2026\/03\/25\/correio-da-manha-apresenta-as-principais-noticias-da-cmtv\/\"},\"wordCount\":185,\"image\":{\"@id\":\"https:\/\/portaltela.pt\/noticias\/2026\/03\/25\/correio-da-manha-apresenta-as-principais-noticias-da-cmtv\/#primaryimage\"},\"thumbnailUrl\":\"https:\/\/portaltela.pt\/s.01k8rhncp4jt1\/2026\/03\/img_1280x722uu2026-03-25-19-21-56-2274815.jpg\",\"keywords\":[\"conflito\",\"conflitos internacionais\",\"evacua\u00e7\u00e3o\",\"Israel\",\"L\u00edbano\",\"popula\u00e7\u00e3o civil\"],\"articleSection\":[\"Geopol\u00edtica\",\"Internacional\"],\"inLanguage\":\"pt-PT\"},{\"@type\":\"WebPage\",\"@id\":\"https:\/\/portaltela.pt\/noticias\/2026\/03\/25\/correio-da-manha-apresenta-as-principais-noticias-da-cmtv\/\",\"url\":\"https:\/\/portaltela.pt\/noticias\/2026\/03\/25\/correio-da-manha-apresenta-as-principais-noticias-da-cmtv\/\",\"name\":\"Correio da Manh\u00e3 apresenta as principais not\u00edcias da CMTV - Portal Tela Portugal\",\"isPartOf\":{\"@id\":\"https:\/\/portaltela.pt\/#website\"},\"primaryImageOfPage\":{\"@id\":\"https:\/\/portaltela.pt\/noticias\/2026\/03\/25\/correio-da-manha-apresenta-as-principais-noticias-da-cmtv\/#primaryimage\"},\"image\":{\"@id\":\"https:\/\/portaltela.pt\/noticias\/2026\/03\/25\/correio-da-manha-apresenta-as-principais-noticias-da-cmtv\/#primaryimage\"},\"thumbnailUrl\":\"https:\/\/portaltela.pt\/s.01k8rhncp4jt1\/2026\/03\/img_1280x722uu2026-03-25-19-21-56-2274815.jpg\",\"datePublished\":\"2026-03-25T19:22:29+00:00\",\"author\":{\"@id\":\"https:\/\/portaltela.pt\/#\/schema\/person\/c4278d4a6028830caff9ee44b42d32ed\"},\"breadcrumb\":{\"@id\":\"https:\/\/portaltela.pt\/noticias\/2026\/03\/25\/correio-da-manha-apresenta-as-principais-noticias-da-cmtv\/#breadcrumb\"},\"inLanguage\":\"pt-PT\",\"potentialAction\":[{\"@type\":\"ReadAction\",\"target\":[\"https:\/\/portaltela.pt\/noticias\/2026\/03\/25\/correio-da-manha-apresenta-as-principais-noticias-da-cmtv\/\"]}]},{\"@type\":\"ImageObject\",\"inLanguage\":\"pt-PT\",\"@id\":\"https:\/\/portaltela.pt\/noticias\/2026\/03\/25\/correio-da-manha-apresenta-as-principais-noticias-da-cmtv\/#primaryimage\",\"url\":\"https:\/\/portaltela.pt\/s.01k8rhncp4jt1\/2026\/03\/img_1280x722uu2026-03-25-19-21-56-2274815.jpg\",\"contentUrl\":\"https:\/\/portaltela.pt\/s.01k8rhncp4jt1\/2026\/03\/img_1280x722uu2026-03-25-19-21-56-2274815.jpg\",\"width\":796,\"height\":448,\"caption\":\"Photo\"},{\"@type\":\"BreadcrumbList\",\"@id\":\"https:\/\/portaltela.pt\/noticias\/2026\/03\/25\/correio-da-manha-apresenta-as-principais-noticias-da-cmtv\/#breadcrumb\",\"itemListElement\":[{\"@type\":\"ListItem\",\"position\":1,\"name\":\"In\u00edcio\",\"item\":\"https:\/\/portaltela.pt\/\"},{\"@type\":\"ListItem\",\"position\":2,\"name\":\"Correio da Manh\u00e3 apresenta as principais not\u00edcias da CMTV\"}]},{\"@type\":\"WebSite\",\"@id\":\"https:\/\/portaltela.pt\/#website\",\"url\":\"https:\/\/portaltela.pt\/\",\"name\":\"Portal Tela Portugal\",\"description\":\"\",\"potentialAction\":[{\"@type\":\"SearchAction\",\"target\":{\"@type\":\"EntryPoint\",\"urlTemplate\":\"https:\/\/portaltela.pt\/?s={search_term_string}\"},\"query-input\":{\"@type\":\"PropertyValueSpecification\",\"valueRequired\":true,\"valueName\":\"search_term_string\"}}],\"inLanguage\":\"pt-PT\"},{\"@type\":\"Person\",\"@id\":\"https:\/\/portaltela.pt\/#\/schema\/person\/c4278d4a6028830caff9ee44b42d32ed\",\"name\":\"Telinha\",\"image\":{\"@type\":\"ImageObject\",\"inLanguage\":\"pt-PT\",\"@id\":\"https:\/\/portaltela.pt\/s.01k8rhncp4jt1\/2025\/11\/talking-bot-125x125.png\",\"url\":\"https:\/\/portaltela.pt\/s.01k8rhncp4jt1\/2025\/11\/talking-bot-125x125.png\",\"contentUrl\":\"https:\/\/portaltela.pt\/s.01k8rhncp4jt1\/2025\/11\/talking-bot-125x125.png\",\"caption\":\"Telinha\"},\"sameAs\":[\"https:\/\/portaltela.pt\/\"],\"url\":\"https:\/\/portaltela.pt\/por\/367410592786\/\"}]}<\/script>\n<!-- \/ Yoast SEO plugin. -->","yoast_head_json":{"title":"Correio da Manh\u00e3 apresenta as principais not\u00edcias da CMTV - Portal Tela Portugal","robots":{"index":"index","follow":"follow","max-snippet":"max-snippet:-1","max-image-preview":"max-image-preview:large","max-video-preview":"max-video-preview:-1"},"og_locale":"pt_PT","og_type":"article","og_title":"Correio da Manh\u00e3 apresenta as principais not\u00edcias da CMTV - Portal Tela Portugal","og_description":"Enviado do CM relata intensifica\u00e7\u00e3o de combates no terreno no sul do L\u00edbano. Alfredo Leite, diretor-adjunto do Correio da Manh\u00e3, afirma que algumas zonas no sul do L\u00edbano j\u00e1 est\u00e3o a ser controladas por Israel. A mat\u00e9ria descreve a regi\u00e3o como estando em guerra aberta. A informa\u00e7\u00e3o foi difundida atrav\u00e9s de um v\u00eddeo do CM.","og_url":"https:\/\/portaltela.pt\/noticias\/2026\/03\/25\/correio-da-manha-apresenta-as-principais-noticias-da-cmtv\/","og_site_name":"Portal Tela Portugal","article_published_time":"2026-03-25T19:22:29+00:00","author":"Telinha","twitter_card":"summary_large_image","twitter_misc":{"Escrito por":"Telinha","Tempo estimado de leitura":"1 minuto"},"schema":{"@context":"https:\/\/schema.org","@graph":[{"@type":"Article","@id":"https:\/\/portaltela.pt\/noticias\/2026\/03\/25\/correio-da-manha-apresenta-as-principais-noticias-da-cmtv\/#article","isPartOf":{"@id":"https:\/\/portaltela.pt\/noticias\/2026\/03\/25\/correio-da-manha-apresenta-as-principais-noticias-da-cmtv\/"},"author":{"name":"Telinha","@id":"https:\/\/portaltela.pt\/#\/schema\/person\/c4278d4a6028830caff9ee44b42d32ed"},"headline":"Correio da Manh\u00e3 apresenta as principais not\u00edcias da CMTV","datePublished":"2026-03-25T19:22:29+00:00","mainEntityOfPage":{"@id":"https:\/\/portaltela.pt\/noticias\/2026\/03\/25\/correio-da-manha-apresenta-as-principais-noticias-da-cmtv\/"},"wordCount":185,"image":{"@id":"https:\/\/portaltela.pt\/noticias\/2026\/03\/25\/correio-da-manha-apresenta-as-principais-noticias-da-cmtv\/#primaryimage"},"thumbnailUrl":"https:\/\/portaltela.pt\/s.01k8rhncp4jt1\/2026\/03\/img_1280x722uu2026-03-25-19-21-56-2274815.jpg","keywords":["conflito","conflitos internacionais","evacua\u00e7\u00e3o","Israel","L\u00edbano","popula\u00e7\u00e3o civil"],"articleSection":["Geopol\u00edtica","Internacional"],"inLanguage":"pt-PT"},{"@type":"WebPage","@id":"https:\/\/portaltela.pt\/noticias\/2026\/03\/25\/correio-da-manha-apresenta-as-principais-noticias-da-cmtv\/","url":"https:\/\/portaltela.pt\/noticias\/2026\/03\/25\/correio-da-manha-apresenta-as-principais-noticias-da-cmtv\/","name":"Correio da Manh\u00e3 apresenta as principais not\u00edcias da CMTV - Portal Tela Portugal","isPartOf":{"@id":"https:\/\/portaltela.pt\/#website"},"primaryImageOfPage":{"@id":"https:\/\/portaltela.pt\/noticias\/2026\/03\/25\/correio-da-manha-apresenta-as-principais-noticias-da-cmtv\/#primaryimage"},"image":{"@id":"https:\/\/portaltela.pt\/noticias\/2026\/03\/25\/correio-da-manha-apresenta-as-principais-noticias-da-cmtv\/#primaryimage"},"thumbnailUrl":"https:\/\/portaltela.pt\/s.01k8rhncp4jt1\/2026\/03\/img_1280x722uu2026-03-25-19-21-56-2274815.jpg","datePublished":"2026-03-25T19:22:29+00:00","author":{"@id":"https:\/\/portaltela.pt\/#\/schema\/person\/c4278d4a6028830caff9ee44b42d32ed"},"breadcrumb":{"@id":"https:\/\/portaltela.pt\/noticias\/2026\/03\/25\/correio-da-manha-apresenta-as-principais-noticias-da-cmtv\/#breadcrumb"},"inLanguage":"pt-PT","potentialAction":[{"@type":"ReadAction","target":["https:\/\/portaltela.pt\/noticias\/2026\/03\/25\/correio-da-manha-apresenta-as-principais-noticias-da-cmtv\/"]}]},{"@type":"ImageObject","inLanguage":"pt-PT","@id":"https:\/\/portaltela.pt\/noticias\/2026\/03\/25\/correio-da-manha-apresenta-as-principais-noticias-da-cmtv\/#primaryimage","url":"https:\/\/portaltela.pt\/s.01k8rhncp4jt1\/2026\/03\/img_1280x722uu2026-03-25-19-21-56-2274815.jpg","contentUrl":"https:\/\/portaltela.pt\/s.01k8rhncp4jt1\/2026\/03\/img_1280x722uu2026-03-25-19-21-56-2274815.jpg","width":796,"height":448,"caption":"Photo"},{"@type":"BreadcrumbList","@id":"https:\/\/portaltela.pt\/noticias\/2026\/03\/25\/correio-da-manha-apresenta-as-principais-noticias-da-cmtv\/#breadcrumb","itemListElement":[{"@type":"ListItem","position":1,"name":"In\u00edcio","item":"https:\/\/portaltela.pt\/"},{"@type":"ListItem","position":2,"name":"Correio da Manh\u00e3 apresenta as principais not\u00edcias da CMTV"}]},{"@type":"WebSite","@id":"https:\/\/portaltela.pt\/#website","url":"https:\/\/portaltela.pt\/","name":"Portal Tela Portugal","description":"","potentialAction":[{"@type":"SearchAction","target":{"@type":"EntryPoint","urlTemplate":"https:\/\/portaltela.pt\/?s={search_term_string}"},"query-input":{"@type":"PropertyValueSpecification","valueRequired":true,"valueName":"search_term_string"}}],"inLanguage":"pt-PT"},{"@type":"Person","@id":"https:\/\/portaltela.pt\/#\/schema\/person\/c4278d4a6028830caff9ee44b42d32ed","name":"Telinha","image":{"@type":"ImageObject","inLanguage":"pt-PT","@id":"https:\/\/portaltela.pt\/s.01k8rhncp4jt1\/2025\/11\/talking-bot-125x125.png","url":"https:\/\/portaltela.pt\/s.01k8rhncp4jt1\/2025\/11\/talking-bot-125x125.png","contentUrl":"https:\/\/portaltela.pt\/s.01k8rhncp4jt1\/2025\/11\/talking-bot-125x125.png","caption":"Telinha"},"sameAs":["https:\/\/portaltela.pt\/"],"url":"https:\/\/portaltela.pt\/por\/367410592786\/"}]}},"_links":{"self":[{"href":"https:\/\/portaltela.pt\/api\/wp\/v2\/posts\/421425","targetHints":{"allow":["GET"]}}],"collection":[{"href":"https:\/\/portaltela.pt\/api\/wp\/v2\/posts"}],"about":[{"href":"https:\/\/portaltela.pt\/api\/wp\/v2\/types\/post"}],"author":[{"embeddable":true,"href":"https:\/\/portaltela.pt\/api\/wp\/v2\/users\/2"}],"replies":[{"embeddable":true,"href":"https:\/\/portaltela.pt\/api\/wp\/v2\/comments?post=421425"}],"version-history":[{"count":0,"href":"https:\/\/portaltela.pt\/api\/wp\/v2\/posts\/421425\/revisions"}],"wp:featuredmedia":[{"embeddable":true,"href":"https:\/\/portaltela.pt\/api\/wp\/v2\/media\/421433"}],"wp:attachment":[{"href":"https:\/\/portaltela.pt\/api\/wp\/v2\/media?parent=421425"}],"wp:term":[{"taxonomy":"category","embeddable":true,"href":"https:\/\/portaltela.pt\/api\/wp\/v2\/categories?post=421425"},{"taxonomy":"post_tag","embeddable":true,"href":"https:\/\/portaltela.pt\/api\/wp\/v2\/tags?post=421425"}],"curies":[{"name":"wp","href":"https:\/\/api.w.org\/{rel}","templated":true}]}}